{"id":8929,"date":"2015-04-25T18:30:47","date_gmt":"2015-04-25T18:30:47","guid":{"rendered":"http:\/\/nonsolomodanews.com\/?p=8929"},"modified":"2015-04-25T18:30:47","modified_gmt":"2015-04-25T18:30:47","slug":"stefania-briselli","status":"publish","type":"post","link":"https:\/\/www.nonsolomodanews.it\/wordpress\/stefania-briselli\/","title":{"rendered":"Stefania Briselli"},"content":{"rendered":"<div id=\"attachment_8933\" style=\"width: 310px\" class=\"wp-caption alignleft\"><a href=\"https:\/\/nonsolomodanews.files.wordpress.com\/2015\/04\/image-22-04-15-10-04-2.jpeg\"><img loading=\"lazy\" decoding=\"async\" aria-describedby=\"caption-attachment-8933\" class=\"wp-image-8933 size-medium\" src=\"https:\/\/nonsolomodanews.files.wordpress.com\/2015\/04\/image-22-04-15-10-04-2.jpeg?w=300\" alt=\"Stefania Briselli\" width=\"300\" height=\"200\" srcset=\"https:\/\/www.nonsolomodanews.it\/wordpress\/wp-content\/uploads\/2015\/04\/image-22-04-15-10-04-2.jpeg 961w, https:\/\/www.nonsolomodanews.it\/wordpress\/wp-content\/uploads\/2015\/04\/image-22-04-15-10-04-2-300x200.jpeg 300w\" sizes=\"auto, (max-width: 300px) 100vw, 300px\" \/><\/a><p id=\"caption-attachment-8933\" class=\"wp-caption-text\">Stefania Briselli<\/p><\/div>\n<p style=\"text-align:justify;\"><span style=\"color:#000000;\"><strong>Nonsolomodanews <\/strong>ha il piacere di presentare ai propri lettori <strong>Stefania Briselli<\/strong>, giovane ragazza\u00a0che vive nella provincia di Reggio Emilia. Ha iniziato a posare da non molto ma le piace questo mondo e, seppur diplomata all&#8217;alberghiero,\u00a0spera di affermarsi come wedding planner.\u00a0Si definisce\u00a0 solare, sensibile, mi piace mettersi in gioco, ma\u00a0\u00e8 anche una persona diretta e sincera<em>. <\/em>Ringraziamo\u00a0Stefania\u00a0e auguriamo ai lettori di Nonsolomodanews buona lettura.<\/span><\/p>\n<p><!--more--><\/p>\n<p style=\"text-align:justify;\"><span style=\"color:#000000;\"><strong>Ciao ti vuoi presentare? <\/strong><em>\u201cCiao, mi chiamo Stefania vengo dalla provincia di Reggio Emilia sono nata il 2 maggio 1993 e ho 21 anni. Sono alta 1.70 cm,\u00a0 le mie misure sono: seno 83 cm, vita 62 cm, fianchi 84 cm e porto il 38 di scarpe. Ho gli occhi verdi e I capelli castani\u201d.<\/em><\/span><\/p>\n<p style=\"text-align:justify;\"><span style=\"color:#000000;\"><strong>Come sei di carattere? <\/strong><em>\u201cSono una ragazza solare, sensibile, mi piace mettermi in gioco, ma sono anche una persona diretta e sincera\u201d.<\/em><\/span><\/p>\n<p style=\"text-align:justify;\"><span style=\"color:#000000;\"><strong>Qual \u00e8 il colore preferito? <\/strong><em>\u201cIl verde\u201d.<\/em><\/span><\/p>\n<p style=\"text-align:justify;\"><span style=\"color:#000000;\"><strong>Animale preferito? <\/strong><em>\u201cIl Lupo\u201d.<\/em><\/span><\/p>\n<p style=\"text-align:justify;\"><span style=\"color:#000000;\"><strong>Preferisci vivere in citt\u00e0 o in campagna? <\/strong><em>\u201cIn campagna\u201d.<\/em><\/span><\/p>\n<p style=\"text-align:justify;\"><span style=\"color:#000000;\"><strong>Tu sei diplomata all\u2019alberghiero, pensi in un futuro in un lavoro in hotel? <\/strong><em>\u201cNo preferisco lavorare in altre strutture come i wedding planner\u201d.<\/em><\/span><\/p>\n<p style=\"text-align:justify;\"><span style=\"color:#000000;\"><strong>Ci parli delle tue esperienze di modella e fotomodella? \u00a0<\/strong><em>\u201cHo frequentato un corso di formazione professionale nell&#8217;ambito della moda e dello spettacolo al termine del quale ho posato per un servizio fotografico\u201d.<\/em><\/span><\/p>\n<p style=\"text-align:justify;\"><span style=\"color:#000000;\"><strong>Che cosa cerchi dalla fotografia? <\/strong><em>\u201cCerco l&#8217;arte, l&#8217;espressione e l&#8217;emozione che il soggetto della foto mi pu\u00f2 dare\u201d.<\/em><\/span><\/p>\n<p style=\"text-align:justify;\"><span style=\"color:#000000;\"><strong>Che cosa cerchi da un fotografo? <\/strong><em>\u201cProfessionalit\u00e0, onest\u00e0 e la capacit\u00e1 di cogliere tutte le sfumature del soggetto in questione\u201d.<\/em><\/span><\/p>\n<p style=\"text-align:justify;\"><span style=\"color:#000000;\"><strong>Che cosa cercano i fotografi da te? <\/strong><em>\u201cProfessionalit\u00e0, l&#8217;interpretazione e sintonia col fotografo e l&#8217;obbiettivo\u201d.<\/em><\/span><\/p>\n<p style=\"text-align:justify;\"><span style=\"color:#000000;\"><strong>Hai qualche aneddoto particolare della tua attivit\u00e0 di fotomodella da raccontare? <\/strong><em>\u201cMi sono sempre moltondivertita con la fotografa e la troupe\u201d.<\/em><\/span><\/p>\n<p style=\"text-align:justify;\"><span style=\"color:#000000;\"><strong>Chi \u00e8 nella tua famiglia il tuo primo sostenitore\/sostenitrice?. <\/strong><em>\u201cEntrambi I miei genitori\u201d.<\/em><\/span><\/p>\n<p style=\"text-align:justify;\"><span style=\"color:#000000;\"><strong>Quando hai iniziato a posare? \u00a0<\/strong><em>\u201cDa Febbraio 2015\u201d.<\/em><\/span><\/p>\n<p style=\"text-align:justify;\"><span style=\"color:#000000;\"><strong>Quali sono i generi fotografici che preferisci e perch\u00e9? <\/strong><em>\u201cMi piacciono le foto artistiche di moda e foto di paesaggi perch\u00e8 riescono a esprimere la bellezza e l&#8217;emozioni\u201d.<\/em><\/span><\/p>\n<p style=\"text-align:justify;\"><span style=\"color:#000000;\"><strong>Quale progetto fotografico ti piacerebbe realizzare e perch\u00e9? <\/strong><em>\u201cMi piacerebbe realizzare un progetto artistico e originale\u201d.<\/em><\/span><\/p>\n<p style=\"text-align:justify;\"><span style=\"color:#000000;\"><strong>Che cosa significa per te essere una modella\/fotomodella? <\/strong><em>\u201cSignificherebbe molto perch\u00e8 \u00e8 stato Il mio sogno fin da bambina\u201d.<\/em><\/span><\/p>\n<p style=\"text-align:justify;\"><span style=\"color:#000000;\"><strong>Pensi che un corso di portamento e posa sarebbe utile per la tua carriera di fotomodella? <\/strong><\/span><em><span style=\"color:#000000;\">\u201cSi perch\u00e8 pu\u00f2 aiutare a muoversi al meglio in questo ambiente<\/span>\u201d.<\/em><\/p>\n<p style=\"text-align:justify;\"><span style=\"color:#000000;\"><strong>Cosa fai per mantenerti in forma, ovvero se sei sportiva e se fai qualche sport. \u00a0<\/strong><em>\u201cPer mantenermi in forma faccio fitness e camminate\u201d.<\/em><\/span><\/p>\n<p style=\"text-align:justify;\"><span style=\"color:#000000;\"><strong>Hai degli hobby? <\/strong><em>\u201cMi piace leggere e viaggiare\u201d.<\/em><\/span><\/p>\n<p style=\"text-align:justify;\"><span style=\"color:#000000;\"><strong>Qual \u00e8 il tuo rapporto con il cibo? <\/strong><em>\u201cOttimo, mangio di tutto e in modo equilibrato\u201d.<\/em><\/span><\/p>\n<p style=\"text-align:justify;\"><span style=\"color:#000000;\"><strong>Quale consiglio daresti a una ragazza che volesse iniziare a fare la modella\/fotomodella? <\/strong><em>\u201cIl mio consiglio \u00e9 quello di essere se stessa e tenere I piedi per terra\u201d.<\/em><\/span><\/p>\n<p style=\"text-align:justify;\"><span style=\"color:#000000;\"><strong>Modella o fotomodella che conosci? &#8220;<\/strong><em>Mi piace molto Cara Delevigne\u201d.<\/em><\/span><\/p>\n<p style=\"text-align:justify;\"><span style=\"color:#000000;\"><strong>Che cosa \u00e8 per te la moda? <\/strong><em>\u201cPer me la moda \u00e9 un altra forma di arte\u201d.<\/em><\/span><\/p>\n<p style=\"text-align:justify;\"><span style=\"color:#000000;\"><strong>Chi \u00e8 il tuo stilista preferito? <\/strong><em>\u201cValentino e Chanel\u201d.<\/em><\/span><\/p>\n<p style=\"text-align:justify;\"><span style=\"color:#000000;\"><strong>Se potessi cambiare citt\u00e0 dove vorresti andare a vivere e perch\u00e8? <\/strong><em>\u201cSicuramente a Londra\u201d.<\/em><\/span><\/p>\n<p style=\"text-align:justify;\"><span style=\"color:#000000;\">Bruno Angelo Porcellana<\/span><\/p>\n\n\t\t<style>\n\t\t\t#gallery-1 {\n\t\t\t\tmargin: auto;\n\t\t\t}\n\t\t\t#gallery-1 .gallery-item {\n\t\t\t\tfloat: left;\n\t\t\t\tmargin-top: 10px;\n\t\t\t\ttext-align: center;\n\t\t\t\twidth: 33%;\n\t\t\t}\n\t\t\t#gallery-1 img {\n\t\t\t\tborder: 2px solid #cfcfcf;\n\t\t\t}\n\t\t\t#gallery-1 .gallery-caption {\n\t\t\t\tmargin-left: 0;\n\t\t\t}\n\t\t\t\/* see gallery_shortcode() in wp-includes\/media.php *\/\n\t\t<\/style>\n\t\t<div id='gallery-1' class='gallery galleryid-8929 gallery-columns-3 gallery-size-large'><dl class='gallery-item'>\n\t\t\t<dt class='gallery-icon portrait'>\n\t\t\t\t<a href='https:\/\/www.nonsolomodanews.it\/wordpress\/stefania-briselli\/image-22-04-15-10-04-4\/'><img loading=\"lazy\" decoding=\"async\" width=\"599\" height=\"900\" src=\"https:\/\/www.nonsolomodanews.it\/wordpress\/wp-content\/uploads\/2015\/04\/image-22-04-15-10-04-4.jpeg\" class=\"attachment-large size-large\" alt=\"\" aria-describedby=\"gallery-1-8935\" srcset=\"https:\/\/www.nonsolomodanews.it\/wordpress\/wp-content\/uploads\/2015\/04\/image-22-04-15-10-04-4.jpeg 599w, https:\/\/www.nonsolomodanews.it\/wordpress\/wp-content\/uploads\/2015\/04\/image-22-04-15-10-04-4-200x300.jpeg 200w\" sizes=\"auto, (max-width: 599px) 100vw, 599px\" \/><\/a>\n\t\t\t<\/dt>\n\t\t\t\t<dd class='wp-caption-text gallery-caption' id='gallery-1-8935'>\n\t\t\t\tStefania Briselli\n\t\t\t\t<\/dd><\/dl><dl class='gallery-item'>\n\t\t\t<dt class='gallery-icon portrait'>\n\t\t\t\t<a href='https:\/\/www.nonsolomodanews.it\/wordpress\/stefania-briselli\/image-22-04-15-10-04-3\/'><img loading=\"lazy\" decoding=\"async\" width=\"601\" height=\"900\" src=\"https:\/\/www.nonsolomodanews.it\/wordpress\/wp-content\/uploads\/2015\/04\/image-22-04-15-10-04-3.jpeg\" class=\"attachment-large size-large\" alt=\"\" aria-describedby=\"gallery-1-8934\" srcset=\"https:\/\/www.nonsolomodanews.it\/wordpress\/wp-content\/uploads\/2015\/04\/image-22-04-15-10-04-3.jpeg 601w, https:\/\/www.nonsolomodanews.it\/wordpress\/wp-content\/uploads\/2015\/04\/image-22-04-15-10-04-3-200x300.jpeg 200w\" sizes=\"auto, (max-width: 601px) 100vw, 601px\" \/><\/a>\n\t\t\t<\/dt>\n\t\t\t\t<dd class='wp-caption-text gallery-caption' id='gallery-1-8934'>\n\t\t\t\tStefania Briselli\n\t\t\t\t<\/dd><\/dl><dl class='gallery-item'>\n\t\t\t<dt class='gallery-icon landscape'>\n\t\t\t\t<a href='https:\/\/www.nonsolomodanews.it\/wordpress\/stefania-briselli\/image-22-04-15-10-04-2\/'><img loading=\"lazy\" decoding=\"async\" width=\"961\" height=\"640\" src=\"https:\/\/www.nonsolomodanews.it\/wordpress\/wp-content\/uploads\/2015\/04\/image-22-04-15-10-04-2.jpeg\" class=\"attachment-large size-large\" alt=\"\" aria-describedby=\"gallery-1-8933\" srcset=\"https:\/\/www.nonsolomodanews.it\/wordpress\/wp-content\/uploads\/2015\/04\/image-22-04-15-10-04-2.jpeg 961w, https:\/\/www.nonsolomodanews.it\/wordpress\/wp-content\/uploads\/2015\/04\/image-22-04-15-10-04-2-300x200.jpeg 300w\" sizes=\"auto, (max-width: 961px) 100vw, 961px\" \/><\/a>\n\t\t\t<\/dt>\n\t\t\t\t<dd class='wp-caption-text gallery-caption' id='gallery-1-8933'>\n\t\t\t\tStefania Briselli\n\t\t\t\t<\/dd><\/dl><br style=\"clear: both\" \/><dl class='gallery-item'>\n\t\t\t<dt class='gallery-icon portrait'>\n\t\t\t\t<a href='https:\/\/www.nonsolomodanews.it\/wordpress\/stefania-briselli\/image-22-04-15-10-04-1\/'><img loading=\"lazy\" decoding=\"async\" width=\"680\" height=\"1024\" src=\"https:\/\/www.nonsolomodanews.it\/wordpress\/wp-content\/uploads\/2015\/04\/image-22-04-15-10-04-1-680x1024.jpeg\" class=\"attachment-large size-large\" alt=\"\" aria-describedby=\"gallery-1-8932\" srcset=\"https:\/\/www.nonsolomodanews.it\/wordpress\/wp-content\/uploads\/2015\/04\/image-22-04-15-10-04-1-680x1024.jpeg 680w, https:\/\/www.nonsolomodanews.it\/wordpress\/wp-content\/uploads\/2015\/04\/image-22-04-15-10-04-1-199x300.jpeg 199w, https:\/\/www.nonsolomodanews.it\/wordpress\/wp-content\/uploads\/2015\/04\/image-22-04-15-10-04-1-1080x1626.jpeg 1080w\" sizes=\"auto, (max-width: 680px) 100vw, 680px\" \/><\/a>\n\t\t\t<\/dt>\n\t\t\t\t<dd class='wp-caption-text gallery-caption' id='gallery-1-8932'>\n\t\t\t\tStefania Briselli\n\t\t\t\t<\/dd><\/dl><dl class='gallery-item'>\n\t\t\t<dt class='gallery-icon portrait'>\n\t\t\t\t<a href='https:\/\/www.nonsolomodanews.it\/wordpress\/stefania-briselli\/image-22-04-15-10-04\/'><img loading=\"lazy\" decoding=\"async\" width=\"599\" height=\"900\" src=\"https:\/\/www.nonsolomodanews.it\/wordpress\/wp-content\/uploads\/2015\/04\/image-22-04-15-10-04.jpeg\" class=\"attachment-large size-large\" alt=\"\" aria-describedby=\"gallery-1-8931\" srcset=\"https:\/\/www.nonsolomodanews.it\/wordpress\/wp-content\/uploads\/2015\/04\/image-22-04-15-10-04.jpeg 599w, https:\/\/www.nonsolomodanews.it\/wordpress\/wp-content\/uploads\/2015\/04\/image-22-04-15-10-04-200x300.jpeg 200w\" sizes=\"auto, (max-width: 599px) 100vw, 599px\" \/><\/a>\n\t\t\t<\/dt>\n\t\t\t\t<dd class='wp-caption-text gallery-caption' id='gallery-1-8931'>\n\t\t\t\tStefania Briselli\n\t\t\t\t<\/dd><\/dl>\n\t\t\t<br style='clear: both' \/>\n\t\t<\/div>\n\n<p>&nbsp;<\/p>\n<p style=\"text-align:center;\"><span style=\"color:#000000;\">Le fotografie state fornite da\u00a0Stefania Briselli<\/span><br \/>\n<span style=\"color:#000000;\"> I credits delle fotografie appartengono ai relativi fotografi<\/span><br \/>\n<span style=\"color:#000000;\"> Tutti i diritti riservati \u00a9 2015 \u2013 Email: nonsolomodanews@gmail.com<\/span><\/p>\n","protected":false},"excerpt":{"rendered":"<p>Nonsolomodanews ha il piacere di presentare ai propri lettori Stefania Briselli, giovane ragazza&nbsp;che vive nella provincia di Reggio Emilia. Ha iniziato a posare da non molto ma le piace questo mondo e, seppur diplomata all&rsquo;alberghiero,&nbsp;spera di affermarsi come wedding planner.&nbsp;Si definisce&nbsp; solare, sensibile, mi piace mettersi in gioco, ma&nbsp;&egrave; anche una persona diretta e sincera. Ringraziamo&nbsp;Stefania&nbsp;e auguriamo ai lettori di Nonsolomodanews buona lettura.<\/p>\n","protected":false},"author":1,"featured_media":0,"comment_status":"open","ping_status":"open","sticky":false,"template":"","format":"image","meta":{"rop_custom_images_group":[],"rop_custom_messages_group":[],"rop_publish_now":"initial","rop_publish_now_accounts":[],"rop_publish_now_history":[],"rop_publish_now_status":"pending","footnotes":""},"categories":[16],"tags":[488,588,746,1036,1217],"class_list":["post-8929","post","type-post","status-publish","format-image","hentry","category-articolo","tag-emilia-romagna","tag-fotomodella","tag-intervista","tag-modella","tag-reggio-emilia","post_format-post-format-image"],"_links":{"self":[{"href":"https:\/\/www.nonsolomodanews.it\/wordpress\/wp-json\/wp\/v2\/posts\/8929","targetHints":{"allow":["GET"]}}],"collection":[{"href":"https:\/\/www.nonsolomodanews.it\/wordpress\/wp-json\/wp\/v2\/posts"}],"about":[{"href":"https:\/\/www.nonsolomodanews.it\/wordpress\/wp-json\/wp\/v2\/types\/post"}],"author":[{"embeddable":true,"href":"https:\/\/www.nonsolomodanews.it\/wordpress\/wp-json\/wp\/v2\/users\/1"}],"replies":[{"embeddable":true,"href":"https:\/\/www.nonsolomodanews.it\/wordpress\/wp-json\/wp\/v2\/comments?post=8929"}],"version-history":[{"count":0,"href":"https:\/\/www.nonsolomodanews.it\/wordpress\/wp-json\/wp\/v2\/posts\/8929\/revisions"}],"wp:attachment":[{"href":"https:\/\/www.nonsolomodanews.it\/wordpress\/wp-json\/wp\/v2\/media?parent=8929"}],"wp:term":[{"taxonomy":"category","embeddable":true,"href":"https:\/\/www.nonsolomodanews.it\/wordpress\/wp-json\/wp\/v2\/categories?post=8929"},{"taxonomy":"post_tag","embeddable":true,"href":"https:\/\/www.nonsolomodanews.it\/wordpress\/wp-json\/wp\/v2\/tags?post=8929"}],"curies":[{"name":"wp","href":"https:\/\/api.w.org\/{rel}","templated":true}]}}