{"id":8868,"date":"2015-04-21T22:18:03","date_gmt":"2015-04-21T22:18:03","guid":{"rendered":"http:\/\/nonsolomodanews.com\/?p=8868"},"modified":"2015-04-21T22:18:03","modified_gmt":"2015-04-21T22:18:03","slug":"zeudi-zuin-giovane-fotomodella-gia-finalista-del-concorso-miss-italia-2013-si-presenta-a-nonsolomodanews","status":"publish","type":"post","link":"https:\/\/www.nonsolomodanews.it\/wordpress\/zeudi-zuin-giovane-fotomodella-gia-finalista-del-concorso-miss-italia-2013-si-presenta-a-nonsolomodanews\/","title":{"rendered":"Zeudi Zuin, giovane fotomodella, gi\u00e0 finalista del concorso Miss Italia 2013, si presenta a Nonsolomodanews."},"content":{"rendered":"<div id=\"attachment_8822\" style=\"width: 310px\" class=\"wp-caption alignleft\"><a href=\"https:\/\/nonsolomodanews.files.wordpress.com\/2015\/04\/mb8.jpg\"><img loading=\"lazy\" decoding=\"async\" aria-describedby=\"caption-attachment-8822\" class=\"wp-image-8822 size-medium\" src=\"https:\/\/nonsolomodanews.files.wordpress.com\/2015\/04\/mb8.jpg?w=300\" alt=\"Zeudi Zuin\" width=\"300\" height=\"200\" srcset=\"https:\/\/www.nonsolomodanews.it\/wordpress\/wp-content\/uploads\/2015\/04\/mb8.jpg 1000w, https:\/\/www.nonsolomodanews.it\/wordpress\/wp-content\/uploads\/2015\/04\/mb8-300x200.jpg 300w\" sizes=\"auto, (max-width: 300px) 100vw, 300px\" \/><\/a><p id=\"caption-attachment-8822\" class=\"wp-caption-text\">Zeudi Zuin<\/p><\/div>\n<p style=\"text-align:justify;\"><span style=\"color:#000000;\"><strong>Nonsolomodanews <\/strong>ha il piacere di presentare ai propri lettori <strong>Zeudi Zuin<\/strong>, giovane ragazza di origini venete laureata in progettazione e gestione del turismo culturale presso l&#8217;universit\u00e0 di Padova. Zeudi \u00e8 stata finalista nazionale del concorso di Miss Italia nel 2013. Ha molte hobby, oltre a quello di fare la modella e fotomodella, come leggere. Per Zeudi la moda \u00e8 uno &lt;&lt;state of mind&gt;&gt;, un sentirsi bene con se stessa. Non anticipiamo null&#8217;altro in quanto Zeudi ci ha dedicato molto tempo e per questo ringraziamo Zeudi \u00a0e auguriamo ai lettori di Nonsolomodanews buona lettura.<\/span><\/p>\n<p><!--more--><\/p>\n<p style=\"text-align:justify;\"><span style=\"color:#000000;\"><strong>Ciao Zeudi, benvenuta su Nonsolomodanews, ti vuoi presentare ai nostri lettori?\u00a0<\/strong>&#8220;Ciao a tutti! Mi chiamo Zeudi Zuin, sono nata a Padova\u00a0 il 7 gennaio\u00a01991 e ho 24 anni.\u00a0Sono alta 171 cm, ho i capelli lunghi color castano, occhi marroni e le mie misure sono 83 di seno, 61 di vita e 89 di fianchi e porto il 37 di scarpe.\u00a0Ho frequentato il Liceo Linguistico e successivamente mi sono laureata in Progettazione e Gestione del Turismo Culturale presso l\u2019Universit\u00e0 di Padova.\u00a0Nel frattempo sin da quando ero adolescente ho partecipato a molti concorsi di bellezza classificandomi in buone posizioni, fino a quando nel 2013 sono riuscita a coronare uno dei miei pi\u00f9 grandi sogni: far parte delle 63 finaliste pi\u00f9 belle d\u2019Italia alla Finalissima di MissItalia 2013&#8221;. Questo, nel frattempo, mi ha permesso di lavorare come modella e fotomodella.<\/span><\/p>\n<p style=\"text-align:justify;\"><span style=\"color:#000000;\"><strong>Come sei di carattere? <\/strong>&#8220;Mi definisco una persona poliedrica, sensibile, riservata, umile e molto vanitosa; e talvolta una gran rompipalle, chi mi sta vicino lo sa bene XD. Insomma non ho un carattere facile.\u00a0Sono altrettanto schietta e diretta, insomma non ho peli sulla lingua, se devo dire qualcosa a qualcuno lo faccio senza tante remore, passando purtroppo certe volte dalla parte del torto. Ad una prima impressione posso sembrare presuntuosa e troppo riservata, in realt\u00e0 una volta acquisita la fiducia della persona ho una gran disinvoltura a relazionarmi con il prossimo. \u00a0Detesto il perbenismo, l\u2019ipocrisia e l\u2019invidia. Pu\u00f2 bastare?XD&#8221;.<\/span><\/p>\n<p style=\"text-align:justify;\"><span style=\"color:#000000;\"><strong>Sei una ragazza curiosa? <\/strong>&#8220;Si, abbastanza, direi, per le cose che nutro interesse o curiosit\u00e0 si! Mi piace conoscere,\u00a0 informarmi, andare a fondo delle cose.<\/span><\/p>\n<p style=\"text-align:justify;\"><span style=\"color:#000000;\"><strong>Qual \u00e8 il tuo colore preferito? <\/strong>&#8220;Il mio colore preferito \u00e8 il bianco. Lo indosso spesso, penso stia bene con il colore della mia pelle, e in pi\u00f9 mi conferisce tranquillit\u00e0&#8221;.<\/span><\/p>\n<p style=\"text-align:justify;\"><span style=\"color:#000000;\"><strong>Quale musica ti piace? <\/strong>&#8220;Non ho un genere preferito, per lo pi\u00f9 ascolto musica commerciale, ascolto un po\u2019 di tutto&#8221;.<\/span><\/p>\n<p style=\"text-align:justify;\"><span style=\"color:#000000;\"><strong>Quali sono le tue passioni? <\/strong>&#8220;Mmmm passioni, vediamo un po\u2019.. Ascolto musica, sono una grande appassionata di film, infatti vado spesso al cinema, mi piace stare all\u2019aria aperta e da qualche anno ho riscoperto la passione per il leggere, magari leggo qualche paginetta prima di andare a dormire. \u00a0I settori che mi appagano maggiormente sono l\u2019arte, la moda, il turismo e l\u2019alimentazione. E ovviamente, ultimo ma non da ultimo, adoro fare shopping!XD&#8221;.<\/span><\/p>\n<p style=\"text-align:justify;\"><span style=\"color:#000000;\"><strong>In una tua fotografia di ritratto che cosa noti immediatamente? <\/strong>&#8220;La prima cosa che noto in una fotografia di ritratto \u00e8 lo sguardo. Lo sguardo deve saper comunicare, deve esprimere un qualcosa. Gli occhi sono tutto, sono lo specchio dell\u2019anima. Poi sono importanti anche i gesti, la posa&#8221;.<\/span><\/p>\n<p style=\"text-align:justify;\"><span style=\"color:#000000;\"><strong>Quali sono le tue sensazioni quando vieni fotografata? <\/strong>&#8220;Quando vengo fotografata mi sento libera, priva di pregiudizi, priva di tutte le imposizioni sociali. Sono me stessa, messa a nudo. Pu\u00f2 sembrare strano, ma \u00e8 cos\u00ec. \u00c8 come se la cosiddetta \u201cmaschera pirandelliana\u201d venisse annullata, ok stiamo andando troppo sul filosofico ora!XD Devo molto alla fotografia, mi ha aiutato a prendere coscienza di ci\u00f2 che sono. Una volta non ero cos\u00ec, ero timida, impacciata, inconsapevole, strano, vero? &#8220;.<\/span><\/p>\n<p style=\"text-align:justify;\"><span style=\"color:#000000;\"><strong>Che cosa \u00e8 per te la moda(fashion)?<\/strong> &#8220;Per me la moda in senso stretto \u00e8 un modo di essere, \u00e8 uno &lt;&lt;state of mind&gt;&gt;, \u00e8 un sentirsi bene con s\u00e9 stessi; non deve essere imposta, deve venire da dentro. \u00a0Se vogliamo, in senso pi\u00f9 generale, \u00e8 anche un mezzo di comunicazione, attraverso ci\u00f2 che io indosso comunico un qualcosa, no? Come quando, si dice che una donna indossa un completo intimo coordinato significa che vuole portarti a letto, no?! Dai su, non prendetemi troppo sul serio!XD&#8221;.<\/span><\/p>\n<p style=\"text-align:justify;\"><span style=\"color:#000000;\"><strong>Qual \u00e8 il tuo rapporto con la moda? <\/strong>&#8220;Si, la seguo, ma fino a un certo punto. Della serie, se un capo di vestiario \u00e8 di moda ma a me non piace, di certo non la compro; di sicuro non posso definirmi una fashion victim!XD\u00a0Trovo che la moda in un certo senso sia omologazione. Mi spiego meglio. Per esempio, adesso vanno di moda le camicie a quadri, allora tutte con le camicie a quadri; insomma, secondo me, questa \u00e8 una sorta di massificazione, non so se rendo l\u2019idea. Io sono per l\u2019esclusivit\u00e0. Per esempio, tante volte mi capita di prendere i vestiti di mia mamma di quand\u2019era giovane, ci faccio attaccare degli adesivi, li faccio accorciare, insomma li rielaboro a modo mio, li faccio miei, questo a mio parere significa sapersi distinguere! &#8220;.<\/span><\/p>\n<p style=\"text-align:justify;\"><span style=\"color:#000000;\"><strong>Chi \u00e8 il tuo fashion designer preferito? <\/strong>&#8220;Non ne ho uno in particolare, mi piacciono tutte le marche che siano in grado di esaltare la femminilit\u00e0 di una donna&#8221;.<\/span><\/p>\n<p style=\"text-align:justify;\"><span style=\"color:#000000;\"><strong>La tua TopModel preferita? <\/strong>&#8220;In realt\u00e0 ne ho due: Cindy Crawford e Kate Moss, che se messe a confronto sono diametralmente opposte.\u00a0Cindy Crawford, mora, occhi scuri, lineamenti perfetti, fisico statuario, perfetta, sguardo profondo e ammaliante; in sostanza l\u2019incarnazione della bellezza femminile per antonomasia. Kate Moss, l\u2019opposto, bionda, non eccessivamente alta, magrissima, lineamenti duri, sguardo magnetico, dopotutto non proprio perfetta. Ma proprio per questo lei ha sempre una marcia in pi\u00f9, ha fatto delle sue imperfezioni il suo stile ed \u00e8 questo quello che pi\u00f9 mi piace di lei. Non \u00e8 perfetta, ma ha quel qualcosa in pi\u00f9 che spacca! \u00a0Ecco, questi sono i miei canoni! &#8220;.<\/span><\/p>\n<p style=\"text-align:justify;\"><span style=\"color:#000000;\"><strong>Qual \u00e8 il capo di vestiario che ami di pi\u00f9 e quello di meno? <\/strong>&#8220;Capo di vestiario che pi\u00f9 preferisco, un paio di leggins neri una T-shirt, mi sento a mio agio e mi piaccio.\u00a0Quello che proprio non sopporto sono le ballerine, vi prego, abolitele!XD&#8221;.<\/span><\/p>\n<p style=\"text-align:justify;\"><span style=\"color:#000000;\"><strong>Scarpe basse o tacchi? <\/strong>&#8220;Entrambi, adoro i tacchi, ne ho tantissimi, ma spesso di giorno per comodit\u00e0 uso le scarpe basse, un paio di sneakers, sportive e comode, stanno bene con tutto. I tacchi, per lo pi\u00f9, di sera e durante gli eventi, sinonimo di eleganza e sensualit\u00e0&#8221;.<\/span><\/p>\n<p style=\"text-align:justify;\"><span style=\"color:#000000;\"><strong>Un accessorio che non manca mai quando esci da casa? <\/strong>&#8220;Gli orecchini, non possono mai mancare, mi sento nuda se non li ho addosso&#8221;.<\/span><\/p>\n<p style=\"text-align:justify;\"><span style=\"color:#000000;\"><strong>Ultima domanda, progetto fotografico che vorresti realizzare e perch\u00e9? <\/strong>&#8220;Top secret!XD&#8221;.<\/span><\/p>\n<p style=\"text-align:justify;\">Bruno Angelo Porcellana<\/p>\n\n\t\t<style>\n\t\t\t#gallery-1 {\n\t\t\t\tmargin: auto;\n\t\t\t}\n\t\t\t#gallery-1 .gallery-item {\n\t\t\t\tfloat: left;\n\t\t\t\tmargin-top: 10px;\n\t\t\t\ttext-align: center;\n\t\t\t\twidth: 33%;\n\t\t\t}\n\t\t\t#gallery-1 img {\n\t\t\t\tborder: 2px solid #cfcfcf;\n\t\t\t}\n\t\t\t#gallery-1 .gallery-caption {\n\t\t\t\tmargin-left: 0;\n\t\t\t}\n\t\t\t\/* see gallery_shortcode() in wp-includes\/media.php *\/\n\t\t<\/style>\n\t\t<div id='gallery-1' class='gallery galleryid-8868 gallery-columns-3 gallery-size-medium'><dl class='gallery-item'>\n\t\t\t<dt class='gallery-icon portrait'>\n\t\t\t\t<a href='https:\/\/www.nonsolomodanews.it\/wordpress\/pd2\/'><img loading=\"lazy\" decoding=\"async\" width=\"200\" height=\"300\" src=\"https:\/\/www.nonsolomodanews.it\/wordpress\/wp-content\/uploads\/2015\/04\/pd2-200x300.jpg\" class=\"attachment-medium size-medium\" alt=\"\" aria-describedby=\"gallery-1-8823\" srcset=\"https:\/\/www.nonsolomodanews.it\/wordpress\/wp-content\/uploads\/2015\/04\/pd2-200x300.jpg 200w, https:\/\/www.nonsolomodanews.it\/wordpress\/wp-content\/uploads\/2015\/04\/pd2.jpg 640w\" sizes=\"auto, (max-width: 200px) 100vw, 200px\" \/><\/a>\n\t\t\t<\/dt>\n\t\t\t\t<dd class='wp-caption-text gallery-caption' id='gallery-1-8823'>\n\t\t\t\tZeudi Zuin\n\t\t\t\t<\/dd><\/dl><dl class='gallery-item'>\n\t\t\t<dt class='gallery-icon landscape'>\n\t\t\t\t<a href='https:\/\/www.nonsolomodanews.it\/wordpress\/mb8\/'><img loading=\"lazy\" decoding=\"async\" width=\"300\" height=\"200\" src=\"https:\/\/www.nonsolomodanews.it\/wordpress\/wp-content\/uploads\/2015\/04\/mb8-300x200.jpg\" class=\"attachment-medium size-medium\" alt=\"\" aria-describedby=\"gallery-1-8822\" srcset=\"https:\/\/www.nonsolomodanews.it\/wordpress\/wp-content\/uploads\/2015\/04\/mb8-300x200.jpg 300w, https:\/\/www.nonsolomodanews.it\/wordpress\/wp-content\/uploads\/2015\/04\/mb8.jpg 1000w\" sizes=\"auto, (max-width: 300px) 100vw, 300px\" \/><\/a>\n\t\t\t<\/dt>\n\t\t\t\t<dd class='wp-caption-text gallery-caption' id='gallery-1-8822'>\n\t\t\t\tZeudi Zuin\n\t\t\t\t<\/dd><\/dl><dl class='gallery-item'>\n\t\t\t<dt class='gallery-icon landscape'>\n\t\t\t\t<a href='https:\/\/www.nonsolomodanews.it\/wordpress\/fs8\/'><img loading=\"lazy\" decoding=\"async\" width=\"300\" height=\"182\" src=\"https:\/\/www.nonsolomodanews.it\/wordpress\/wp-content\/uploads\/2015\/04\/fs8-300x182.jpg\" class=\"attachment-medium size-medium\" alt=\"\" aria-describedby=\"gallery-1-8821\" srcset=\"https:\/\/www.nonsolomodanews.it\/wordpress\/wp-content\/uploads\/2015\/04\/fs8-300x182.jpg 300w, https:\/\/www.nonsolomodanews.it\/wordpress\/wp-content\/uploads\/2015\/04\/fs8.jpg 960w\" sizes=\"auto, (max-width: 300px) 100vw, 300px\" \/><\/a>\n\t\t\t<\/dt>\n\t\t\t\t<dd class='wp-caption-text gallery-caption' id='gallery-1-8821'>\n\t\t\t\tZeudi Zuin\n\t\t\t\t<\/dd><\/dl><br style=\"clear: both\" \/><dl class='gallery-item'>\n\t\t\t<dt class='gallery-icon portrait'>\n\t\t\t\t<a href='https:\/\/www.nonsolomodanews.it\/wordpress\/e24\/'><img loading=\"lazy\" decoding=\"async\" width=\"205\" height=\"300\" src=\"https:\/\/www.nonsolomodanews.it\/wordpress\/wp-content\/uploads\/2015\/04\/e24-205x300.jpg\" class=\"attachment-medium size-medium\" alt=\"\" aria-describedby=\"gallery-1-8820\" srcset=\"https:\/\/www.nonsolomodanews.it\/wordpress\/wp-content\/uploads\/2015\/04\/e24-205x300.jpg 205w, https:\/\/www.nonsolomodanews.it\/wordpress\/wp-content\/uploads\/2015\/04\/e24.jpg 655w\" sizes=\"auto, (max-width: 205px) 100vw, 205px\" \/><\/a>\n\t\t\t<\/dt>\n\t\t\t\t<dd class='wp-caption-text gallery-caption' id='gallery-1-8820'>\n\t\t\t\tZeudi Zuin\n\t\t\t\t<\/dd><\/dl><dl class='gallery-item'>\n\t\t\t<dt class='gallery-icon portrait'>\n\t\t\t\t<a href='https:\/\/www.nonsolomodanews.it\/wordpress\/e5\/'><img loading=\"lazy\" decoding=\"async\" width=\"205\" height=\"300\" src=\"https:\/\/www.nonsolomodanews.it\/wordpress\/wp-content\/uploads\/2015\/04\/e5-205x300.jpg\" class=\"attachment-medium size-medium\" alt=\"\" aria-describedby=\"gallery-1-8819\" srcset=\"https:\/\/www.nonsolomodanews.it\/wordpress\/wp-content\/uploads\/2015\/04\/e5-205x300.jpg 205w, https:\/\/www.nonsolomodanews.it\/wordpress\/wp-content\/uploads\/2015\/04\/e5.jpg 682w\" sizes=\"auto, (max-width: 205px) 100vw, 205px\" \/><\/a>\n\t\t\t<\/dt>\n\t\t\t\t<dd class='wp-caption-text gallery-caption' id='gallery-1-8819'>\n\t\t\t\tZeudi Zuin\n\t\t\t\t<\/dd><\/dl><dl class='gallery-item'>\n\t\t\t<dt class='gallery-icon portrait'>\n\t\t\t\t<a href='https:\/\/www.nonsolomodanews.it\/wordpress\/e1\/'><img loading=\"lazy\" decoding=\"async\" width=\"270\" height=\"300\" src=\"https:\/\/www.nonsolomodanews.it\/wordpress\/wp-content\/uploads\/2015\/04\/e1-270x300.jpg\" class=\"attachment-medium size-medium\" alt=\"\" aria-describedby=\"gallery-1-8818\" srcset=\"https:\/\/www.nonsolomodanews.it\/wordpress\/wp-content\/uploads\/2015\/04\/e1-270x300.jpg 270w, https:\/\/www.nonsolomodanews.it\/wordpress\/wp-content\/uploads\/2015\/04\/e1.jpg 865w\" sizes=\"auto, (max-width: 270px) 100vw, 270px\" \/><\/a>\n\t\t\t<\/dt>\n\t\t\t\t<dd class='wp-caption-text gallery-caption' id='gallery-1-8818'>\n\t\t\t\tZeudi Zuin\n\t\t\t\t<\/dd><\/dl><br style=\"clear: both\" \/><dl class='gallery-item'>\n\t\t\t<dt class='gallery-icon portrait'>\n\t\t\t\t<a href='https:\/\/www.nonsolomodanews.it\/wordpress\/buzz16\/'><img loading=\"lazy\" decoding=\"async\" width=\"220\" height=\"300\" src=\"https:\/\/www.nonsolomodanews.it\/wordpress\/wp-content\/uploads\/2015\/04\/buzz16-220x300.jpg\" class=\"attachment-medium size-medium\" alt=\"\" aria-describedby=\"gallery-1-8817\" srcset=\"https:\/\/www.nonsolomodanews.it\/wordpress\/wp-content\/uploads\/2015\/04\/buzz16-220x300.jpg 220w, https:\/\/www.nonsolomodanews.it\/wordpress\/wp-content\/uploads\/2015\/04\/buzz16.jpg 704w\" sizes=\"auto, (max-width: 220px) 100vw, 220px\" \/><\/a>\n\t\t\t<\/dt>\n\t\t\t\t<dd class='wp-caption-text gallery-caption' id='gallery-1-8817'>\n\t\t\t\tZeudi Zuin\n\t\t\t\t<\/dd><\/dl><dl class='gallery-item'>\n\t\t\t<dt class='gallery-icon portrait'>\n\t\t\t\t<a href='https:\/\/www.nonsolomodanews.it\/wordpress\/buzz\/'><img loading=\"lazy\" decoding=\"async\" width=\"200\" height=\"300\" src=\"https:\/\/www.nonsolomodanews.it\/wordpress\/wp-content\/uploads\/2015\/04\/buzz-200x300.jpg\" class=\"attachment-medium size-medium\" alt=\"\" aria-describedby=\"gallery-1-8816\" srcset=\"https:\/\/www.nonsolomodanews.it\/wordpress\/wp-content\/uploads\/2015\/04\/buzz-200x300.jpg 200w, https:\/\/www.nonsolomodanews.it\/wordpress\/wp-content\/uploads\/2015\/04\/buzz.jpg 640w\" sizes=\"auto, (max-width: 200px) 100vw, 200px\" \/><\/a>\n\t\t\t<\/dt>\n\t\t\t\t<dd class='wp-caption-text gallery-caption' id='gallery-1-8816'>\n\t\t\t\tZeudi Zuin\n\t\t\t\t<\/dd><\/dl><dl class='gallery-item'>\n\t\t\t<dt class='gallery-icon landscape'>\n\t\t\t\t<a href='https:\/\/www.nonsolomodanews.it\/wordpress\/11077430_683055218484268_1298429756_n\/'><img loading=\"lazy\" decoding=\"async\" width=\"300\" height=\"200\" src=\"https:\/\/www.nonsolomodanews.it\/wordpress\/wp-content\/uploads\/2015\/04\/11077430_683055218484268_1298429756_n-300x200.jpg\" class=\"attachment-medium size-medium\" alt=\"\" aria-describedby=\"gallery-1-8815\" srcset=\"https:\/\/www.nonsolomodanews.it\/wordpress\/wp-content\/uploads\/2015\/04\/11077430_683055218484268_1298429756_n-300x200.jpg 300w, https:\/\/www.nonsolomodanews.it\/wordpress\/wp-content\/uploads\/2015\/04\/11077430_683055218484268_1298429756_n.jpg 960w\" sizes=\"auto, (max-width: 300px) 100vw, 300px\" \/><\/a>\n\t\t\t<\/dt>\n\t\t\t\t<dd class='wp-caption-text gallery-caption' id='gallery-1-8815'>\n\t\t\t\tZeudi Zuin\n\t\t\t\t<\/dd><\/dl><br style=\"clear: both\" \/><dl class='gallery-item'>\n\t\t\t<dt class='gallery-icon portrait'>\n\t\t\t\t<a href='https:\/\/www.nonsolomodanews.it\/wordpress\/_mtz0395_0661-1rid\/'><img loading=\"lazy\" decoding=\"async\" width=\"199\" height=\"300\" src=\"https:\/\/www.nonsolomodanews.it\/wordpress\/wp-content\/uploads\/2015\/04\/mtz0395_0661-1rid-199x300.jpg\" class=\"attachment-medium size-medium\" alt=\"\" aria-describedby=\"gallery-1-8814\" srcset=\"https:\/\/www.nonsolomodanews.it\/wordpress\/wp-content\/uploads\/2015\/04\/mtz0395_0661-1rid-199x300.jpg 199w, https:\/\/www.nonsolomodanews.it\/wordpress\/wp-content\/uploads\/2015\/04\/mtz0395_0661-1rid.jpg 662w\" sizes=\"auto, (max-width: 199px) 100vw, 199px\" \/><\/a>\n\t\t\t<\/dt>\n\t\t\t\t<dd class='wp-caption-text gallery-caption' id='gallery-1-8814'>\n\t\t\t\tZeudi Zuin\n\t\t\t\t<\/dd><\/dl><dl class='gallery-item'>\n\t\t\t<dt class='gallery-icon landscape'>\n\t\t\t\t<a href='https:\/\/www.nonsolomodanews.it\/wordpress\/_mtz0058_0345-1rid\/'><img loading=\"lazy\" decoding=\"async\" width=\"300\" height=\"199\" src=\"https:\/\/www.nonsolomodanews.it\/wordpress\/wp-content\/uploads\/2015\/04\/mtz0058_0345-1rid-300x199.jpg\" class=\"attachment-medium size-medium\" alt=\"\" aria-describedby=\"gallery-1-8813\" srcset=\"https:\/\/www.nonsolomodanews.it\/wordpress\/wp-content\/uploads\/2015\/04\/mtz0058_0345-1rid-300x199.jpg 300w, https:\/\/www.nonsolomodanews.it\/wordpress\/wp-content\/uploads\/2015\/04\/mtz0058_0345-1rid.jpg 1000w\" sizes=\"auto, (max-width: 300px) 100vw, 300px\" \/><\/a>\n\t\t\t<\/dt>\n\t\t\t\t<dd class='wp-caption-text gallery-caption' id='gallery-1-8813'>\n\t\t\t\tZeudi Zuin\n\t\t\t\t<\/dd><\/dl>\n\t\t\t<br style='clear: both' \/>\n\t\t<\/div>\n\n<p style=\"text-align:center;\">Le fotografie state fornite da\u00a0Zeudi Zuin<br \/>\nI credits delle fotografie appartengono ai relativi fotografi<br \/>\nTutti i diritti riservati \u00a9 2015 \u2013 Email: nonsolomodanews@gmail.com<\/p>\n","protected":false},"excerpt":{"rendered":"<p>Nonsolomodanews ha il piacere di presentare ai propri lettori Zeudi Zuin, giovane ragazza di origini venete laureata in progettazione e gestione del turismo culturale presso l&rsquo;universit&agrave; di Padova. Zeudi &egrave; stata finalista nazionale del concorso di Miss Italia nel 2013. Ha molte hobby, oltre a quello di fare la modella e fotomodella, come leggere. Per Zeudi la moda &egrave; uno &lt;&lt;state of mind&gt;&gt;, un sentirsi bene con se stessa. Non anticipiamo null&rsquo;altro in quanto Zeudi ci ha dedicato molto tempo e per questo ringraziamo Zeudi &nbsp;e auguriamo ai lettori di Nonsolomodanews buona lettura.<\/p>\n","protected":false},"author":1,"featured_media":0,"comment_status":"open","ping_status":"open","sticky":false,"template":"","format":"image","meta":{"rop_custom_images_group":[],"rop_custom_messages_group":[],"rop_publish_now":"initial","rop_publish_now_accounts":[],"rop_publish_now_history":[],"rop_publish_now_status":"pending","footnotes":""},"categories":[16],"tags":[588,746,1036,1124,1464,1522],"class_list":["post-8868","post","type-post","status-publish","format-image","hentry","category-articolo","tag-fotomodella","tag-intervista","tag-modella","tag-padova","tag-veneto","tag-zeudi-zuin","post_format-post-format-image"],"_links":{"self":[{"href":"https:\/\/www.nonsolomodanews.it\/wordpress\/wp-json\/wp\/v2\/posts\/8868","targetHints":{"allow":["GET"]}}],"collection":[{"href":"https:\/\/www.nonsolomodanews.it\/wordpress\/wp-json\/wp\/v2\/posts"}],"about":[{"href":"https:\/\/www.nonsolomodanews.it\/wordpress\/wp-json\/wp\/v2\/types\/post"}],"author":[{"embeddable":true,"href":"https:\/\/www.nonsolomodanews.it\/wordpress\/wp-json\/wp\/v2\/users\/1"}],"replies":[{"embeddable":true,"href":"https:\/\/www.nonsolomodanews.it\/wordpress\/wp-json\/wp\/v2\/comments?post=8868"}],"version-history":[{"count":0,"href":"https:\/\/www.nonsolomodanews.it\/wordpress\/wp-json\/wp\/v2\/posts\/8868\/revisions"}],"wp:attachment":[{"href":"https:\/\/www.nonsolomodanews.it\/wordpress\/wp-json\/wp\/v2\/media?parent=8868"}],"wp:term":[{"taxonomy":"category","embeddable":true,"href":"https:\/\/www.nonsolomodanews.it\/wordpress\/wp-json\/wp\/v2\/categories?post=8868"},{"taxonomy":"post_tag","embeddable":true,"href":"https:\/\/www.nonsolomodanews.it\/wordpress\/wp-json\/wp\/v2\/tags?post=8868"}],"curies":[{"name":"wp","href":"https:\/\/api.w.org\/{rel}","templated":true}]}}