{"id":8777,"date":"2015-04-14T21:12:14","date_gmt":"2015-04-14T21:12:14","guid":{"rendered":"http:\/\/nonsolomodanews.com\/?p=8777"},"modified":"2015-04-14T21:12:14","modified_gmt":"2015-04-14T21:12:14","slug":"giada-salvi-miss-mini-and-t-shirt-di-aspiranti-fotomodelle-italia-si-presenta-su-nonsolomodanews","status":"publish","type":"post","link":"https:\/\/www.nonsolomodanews.it\/wordpress\/giada-salvi-miss-mini-and-t-shirt-di-aspiranti-fotomodelle-italia-si-presenta-su-nonsolomodanews\/","title":{"rendered":"Giada Salvi, Miss Mini and T shirt di Aspiranti Fotomodelle Italia si presenta su Nonsolomodanews"},"content":{"rendered":"<div id=\"attachment_8779\" style=\"width: 310px\" class=\"wp-caption alignleft\"><a href=\"https:\/\/nonsolomodanews.files.wordpress.com\/2015\/04\/dsc8132-modifica.jpg\"><img loading=\"lazy\" decoding=\"async\" aria-describedby=\"caption-attachment-8779\" class=\"wp-image-8779 size-medium\" src=\"https:\/\/nonsolomodanews.files.wordpress.com\/2015\/04\/dsc8132-modifica.jpg?w=300\" alt=\"Giada Salvi\" width=\"300\" height=\"200\" srcset=\"https:\/\/www.nonsolomodanews.it\/wordpress\/wp-content\/uploads\/2015\/04\/dsc8132-modifica.jpg 1186w, https:\/\/www.nonsolomodanews.it\/wordpress\/wp-content\/uploads\/2015\/04\/dsc8132-modifica-300x200.jpg 300w, https:\/\/www.nonsolomodanews.it\/wordpress\/wp-content\/uploads\/2015\/04\/dsc8132-modifica-1024x683.jpg 1024w, https:\/\/www.nonsolomodanews.it\/wordpress\/wp-content\/uploads\/2015\/04\/dsc8132-modifica-1080x720.jpg 1080w\" sizes=\"auto, (max-width: 300px) 100vw, 300px\" \/><\/a><p id=\"caption-attachment-8779\" class=\"wp-caption-text\">Giada Salvi<\/p><\/div>\n<p style=\"text-align:justify;\"><span style=\"color:#000000;\"><strong>Nonsolomodanews<\/strong> continua la collaborazione con <strong>Aspiranti Fotomodelle Italia<\/strong> di <strong>Giulio Romi<\/strong> e presenta ai propri lettori <strong>Giada Salvi<\/strong>, Miss Mini &amp; T Shirt. Ringraziamo Giada e Giulio per averci permesso di conoscere meglio una giovanissima ragazza. Auguriamo ai nostri lettori buona lettura.<\/span><\/p>\n<p><!--more--><\/p>\n<p style=\"text-align:justify;\"><span style=\"color:#000000;\"><strong>Ciao ti vuoi presentare?<\/strong> <em>\u201cCiao, mi chiamo Giada Salvi, sono nata a Bergamo il 16.12.2000. Sono alta 1.65, sono bionda capelli lunghi e con occhi verdi e le mie misure sono: 82 di seno, 62 di vita, 90 di fianchi porto scarpe nr di 37. Frequento l\u2019Itc con indirizzo linguistico della mia citt\u00e0. Per un paio di anni mi sono dedicata alla danza moderna, per\u00f2 poi visto che mi si diceva che avevo le qualit\u00e0 fisiche per praticare ginnastica artistica, ho voluto provare e infatti ora ne sono felicissima e mi piace tantissimo ed \u00e8 diventato lo sport che pratico. Mi piace ascoltare musica. leggere e fare shopping.\u201d<\/em><\/span><\/p>\n<p style=\"text-align:justify;\"><span style=\"color:#000000;\"><strong>Complimenti vivissimi per la copertina di Aprile di Aspiranti Fotomodelle Italia. A quale concorso hai partecipato per ottenere la copertina?<\/strong> <em>\u201cGrazie mille ne sono davvero felicissima! Ho partecipato al concorso Mini &amp; T-shirt ma mai avrei pensato di vincere dato anche e altre ragazze erano molto belle!\u201d<\/em><\/span><\/p>\n<p style=\"text-align:justify;\"><span style=\"color:#000000;\"><strong>Come hai conosciuto i concorsi di Giulio Romi e di Aspiranti Fotomodelle Italia? <\/strong><em>\u201cMi sono imbattuta casualmente nei concorsi di Giulio Romi su Fb e ho voluto provarci anche io!\u201d<\/em><\/span><\/p>\n<p style=\"text-align:justify;\"><span style=\"color:#000000;\"><strong>Tu partecipi ai concorsi di bellezza online, hai mai sfilato su una vera passerella?<\/strong> <em>\u201cSi , infatti partecipando ai concorsi online proposti da Giulio Romi, ho avuto la fortuna di conoscerlo e dato che stava organizzando un Concorso di Bellezza a Milano \u201cMiss Volto Lombardia\u201d \u00a0ho voluto mettermi alla prova e mi sono iscritta , e devo dire che mi \u00e8 piaciuto tantissimo perch\u00e8 oltre a conoscere altre ragazze come me ho provato l\u2019adrenalina dello sfilare su una vera passerella davanti ad una giuria!\u201d<\/em><\/span><\/p>\n<p style=\"text-align:justify;\"><span style=\"color:#000000;\"><strong>Sei una persona curiosa? <\/strong><em>\u201cCuriosissima! Infatti su qualsiasi argomento, o anche semplicemente parlando devo sempre approfondire il discorso e andare a fondo delle cose.\u201d<\/em><\/span><\/p>\n<p style=\"text-align:justify;\"><span style=\"color:#000000;\"><strong>Come sei di carattere? <\/strong><em>\u201cSono una ragazza solare, disponibile e chiaccherona. Molto sincera e schietta, e infatti le cose che penso nelle dovute maniere le dico, cosa che reputo una grande qualit\u00e0 visto che ormai a parere mio di sincerit\u00e0 nelle persone ne trovi davvero poca!\u201d<\/em><\/span><\/p>\n<p style=\"text-align:justify;\"><span style=\"color:#000000;\"><strong>Qual \u00e8 il tuo colore preferito? <\/strong><em>\u201cRosso! Mi \u00e8 sempre piaciuto, lo trovo un colore molto deciso, forte e passionale.\u201d<\/em><\/span><\/p>\n<p style=\"text-align:justify;\"><span style=\"color:#000000;\"><strong>Qual \u00e8 il tuo rapporto con la moda? <\/strong><em>\u201cNe vado pazza! Praticamente mi comprerei di tutto e mi piace molto seguirla e avere nell\u2019armadio le ultime novit\u00e0.\u201d<\/em><\/span><\/p>\n<p style=\"text-align:justify;\"><span style=\"color:#000000;\"><strong>Qual \u00e8 il capo di vestiario che ami di pi\u00f9 e quello di meno? <\/strong><em>\u201cMi piacciono un sacco i jeans e i leggins, infatti possono passare dall\u2019essere sportivi e comodi, all\u2019essere eleganti se abbinati nel modo giusto e con accessori appropriati. Proprio non mi piacciono i maglioni di lana, non sopporto sentire lo \u201cspinare\u201d sulla pelle.\u201d<\/em><\/span><\/p>\n<p style=\"text-align:justify;\"><span style=\"color:#000000;\"><strong>Come vesti nella vita di tutti i giorni? <\/strong><em>\u201cBhe per andare a scuola logicamente pratica e comoda, quindi jeans, leggins, se poi si esce ci si pu\u00f2 sbizzarrire in pi\u00f9 modi.\u201d<\/em><\/span><\/p>\n<p style=\"text-align:justify;\"><span style=\"color:#000000;\"><strong>Scarpe basse o tacchi? <\/strong><em>\u201cAmo essere comoda quindi basse, logicamente in determinate occasioni il tacco \u00e8 d\u2019obbligo per essere belle, eleganti e femminili.\u201d<\/em><\/span><\/p>\n<p style=\"text-align:justify;\"><span style=\"color:#000000;\"><strong>Quali sono i tuoi hobby? <\/strong><em>\u201cAmo molto ascoltare musica, anche se non ho un genere particolare. Infatti varia molto a seconda del mio umore o stato d\u2019animo.\u201d<\/em><\/span><\/p>\n<p style=\"text-align:justify;\"><span style=\"color:#000000;\"><strong>In una tua fotografia di ritratto che cosa noti immediatamente? <\/strong><em>\u201cLo sguardo! Infatti \u00e8 proprio lo sguardo che mi colpisce anche dal vivo! Come si dice \u201cGli occhi sono lo specchio dell\u2019anima.\u201d e a mio parere nella fotografia questo lo si nota ancora di pi\u00f9 e sono proprio gli occhi che riescono a trasmettermi emozioni.\u201d<\/em><\/span><\/p>\n<p style=\"text-align:justify;\"><span style=\"color:#000000;\"><strong>Quali sono le tue sensazioni quando vieni fotografata? <\/strong><em>\u201cMi piace molto posare ed essere fotografata, quindi cerco sempre di essere il pi\u00f9 naturale possibile e cercare di comunicare quello che mi si chiede o che in quel momento sento io.\u201d<\/em><\/span><\/p>\n<p style=\"text-align:justify;\"><span style=\"color:#000000;\"><strong>Pensi che un buon book fotografico sia importante ai fini lavorativi? <\/strong><em>\u201cBhe i book fotografici vengono richiesti e servono per avere una migliore visione di come si \u00e8 e di cosa si riesce a \u201cdare\u201d fotograficamente, quindi si penso che siano utili per potersi meglio presentare.\u201d<\/em><\/span><\/p>\n<p style=\"text-align:justify;\"><span style=\"color:#000000;\"><strong>Quali sono i generi fotografici che preferisci? <\/strong><em>\u201cRitrattistica o fashion sono quelle che fino ad ora ho fatto e sono quelle che preferisco.\u201d<\/em><\/span><\/p>\n<p style=\"text-align:justify;\"><strong>Hai un progetto fotografico che ti piacerebbe realizzare e perch\u00e9? <\/strong><em>\u201cMi piacerebbe molto realizzare un progetto fotografico per abiti alla moda e di marca, ho sempre sognato poterlo fare e voglio credere che un giorno questo sar\u00e0 possibile!\u201d<\/em><\/p>\n<p><strong>Grazie!<\/strong><\/p>\n\n\t\t<style>\n\t\t\t#gallery-1 {\n\t\t\t\tmargin: auto;\n\t\t\t}\n\t\t\t#gallery-1 .gallery-item {\n\t\t\t\tfloat: left;\n\t\t\t\tmargin-top: 10px;\n\t\t\t\ttext-align: center;\n\t\t\t\twidth: 33%;\n\t\t\t}\n\t\t\t#gallery-1 img {\n\t\t\t\tborder: 2px solid #cfcfcf;\n\t\t\t}\n\t\t\t#gallery-1 .gallery-caption {\n\t\t\t\tmargin-left: 0;\n\t\t\t}\n\t\t\t\/* see gallery_shortcode() in wp-includes\/media.php *\/\n\t\t<\/style>\n\t\t<div id='gallery-1' class='gallery galleryid-8777 gallery-columns-3 gallery-size-large'><dl class='gallery-item'>\n\t\t\t<dt class='gallery-icon portrait'>\n\t\t\t\t<a href='https:\/\/www.nonsolomodanews.it\/wordpress\/giada-salvi-miss-mini-and-t-shirt-di-aspiranti-fotomodelle-italia-si-presenta-su-nonsolomodanews\/dsc_2491-modifica\/'><img loading=\"lazy\" decoding=\"async\" width=\"528\" height=\"791\" src=\"https:\/\/www.nonsolomodanews.it\/wordpress\/wp-content\/uploads\/2015\/04\/dsc_2491-modifica.jpg\" class=\"attachment-large size-large\" alt=\"\" aria-describedby=\"gallery-1-8789\" srcset=\"https:\/\/www.nonsolomodanews.it\/wordpress\/wp-content\/uploads\/2015\/04\/dsc_2491-modifica.jpg 528w, https:\/\/www.nonsolomodanews.it\/wordpress\/wp-content\/uploads\/2015\/04\/dsc_2491-modifica-200x300.jpg 200w\" sizes=\"auto, (max-width: 528px) 100vw, 528px\" \/><\/a>\n\t\t\t<\/dt>\n\t\t\t\t<dd class='wp-caption-text gallery-caption' id='gallery-1-8789'>\n\t\t\t\tGiada Salvi\n\t\t\t\t<\/dd><\/dl><dl class='gallery-item'>\n\t\t\t<dt class='gallery-icon portrait'>\n\t\t\t\t<a href='https:\/\/www.nonsolomodanews.it\/wordpress\/giada-salvi-miss-mini-and-t-shirt-di-aspiranti-fotomodelle-italia-si-presenta-su-nonsolomodanews\/10861120_830520520344903_7686013231831140634_obis\/'><img loading=\"lazy\" decoding=\"async\" width=\"527\" height=\"791\" src=\"https:\/\/www.nonsolomodanews.it\/wordpress\/wp-content\/uploads\/2015\/04\/10861120_830520520344903_7686013231831140634_obis.jpg\" class=\"attachment-large size-large\" alt=\"\" aria-describedby=\"gallery-1-8783\" srcset=\"https:\/\/www.nonsolomodanews.it\/wordpress\/wp-content\/uploads\/2015\/04\/10861120_830520520344903_7686013231831140634_obis.jpg 527w, https:\/\/www.nonsolomodanews.it\/wordpress\/wp-content\/uploads\/2015\/04\/10861120_830520520344903_7686013231831140634_obis-200x300.jpg 200w\" sizes=\"auto, (max-width: 527px) 100vw, 527px\" \/><\/a>\n\t\t\t<\/dt>\n\t\t\t\t<dd class='wp-caption-text gallery-caption' id='gallery-1-8783'>\n\t\t\t\tGiada Salvi\n\t\t\t\t<\/dd><\/dl><dl class='gallery-item'>\n\t\t\t<dt class='gallery-icon landscape'>\n\t\t\t\t<a href='https:\/\/www.nonsolomodanews.it\/wordpress\/giada-salvi-miss-mini-and-t-shirt-di-aspiranti-fotomodelle-italia-si-presenta-su-nonsolomodanews\/_dsc8132-modifica\/'><img loading=\"lazy\" decoding=\"async\" width=\"1024\" height=\"683\" src=\"https:\/\/www.nonsolomodanews.it\/wordpress\/wp-content\/uploads\/2015\/04\/dsc8132-modifica-1024x683.jpg\" class=\"attachment-large size-large\" alt=\"\" aria-describedby=\"gallery-1-8779\" srcset=\"https:\/\/www.nonsolomodanews.it\/wordpress\/wp-content\/uploads\/2015\/04\/dsc8132-modifica-1024x683.jpg 1024w, https:\/\/www.nonsolomodanews.it\/wordpress\/wp-content\/uploads\/2015\/04\/dsc8132-modifica-300x200.jpg 300w, https:\/\/www.nonsolomodanews.it\/wordpress\/wp-content\/uploads\/2015\/04\/dsc8132-modifica-1080x720.jpg 1080w, https:\/\/www.nonsolomodanews.it\/wordpress\/wp-content\/uploads\/2015\/04\/dsc8132-modifica.jpg 1186w\" sizes=\"auto, (max-width: 1024px) 100vw, 1024px\" \/><\/a>\n\t\t\t<\/dt>\n\t\t\t\t<dd class='wp-caption-text gallery-caption' id='gallery-1-8779'>\n\t\t\t\tGiada Salvi\n\t\t\t\t<\/dd><\/dl><br style=\"clear: both\" \/><dl class='gallery-item'>\n\t\t\t<dt class='gallery-icon portrait'>\n\t\t\t\t<a href='https:\/\/www.nonsolomodanews.it\/wordpress\/giada-salvi-miss-mini-and-t-shirt-di-aspiranti-fotomodelle-italia-si-presenta-su-nonsolomodanews\/11064129_1417675305202671_1899000686_oe\/'><img loading=\"lazy\" decoding=\"async\" width=\"528\" height=\"791\" src=\"https:\/\/www.nonsolomodanews.it\/wordpress\/wp-content\/uploads\/2015\/04\/11064129_1417675305202671_1899000686_oe.jpg\" class=\"attachment-large size-large\" alt=\"\" aria-describedby=\"gallery-1-8785\" srcset=\"https:\/\/www.nonsolomodanews.it\/wordpress\/wp-content\/uploads\/2015\/04\/11064129_1417675305202671_1899000686_oe.jpg 528w, https:\/\/www.nonsolomodanews.it\/wordpress\/wp-content\/uploads\/2015\/04\/11064129_1417675305202671_1899000686_oe-200x300.jpg 200w\" sizes=\"auto, (max-width: 528px) 100vw, 528px\" \/><\/a>\n\t\t\t<\/dt>\n\t\t\t\t<dd class='wp-caption-text gallery-caption' id='gallery-1-8785'>\n\t\t\t\tGiada Salvi\n\t\t\t\t<\/dd><\/dl><dl class='gallery-item'>\n\t\t\t<dt class='gallery-icon portrait'>\n\t\t\t\t<a href='https:\/\/www.nonsolomodanews.it\/wordpress\/giada-salvi-miss-mini-and-t-shirt-di-aspiranti-fotomodelle-italia-si-presenta-su-nonsolomodanews\/10869684_830520643678224_5377230617915081668_obis\/'><img loading=\"lazy\" decoding=\"async\" width=\"527\" height=\"791\" src=\"https:\/\/www.nonsolomodanews.it\/wordpress\/wp-content\/uploads\/2015\/04\/10869684_830520643678224_5377230617915081668_obis.jpg\" class=\"attachment-large size-large\" alt=\"\" aria-describedby=\"gallery-1-8784\" srcset=\"https:\/\/www.nonsolomodanews.it\/wordpress\/wp-content\/uploads\/2015\/04\/10869684_830520643678224_5377230617915081668_obis.jpg 527w, https:\/\/www.nonsolomodanews.it\/wordpress\/wp-content\/uploads\/2015\/04\/10869684_830520643678224_5377230617915081668_obis-200x300.jpg 200w\" sizes=\"auto, (max-width: 527px) 100vw, 527px\" \/><\/a>\n\t\t\t<\/dt>\n\t\t\t\t<dd class='wp-caption-text gallery-caption' id='gallery-1-8784'>\n\t\t\t\tGiada Salvi\n\t\t\t\t<\/dd><\/dl><dl class='gallery-item'>\n\t\t\t<dt class='gallery-icon portrait'>\n\t\t\t\t<a href='https:\/\/www.nonsolomodanews.it\/wordpress\/giada-salvi-miss-mini-and-t-shirt-di-aspiranti-fotomodelle-italia-si-presenta-su-nonsolomodanews\/s0141126q\/'><img loading=\"lazy\" decoding=\"async\" width=\"593\" height=\"791\" src=\"https:\/\/www.nonsolomodanews.it\/wordpress\/wp-content\/uploads\/2015\/04\/s0141126q.jpg\" class=\"attachment-large size-large\" alt=\"\" aria-describedby=\"gallery-1-8790\" srcset=\"https:\/\/www.nonsolomodanews.it\/wordpress\/wp-content\/uploads\/2015\/04\/s0141126q.jpg 593w, https:\/\/www.nonsolomodanews.it\/wordpress\/wp-content\/uploads\/2015\/04\/s0141126q-225x300.jpg 225w\" sizes=\"auto, (max-width: 593px) 100vw, 593px\" \/><\/a>\n\t\t\t<\/dt>\n\t\t\t\t<dd class='wp-caption-text gallery-caption' id='gallery-1-8790'>\n\t\t\t\tGiada Salvi\n\t\t\t\t<\/dd><\/dl><br style=\"clear: both\" \/><dl class='gallery-item'>\n\t\t\t<dt class='gallery-icon portrait'>\n\t\t\t\t<a href='https:\/\/www.nonsolomodanews.it\/wordpress\/giada-salvi-miss-mini-and-t-shirt-di-aspiranti-fotomodelle-italia-si-presenta-su-nonsolomodanews\/cattura2\/'><img loading=\"lazy\" decoding=\"async\" width=\"339\" height=\"587\" src=\"https:\/\/www.nonsolomodanews.it\/wordpress\/wp-content\/uploads\/2015\/04\/cattura2.jpg\" class=\"attachment-large size-large\" alt=\"\" aria-describedby=\"gallery-1-8786\" srcset=\"https:\/\/www.nonsolomodanews.it\/wordpress\/wp-content\/uploads\/2015\/04\/cattura2.jpg 339w, https:\/\/www.nonsolomodanews.it\/wordpress\/wp-content\/uploads\/2015\/04\/cattura2-173x300.jpg 173w\" sizes=\"auto, (max-width: 339px) 100vw, 339px\" \/><\/a>\n\t\t\t<\/dt>\n\t\t\t\t<dd class='wp-caption-text gallery-caption' id='gallery-1-8786'>\n\t\t\t\tGiada Salvi\n\t\t\t\t<\/dd><\/dl><dl class='gallery-item'>\n\t\t\t<dt class='gallery-icon portrait'>\n\t\t\t\t<a href='https:\/\/www.nonsolomodanews.it\/wordpress\/giada-salvi-miss-mini-and-t-shirt-di-aspiranti-fotomodelle-italia-si-presenta-su-nonsolomodanews\/10830428_830519683678320_5277732190426051638_o\/'><img loading=\"lazy\" decoding=\"async\" width=\"527\" height=\"791\" src=\"https:\/\/www.nonsolomodanews.it\/wordpress\/wp-content\/uploads\/2015\/04\/10830428_830519683678320_5277732190426051638_o.jpg\" class=\"attachment-large size-large\" alt=\"\" aria-describedby=\"gallery-1-8782\" srcset=\"https:\/\/www.nonsolomodanews.it\/wordpress\/wp-content\/uploads\/2015\/04\/10830428_830519683678320_5277732190426051638_o.jpg 527w, https:\/\/www.nonsolomodanews.it\/wordpress\/wp-content\/uploads\/2015\/04\/10830428_830519683678320_5277732190426051638_o-200x300.jpg 200w\" sizes=\"auto, (max-width: 527px) 100vw, 527px\" \/><\/a>\n\t\t\t<\/dt>\n\t\t\t\t<dd class='wp-caption-text gallery-caption' id='gallery-1-8782'>\n\t\t\t\tGiada Salvi\n\t\t\t\t<\/dd><\/dl><dl class='gallery-item'>\n\t\t\t<dt class='gallery-icon portrait'>\n\t\t\t\t<a href='https:\/\/www.nonsolomodanews.it\/wordpress\/giada-salvi-miss-mini-and-t-shirt-di-aspiranti-fotomodelle-italia-si-presenta-su-nonsolomodanews\/10355627_830520913678197_6009272552557797933_o\/'><img loading=\"lazy\" decoding=\"async\" width=\"527\" height=\"791\" src=\"https:\/\/www.nonsolomodanews.it\/wordpress\/wp-content\/uploads\/2015\/04\/10355627_830520913678197_6009272552557797933_o.jpg\" class=\"attachment-large size-large\" alt=\"\" aria-describedby=\"gallery-1-8781\" srcset=\"https:\/\/www.nonsolomodanews.it\/wordpress\/wp-content\/uploads\/2015\/04\/10355627_830520913678197_6009272552557797933_o.jpg 527w, https:\/\/www.nonsolomodanews.it\/wordpress\/wp-content\/uploads\/2015\/04\/10355627_830520913678197_6009272552557797933_o-200x300.jpg 200w\" sizes=\"auto, (max-width: 527px) 100vw, 527px\" \/><\/a>\n\t\t\t<\/dt>\n\t\t\t\t<dd class='wp-caption-text gallery-caption' id='gallery-1-8781'>\n\t\t\t\tGiada Salvi\n\t\t\t\t<\/dd><\/dl><br style=\"clear: both\" \/><dl class='gallery-item'>\n\t\t\t<dt class='gallery-icon portrait'>\n\t\t\t\t<a href='https:\/\/www.nonsolomodanews.it\/wordpress\/giada-salvi-miss-mini-and-t-shirt-di-aspiranti-fotomodelle-italia-si-presenta-su-nonsolomodanews\/cattura16\/'><img loading=\"lazy\" decoding=\"async\" width=\"418\" height=\"619\" src=\"https:\/\/www.nonsolomodanews.it\/wordpress\/wp-content\/uploads\/2015\/04\/cattura16.jpg\" class=\"attachment-large size-large\" alt=\"\" aria-describedby=\"gallery-1-8787\" srcset=\"https:\/\/www.nonsolomodanews.it\/wordpress\/wp-content\/uploads\/2015\/04\/cattura16.jpg 418w, https:\/\/www.nonsolomodanews.it\/wordpress\/wp-content\/uploads\/2015\/04\/cattura16-203x300.jpg 203w\" sizes=\"auto, (max-width: 418px) 100vw, 418px\" \/><\/a>\n\t\t\t<\/dt>\n\t\t\t\t<dd class='wp-caption-text gallery-caption' id='gallery-1-8787'>\n\t\t\t\tGiada Salvi\n\t\t\t\t<\/dd><\/dl><dl class='gallery-item'>\n\t\t\t<dt class='gallery-icon landscape'>\n\t\t\t\t<a href='https:\/\/www.nonsolomodanews.it\/wordpress\/giada-salvi-miss-mini-and-t-shirt-di-aspiranti-fotomodelle-italia-si-presenta-su-nonsolomodanews\/dsc_2461-modifica\/'><img loading=\"lazy\" decoding=\"async\" width=\"1024\" height=\"684\" src=\"https:\/\/www.nonsolomodanews.it\/wordpress\/wp-content\/uploads\/2015\/04\/dsc_2461-modifica-1024x684.jpg\" class=\"attachment-large size-large\" alt=\"\" aria-describedby=\"gallery-1-8788\" srcset=\"https:\/\/www.nonsolomodanews.it\/wordpress\/wp-content\/uploads\/2015\/04\/dsc_2461-modifica-1024x684.jpg 1024w, https:\/\/www.nonsolomodanews.it\/wordpress\/wp-content\/uploads\/2015\/04\/dsc_2461-modifica-300x200.jpg 300w, https:\/\/www.nonsolomodanews.it\/wordpress\/wp-content\/uploads\/2015\/04\/dsc_2461-modifica-1080x721.jpg 1080w, https:\/\/www.nonsolomodanews.it\/wordpress\/wp-content\/uploads\/2015\/04\/dsc_2461-modifica.jpg 1185w\" sizes=\"auto, (max-width: 1024px) 100vw, 1024px\" \/><\/a>\n\t\t\t<\/dt>\n\t\t\t\t<dd class='wp-caption-text gallery-caption' id='gallery-1-8788'>\n\t\t\t\tGiada Salvi\n\t\t\t\t<\/dd><\/dl><dl class='gallery-item'>\n\t\t\t<dt class='gallery-icon portrait'>\n\t\t\t\t<a href='https:\/\/www.nonsolomodanews.it\/wordpress\/giada-salvi-miss-mini-and-t-shirt-di-aspiranti-fotomodelle-italia-si-presenta-su-nonsolomodanews\/1453305_478966198884055_583984777_nq\/'><img loading=\"lazy\" decoding=\"async\" width=\"524\" height=\"791\" src=\"https:\/\/www.nonsolomodanews.it\/wordpress\/wp-content\/uploads\/2015\/04\/1453305_478966198884055_583984777_nq.jpg\" class=\"attachment-large size-large\" alt=\"\" srcset=\"https:\/\/www.nonsolomodanews.it\/wordpress\/wp-content\/uploads\/2015\/04\/1453305_478966198884055_583984777_nq.jpg 524w, https:\/\/www.nonsolomodanews.it\/wordpress\/wp-content\/uploads\/2015\/04\/1453305_478966198884055_583984777_nq-199x300.jpg 199w\" sizes=\"auto, (max-width: 524px) 100vw, 524px\" \/><\/a>\n\t\t\t<\/dt><\/dl><br style=\"clear: both\" \/>\n\t\t<\/div>\n\n<p>&nbsp;<\/p>\n<p style=\"text-align:center;\"><span style=\"color:#000000;\">\u00a0Le fotografie state fornite da\u00a0Giada Salvi<\/span><br \/>\n<span style=\"color:#000000;\"> I credits delle fotografie appartengono ai relativi fotografi<\/span><br \/>\n<span style=\"color:#000000;\"> Tutti i diritti riservati \u00a9 2015 \u2013 Email: nonsolomodanews@gmail.com<\/span><\/p>\n","protected":false},"excerpt":{"rendered":"<p>Nonsolomodanews continua la collaborazione con Aspiranti Fotomodelle Italia di Giulio Romi e presenta ai propri lettori Giada Salvi, Miss Mini &amp; T Shirt. Ringraziamo Giada e Giulio per averci permesso di conoscere meglio una giovanissima ragazza. Auguriamo ai nostri lettori buona lettura.<\/p>\n","protected":false},"author":1,"featured_media":0,"comment_status":"open","ping_status":"open","sticky":false,"template":"","format":"image","meta":{"rop_custom_images_group":[],"rop_custom_messages_group":[],"rop_publish_now":"initial","rop_publish_now_accounts":[],"rop_publish_now_history":[],"rop_publish_now_status":"pending","footnotes":""},"categories":[16],"tags":[248,585,588,643,746,843,1036,1099],"class_list":["post-8777","post","type-post","status-publish","format-image","hentry","category-articolo","tag-bergamo","tag-fotografia","tag-fotomodella","tag-giada-salvi","tag-intervista","tag-lombardia","tag-modella","tag-nonsolomodanews","post_format-post-format-image"],"_links":{"self":[{"href":"https:\/\/www.nonsolomodanews.it\/wordpress\/wp-json\/wp\/v2\/posts\/8777","targetHints":{"allow":["GET"]}}],"collection":[{"href":"https:\/\/www.nonsolomodanews.it\/wordpress\/wp-json\/wp\/v2\/posts"}],"about":[{"href":"https:\/\/www.nonsolomodanews.it\/wordpress\/wp-json\/wp\/v2\/types\/post"}],"author":[{"embeddable":true,"href":"https:\/\/www.nonsolomodanews.it\/wordpress\/wp-json\/wp\/v2\/users\/1"}],"replies":[{"embeddable":true,"href":"https:\/\/www.nonsolomodanews.it\/wordpress\/wp-json\/wp\/v2\/comments?post=8777"}],"version-history":[{"count":0,"href":"https:\/\/www.nonsolomodanews.it\/wordpress\/wp-json\/wp\/v2\/posts\/8777\/revisions"}],"wp:attachment":[{"href":"https:\/\/www.nonsolomodanews.it\/wordpress\/wp-json\/wp\/v2\/media?parent=8777"}],"wp:term":[{"taxonomy":"category","embeddable":true,"href":"https:\/\/www.nonsolomodanews.it\/wordpress\/wp-json\/wp\/v2\/categories?post=8777"},{"taxonomy":"post_tag","embeddable":true,"href":"https:\/\/www.nonsolomodanews.it\/wordpress\/wp-json\/wp\/v2\/tags?post=8777"}],"curies":[{"name":"wp","href":"https:\/\/api.w.org\/{rel}","templated":true}]}}