{"id":7315,"date":"2015-01-12T10:30:13","date_gmt":"2015-01-12T10:30:13","guid":{"rendered":"http:\/\/nonsolomodanews.com\/?p=7315"},"modified":"2015-01-12T10:30:13","modified_gmt":"2015-01-12T10:30:13","slug":"impazzisco-per-dylan-dog-viames-arcuri-leader-degli-stil-novo-ci-racconta-il-dietro-le-quinte-del-nuovo-video-musicale-dylan-dog","status":"publish","type":"post","link":"https:\/\/www.nonsolomodanews.it\/wordpress\/impazzisco-per-dylan-dog-viames-arcuri-leader-degli-stil-novo-ci-racconta-il-dietro-le-quinte-del-nuovo-video-musicale-dylan-dog\/","title":{"rendered":"&#039;&#039;Impazzisco per Dylan Dog&#039;&#039;. Viames Arcuri, leader degli Stil Novo, ci racconta il dietro le quinte del nuovo video musicale &#039;&#039; Dylan Dog&#039;&#039;"},"content":{"rendered":"\n\t\t<style>\n\t\t\t#gallery-1 {\n\t\t\t\tmargin: auto;\n\t\t\t}\n\t\t\t#gallery-1 .gallery-item {\n\t\t\t\tfloat: left;\n\t\t\t\tmargin-top: 10px;\n\t\t\t\ttext-align: center;\n\t\t\t\twidth: 33%;\n\t\t\t}\n\t\t\t#gallery-1 img {\n\t\t\t\tborder: 2px solid #cfcfcf;\n\t\t\t}\n\t\t\t#gallery-1 .gallery-caption {\n\t\t\t\tmargin-left: 0;\n\t\t\t}\n\t\t\t\/* see gallery_shortcode() in wp-includes\/media.php *\/\n\t\t<\/style>\n\t\t<div id='gallery-1' class='gallery galleryid-7315 gallery-columns-3 gallery-size-thumbnail'><dl class='gallery-item'>\n\t\t\t<dt class='gallery-icon landscape'>\n\t\t\t\t<a href='https:\/\/www.nonsolomodanews.it\/wordpress\/impazzisco-per-dylan-dog-viames-arcuri-leader-degli-stil-novo-ci-racconta-il-dietro-le-quinte-del-nuovo-video-musicale-dylan-dog\/band-con-fede-poggipollini\/'><img loading=\"lazy\" decoding=\"async\" width=\"150\" height=\"150\" src=\"https:\/\/www.nonsolomodanews.it\/wordpress\/wp-content\/uploads\/2015\/01\/band-con-fede-poggipollini-150x150.jpg\" class=\"attachment-thumbnail size-thumbnail\" alt=\"\" aria-describedby=\"gallery-1-7316\" \/><\/a>\n\t\t\t<\/dt>\n\t\t\t\t<dd class='wp-caption-text gallery-caption' id='gallery-1-7316'>\n\t\t\t\tStil Novo con Fede Poggipollini\n\t\t\t\t<\/dd><\/dl><dl class='gallery-item'>\n\t\t\t<dt class='gallery-icon landscape'>\n\t\t\t\t<a href='https:\/\/www.nonsolomodanews.it\/wordpress\/impazzisco-per-dylan-dog-viames-arcuri-leader-degli-stil-novo-ci-racconta-il-dietro-le-quinte-del-nuovo-video-musicale-dylan-dog\/denis-frison\/'><img loading=\"lazy\" decoding=\"async\" width=\"150\" height=\"150\" src=\"https:\/\/www.nonsolomodanews.it\/wordpress\/wp-content\/uploads\/2015\/01\/denis-frison-150x150.jpg\" class=\"attachment-thumbnail size-thumbnail\" alt=\"\" aria-describedby=\"gallery-1-7317\" \/><\/a>\n\t\t\t<\/dt>\n\t\t\t\t<dd class='wp-caption-text gallery-caption' id='gallery-1-7317'>\n\t\t\t\tDenis Frison\n\t\t\t\t<\/dd><\/dl><dl class='gallery-item'>\n\t\t\t<dt class='gallery-icon portrait'>\n\t\t\t\t<a href='https:\/\/www.nonsolomodanews.it\/wordpress\/impazzisco-per-dylan-dog-viames-arcuri-leader-degli-stil-novo-ci-racconta-il-dietro-le-quinte-del-nuovo-video-musicale-dylan-dog\/nonsolomoda1\/'><img loading=\"lazy\" decoding=\"async\" width=\"150\" height=\"150\" src=\"https:\/\/www.nonsolomodanews.it\/wordpress\/wp-content\/uploads\/2015\/01\/nonsolomoda1-150x150.jpg\" class=\"attachment-thumbnail size-thumbnail\" alt=\"\" aria-describedby=\"gallery-1-7318\" \/><\/a>\n\t\t\t<\/dt>\n\t\t\t\t<dd class='wp-caption-text gallery-caption' id='gallery-1-7318'>\n\t\t\t\tGiusi Modderno\n\t\t\t\t<\/dd><\/dl><br style=\"clear: both\" \/><dl class='gallery-item'>\n\t\t\t<dt class='gallery-icon '>\n\t\t\t\t<a href='https:\/\/www.nonsolomodanews.it\/wordpress\/impazzisco-per-dylan-dog-viames-arcuri-leader-degli-stil-novo-ci-racconta-il-dietro-le-quinte-del-nuovo-video-musicale-dylan-dog\/nonsolomoda2\/'><img loading=\"lazy\" decoding=\"async\" width=\"1\" height=\"1\" src=\"https:\/\/www.nonsolomodanews.it\/wordpress\/wp-content\/uploads\/2015\/01\/nonsolomoda2.jpg\" class=\"attachment-thumbnail size-thumbnail\" alt=\"\" aria-describedby=\"gallery-1-7319\" \/><\/a>\n\t\t\t<\/dt>\n\t\t\t\t<dd class='wp-caption-text gallery-caption' id='gallery-1-7319'>\n\t\t\t\tSonya Gilli\n\t\t\t\t<\/dd><\/dl>\n\t\t\t<br style='clear: both' \/>\n\t\t<\/div>\n\n<div id=\"attachment_7320\" style=\"width: 870px\" class=\"wp-caption alignleft\"><a href=\"https:\/\/nonsolomodanews.files.wordpress.com\/2015\/01\/nonsolomoda3.jpg\"><img loading=\"lazy\" decoding=\"async\" aria-describedby=\"caption-attachment-7320\" class=\"size-large wp-image-7320\" src=\"https:\/\/nonsolomodanews.files.wordpress.com\/2015\/01\/nonsolomoda3.jpg?w=860\" alt=\"Giusi Modderno con Anna Falchi\" width=\"860\" height=\"886\" \/><\/a><p id=\"caption-attachment-7320\" class=\"wp-caption-text\">Giusi Modderno con Anna Falchi<\/p><\/div>\n<p style=\"text-align:justify;\"><span style=\"color:#000000;\">Il countdown \u00e8 iniziato. Mancano pochi giorni all\u2019uscita del nuovo singolo degli <strong>Stil Novo<\/strong> <strong>\u201cDylan Dog\u201d.<\/strong> (l\u2019uscita \u00e8 prevista per venerd\u00ec 30 gennaio 2015). Abbiamo chiesto a <strong>Viames Arcuri<\/strong>, leader del gruppo musicale bolognese, di raccontarci il \u201cdietro le scene\u201d del video girato di recente con l&#8217;attrice <strong>Anna Falchi<\/strong> nel ruolo di &#8220;guest star&#8221; femminile dello stesso videoclip. <strong>Nonsolomodanews<\/strong>, pur non avendo partecipato direttamente al video, ha avuto l&#8217;opportunit\u00e0 di essere presente con due ragazze che nei mesi scorsi\u00a0hanno posato\u00a0per servizi fotografici, <strong>Giusi Modderno<\/strong> e <strong>Sonya Gilli,<\/strong> alle quali va il nostro plauso e ringraziamento.\u00a0<\/span>Auguriamo ai nostri lettori buona lettura e agli <strong>Stil Novo<\/strong>\u00a0di un grande in bocca al lupo per\u00a0il nuovo singolo <strong>&#8220;Dylan Dog&#8221;. \u00a0<\/strong><\/p>\n<p style=\"text-align:center;\">&#8221;Impazzisco per Dylan Dog&#8221;<\/p>\n<p style=\"text-align:justify;\"><span style=\"color:#000000;\">Per il suo carismatico protagonista, per l\u2019equilibrio tra poesia e horror, per le trame simmetriche e perfette, questa opera \u00e8 sempre stata una grande vetrina del talento italiano in ambito fumettistico.<\/span><\/p>\n<div id=\"attachment_7316\" style=\"width: 870px\" class=\"wp-caption alignleft\"><a href=\"https:\/\/nonsolomodanews.files.wordpress.com\/2015\/01\/band-con-fede-poggipollini.jpg\"><img loading=\"lazy\" decoding=\"async\" aria-describedby=\"caption-attachment-7316\" class=\"size-large wp-image-7316\" src=\"https:\/\/nonsolomodanews.files.wordpress.com\/2015\/01\/band-con-fede-poggipollini.jpg?w=860\" alt=\"Stil Novo con Fede Poggipollini\" width=\"860\" height=\"573\" srcset=\"https:\/\/www.nonsolomodanews.it\/wordpress\/wp-content\/uploads\/2015\/01\/band-con-fede-poggipollini.jpg 4438w, https:\/\/www.nonsolomodanews.it\/wordpress\/wp-content\/uploads\/2015\/01\/band-con-fede-poggipollini-300x200.jpg 300w, https:\/\/www.nonsolomodanews.it\/wordpress\/wp-content\/uploads\/2015\/01\/band-con-fede-poggipollini-1024x683.jpg 1024w, https:\/\/www.nonsolomodanews.it\/wordpress\/wp-content\/uploads\/2015\/01\/band-con-fede-poggipollini-1080x720.jpg 1080w\" sizes=\"auto, (max-width: 860px) 100vw, 860px\" \/><\/a><p id=\"caption-attachment-7316\" class=\"wp-caption-text\">Stil Novo con Fede Poggipollini<\/p><\/div>\n<p style=\"text-align:justify;\"><span style=\"color:#000000;\">Ho scritto un brano per rendere omaggio a Dylan, realizzandolo con la mia band, gli <strong>Stil Novo<\/strong>. Ho chiesto alla mia etichetta discografica, la <strong>AM Productions<\/strong>, di fare un tentativo affinch\u00e9 fosse nostro compagno di viaggio anche <strong>\u201cCapitan\u201d Fede Poggipollini,<\/strong> lo storico chitarrista di Ligabue; quando ci ha contattato, dicendogli che gli era piaciuto il brano, non vedevo l\u2019ora di vederlo all\u2019opera in studio.<\/span><\/p>\n<div id=\"attachment_7317\" style=\"width: 870px\" class=\"wp-caption alignleft\"><a href=\"https:\/\/nonsolomodanews.files.wordpress.com\/2015\/01\/denis-frison.jpg\"><img loading=\"lazy\" decoding=\"async\" aria-describedby=\"caption-attachment-7317\" class=\"size-large wp-image-7317\" src=\"https:\/\/nonsolomodanews.files.wordpress.com\/2015\/01\/denis-frison.jpg?w=860\" alt=\"Denis Frison\" width=\"860\" height=\"573\" srcset=\"https:\/\/www.nonsolomodanews.it\/wordpress\/wp-content\/uploads\/2015\/01\/denis-frison.jpg 960w, https:\/\/www.nonsolomodanews.it\/wordpress\/wp-content\/uploads\/2015\/01\/denis-frison-300x200.jpg 300w\" sizes=\"auto, (max-width: 860px) 100vw, 860px\" \/><\/a><p id=\"caption-attachment-7317\" class=\"wp-caption-text\">Denis Frison<\/p><\/div>\n<p style=\"text-align:justify;\"><span style=\"color:#000000;\">Durante le registrazioni, venni a sapere che il regista <strong>Denis Frison<\/strong> stava preparando un nuovo film sull\u2019indagatore dell\u2019incubo. Da sempre innamorato del cinema, contattai personalmente Denis, e gli proposi il mio brano per la colonna sonora; per colpa sua ho perso una notte di sonno, quando mi scrisse in chat che aveva scelto il mio brano non sono riuscito a \u00a0dormire.<\/span><\/p>\n<p style=\"text-align:justify;\"><span style=\"color:#000000;\">Su queste basi, ci voleva una protagonista d\u2019eccezione per il videoclip; l\u2019idea pi\u00f9 ambiziosa era <strong>Anna Falchi<\/strong>, la splendida protagonista di <strong>\u201cDellamorte Dellamore\u201d<\/strong> di <strong>Michele Soavi<\/strong>; il primo film che mostr\u00f2 sulla pellicola l\u2019universo poetico e grottesco creato dal fumettista e romanziere <strong>Tiziano Sclavi<\/strong>. Con il \u201cs\u00ec\u201d di Anna, fummo pronti a cominciare le riprese.<\/span><\/p>\n<div id=\"attachment_7319\" style=\"width: 210px\" class=\"wp-caption alignleft\"><a href=\"https:\/\/nonsolomodanews.files.wordpress.com\/2015\/01\/nonsolomoda2.jpg\"><img loading=\"lazy\" decoding=\"async\" aria-describedby=\"caption-attachment-7319\" class=\"wp-image-7319 size-medium\" src=\"https:\/\/nonsolomodanews.files.wordpress.com\/2015\/01\/nonsolomoda2.jpg?w=200\" alt=\"Sonya Gilli\" width=\"200\" height=\"300\" \/><\/a><p id=\"caption-attachment-7319\" class=\"wp-caption-text\">Sonya Gilli<\/p><\/div>\n<p style=\"text-align:justify;\"><span style=\"color:#000000;\">Essendo in ambito fumettistico, rubo una frase allo zio Ben Parker:<em> \u201cDa un grande potere derivano grandi responsabilit\u00e0\u201d<\/em>. Avevamo dei grandissimi talenti al nostro fianco, ma dovevamo creare una sceneggiatura e una resa che fossero all\u2019altezza delle aspettative, e avevamo un po\u2019 di \u201cansia da prestazione\u201d. Nel pianificare le riprese di Dylan Dog, sono stati preziosi il sostegno di varie realt\u00e0 emiliane: <strong>Mirco Cattani<\/strong> da \u201cCiao Radio\u201d, <strong>Alberta Barbagli<\/strong> e la sua \u201cReboot tv\u201d, e la MF Management di Michael Feldhaus.<\/span><\/p>\n<div id=\"attachment_7321\" style=\"width: 144px\" class=\"wp-caption alignright\"><a href=\"https:\/\/nonsolomodanews.files.wordpress.com\/2015\/01\/nonsolomoda4.jpg\"><img loading=\"lazy\" decoding=\"async\" aria-describedby=\"caption-attachment-7321\" class=\"wp-image-7321 size-medium\" src=\"https:\/\/nonsolomodanews.files.wordpress.com\/2015\/01\/nonsolomoda4.jpg?w=134\" alt=\"Sonya Gilli\" width=\"134\" height=\"300\" \/><\/a><p id=\"caption-attachment-7321\" class=\"wp-caption-text\">Sonya Gilli<\/p><\/div>\n<p style=\"text-align:justify;\"><span style=\"color:#000000;\">Un grande aiuto ci \u00e8 stato offerto da <strong>Nonsolomodanews<\/strong>: avevo immaginato una grande scena corale, ispirata al cinema di Tarantino, in cui tante vampiresse compissero un massacro in un locale malfamato. Dovevano essere bellissime e sanguinarie, e bucare lo schermo per la loro \u201cdannata\u201d sensualit\u00e0. A quel punto, ho scelto 2 ragazze che avevano fatto un servizio fotografico per il portale: <strong>Giusi Modderno<\/strong> e <strong>Sonya Gilli<\/strong>.<\/span><\/p>\n<p style=\"text-align:justify;\"><span style=\"color:#000000;\">Le 2 ragazze perci\u00f2, grazie ai servizi fotografici che avevo visto su Facebook, sono finite sul set a lavorare con Anna Falchi, tra le grinfie di truccatrici professioniste e l\u2019esperto in effetti speciali <strong>Francesco Sanseverino<\/strong>, un grandissimo talento. La tatuatissima Sonya \u00e8 l\u2019incarnazione perfetta della \u201cbella e dannata\u201d, icona della trasgressione pulp. Giusi invece colpiva per il contrasto tra la sua giovane semplicit\u00e0 e il contrasto con la situazione splatter del videoclip.<\/span><\/p>\n<p style=\"text-align:justify;\"><span style=\"color:#000000;\">Sono state bravissime, e grazie al loro apporto \u00e8 stato possibile girare la scena madre di questo videoclip, quella che prevedo rimarr\u00e0 pi\u00f9 di tutte in mente dopo la visione.<\/span><\/p>\n<div id=\"attachment_7318\" style=\"width: 210px\" class=\"wp-caption alignleft\"><a href=\"https:\/\/nonsolomodanews.files.wordpress.com\/2015\/01\/nonsolomoda1.jpg\"><img loading=\"lazy\" decoding=\"async\" aria-describedby=\"caption-attachment-7318\" class=\"wp-image-7318 size-medium\" src=\"https:\/\/nonsolomodanews.files.wordpress.com\/2015\/01\/nonsolomoda1.jpg?w=200\" alt=\"Giusi Modderno\" width=\"200\" height=\"300\" srcset=\"https:\/\/www.nonsolomodanews.it\/wordpress\/wp-content\/uploads\/2015\/01\/nonsolomoda1.jpg 2405w, https:\/\/www.nonsolomodanews.it\/wordpress\/wp-content\/uploads\/2015\/01\/nonsolomoda1-200x300.jpg 200w, https:\/\/www.nonsolomodanews.it\/wordpress\/wp-content\/uploads\/2015\/01\/nonsolomoda1-683x1024.jpg 683w, https:\/\/www.nonsolomodanews.it\/wordpress\/wp-content\/uploads\/2015\/01\/nonsolomoda1-1080x1620.jpg 1080w\" sizes=\"auto, (max-width: 200px) 100vw, 200px\" \/><\/a><p id=\"caption-attachment-7318\" class=\"wp-caption-text\">Giusi Modderno<\/p><\/div>\n<p style=\"text-align:justify;\"><span style=\"color:#000000;\"><strong>Anna Falchi<\/strong> \u00e8 stata una vera trasformista durante la giornata, si \u00e8 cambiata e truccata ripetutamente per interpretare diversi ruoli. E\u2019 stato divertente scambiare delle battute con lei nella frenesia delle riprese, e ho scoperto una donna forte e simpatica, che sa metterti a tuo agio prendendoti un po\u2019 in giro.<\/span><\/p>\n<p style=\"text-align:justify;\"><span style=\"color:#000000;\"><strong>\u201cDylan Dog\u201d<\/strong> uscir\u00e0 il 30 gennaio, e sar\u00e0 anticipato da un promo in cui Anna Falchi parler\u00e0 di questa esperienza. Ma ci saranno anche tanti contenuti speciali, foto e filmati che renderanno l\u2019idea del dietro le quinte di questo entusiasmante progetto.<\/span><\/p>\n<p style=\"text-align:justify;\"><span style=\"color:#000000;\">Mentre Dylan continua a combattere gli incubi e i mostri, anche i giovani italiani hanno la loro battaglia: dimostrare ad un sistema pesante e pessimista che gli artisti emergenti non hanno smesso di lottare, di creare, di fare proposte. In questo progetto degli Stil Novo c\u2019\u00e8 chi ha gi\u00e0 una lunga carriera alle spalle, e c\u2019\u00e8 chi la propria strada deve ancora crearla. La crisi economica non deve essere la crisi di chiunque voglia fare musica, cinema, fotografia, recitare, dipingere, sognare.<\/span><\/p>\n<p style=\"text-align:justify;\"><span style=\"color:#000000;\"><strong>\u201cSii parte del cambiamento che vuoi vedere nel mondo\u201d \u2013 Gandhi<\/strong><\/span><\/p>\n<p>Pagina Facebook Stil Novo:<br \/>\n<a href=\"https:\/\/www.facebook.com\/glistilnovoufficiale?fref=ts\">https:\/\/www.facebook.com\/glistilnovoufficiale?fref=ts<\/a><\/p>\n<p>Canale youtube Stil Novo:<br \/>\n<a href=\"https:\/\/www.youtube.com\/channel\/UC1lRM8rJ9kUgfwLe5XA8GTA\">https:\/\/www.youtube.com\/channel\/UC1lRM8rJ9kUgfwLe5XA8GTA<\/a><\/p>\n<p>Canale youtube di Denis Frison:<br \/>\n<a href=\"https:\/\/www.youtube.com\/user\/lamorteputtana\/featured\">https:\/\/www.youtube.com\/user\/lamorteputtana\/featured<\/a><\/p>\n<p style=\"text-align:center;\">Le fotografie sono state fornite da Viames Arcuri\u00a0\u2013 I credits delle fotografie appartengono ai relativi fotografi \u2013 Tutti i diritti riservati Email: nonsolomodanews@gmail.com \u2013 Pagina FB <a href=\"https:\/\/www.facebook.com\/Nonsolomodanews?ref=hl\">Nonsolomodanews<\/a><\/p>\n","protected":false},"excerpt":{"rendered":"<p>Il countdown &egrave; iniziato. Mancano pochi giorni all&rsquo;uscita del nuovo singolo degli Stil Novo &ldquo;Dylan Dog&rdquo;. (l&rsquo;uscita &egrave; prevista per venerd&igrave; 30 gennaio 2015). Abbiamo chiesto a Viames Arcuri, leader del gruppo musicale bolognese, di raccontarci il &ldquo;dietro le scene&rdquo; del video girato di recente con l&rsquo;attrice Anna Falchi nel ruolo di &ldquo;guest star&rdquo; femminile dello stesso videoclip. Nonsolomodanews, pur non avendo partecipato direttamente al video, ha avuto l&rsquo;opportunit&agrave; di essere presente con due ragazze che nei mesi scorsi&nbsp;hanno posato&nbsp;per servizi fotografici, Giusi Modderno e Sonya Gilli, alle quali va il nostro plauso e ringraziamento.&nbsp;Auguriamo ai nostri lettori buona lettura e agli Stil Novo&nbsp;di un grande in bocca al lupo per&nbsp;il nuovo singolo &ldquo;Dylan Dog&rdquo;. &nbsp; &rdquo;Impazzisco per Dylan Dog&rdquo; Per il suo carismatico protagonista, per l&rsquo;equilibrio tra poesia e horror, per le trame simmetriche e perfette, questa opera &egrave; sempre stata una grande vetrina del talento italiano in ambito fumettistico. Ho scritto un brano per rendere omaggio a Dylan, realizzandolo con la mia band, gli Stil Novo. Ho chiesto alla mia etichetta discografica, la AM Productions, di fare un tentativo affinch&eacute; fosse nostro compagno di viaggio anche &ldquo;Capitan&rdquo; Fede Poggipollini, lo storico chitarrista di Ligabue; quando ci ha contattato, [&hellip;]<\/p>\n","protected":false},"author":1,"featured_media":0,"comment_status":"open","ping_status":"open","sticky":false,"template":"","format":"standard","meta":{"rop_custom_images_group":[],"rop_custom_messages_group":[],"rop_publish_now":"initial","rop_publish_now_accounts":[],"rop_publish_now_history":[],"rop_publish_now_status":"pending","footnotes":""},"categories":[16],"tags":[69,161,262,695,1099,1100,1347,1364,1475,1478],"class_list":["post-7315","post","type-post","status-publish","format-standard","hentry","category-articolo","tag-impazzisco-per-dylan-dog","tag-anna-falchi","tag-bologna","tag-giusi-modderno","tag-nonsolomodanews","tag-nonsolomodanews-italia","tag-sonya-gilli","tag-stil-novo","tag-viames-arcuri","tag-videoclip"],"_links":{"self":[{"href":"https:\/\/www.nonsolomodanews.it\/wordpress\/wp-json\/wp\/v2\/posts\/7315","targetHints":{"allow":["GET"]}}],"collection":[{"href":"https:\/\/www.nonsolomodanews.it\/wordpress\/wp-json\/wp\/v2\/posts"}],"about":[{"href":"https:\/\/www.nonsolomodanews.it\/wordpress\/wp-json\/wp\/v2\/types\/post"}],"author":[{"embeddable":true,"href":"https:\/\/www.nonsolomodanews.it\/wordpress\/wp-json\/wp\/v2\/users\/1"}],"replies":[{"embeddable":true,"href":"https:\/\/www.nonsolomodanews.it\/wordpress\/wp-json\/wp\/v2\/comments?post=7315"}],"version-history":[{"count":0,"href":"https:\/\/www.nonsolomodanews.it\/wordpress\/wp-json\/wp\/v2\/posts\/7315\/revisions"}],"wp:attachment":[{"href":"https:\/\/www.nonsolomodanews.it\/wordpress\/wp-json\/wp\/v2\/media?parent=7315"}],"wp:term":[{"taxonomy":"category","embeddable":true,"href":"https:\/\/www.nonsolomodanews.it\/wordpress\/wp-json\/wp\/v2\/categories?post=7315"},{"taxonomy":"post_tag","embeddable":true,"href":"https:\/\/www.nonsolomodanews.it\/wordpress\/wp-json\/wp\/v2\/tags?post=7315"}],"curies":[{"name":"wp","href":"https:\/\/api.w.org\/{rel}","templated":true}]}}