{"id":7279,"date":"2015-01-06T08:59:13","date_gmt":"2015-01-06T08:59:13","guid":{"rendered":"http:\/\/nonsolomodanews.com\/?p=7279"},"modified":"2015-01-06T08:59:13","modified_gmt":"2015-01-06T08:59:13","slug":"beatrice-vallin-miss-mini-and-t-shirt-di-aspiranti-fotomodelle-veneto","status":"publish","type":"post","link":"https:\/\/www.nonsolomodanews.it\/wordpress\/beatrice-vallin-miss-mini-and-t-shirt-di-aspiranti-fotomodelle-veneto\/","title":{"rendered":"Beatrice Vallin, Miss Mini and T-Shirt di Aspiranti Fotomodelle Veneto"},"content":{"rendered":"\n\t\t<style>\n\t\t\t#gallery-1 {\n\t\t\t\tmargin: auto;\n\t\t\t}\n\t\t\t#gallery-1 .gallery-item {\n\t\t\t\tfloat: left;\n\t\t\t\tmargin-top: 10px;\n\t\t\t\ttext-align: center;\n\t\t\t\twidth: 33%;\n\t\t\t}\n\t\t\t#gallery-1 img {\n\t\t\t\tborder: 2px solid #cfcfcf;\n\t\t\t}\n\t\t\t#gallery-1 .gallery-caption {\n\t\t\t\tmargin-left: 0;\n\t\t\t}\n\t\t\t\/* see gallery_shortcode() in wp-includes\/media.php *\/\n\t\t<\/style>\n\t\t<div id='gallery-1' class='gallery galleryid-7279 gallery-columns-3 gallery-size-thumbnail'><dl class='gallery-item'>\n\t\t\t<dt class='gallery-icon portrait'>\n\t\t\t\t<a href='https:\/\/www.nonsolomodanews.it\/wordpress\/beatrice-vallin-miss-mini-and-t-shirt-di-aspiranti-fotomodelle-veneto\/image-1\/'><img loading=\"lazy\" decoding=\"async\" width=\"150\" height=\"150\" src=\"https:\/\/www.nonsolomodanews.it\/wordpress\/wp-content\/uploads\/2015\/01\/image-1-150x150.jpg\" class=\"attachment-thumbnail size-thumbnail\" alt=\"\" aria-describedby=\"gallery-1-7280\" \/><\/a>\n\t\t\t<\/dt>\n\t\t\t\t<dd class='wp-caption-text gallery-caption' id='gallery-1-7280'>\n\t\t\t\tBeatrice Vallin\n\t\t\t\t<\/dd><\/dl><dl class='gallery-item'>\n\t\t\t<dt class='gallery-icon landscape'>\n\t\t\t\t<a href='https:\/\/www.nonsolomodanews.it\/wordpress\/beatrice-vallin-miss-mini-and-t-shirt-di-aspiranti-fotomodelle-veneto\/image-2-2\/'><img loading=\"lazy\" decoding=\"async\" width=\"150\" height=\"150\" src=\"https:\/\/www.nonsolomodanews.it\/wordpress\/wp-content\/uploads\/2015\/01\/image-2-150x150.jpg\" class=\"attachment-thumbnail size-thumbnail\" alt=\"\" aria-describedby=\"gallery-1-7281\" \/><\/a>\n\t\t\t<\/dt>\n\t\t\t\t<dd class='wp-caption-text gallery-caption' id='gallery-1-7281'>\n\t\t\t\tBeatrice Vallin\n\t\t\t\t<\/dd><\/dl><dl class='gallery-item'>\n\t\t\t<dt class='gallery-icon landscape'>\n\t\t\t\t<a href='https:\/\/www.nonsolomodanews.it\/wordpress\/beatrice-vallin-miss-mini-and-t-shirt-di-aspiranti-fotomodelle-veneto\/image-3-2\/'><img loading=\"lazy\" decoding=\"async\" width=\"150\" height=\"150\" src=\"https:\/\/www.nonsolomodanews.it\/wordpress\/wp-content\/uploads\/2015\/01\/image-3-150x150.jpg\" class=\"attachment-thumbnail size-thumbnail\" alt=\"\" aria-describedby=\"gallery-1-7282\" \/><\/a>\n\t\t\t<\/dt>\n\t\t\t\t<dd class='wp-caption-text gallery-caption' id='gallery-1-7282'>\n\t\t\t\tBeatrice Vallin\n\t\t\t\t<\/dd><\/dl><br style=\"clear: both\" \/><dl class='gallery-item'>\n\t\t\t<dt class='gallery-icon landscape'>\n\t\t\t\t<a href='https:\/\/www.nonsolomodanews.it\/wordpress\/beatrice-vallin-miss-mini-and-t-shirt-di-aspiranti-fotomodelle-veneto\/image-4-2\/'><img loading=\"lazy\" decoding=\"async\" width=\"150\" height=\"150\" src=\"https:\/\/www.nonsolomodanews.it\/wordpress\/wp-content\/uploads\/2015\/01\/image-4-150x150.jpg\" class=\"attachment-thumbnail size-thumbnail\" alt=\"\" aria-describedby=\"gallery-1-7283\" \/><\/a>\n\t\t\t<\/dt>\n\t\t\t\t<dd class='wp-caption-text gallery-caption' id='gallery-1-7283'>\n\t\t\t\tBeatrice Vallin\n\t\t\t\t<\/dd><\/dl><dl class='gallery-item'>\n\t\t\t<dt class='gallery-icon portrait'>\n\t\t\t\t<a href='https:\/\/www.nonsolomodanews.it\/wordpress\/beatrice-vallin-miss-mini-and-t-shirt-di-aspiranti-fotomodelle-veneto\/image-5-2\/'><img loading=\"lazy\" decoding=\"async\" width=\"150\" height=\"150\" src=\"https:\/\/www.nonsolomodanews.it\/wordpress\/wp-content\/uploads\/2015\/01\/image-5-150x150.jpg\" class=\"attachment-thumbnail size-thumbnail\" alt=\"\" aria-describedby=\"gallery-1-7284\" \/><\/a>\n\t\t\t<\/dt>\n\t\t\t\t<dd class='wp-caption-text gallery-caption' id='gallery-1-7284'>\n\t\t\t\tBeatrice Vallin\n\t\t\t\t<\/dd><\/dl><dl class='gallery-item'>\n\t\t\t<dt class='gallery-icon portrait'>\n\t\t\t\t<a href='https:\/\/www.nonsolomodanews.it\/wordpress\/beatrice-vallin-miss-mini-and-t-shirt-di-aspiranti-fotomodelle-veneto\/image-11\/'><img loading=\"lazy\" decoding=\"async\" width=\"150\" height=\"150\" src=\"https:\/\/www.nonsolomodanews.it\/wordpress\/wp-content\/uploads\/2015\/01\/image-150x150.jpg\" class=\"attachment-thumbnail size-thumbnail\" alt=\"\" aria-describedby=\"gallery-1-7285\" \/><\/a>\n\t\t\t<\/dt>\n\t\t\t\t<dd class='wp-caption-text gallery-caption' id='gallery-1-7285'>\n\t\t\t\tBeatrice Vallin\n\t\t\t\t<\/dd><\/dl><br style=\"clear: both\" \/><dl class='gallery-item'>\n\t\t\t<dt class='gallery-icon portrait'>\n\t\t\t\t<a href='https:\/\/www.nonsolomodanews.it\/wordpress\/beatrice-vallin-miss-mini-and-t-shirt-di-aspiranti-fotomodelle-veneto\/10259710_861779173843115_4503410806017205098_n\/'><img loading=\"lazy\" decoding=\"async\" width=\"150\" height=\"150\" src=\"https:\/\/www.nonsolomodanews.it\/wordpress\/wp-content\/uploads\/2015\/01\/10259710_861779173843115_4503410806017205098_n-150x150.jpg\" class=\"attachment-thumbnail size-thumbnail\" alt=\"\" \/><\/a>\n\t\t\t<\/dt><\/dl>\n\t\t\t<br style='clear: both' \/>\n\t\t<\/div>\n\n<p style=\"text-align:justify;\"><strong>Ciao Beatrice ti vuoi presentare in poche parole? \u00a0<\/strong>\u201c<em>Ciao a tutti ! Sono Beatrice, ho 17 anni, sono nata a Milano ma vivo in provincia di Padova e frequento il liceo artistico, sono bionda, alta 175 cm e ho gli occhi azzurri\u201d.<\/em><\/p>\n<p style=\"text-align:justify;\"><strong><a href=\"https:\/\/nonsolomodanews.files.wordpress.com\/2015\/01\/10259710_861779173843115_4503410806017205098_n.jpg\"><img loading=\"lazy\" decoding=\"async\" class=\" wp-image-7286 size-thumbnail alignleft\" src=\"https:\/\/nonsolomodanews.files.wordpress.com\/2015\/01\/10259710_861779173843115_4503410806017205098_n.jpg?w=112\" alt=\"10259710_861779173843115_4503410806017205098_n\" width=\"112\" height=\"150\" srcset=\"https:\/\/www.nonsolomodanews.it\/wordpress\/wp-content\/uploads\/2015\/01\/10259710_861779173843115_4503410806017205098_n.jpg 714w, https:\/\/www.nonsolomodanews.it\/wordpress\/wp-content\/uploads\/2015\/01\/10259710_861779173843115_4503410806017205098_n-223x300.jpg 223w\" sizes=\"auto, (max-width: 112px) 100vw, 112px\" \/><\/a>Complimenti vivissimi. Tu sei arrivata prima al concorso &lt;&lt;Mini&amp; t-shirt&gt;&gt; di Aspiranti Fotomodelle Veneto e avrai la pagina nella prossima edizione della rivista di Aspiranti Fotomodelle Italia, che sensazione ha provato quando ti hanno detto che avevi vinto? <\/strong>\u201cQ<em>uando mi hanno comunicato di aver vinto il concorso \u00ab Mini &amp; t-shirt \u00bb sono stata molta sorpresa perch\u00e9 \u00e8 la seconda volta che raggiungo questo piccolo traguardo!<em>\u201d.<\/em><\/em><\/p>\n<p style=\"text-align:justify;\"><strong>Come hai conosciuto i concorsi di Giulio Romi e di Aspiranti Fotomodelle Italia? <\/strong>\u201c<em>Giulio e Carla (Carla Levi, responsabile di Aspiranti Fotomodelle Veneto ndr) sono due persone fantastiche che ho avuto il piacere di conoscere attraverso Facebook dopo essere stata contatta da entrambi<em>\u201d.<\/em><\/em><\/p>\n<p style=\"text-align:justify;\"><strong>Sei una persona curiosa? <\/strong>\u201c<em>Si ! Sono eccessivamente curiosa, amo essere a conoscenza di tutto!<em>\u201d.<\/em><\/em><\/p>\n<p style=\"text-align:justify;\"><strong>Qual \u00e8 il tuo colore preferito? <\/strong>\u201c<em>Colore preferito ?! Azzurro direi ! Come il colore dei miei occhi!<em>\u201d.<\/em><\/em><\/p>\n<div id=\"attachment_7283\" style=\"width: 870px\" class=\"wp-caption aligncenter\"><a href=\"https:\/\/nonsolomodanews.files.wordpress.com\/2015\/01\/image-4.jpg\"><img loading=\"lazy\" decoding=\"async\" aria-describedby=\"caption-attachment-7283\" class=\"size-full wp-image-7283\" src=\"https:\/\/nonsolomodanews.files.wordpress.com\/2015\/01\/image-4.jpg\" alt=\"Beatrice Vallin\" width=\"860\" height=\"572\" srcset=\"https:\/\/www.nonsolomodanews.it\/wordpress\/wp-content\/uploads\/2015\/01\/image-4.jpg 1280w, https:\/\/www.nonsolomodanews.it\/wordpress\/wp-content\/uploads\/2015\/01\/image-4-300x199.jpg 300w, https:\/\/www.nonsolomodanews.it\/wordpress\/wp-content\/uploads\/2015\/01\/image-4-1024x681.jpg 1024w, https:\/\/www.nonsolomodanews.it\/wordpress\/wp-content\/uploads\/2015\/01\/image-4-1080x718.jpg 1080w\" sizes=\"auto, (max-width: 860px) 100vw, 860px\" \/><\/a><p id=\"caption-attachment-7283\" class=\"wp-caption-text\">Beatrice Vallin<\/p><\/div>\n<p style=\"text-align:justify;\"><strong>Qual \u00e8 il tuo rapporto con la moda? <\/strong>\u201c<em>Adoro seguire le tendenze e essere sempre aggiornata sui nuovi stili!<em>\u201d.<\/em><\/em><\/p>\n<p style=\"text-align:justify;\"><strong>Qual \u00e8 il capo di vestiario che ami di pi\u00f9 e quello di meno? <\/strong>\u201c<em>Quelli che <em>amo di pi\u00f9 sono i vestiti soprattutto quelli corti da sfoggiare alle feste, mentre quelli che mi piacciono meno, al contrario dei jeans che indosso quasi ogni giorno, sono i pantaloni classici ed eleganti\u201d.<\/em><\/em><\/p>\n<p style=\"text-align:justify;\"><strong>Come vesti nella vita di tutti i giorni? <\/strong>\u201c<em>Il mio abbigliamento varia a seconda delle esigenze e delle occasioni e cerco di variarlo ! Mi piace vestirmi quasi sempre elegante e alla moda\u201d.<\/em><\/p>\n<p style=\"text-align:justify;\"><strong>Scarpe basse o tacchi? <\/strong>\u201c<em>Ovviamente solo tacco 12!\u201d.<\/em><\/p>\n<p style=\"text-align:justify;\"><strong>Pensi che un concorso online possa essere un trampolino di lancio per una fotomodella?<\/strong> \u201c<em>Spero proprio di si ! Me lo auguro!\u201d.<\/em><\/p>\n<div id=\"attachment_7285\" style=\"width: 650px\" class=\"wp-caption aligncenter\"><a href=\"https:\/\/nonsolomodanews.files.wordpress.com\/2015\/01\/image.jpg\"><img loading=\"lazy\" decoding=\"async\" aria-describedby=\"caption-attachment-7285\" class=\"size-full wp-image-7285\" src=\"https:\/\/nonsolomodanews.files.wordpress.com\/2015\/01\/image.jpg\" alt=\"Beatrice Vallin\" width=\"640\" height=\"1136\" srcset=\"https:\/\/www.nonsolomodanews.it\/wordpress\/wp-content\/uploads\/2015\/01\/image.jpg 640w, https:\/\/www.nonsolomodanews.it\/wordpress\/wp-content\/uploads\/2015\/01\/image-169x300.jpg 169w, https:\/\/www.nonsolomodanews.it\/wordpress\/wp-content\/uploads\/2015\/01\/image-577x1024.jpg 577w\" sizes=\"auto, (max-width: 640px) 100vw, 640px\" \/><\/a><p id=\"caption-attachment-7285\" class=\"wp-caption-text\">Beatrice Vallin<\/p><\/div>\n<p style=\"text-align:justify;\"><strong>In una tua fotografia di ritratto che cosa noti immediatamente? \u00a0<\/strong>\u201cI<em>mmediatamente noto lo sguardo e il sorriso\u201d.<\/em><\/p>\n<p style=\"text-align:justify;\"><strong>Quali sono le tue sensazioni quando vieni fotografata? <\/strong>\u201c<em>Quando vengo fotografata mi sento sempre a mio agio e cerco di essere pi\u00f9 spontanea e naturale possibile\u201d.<\/em><\/p>\n<p style=\"text-align:justify;\"><strong>Pensi che un buon book fotografico sia importante ai fini lavorativi? <\/strong>\u201c<em>Certo ! Credo che un book fotografico sia essenziale per presentarsi in qualsiasi agenzia\u201d.<\/em><\/p>\n<p style=\"text-align:justify;\"><strong>Quali sono i generi fotografici che preferisci? <\/strong><em>\u201cSolitamente p<em>referisco i generi fashion e glamour\u201d.<\/em><\/em><\/p>\n<div id=\"attachment_7282\" style=\"width: 870px\" class=\"wp-caption aligncenter\"><a href=\"https:\/\/nonsolomodanews.files.wordpress.com\/2015\/01\/image-3.jpg\"><img loading=\"lazy\" decoding=\"async\" aria-describedby=\"caption-attachment-7282\" class=\"size-full wp-image-7282\" src=\"https:\/\/nonsolomodanews.files.wordpress.com\/2015\/01\/image-3.jpg\" alt=\"Beatrice Vallin\" width=\"860\" height=\"572\" srcset=\"https:\/\/www.nonsolomodanews.it\/wordpress\/wp-content\/uploads\/2015\/01\/image-3.jpg 960w, https:\/\/www.nonsolomodanews.it\/wordpress\/wp-content\/uploads\/2015\/01\/image-3-300x200.jpg 300w\" sizes=\"auto, (max-width: 860px) 100vw, 860px\" \/><\/a><p id=\"caption-attachment-7282\" class=\"wp-caption-text\">Beatrice Vallin<\/p><\/div>\n<p style=\"text-align:justify;\"><strong>Hai un progetto fotografico che ti piacerebbe realizzare e perch\u00e9? <\/strong>\u201c<em>Mi piacerebbe fare delle foto in spiagge e localit\u00e0 esotiche, mi affascina l&#8217;idea di essere a contatto con la natura\u201d.<\/em><\/p>\n<p style=\"text-align:justify;\"><strong>Il 2015 \u00e8 iniziato da pochi giorni. Un pensiero per l\u2019anno che andremo a vivere e, poi, come ha trascorso le recenti festivit\u00e0 natalizie\u2019 <\/strong>\u201c<em>B\u00e8 mi auguro sia un anno ricco di sorrisi e soddisfazioni e di serenit\u00e0 per la mia famiglia e tutti i miei amici. Ho trascorso un week end a Bologna, una citt\u00e0 piena di giovani e di vita che mi piace moltissimo!\u201d.<\/em><\/p>\n<p style=\"text-align:justify;\"><strong>Grazie Beatrice.<\/strong><\/p>\n<p style=\"text-align:center;\">Le fotografie sono state fornite da Beatrice Vallin\u00a0\u2013 I credits delle fotografie appartengono ai relativi fotografi \u2013 Tutti i diritti riservati Email: nonsolomodanews@gmail.com \u2013 Pagina FB <a href=\"https:\/\/www.facebook.com\/Nonsolomodanews?ref=hl\">Nonsolomodanews<\/a><\/p>\n","protected":false},"excerpt":{"rendered":"<p>Ciao Beatrice ti vuoi presentare in poche parole? &nbsp;&ldquo;Ciao a tutti ! Sono Beatrice, ho 17 anni, sono nata a Milano ma vivo in provincia di Padova e frequento il liceo artistico, sono bionda, alta 175 cm e ho gli occhi azzurri&rdquo;. Complimenti vivissimi. Tu sei arrivata prima al concorso &lt;&lt;Mini&amp; t-shirt&gt;&gt; di Aspiranti Fotomodelle Veneto e avrai la pagina nella prossima edizione della rivista di Aspiranti Fotomodelle Italia, che sensazione ha provato quando ti hanno detto che avevi vinto? &ldquo;Quando mi hanno comunicato di aver vinto il concorso &laquo; Mini &amp; t-shirt &raquo; sono stata molta sorpresa perch&eacute; &egrave; la seconda volta che raggiungo questo piccolo traguardo!&rdquo;. Come hai conosciuto i concorsi di Giulio Romi e di Aspiranti Fotomodelle Italia? &ldquo;Giulio e Carla (Carla Levi, responsabile di Aspiranti Fotomodelle Veneto ndr) sono due persone fantastiche che ho avuto il piacere di conoscere attraverso Facebook dopo essere stata contatta da entrambi&rdquo;. Sei una persona curiosa? &ldquo;Si ! Sono eccessivamente curiosa, amo essere a conoscenza di tutto!&rdquo;. Qual &egrave; il tuo colore preferito? &ldquo;Colore preferito ?! Azzurro direi ! Come il colore dei miei occhi!&rdquo;. Qual &egrave; il tuo rapporto con la moda? &ldquo;Adoro seguire le tendenze e essere sempre aggiornata [&hellip;]<\/p>\n","protected":false},"author":1,"featured_media":0,"comment_status":"open","ping_status":"open","sticky":false,"template":"","format":"standard","meta":{"rop_custom_images_group":[],"rop_custom_messages_group":[],"rop_publish_now":"initial","rop_publish_now_accounts":[],"rop_publish_now_history":[],"rop_publish_now_status":"pending","footnotes":""},"categories":[16],"tags":[190,191,238,585,588,746,1036,1099],"class_list":["post-7279","post","type-post","status-publish","format-standard","hentry","category-articolo","tag-aspiranti-fotomodelle-italia","tag-aspiranti-fotomodelle-veneto","tag-beatrice-vallin","tag-fotografia","tag-fotomodella","tag-intervista","tag-modella","tag-nonsolomodanews"],"_links":{"self":[{"href":"https:\/\/www.nonsolomodanews.it\/wordpress\/wp-json\/wp\/v2\/posts\/7279","targetHints":{"allow":["GET"]}}],"collection":[{"href":"https:\/\/www.nonsolomodanews.it\/wordpress\/wp-json\/wp\/v2\/posts"}],"about":[{"href":"https:\/\/www.nonsolomodanews.it\/wordpress\/wp-json\/wp\/v2\/types\/post"}],"author":[{"embeddable":true,"href":"https:\/\/www.nonsolomodanews.it\/wordpress\/wp-json\/wp\/v2\/users\/1"}],"replies":[{"embeddable":true,"href":"https:\/\/www.nonsolomodanews.it\/wordpress\/wp-json\/wp\/v2\/comments?post=7279"}],"version-history":[{"count":0,"href":"https:\/\/www.nonsolomodanews.it\/wordpress\/wp-json\/wp\/v2\/posts\/7279\/revisions"}],"wp:attachment":[{"href":"https:\/\/www.nonsolomodanews.it\/wordpress\/wp-json\/wp\/v2\/media?parent=7279"}],"wp:term":[{"taxonomy":"category","embeddable":true,"href":"https:\/\/www.nonsolomodanews.it\/wordpress\/wp-json\/wp\/v2\/categories?post=7279"},{"taxonomy":"post_tag","embeddable":true,"href":"https:\/\/www.nonsolomodanews.it\/wordpress\/wp-json\/wp\/v2\/tags?post=7279"}],"curies":[{"name":"wp","href":"https:\/\/api.w.org\/{rel}","templated":true}]}}