{"id":7247,"date":"2014-12-14T23:43:08","date_gmt":"2014-12-14T23:43:08","guid":{"rendered":"http:\/\/nonsolomodanews.com\/?p=7247"},"modified":"2016-03-04T06:42:02","modified_gmt":"2016-03-04T06:42:02","slug":"nonsolomodanews-incontra-beatrice-angelini-una-giovane-fotomodella-ma-con-esperienza-alla-ricerca-di-un-progetto-che-la-sorprenda-2","status":"publish","type":"post","link":"https:\/\/www.nonsolomodanews.it\/wordpress\/nonsolomodanews-incontra-beatrice-angelini-una-giovane-fotomodella-ma-con-esperienza-alla-ricerca-di-un-progetto-che-la-sorprenda-2\/","title":{"rendered":"Beatrice Angelini, una giovane fotomodella ma con esperienza, alla ricerca di un progetto che la sorprenda"},"content":{"rendered":"\n\t\t<style>\n\t\t\t#gallery-1 {\n\t\t\t\tmargin: auto;\n\t\t\t}\n\t\t\t#gallery-1 .gallery-item {\n\t\t\t\tfloat: left;\n\t\t\t\tmargin-top: 10px;\n\t\t\t\ttext-align: center;\n\t\t\t\twidth: 33%;\n\t\t\t}\n\t\t\t#gallery-1 img {\n\t\t\t\tborder: 2px solid #cfcfcf;\n\t\t\t}\n\t\t\t#gallery-1 .gallery-caption {\n\t\t\t\tmargin-left: 0;\n\t\t\t}\n\t\t\t\/* see gallery_shortcode() in wp-includes\/media.php *\/\n\t\t<\/style>\n\t\t<div id='gallery-1' class='gallery galleryid-7247 gallery-columns-3 gallery-size-thumbnail'><dl class='gallery-item'>\n\t\t\t<dt class='gallery-icon portrait'>\n\t\t\t\t<a href='https:\/\/www.nonsolomodanews.it\/wordpress\/ph-virginia-di-mauro\/'><img loading=\"lazy\" decoding=\"async\" width=\"150\" height=\"150\" src=\"https:\/\/www.nonsolomodanews.it\/wordpress\/wp-content\/uploads\/2014\/12\/ph-virginia-di-mauro-150x150.jpg\" class=\"attachment-thumbnail size-thumbnail\" alt=\"\" aria-describedby=\"gallery-1-7244\" \/><\/a>\n\t\t\t<\/dt>\n\t\t\t\t<dd class='wp-caption-text gallery-caption' id='gallery-1-7244'>\n\t\t\t\tModel Beatrice Angelini\nPh Virginia Di Mauro\n\t\t\t\t<\/dd><\/dl><dl class='gallery-item'>\n\t\t\t<dt class='gallery-icon landscape'>\n\t\t\t\t<a href='https:\/\/www.nonsolomodanews.it\/wordpress\/ph-roberto-roto\/'><img loading=\"lazy\" decoding=\"async\" width=\"150\" height=\"150\" src=\"https:\/\/www.nonsolomodanews.it\/wordpress\/wp-content\/uploads\/2014\/12\/ph-roberto-roto-150x150.jpg\" class=\"attachment-thumbnail size-thumbnail\" alt=\"\" aria-describedby=\"gallery-1-7243\" \/><\/a>\n\t\t\t<\/dt>\n\t\t\t\t<dd class='wp-caption-text gallery-caption' id='gallery-1-7243'>\n\t\t\t\tModel Beatrice Angelini\nPh Roberto Roto\n\t\t\t\t<\/dd><\/dl><dl class='gallery-item'>\n\t\t\t<dt class='gallery-icon landscape'>\n\t\t\t\t<a href='https:\/\/www.nonsolomodanews.it\/wordpress\/ph-matteo-linguiti\/'><img loading=\"lazy\" decoding=\"async\" width=\"150\" height=\"150\" src=\"https:\/\/www.nonsolomodanews.it\/wordpress\/wp-content\/uploads\/2014\/12\/ph-matteo-linguiti-150x150.jpg\" class=\"attachment-thumbnail size-thumbnail\" alt=\"\" aria-describedby=\"gallery-1-7242\" \/><\/a>\n\t\t\t<\/dt>\n\t\t\t\t<dd class='wp-caption-text gallery-caption' id='gallery-1-7242'>\n\t\t\t\tModel Beatrice Angelini\nPh Matteo Linguiti\n\t\t\t\t<\/dd><\/dl><br style=\"clear: both\" \/><dl class='gallery-item'>\n\t\t\t<dt class='gallery-icon portrait'>\n\t\t\t\t<a href='https:\/\/www.nonsolomodanews.it\/wordpress\/ph-laurent-bernardi\/'><img loading=\"lazy\" decoding=\"async\" width=\"150\" height=\"150\" src=\"https:\/\/www.nonsolomodanews.it\/wordpress\/wp-content\/uploads\/2014\/12\/ph-laurent-bernardi-150x150.jpg\" class=\"attachment-thumbnail size-thumbnail\" alt=\"\" aria-describedby=\"gallery-1-7241\" \/><\/a>\n\t\t\t<\/dt>\n\t\t\t\t<dd class='wp-caption-text gallery-caption' id='gallery-1-7241'>\n\t\t\t\tModel Beatrice Angelini\nPh Laurent Bernardi\n\t\t\t\t<\/dd><\/dl><dl class='gallery-item'>\n\t\t\t<dt class='gallery-icon landscape'>\n\t\t\t\t<a href='https:\/\/www.nonsolomodanews.it\/wordpress\/ph-giacomo-tonucci\/'><img loading=\"lazy\" decoding=\"async\" width=\"150\" height=\"150\" src=\"https:\/\/www.nonsolomodanews.it\/wordpress\/wp-content\/uploads\/2014\/12\/ph-giacomo-tonucci-150x150.jpg\" class=\"attachment-thumbnail size-thumbnail\" alt=\"\" aria-describedby=\"gallery-1-7240\" \/><\/a>\n\t\t\t<\/dt>\n\t\t\t\t<dd class='wp-caption-text gallery-caption' id='gallery-1-7240'>\n\t\t\t\tModel Beatrice Angelini\nPh Giacomo Tonucci\n\t\t\t\t<\/dd><\/dl><dl class='gallery-item'>\n\t\t\t<dt class='gallery-icon portrait'>\n\t\t\t\t<a href='https:\/\/www.nonsolomodanews.it\/wordpress\/ph-andrea-tomas-prato\/'><img loading=\"lazy\" decoding=\"async\" width=\"150\" height=\"150\" src=\"https:\/\/www.nonsolomodanews.it\/wordpress\/wp-content\/uploads\/2014\/12\/ph-andrea-tomas-prato-150x150.jpg\" class=\"attachment-thumbnail size-thumbnail\" alt=\"\" aria-describedby=\"gallery-1-7239\" srcset=\"https:\/\/www.nonsolomodanews.it\/wordpress\/wp-content\/uploads\/2014\/12\/ph-andrea-tomas-prato-150x150.jpg 150w, https:\/\/www.nonsolomodanews.it\/wordpress\/wp-content\/uploads\/2014\/12\/ph-andrea-tomas-prato-533x530.jpg 533w\" sizes=\"auto, (max-width: 150px) 100vw, 150px\" \/><\/a>\n\t\t\t<\/dt>\n\t\t\t\t<dd class='wp-caption-text gallery-caption' id='gallery-1-7239'>\n\t\t\t\tModel Beatrice Angelini\nPh Andrea Tomas Prato\n\t\t\t\t<\/dd><\/dl><br style=\"clear: both\" \/><dl class='gallery-item'>\n\t\t\t<dt class='gallery-icon landscape'>\n\t\t\t\t<a href='https:\/\/www.nonsolomodanews.it\/wordpress\/ph-andrea-tomas-prato-bis\/'><img loading=\"lazy\" decoding=\"async\" width=\"150\" height=\"150\" src=\"https:\/\/www.nonsolomodanews.it\/wordpress\/wp-content\/uploads\/2014\/12\/ph-andrea-tomas-prato-bis-150x150.jpg\" class=\"attachment-thumbnail size-thumbnail\" alt=\"\" aria-describedby=\"gallery-1-7238\" \/><\/a>\n\t\t\t<\/dt>\n\t\t\t\t<dd class='wp-caption-text gallery-caption' id='gallery-1-7238'>\n\t\t\t\tModel Beatrice Angelini\nPh Andrea Tomas Prato\n\t\t\t\t<\/dd><\/dl><dl class='gallery-item'>\n\t\t\t<dt class='gallery-icon landscape'>\n\t\t\t\t<a href='https:\/\/www.nonsolomodanews.it\/wordpress\/ph-alessandro-omiccioli\/'><img loading=\"lazy\" decoding=\"async\" width=\"150\" height=\"150\" src=\"https:\/\/www.nonsolomodanews.it\/wordpress\/wp-content\/uploads\/2014\/12\/ph-alessandro-omiccioli-150x150.jpg\" class=\"attachment-thumbnail size-thumbnail\" alt=\"\" aria-describedby=\"gallery-1-7237\" \/><\/a>\n\t\t\t<\/dt>\n\t\t\t\t<dd class='wp-caption-text gallery-caption' id='gallery-1-7237'>\n\t\t\t\tModel Beatrice Angelini\nPh Alessandro Omiccioli\n\t\t\t\t<\/dd><\/dl>\n\t\t\t<br style='clear: both' \/>\n\t\t<\/div>\n\n<p><span style=\"color: #000000;\"><strong>Nonsolomodanews<\/strong> incontro la fotomodelle <strong>Beatrice Angelini<\/strong>. Nata ad Urbino il 4 marzo 1995, vive tra Sestino (AR) e Rimini (RN). Studia lingue poi arte alla scuola superiore. Intraprende la sua carriera di modella e fotomodella per gioco, cominciando con qualche sfilata in collaborazione con Podrini Hair di Sant&#8217;Angelo in Vado per poi passare alla fotografia. Al suo attivo ha prestigiose collaborazioni con fotografi italiani e stranieri. Abbiamo avuto il piacere di conoscere personalmente Beatrice alcuni mesi fa quando venne a Bologna per una sessione fotografica di glamour presso un noto hotel. Ringraziamo Beatrice per averci concesso questa intervista che ci ha permesso di conoscerla meglio e auguriamo ai nostri lettori buona lettura e buona visione delle belle fotografie pubblicate.<\/span><\/p>\n<div id=\"attachment_7244\" style=\"width: 870px\" class=\"wp-caption alignright\"><a href=\"https:\/\/nonsolomodanews.files.wordpress.com\/2014\/12\/ph-virginia-di-mauro.jpg\"><img loading=\"lazy\" decoding=\"async\" aria-describedby=\"caption-attachment-7244\" class=\"size-full wp-image-7244\" src=\"https:\/\/nonsolomodanews.files.wordpress.com\/2014\/12\/ph-virginia-di-mauro.jpg\" alt=\"Model Beatrice Angelini Ph Virginia Di Mauro\" width=\"860\" height=\"1293\" srcset=\"https:\/\/www.nonsolomodanews.it\/wordpress\/wp-content\/uploads\/2014\/12\/ph-virginia-di-mauro.jpg 4088w, https:\/\/www.nonsolomodanews.it\/wordpress\/wp-content\/uploads\/2014\/12\/ph-virginia-di-mauro-200x300.jpg 200w, https:\/\/www.nonsolomodanews.it\/wordpress\/wp-content\/uploads\/2014\/12\/ph-virginia-di-mauro-681x1024.jpg 681w, https:\/\/www.nonsolomodanews.it\/wordpress\/wp-content\/uploads\/2014\/12\/ph-virginia-di-mauro-1080x1623.jpg 1080w\" sizes=\"auto, (max-width: 860px) 100vw, 860px\" \/><\/a><p id=\"caption-attachment-7244\" class=\"wp-caption-text\">Model Beatrice Angelini<br \/>Ph Virginia Di Mauro<\/p><\/div>\n<p style=\"text-align: justify;\"><span style=\"color: #000000;\"><strong>Ciao Beatrice, tu sei una giovanissima modella. Molto fine e minuta. Ci racconti chi \u00e8 Beatrice nella vita di tutti i giorni?<\/strong><em> &#8220;Solitaria, amante della lettura, degli animali, dell\u2019inverno e del silenzio&#8221;.<\/em><\/span><\/p>\n<p style=\"text-align: justify;\"><span style=\"color: #000000;\"><strong>Tu hai studiato lingue e poi arte alla scuola superiore. Questi studi ti hanno semplificato la scelta di quello che avresti voluto fare e se si, in quale modo?<\/strong><em> &#8220;Premettendo che non sono certa che sia in nostro potere dirigerci verso la direzione che desideriamo,\u00a0 sicuramente l\u2019Istituto d\u2019Arte mi ha permesso di coltivare la sensibilit\u00e0 nei confronti dell\u2019esteriore come veicolo, finestra sull\u2019interiore e il linguistico mi ha aiutata a non ostacolare la mia curiosit\u00e0 implacabile&#8221;.<\/em><\/span><\/p>\n<p style=\"text-align: justify;\"><span style=\"color: #000000;\"><strong>La Beatrice modella e la Beatrice Angelini sono due persone distinte e separate oppure c&#8217;\u00e8 del vero quando posi?<\/strong><em> &#8220;Ci sono caratteri imprescindibili della mia personalit\u00e0 che credo emergano in ciascuno scatto. Bea \u00e8 sempre Bea. Il lupo rimane lupo anche vestito del vello di un agnello. Non pu\u00f2 ingannare l\u2019occhio vigile&#8221;.<\/em><\/span><\/p>\n<p style=\"text-align: justify;\"><span style=\"color: #000000;\"><strong>Tu hai iniziato a posare per gioco. Poi che cosa \u00e8 successo?<\/strong><em> &#8220;Ho assecondato la mia natura infantile e ho deciso di non smettere di giocare&#8221;.<\/em><\/span><\/p>\n<div id=\"attachment_7240\" style=\"width: 870px\" class=\"wp-caption alignright\"><a href=\"https:\/\/nonsolomodanews.files.wordpress.com\/2014\/12\/ph-giacomo-tonucci.jpg\"><img loading=\"lazy\" decoding=\"async\" aria-describedby=\"caption-attachment-7240\" class=\"size-full wp-image-7240\" src=\"https:\/\/nonsolomodanews.files.wordpress.com\/2014\/12\/ph-giacomo-tonucci.jpg\" alt=\"Model Beatrice Angelini Ph Giacomo Tonucci\" width=\"860\" height=\"574\" srcset=\"https:\/\/www.nonsolomodanews.it\/wordpress\/wp-content\/uploads\/2014\/12\/ph-giacomo-tonucci.jpg 1600w, https:\/\/www.nonsolomodanews.it\/wordpress\/wp-content\/uploads\/2014\/12\/ph-giacomo-tonucci-300x200.jpg 300w, https:\/\/www.nonsolomodanews.it\/wordpress\/wp-content\/uploads\/2014\/12\/ph-giacomo-tonucci-1024x683.jpg 1024w, https:\/\/www.nonsolomodanews.it\/wordpress\/wp-content\/uploads\/2014\/12\/ph-giacomo-tonucci-1080x720.jpg 1080w\" sizes=\"auto, (max-width: 860px) 100vw, 860px\" \/><\/a><p id=\"caption-attachment-7240\" class=\"wp-caption-text\">Model Beatrice Angelini<br \/>Ph Giacomo Tonucci<\/p><\/div>\n<p style=\"text-align: justify;\"><span style=\"color: #000000;\"><strong>Venendo subito alla fotografia. Come scegli le collaborazioni?<\/strong><em> &#8220;Tendenzialmente sono i fotografi a trovare me. Ne valuto proposta, professionalit\u00e0, intenzionalit\u00e0 e analizzo il lavoro in base ai miei gusti estetici. Se il lavoro passato dell\u2019artista mi attrae, anche io mi faccio avanti contattando l\u2019interessato. Fondamentalmente, non dimentico mai che sto perseguendo un obiettivo: partecipare alla bellezza&#8221;.<\/em><\/span><\/p>\n<p style=\"text-align: justify;\"><span style=\"color: #000000;\"><strong>Nella scelta dei fotografi, quali sono gli aspetti che vedi immediatamente prima di decidere?<\/strong><em> &#8220;Professionalit\u00e0, carattere, sensibilit\u00e0, chiarezza, intesa. E poi quella scintilla nel guardare il suo lavoro&#8221;.<\/em><\/span><\/p>\n<p style=\"text-align: justify;\"><span style=\"color: #000000;\"><strong>Ti piace essere coinvolta nella progettazione? Decisamente si. Dobbiamo raccontarci entrambi, dato che parliamo prevalentemente di progetti personali. A volte \u00e8 bello essere il tramite, a volte \u00e8 bello disegnare insieme<\/strong><em>&#8220;.<\/em><\/span><\/p>\n<p style=\"text-align: justify;\"><span style=\"color: #000000;\"><strong>Progetti\u00a0 che hai fatto e ai quali ci tieni molto?<\/strong><em> &#8220;Ogni progetto \u00e8 un incontro e tengo a tutti tanto, che siano stati positivi o negativi&#8221;.<\/em><\/span><\/p>\n<div id=\"attachment_7237\" style=\"width: 870px\" class=\"wp-caption alignright\"><a href=\"https:\/\/nonsolomodanews.files.wordpress.com\/2014\/12\/ph-alessandro-omiccioli.jpg\"><img loading=\"lazy\" decoding=\"async\" aria-describedby=\"caption-attachment-7237\" class=\"size-full wp-image-7237\" src=\"https:\/\/nonsolomodanews.files.wordpress.com\/2014\/12\/ph-alessandro-omiccioli.jpg\" alt=\"Model Beatrice Angelini Ph Alessandro Omiccioli\" width=\"860\" height=\"574\" srcset=\"https:\/\/www.nonsolomodanews.it\/wordpress\/wp-content\/uploads\/2014\/12\/ph-alessandro-omiccioli.jpg 1920w, https:\/\/www.nonsolomodanews.it\/wordpress\/wp-content\/uploads\/2014\/12\/ph-alessandro-omiccioli-300x200.jpg 300w, https:\/\/www.nonsolomodanews.it\/wordpress\/wp-content\/uploads\/2014\/12\/ph-alessandro-omiccioli-1024x683.jpg 1024w, https:\/\/www.nonsolomodanews.it\/wordpress\/wp-content\/uploads\/2014\/12\/ph-alessandro-omiccioli-1080x721.jpg 1080w\" sizes=\"auto, (max-width: 860px) 100vw, 860px\" \/><\/a><p id=\"caption-attachment-7237\" class=\"wp-caption-text\">Model Beatrice Angelini<br \/>Ph Alessandro Omiccioli<\/p><\/div>\n<p style=\"text-align: justify;\"><span style=\"color: #000000;\"><strong>Che cosa ti piacerebbe che ti venisse proposto come progetto futuro?<\/strong><em> &#8220;Qualcosa che mi sorprenda&#8221;.<\/em><\/span><\/p>\n<p style=\"text-align: justify;\"><span style=\"color: #000000;\"><strong>Hai fatto collaborazioni internazionali?<\/strong><em> &#8220;S\u00ec, \u00e8 capitato diverse volte. L\u2019ultimo \u00e8 uno spot destinato ad un brand di lingerie venezuelano&#8221;<\/em><\/span><\/p>\n<p style=\"text-align: justify;\"><span style=\"color: #000000;\"><strong>Quali sono i generi che pi\u00f9 ritieni tuoi?<\/strong><em> &#8220;Quelli sinceri&#8221;.<\/em><\/span><\/p>\n<p style=\"text-align: justify;\"><span style=\"color: #000000;\"><strong>Aneddoto carino da raccontare ai nostri lettori?<\/strong><em> &#8220;Immaginatevi me, serissima e un po\u2019 tesa per il tanto bramato incontro con Corrado Dalc\u00f2 (famoso fotografo di base a Londra), seduta accanto a lui sul suo bel divano rosso fuoco, in studio. Lui, rilassato, mi parla dei suoi fichissimi progetti. Io noto che accanto a me si trova un grosso ratto formato peluche. Io adoro i ratti e adoro i peluches. Cos\u00ec, mentre lui parla di cose serie, penso bene di afferrare il topo in sovrappeso. Un rutto gigante interrompe le parole del fotografo. Il peluche aveva un dispositivo per cui al tatto partiva un fragoroso saluto. Prosit&#8221;.<\/em><\/span><\/p>\n<div id=\"attachment_7241\" style=\"width: 870px\" class=\"wp-caption alignright\"><a href=\"https:\/\/nonsolomodanews.files.wordpress.com\/2014\/12\/ph-laurent-bernardi.jpg\"><img loading=\"lazy\" decoding=\"async\" aria-describedby=\"caption-attachment-7241\" class=\"size-full wp-image-7241\" src=\"https:\/\/nonsolomodanews.files.wordpress.com\/2014\/12\/ph-laurent-bernardi.jpg\" alt=\"Model Beatrice Angelini Ph Laurent Bernardi\" width=\"860\" height=\"1290\" srcset=\"https:\/\/www.nonsolomodanews.it\/wordpress\/wp-content\/uploads\/2014\/12\/ph-laurent-bernardi.jpg 3456w, https:\/\/www.nonsolomodanews.it\/wordpress\/wp-content\/uploads\/2014\/12\/ph-laurent-bernardi-200x300.jpg 200w, https:\/\/www.nonsolomodanews.it\/wordpress\/wp-content\/uploads\/2014\/12\/ph-laurent-bernardi-683x1024.jpg 683w, https:\/\/www.nonsolomodanews.it\/wordpress\/wp-content\/uploads\/2014\/12\/ph-laurent-bernardi-1080x1620.jpg 1080w\" sizes=\"auto, (max-width: 860px) 100vw, 860px\" \/><\/a><p id=\"caption-attachment-7241\" class=\"wp-caption-text\">Model Beatrice Angelini<br \/>Ph Laurent Bernardi<\/p><\/div>\n<p style=\"text-align: justify;\"><span style=\"color: #000000;\"><strong>Prossimi lavori in cantiere se ce ne volessi dare una piccola anticipazione?<\/strong><em> &#8220;Dir\u00f2 solo che sar\u00e0 prezioso e sfacciato&#8221;.<\/em><\/span><\/p>\n<p style=\"text-align: justify;\"><span style=\"color: #000000;\"><strong>Grazie Beatrice.<\/strong><\/span><\/p>\n<p style=\"text-align: center;\">Le fotografie sono state fornite da Beatrice Angelini &#8211; I credits delle fotografie appartengono ai relativi fotografi \u2013 Tutti i diritti riservati Email: nonsolomodanews@gmail.com \u2013 Pagina FB <a href=\"https:\/\/www.facebook.com\/Nonsolomodanews?ref=hl\">Nonsolomodanews<\/a><\/p>\n","protected":false},"excerpt":{"rendered":"<p>Nonsolomodanews incontro la fotomodelle Beatrice Angelini. Nata ad Urbino il 4 marzo 1995, vive tra Sestino (AR) e Rimini (RN). Studia lingue poi arte alla scuola superiore. Intraprende la sua carriera di modella e fotomodella per gioco, cominciando con qualche sfilata in collaborazione con Podrini Hair di Sant&rsquo;Angelo in Vado per poi passare alla fotografia. Al suo attivo ha prestigiose collaborazioni con fotografi italiani e stranieri. Abbiamo avuto il piacere di conoscere personalmente Beatrice alcuni mesi fa quando venne a Bologna per una sessione fotografica di glamour presso un noto hotel. Ringraziamo Beatrice per averci concesso questa intervista che ci ha permesso di conoscerla meglio e auguriamo ai nostri lettori buona lettura e buona visione delle belle fotografie pubblicate. Ciao Beatrice, tu sei una giovanissima modella. Molto fine e minuta. Ci racconti chi &egrave; Beatrice nella vita di tutti i giorni? &ldquo;Solitaria, amante della lettura, degli animali, dell&rsquo;inverno e del silenzio&rdquo;. Tu hai studiato lingue e poi arte alla scuola superiore. Questi studi ti hanno semplificato la scelta di quello che avresti voluto fare e se si, in quale modo? &ldquo;Premettendo che non sono certa che sia in nostro potere dirigerci verso la direzione che desideriamo,&nbsp; sicuramente l&rsquo;Istituto d&rsquo;Arte mi [&hellip;]<\/p>\n","protected":false},"author":1,"featured_media":0,"comment_status":"open","ping_status":"open","sticky":false,"template":"","format":"standard","meta":{"rop_custom_images_group":[],"rop_custom_messages_group":[],"rop_publish_now":"initial","rop_publish_now_accounts":[],"rop_publish_now_history":[],"rop_publish_now_status":"pending","footnotes":""},"categories":[16],"tags":[234,585,588,746,1036,1099],"class_list":["post-7247","post","type-post","status-publish","format-standard","hentry","category-articolo","tag-beatrice-angelini","tag-fotografia","tag-fotomodella","tag-intervista","tag-modella","tag-nonsolomodanews"],"_links":{"self":[{"href":"https:\/\/www.nonsolomodanews.it\/wordpress\/wp-json\/wp\/v2\/posts\/7247","targetHints":{"allow":["GET"]}}],"collection":[{"href":"https:\/\/www.nonsolomodanews.it\/wordpress\/wp-json\/wp\/v2\/posts"}],"about":[{"href":"https:\/\/www.nonsolomodanews.it\/wordpress\/wp-json\/wp\/v2\/types\/post"}],"author":[{"embeddable":true,"href":"https:\/\/www.nonsolomodanews.it\/wordpress\/wp-json\/wp\/v2\/users\/1"}],"replies":[{"embeddable":true,"href":"https:\/\/www.nonsolomodanews.it\/wordpress\/wp-json\/wp\/v2\/comments?post=7247"}],"version-history":[{"count":2,"href":"https:\/\/www.nonsolomodanews.it\/wordpress\/wp-json\/wp\/v2\/posts\/7247\/revisions"}],"predecessor-version":[{"id":14181,"href":"https:\/\/www.nonsolomodanews.it\/wordpress\/wp-json\/wp\/v2\/posts\/7247\/revisions\/14181"}],"wp:attachment":[{"href":"https:\/\/www.nonsolomodanews.it\/wordpress\/wp-json\/wp\/v2\/media?parent=7247"}],"wp:term":[{"taxonomy":"category","embeddable":true,"href":"https:\/\/www.nonsolomodanews.it\/wordpress\/wp-json\/wp\/v2\/categories?post=7247"},{"taxonomy":"post_tag","embeddable":true,"href":"https:\/\/www.nonsolomodanews.it\/wordpress\/wp-json\/wp\/v2\/tags?post=7247"}],"curies":[{"name":"wp","href":"https:\/\/api.w.org\/{rel}","templated":true}]}}