{"id":7219,"date":"2014-12-11T18:37:38","date_gmt":"2014-12-11T18:37:38","guid":{"rendered":"http:\/\/nonsolomodanews.com\/?p=7219"},"modified":"2014-12-11T18:37:38","modified_gmt":"2014-12-11T18:37:38","slug":"alice-moreschini-una-giovane-fotomodella-di-origini-marchigiane-con-il-fashion-design-nel-sangue-e-laspirazione-di-apparire-sulla-copertina-di-un-famoso-magazine-incontra-nonsolomodanews-2","status":"publish","type":"post","link":"https:\/\/www.nonsolomodanews.it\/wordpress\/alice-moreschini-una-giovane-fotomodella-di-origini-marchigiane-con-il-fashion-design-nel-sangue-e-laspirazione-di-apparire-sulla-copertina-di-un-famoso-magazine-incontra-nonsolomodanews-2\/","title":{"rendered":"Alice Moreschini, una giovane fotomodella di origini marchigiane con il fashion design nel sangue e l&#039;aspirazione di apparire sulla copertina di un famoso magazine, incontra Nonsolomodanews"},"content":{"rendered":"\n\t\t<style>\n\t\t\t#gallery-1 {\n\t\t\t\tmargin: auto;\n\t\t\t}\n\t\t\t#gallery-1 .gallery-item {\n\t\t\t\tfloat: left;\n\t\t\t\tmargin-top: 10px;\n\t\t\t\ttext-align: center;\n\t\t\t\twidth: 33%;\n\t\t\t}\n\t\t\t#gallery-1 img {\n\t\t\t\tborder: 2px solid #cfcfcf;\n\t\t\t}\n\t\t\t#gallery-1 .gallery-caption {\n\t\t\t\tmargin-left: 0;\n\t\t\t}\n\t\t\t\/* see gallery_shortcode() in wp-includes\/media.php *\/\n\t\t<\/style>\n\t\t<div id='gallery-1' class='gallery galleryid-7219 gallery-columns-3 gallery-size-thumbnail'><dl class='gallery-item'>\n\t\t\t<dt class='gallery-icon landscape'>\n\t\t\t\t<a href='https:\/\/www.nonsolomodanews.it\/wordpress\/fcwey68\/'><img loading=\"lazy\" decoding=\"async\" width=\"150\" height=\"150\" src=\"https:\/\/www.nonsolomodanews.it\/wordpress\/wp-content\/uploads\/2014\/12\/fcwey68-150x150.jpg\" class=\"attachment-thumbnail size-thumbnail\" alt=\"\" aria-describedby=\"gallery-1-7214\" \/><\/a>\n\t\t\t<\/dt>\n\t\t\t\t<dd class='wp-caption-text gallery-caption' id='gallery-1-7214'>\n\t\t\t\tAlice Moreschini\n\t\t\t\t<\/dd><\/dl><dl class='gallery-item'>\n\t\t\t<dt class='gallery-icon portrait'>\n\t\t\t\t<a href='https:\/\/www.nonsolomodanews.it\/wordpress\/10695360_10204657091338061_747859041_n\/'><img loading=\"lazy\" decoding=\"async\" width=\"150\" height=\"150\" src=\"https:\/\/www.nonsolomodanews.it\/wordpress\/wp-content\/uploads\/2014\/12\/10695360_10204657091338061_747859041_n-150x150.jpg\" class=\"attachment-thumbnail size-thumbnail\" alt=\"\" aria-describedby=\"gallery-1-7213\" \/><\/a>\n\t\t\t<\/dt>\n\t\t\t\t<dd class='wp-caption-text gallery-caption' id='gallery-1-7213'>\n\t\t\t\tAlice Moreschini\n\t\t\t\t<\/dd><\/dl><dl class='gallery-item'>\n\t\t\t<dt class='gallery-icon portrait'>\n\t\t\t\t<a href='https:\/\/www.nonsolomodanews.it\/wordpress\/1743669_667803443287375_1784145163_n-1\/'><img loading=\"lazy\" decoding=\"async\" width=\"150\" height=\"150\" src=\"https:\/\/www.nonsolomodanews.it\/wordpress\/wp-content\/uploads\/2014\/12\/1743669_667803443287375_1784145163_n-1-150x150.jpg\" class=\"attachment-thumbnail size-thumbnail\" alt=\"\" aria-describedby=\"gallery-1-7212\" \/><\/a>\n\t\t\t<\/dt>\n\t\t\t\t<dd class='wp-caption-text gallery-caption' id='gallery-1-7212'>\n\t\t\t\tAlice Moreschini\n\t\t\t\t<\/dd><\/dl><br style=\"clear: both\" \/><dl class='gallery-item'>\n\t\t\t<dt class='gallery-icon portrait'>\n\t\t\t\t<a href='https:\/\/www.nonsolomodanews.it\/wordpress\/1489154_667790146622038_1447781256_n\/'><img loading=\"lazy\" decoding=\"async\" width=\"150\" height=\"150\" src=\"https:\/\/www.nonsolomodanews.it\/wordpress\/wp-content\/uploads\/2014\/12\/1489154_667790146622038_1447781256_n-150x150.jpg\" class=\"attachment-thumbnail size-thumbnail\" alt=\"\" aria-describedby=\"gallery-1-7211\" \/><\/a>\n\t\t\t<\/dt>\n\t\t\t\t<dd class='wp-caption-text gallery-caption' id='gallery-1-7211'>\n\t\t\t\tAlice Moreschini\n\t\t\t\t<\/dd><\/dl><dl class='gallery-item'>\n\t\t\t<dt class='gallery-icon landscape'>\n\t\t\t\t<a href='https:\/\/www.nonsolomodanews.it\/wordpress\/62_img5273\/'><img loading=\"lazy\" decoding=\"async\" width=\"150\" height=\"150\" src=\"https:\/\/www.nonsolomodanews.it\/wordpress\/wp-content\/uploads\/2014\/12\/62_img5273-150x150.jpg\" class=\"attachment-thumbnail size-thumbnail\" alt=\"\" aria-describedby=\"gallery-1-7210\" \/><\/a>\n\t\t\t<\/dt>\n\t\t\t\t<dd class='wp-caption-text gallery-caption' id='gallery-1-7210'>\n\t\t\t\tAlice Moreschini\n\t\t\t\t<\/dd><\/dl><dl class='gallery-item'>\n\t\t\t<dt class='gallery-icon landscape'>\n\t\t\t\t<a href='https:\/\/www.nonsolomodanews.it\/wordpress\/11-8\/'><img loading=\"lazy\" decoding=\"async\" width=\"150\" height=\"150\" src=\"https:\/\/www.nonsolomodanews.it\/wordpress\/wp-content\/uploads\/2014\/12\/11-150x150.jpg\" class=\"attachment-thumbnail size-thumbnail\" alt=\"\" aria-describedby=\"gallery-1-7209\" \/><\/a>\n\t\t\t<\/dt>\n\t\t\t\t<dd class='wp-caption-text gallery-caption' id='gallery-1-7209'>\n\t\t\t\tAlice Moreschini\n\t\t\t\t<\/dd><\/dl><br style=\"clear: both\" \/><dl class='gallery-item'>\n\t\t\t<dt class='gallery-icon portrait'>\n\t\t\t\t<a href='https:\/\/www.nonsolomodanews.it\/wordpress\/8-11\/'><img loading=\"lazy\" decoding=\"async\" width=\"150\" height=\"150\" src=\"https:\/\/www.nonsolomodanews.it\/wordpress\/wp-content\/uploads\/2014\/12\/8-150x150.jpg\" class=\"attachment-thumbnail size-thumbnail\" alt=\"\" aria-describedby=\"gallery-1-7208\" srcset=\"https:\/\/www.nonsolomodanews.it\/wordpress\/wp-content\/uploads\/2014\/12\/8-150x150.jpg 150w, https:\/\/www.nonsolomodanews.it\/wordpress\/wp-content\/uploads\/2014\/12\/8-533x530.jpg 533w\" sizes=\"auto, (max-width: 150px) 100vw, 150px\" \/><\/a>\n\t\t\t<\/dt>\n\t\t\t\t<dd class='wp-caption-text gallery-caption' id='gallery-1-7208'>\n\t\t\t\tAlice Moreschini\n\t\t\t\t<\/dd><\/dl><dl class='gallery-item'>\n\t\t\t<dt class='gallery-icon landscape'>\n\t\t\t\t<a href='https:\/\/www.nonsolomodanews.it\/wordpress\/5-14\/'><img loading=\"lazy\" decoding=\"async\" width=\"150\" height=\"150\" src=\"https:\/\/www.nonsolomodanews.it\/wordpress\/wp-content\/uploads\/2014\/12\/5-150x150.jpg\" class=\"attachment-thumbnail size-thumbnail\" alt=\"\" aria-describedby=\"gallery-1-7207\" \/><\/a>\n\t\t\t<\/dt>\n\t\t\t\t<dd class='wp-caption-text gallery-caption' id='gallery-1-7207'>\n\t\t\t\tAlice Moreschini\n\t\t\t\t<\/dd><\/dl><dl class='gallery-item'>\n\t\t\t<dt class='gallery-icon portrait'>\n\t\t\t\t<a href='https:\/\/www.nonsolomodanews.it\/wordpress\/4-16\/'><img loading=\"lazy\" decoding=\"async\" width=\"150\" height=\"150\" src=\"https:\/\/www.nonsolomodanews.it\/wordpress\/wp-content\/uploads\/2014\/12\/4-150x150.jpg\" class=\"attachment-thumbnail size-thumbnail\" alt=\"\" aria-describedby=\"gallery-1-7206\" \/><\/a>\n\t\t\t<\/dt>\n\t\t\t\t<dd class='wp-caption-text gallery-caption' id='gallery-1-7206'>\n\t\t\t\tAlice Moreschini\n\t\t\t\t<\/dd><\/dl><br style=\"clear: both\" \/><dl class='gallery-item'>\n\t\t\t<dt class='gallery-icon landscape'>\n\t\t\t\t<a href='https:\/\/www.nonsolomodanews.it\/wordpress\/2-19\/'><img loading=\"lazy\" decoding=\"async\" width=\"150\" height=\"150\" src=\"https:\/\/www.nonsolomodanews.it\/wordpress\/wp-content\/uploads\/2014\/12\/2-150x150.jpg\" class=\"attachment-thumbnail size-thumbnail\" alt=\"\" aria-describedby=\"gallery-1-7205\" \/><\/a>\n\t\t\t<\/dt>\n\t\t\t\t<dd class='wp-caption-text gallery-caption' id='gallery-1-7205'>\n\t\t\t\tAlice Moreschini\n\t\t\t\t<\/dd><\/dl><dl class='gallery-item'>\n\t\t\t<dt class='gallery-icon portrait'>\n\t\t\t\t<a href='https:\/\/www.nonsolomodanews.it\/wordpress\/1-16\/'><img loading=\"lazy\" decoding=\"async\" width=\"150\" height=\"150\" src=\"https:\/\/www.nonsolomodanews.it\/wordpress\/wp-content\/uploads\/2014\/12\/1-150x150.jpg\" class=\"attachment-thumbnail size-thumbnail\" alt=\"\" aria-describedby=\"gallery-1-7204\" srcset=\"https:\/\/www.nonsolomodanews.it\/wordpress\/wp-content\/uploads\/2014\/12\/1-150x150.jpg 150w, https:\/\/www.nonsolomodanews.it\/wordpress\/wp-content\/uploads\/2014\/12\/1-533x530.jpg 533w\" sizes=\"auto, (max-width: 150px) 100vw, 150px\" \/><\/a>\n\t\t\t<\/dt>\n\t\t\t\t<dd class='wp-caption-text gallery-caption' id='gallery-1-7204'>\n\t\t\t\tAlice Moreschini\n\t\t\t\t<\/dd><\/dl>\n\t\t\t<br style='clear: both' \/>\n\t\t<\/div>\n\n<p style=\"text-align:justify;\"><strong>Nonsolomodanews <\/strong>incontra<strong> Alice Moreschini<\/strong>, una giovane fotomodella di origini marchigiane con il fashion design nel sangue e l&#8217;aspirazione di apparire sulla copertina di un famoso magazine. Alice \u00e8 una pianificatrice, non fa mai nulla d&#8217;impulso ma dice le cose direttamente e senza diplomazia e questo la rende non sempre simpatica. Studia Fashon Design in un&#8217;academia di Belle Arti. Alice \u00e8 una ragazza che ha le giornate pienissime e se dipendesse da lei sarebbero ancora pi\u00f9 piene.\u00a0Ringraziamo Alice per la sua intervista e auguriamo ai lettori di <strong>Nonsbolomodanews<\/strong> buona lettura.<\/p>\n<div id=\"attachment_7204\" style=\"width: 543px\" class=\"wp-caption alignright\"><a href=\"https:\/\/nonsolomodanews.files.wordpress.com\/2014\/12\/1.jpg\"><img loading=\"lazy\" decoding=\"async\" aria-describedby=\"caption-attachment-7204\" class=\"size-full wp-image-7204\" src=\"https:\/\/nonsolomodanews.files.wordpress.com\/2014\/12\/1.jpg\" alt=\"Alice Moreschini\" width=\"533\" height=\"800\" srcset=\"https:\/\/www.nonsolomodanews.it\/wordpress\/wp-content\/uploads\/2014\/12\/1.jpg 533w, https:\/\/www.nonsolomodanews.it\/wordpress\/wp-content\/uploads\/2014\/12\/1-200x300.jpg 200w\" sizes=\"auto, (max-width: 533px) 100vw, 533px\" \/><\/a><p id=\"caption-attachment-7204\" class=\"wp-caption-text\">Alice Moreschini<\/p><\/div>\n<p style=\"text-align:justify;\"><strong>Ciao ti vuoi presentare?<\/strong> <em>\u201cSono Alice Moreschini, sono nata 21 anni fa a Fermo, nelle Marche. Fisicamente? Sono alta <span style=\"color:#000000;\">1.70m, ho lunghi capelli scuri, occhi grandi e gambe lunghe!\u201d.<\/span><\/em><\/p>\n<p style=\"text-align:justify;\"><span style=\"color:#000000;\"><strong>Benvenuta su Nonsolomodanews. <\/strong>\u201c<em>Buongiorno a tutti i lettori e un grazie alla redazione per avermi ospitata\u201d.<\/em><\/span><\/p>\n<p style=\"text-align:justify;\"><span style=\"color:#000000;\"><strong>Sei una persona curiosa?<\/strong> <em>\u201cMoltissimo. Mi piace conoscere un po\u2019 di ogni cosa\u201d.<\/em><\/span><\/p>\n<p style=\"text-align:justify;\"><span style=\"color:#000000;\"><strong>Come sei di carattere? <\/strong><em>\u201cSono molto ironica ed autoironica, ma non tutti colgono il mio humor inglese. Inoltre sono estremamente sincera, cosa che mi crea non poche difficolt\u00e0. In compenso vado molto d\u2019accordo con chi ha un carattere simile al mio. Rimugino parecchio sulle cose e difficilmente agisco d\u2019impulso, sono una pianificatrice. Per\u00f2 sono molto determinata e alla lunga raggiungo tutti gli obiettivi che mi pongo\u201d.<\/em><\/span><\/p>\n<p style=\"text-align:justify;\"><span style=\"color:#000000;\"><strong>Studi o lavori? E se studi, che cosa studi? <\/strong><em>\u201cStudio e lavoro, non mi privo di nulla! Sono articolista di moda e fotomodella. Frequento l\u2019ultimo anno del corso di Fashion Design in un\u2019Accademia di Belle Arti. Se potessi farei anche dell\u2019altro, mi piace avere una vita piena\u201d.<\/em><\/span><\/p>\n<p style=\"text-align:justify;\"><span style=\"color:#000000;\"><strong>Quali sono i tuoi hobby?<\/strong> <em>\u201cMi piace scrivere, leggere, disegnare. Le mie ultime due passioni sono il cucito e la palestra\u201d.<\/em><\/span><\/p>\n<p style=\"text-align:justify;\"><span style=\"color:#000000;\"><strong>Qual \u00e8 il tuo colore preferito? <\/strong><em>\u201cL\u2019acquamarina e tutte le tonalit\u00e0 iridescenti\u201d.<\/em><\/span><\/p>\n<p style=\"text-align:justify;\"><span style=\"color:#000000;\"><strong>Quale musica ti piace? <\/strong><em>\u201cNon ho un genere preferito. Quando mi alleno metto in loop la prima playlist che mi capita, quando scrivo ascolto solo Caparezza, di cui stimo i testi intelligenti\u201d.<\/em><\/span><\/p>\n<p style=\"text-align:justify;\"><span style=\"color:#000000;\"><strong>In una tua fotografia di ritratto che cosa noti immediatamente? <\/strong><em>\u201cGli occhi, che di norma in un ritratto rappresentano il fulcro della composizione e alla cui espressivit\u00e0 si affida la buona riuscita dello scatto. In un mezzobusto invece guardo subito le mani, \u00e8 importante imparare a gestirle perch\u00e9 individuano subito una modella esperta da una improvvisata. Una volta ho conosciuto una modella che ho indovinato essere una ballerina da un solo movimento di una mano\u201d.<\/em><\/span><\/p>\n<p style=\"text-align:justify;\"><span style=\"color:#000000;\"><strong>Quali sono le tue sensazioni quando vieni fotografata? <\/strong><em>\u201cTranquillit\u00e0. So che \u00e8 un po\u2019 originale come risposta, ma quando poso mi rilasso e mi diverto. Prima di scattare invece sono carica come una molla, immagino ogni particolare e non vedo l\u2019ora di mettermi all\u2019opera\u201d.<\/em><\/span><\/p>\n<div id=\"attachment_7205\" style=\"width: 870px\" class=\"wp-caption alignright\"><a href=\"https:\/\/nonsolomodanews.files.wordpress.com\/2014\/12\/2.jpg\"><img loading=\"lazy\" decoding=\"async\" aria-describedby=\"caption-attachment-7205\" class=\"size-full wp-image-7205\" src=\"https:\/\/nonsolomodanews.files.wordpress.com\/2014\/12\/2.jpg\" alt=\"Alice Moreschini\" width=\"860\" height=\"573\" srcset=\"https:\/\/www.nonsolomodanews.it\/wordpress\/wp-content\/uploads\/2014\/12\/2.jpg 3840w, https:\/\/www.nonsolomodanews.it\/wordpress\/wp-content\/uploads\/2014\/12\/2-300x200.jpg 300w, https:\/\/www.nonsolomodanews.it\/wordpress\/wp-content\/uploads\/2014\/12\/2-1024x683.jpg 1024w, https:\/\/www.nonsolomodanews.it\/wordpress\/wp-content\/uploads\/2014\/12\/2-1080x720.jpg 1080w\" sizes=\"auto, (max-width: 860px) 100vw, 860px\" \/><\/a><p id=\"caption-attachment-7205\" class=\"wp-caption-text\">Alice Moreschini<\/p><\/div>\n<p style=\"text-align:justify;\"><span style=\"color:#000000;\"><strong>Quali sono i generi fotografici che preferisci?<\/strong> <em>\u201cSto cercando di specializzarmi sul fashion, che \u00e8 il genere che preferisco e che a mio parere mi riesce meglio. Non solo perch\u00e9 adoro gli abiti, ma soprattutto perch\u00e9 vado a ricercare quelle pose plastiche che negli altri generi spesso stonano\u201d.<\/em><\/span><\/p>\n<p style=\"text-align:justify;\"><span style=\"color:#000000;\"><strong>Che cosa \u00e8 per te la moda (fashion)? <\/strong><em>\u201cSe rispondessi che \u00e8 il modo in cui esprimiamo noi stessi, mentirei. A me interessa la moda perch\u00e9 rappresenta il modo in cui ci asserviamo a quello che \u00e8 di tendenza secondo la societ\u00e0. Dietro l\u2019atto di comprare un paio di scarpe che vanno di moda c\u2019\u00e8 tutto un discorso di psicologia dei consumi di massa che va oltre il mero acquisto della calzatura vista in vetrina\u201d.<\/em><\/span><\/p>\n<div id=\"attachment_7211\" style=\"width: 490px\" class=\"wp-caption alignright\"><a href=\"https:\/\/nonsolomodanews.files.wordpress.com\/2014\/12\/1489154_667790146622038_1447781256_n.jpg\"><img loading=\"lazy\" decoding=\"async\" aria-describedby=\"caption-attachment-7211\" class=\"size-full wp-image-7211\" src=\"https:\/\/nonsolomodanews.files.wordpress.com\/2014\/12\/1489154_667790146622038_1447781256_n.jpg\" alt=\"Alice Moreschini\" width=\"480\" height=\"720\" srcset=\"https:\/\/www.nonsolomodanews.it\/wordpress\/wp-content\/uploads\/2014\/12\/1489154_667790146622038_1447781256_n.jpg 480w, https:\/\/www.nonsolomodanews.it\/wordpress\/wp-content\/uploads\/2014\/12\/1489154_667790146622038_1447781256_n-200x300.jpg 200w\" sizes=\"auto, (max-width: 480px) 100vw, 480px\" \/><\/a><p id=\"caption-attachment-7211\" class=\"wp-caption-text\">Alice Moreschini<\/p><\/div>\n<p style=\"text-align:justify;\"><span style=\"color:#000000;\"><strong>Qual \u00e8 il tuo rapporto con la moda<\/strong><em>? \u201cMi piace studiarla e sviscerarne i meccanismi. Non punto a creare qualcosa che non esista ancora, perch\u00e9 il gioco del designer \u00e8 un continuo rimando al lavoro di un altro. Mi lascio ispirare da quello che mi piace: l\u2019abito che ho visto in quel reality in TV, il colore del rossetto di una ragazza sull\u2019autobus, la silhouette derivata dalla tradizione di un paese lontano. La vera sfida \u00e8 mixare il tutto\u201d.<\/em><\/span><\/p>\n<p style=\"text-align:justify;\"><span style=\"color:#000000;\"><strong>Chi \u00e8 il tuo fashion designer preferito? <\/strong><em>\u201cRiccardo Tisci (per Givenchy) \u201d.<\/em><\/span><\/p>\n<p style=\"text-align:justify;\"><span style=\"color:#000000;\"><strong>Qual \u00e8 il capo di vestiario che ami di pi\u00f9 e quello di meno?<\/strong> <em>\u201cIn questo momento il mio must \u00e8 il cappotto. Ho molta difficolt\u00e0 con gli stivali, non ho ancora trovato il mio modello perfetto\u201d.<\/em><\/span><\/p>\n<p style=\"text-align:justify;\"><span style=\"color:#000000;\"><strong>Scarpe basse o tacchi?<\/strong> <em>\u201cScarpe basse per le commissioni, per arrivare sul set (ed ovviamente per allenarsi). In tutte le altre occasioni, tacchi. The highest the better. A teatro, a ristorante, alle cerimonie, sotto le feste natalizie. Regalano una bella postura, affinano le gambe ed alzano i glutei. Il paio di scarpe pi\u00f9 basse che possiedo \u00e8 di 10 cm, il pi\u00f9 alto 16\u201d.<\/em><\/span><\/p>\n<p style=\"text-align:justify;\"><span style=\"color:#000000;\"><strong>Un accessorio che non manca mai quando esci da casa? <\/strong><em>\u201cMaxi sciarpa e Borsalino per proteggere i capelli dall\u2019umidit\u00e0\u201d.<\/em><\/span><\/p>\n<p style=\"text-align:justify;\"><span style=\"color:#000000;\"><strong>Ultima domanda, sogno nel cassetto che desideri realizzare?<\/strong> <em>\u201cPer quanto riguarda il modeling, mi piacerebbe apparire sulla copertina di un giornale, sogno il cartaceo. Per quanto riguarda il fashion design, punto a lanciare una mia collezione ed un giorno chiss\u00e0, magari aprire una boutique\u201d.<\/em><\/span><\/p>\n<p style=\"text-align:justify;\"><span style=\"color:#000000;\">Grazie!<\/span><\/p>\n<p style=\"text-align:center;\">Le fotografie sono state fornite da Alice Moreschini &#8211; I credits delle fotografie appartengono ai relativi fotografi \u2013Tutti i diritti riservati Email: nonsolomodanews@gmail.com \u2013 Pagina FB <a href=\"https:\/\/www.facebook.com\/Nonsolomodanews?ref=hl\">Nonsolomodanews<\/a><\/p>\n","protected":false},"excerpt":{"rendered":"<p>Nonsolomodanews incontra Alice Moreschini, una giovane fotomodella di origini marchigiane con il fashion design nel sangue e l&rsquo;aspirazione di apparire sulla copertina di un famoso magazine. Alice &egrave; una pianificatrice, non fa mai nulla d&rsquo;impulso ma dice le cose direttamente e senza diplomazia e questo la rende non sempre simpatica. Studia Fashon Design in un&rsquo;academia di Belle Arti. Alice &egrave; una ragazza che ha le giornate pienissime e se dipendesse da lei sarebbero ancora pi&ugrave; piene.&nbsp;Ringraziamo Alice per la sua intervista e auguriamo ai lettori di Nonsbolomodanews buona lettura. Ciao ti vuoi presentare? &ldquo;Sono Alice Moreschini, sono nata 21 anni fa a Fermo, nelle Marche. Fisicamente? Sono alta 1.70m, ho lunghi capelli scuri, occhi grandi e gambe lunghe!&rdquo;. Benvenuta su Nonsolomodanews. &ldquo;Buongiorno a tutti i lettori e un grazie alla redazione per avermi ospitata&rdquo;. Sei una persona curiosa? &ldquo;Moltissimo. Mi piace conoscere un po&rsquo; di ogni cosa&rdquo;. Come sei di carattere? &ldquo;Sono molto ironica ed autoironica, ma non tutti colgono il mio humor inglese. Inoltre sono estremamente sincera, cosa che mi crea non poche difficolt&agrave;. In compenso vado molto d&rsquo;accordo con chi ha un carattere simile al mio. Rimugino parecchio sulle cose e difficilmente agisco d&rsquo;impulso, sono una pianificatrice. Per&ograve; [&hellip;]<\/p>\n","protected":false},"author":1,"featured_media":0,"comment_status":"open","ping_status":"open","sticky":false,"template":"","format":"standard","meta":{"rop_custom_images_group":[],"rop_custom_messages_group":[],"rop_publish_now":"initial","rop_publish_now_accounts":[],"rop_publish_now_history":[],"rop_publish_now_status":"pending","footnotes":""},"categories":[16],"tags":[131,281,585,588,746,898,1099],"class_list":["post-7219","post","type-post","status-publish","format-standard","hentry","category-articolo","tag-alice-moreschini","tag-bruno-angelo-porcellana","tag-fotografia","tag-fotomodella","tag-intervista","tag-marche","tag-nonsolomodanews"],"_links":{"self":[{"href":"https:\/\/www.nonsolomodanews.it\/wordpress\/wp-json\/wp\/v2\/posts\/7219","targetHints":{"allow":["GET"]}}],"collection":[{"href":"https:\/\/www.nonsolomodanews.it\/wordpress\/wp-json\/wp\/v2\/posts"}],"about":[{"href":"https:\/\/www.nonsolomodanews.it\/wordpress\/wp-json\/wp\/v2\/types\/post"}],"author":[{"embeddable":true,"href":"https:\/\/www.nonsolomodanews.it\/wordpress\/wp-json\/wp\/v2\/users\/1"}],"replies":[{"embeddable":true,"href":"https:\/\/www.nonsolomodanews.it\/wordpress\/wp-json\/wp\/v2\/comments?post=7219"}],"version-history":[{"count":0,"href":"https:\/\/www.nonsolomodanews.it\/wordpress\/wp-json\/wp\/v2\/posts\/7219\/revisions"}],"wp:attachment":[{"href":"https:\/\/www.nonsolomodanews.it\/wordpress\/wp-json\/wp\/v2\/media?parent=7219"}],"wp:term":[{"taxonomy":"category","embeddable":true,"href":"https:\/\/www.nonsolomodanews.it\/wordpress\/wp-json\/wp\/v2\/categories?post=7219"},{"taxonomy":"post_tag","embeddable":true,"href":"https:\/\/www.nonsolomodanews.it\/wordpress\/wp-json\/wp\/v2\/tags?post=7219"}],"curies":[{"name":"wp","href":"https:\/\/api.w.org\/{rel}","templated":true}]}}