{"id":7171,"date":"2014-12-04T17:48:01","date_gmt":"2014-12-04T17:48:01","guid":{"rendered":"http:\/\/nonsolomodanews.com\/?p=7171"},"modified":"2014-12-04T17:48:01","modified_gmt":"2014-12-04T17:48:01","slug":"francesca-antonelli-giovanissima-fotomodella-laziale-con-molte-aspirazioni-e-che-le-piacerebbe-andare-a-vivere-a-parigi-incontra-nonsolomodanews","status":"publish","type":"post","link":"https:\/\/www.nonsolomodanews.it\/wordpress\/francesca-antonelli-giovanissima-fotomodella-laziale-con-molte-aspirazioni-e-che-le-piacerebbe-andare-a-vivere-a-parigi-incontra-nonsolomodanews\/","title":{"rendered":"Francesca Antonelli, giovanissima fotomodella laziale con molte aspirazioni e che le piacerebbe andare a vivere a Parigi,  incontra Nonsolomodanews."},"content":{"rendered":"\n\t\t<style>\n\t\t\t#gallery-1 {\n\t\t\t\tmargin: auto;\n\t\t\t}\n\t\t\t#gallery-1 .gallery-item {\n\t\t\t\tfloat: left;\n\t\t\t\tmargin-top: 10px;\n\t\t\t\ttext-align: center;\n\t\t\t\twidth: 33%;\n\t\t\t}\n\t\t\t#gallery-1 img {\n\t\t\t\tborder: 2px solid #cfcfcf;\n\t\t\t}\n\t\t\t#gallery-1 .gallery-caption {\n\t\t\t\tmargin-left: 0;\n\t\t\t}\n\t\t\t\/* see gallery_shortcode() in wp-includes\/media.php *\/\n\t\t<\/style>\n\t\t<div id='gallery-1' class='gallery galleryid-7171 gallery-columns-3 gallery-size-thumbnail'><dl class='gallery-item'>\n\t\t\t<dt class='gallery-icon portrait'>\n\t\t\t\t<a href='https:\/\/www.nonsolomodanews.it\/wordpress\/francesca-antonelli-giovanissima-fotomodella-laziale-con-molte-aspirazioni-e-che-le-piacerebbe-andare-a-vivere-a-parigi-incontra-nonsolomodanews\/received_m_mid_1407764125197_bfb2edeb9209d5e379_0\/'><img loading=\"lazy\" decoding=\"async\" width=\"150\" height=\"150\" src=\"https:\/\/www.nonsolomodanews.it\/wordpress\/wp-content\/uploads\/2014\/12\/received_m_mid_1407764125197_bfb2edeb9209d5e379_0-150x150.jpeg\" class=\"attachment-thumbnail size-thumbnail\" alt=\"\" aria-describedby=\"gallery-1-7179\" \/><\/a>\n\t\t\t<\/dt>\n\t\t\t\t<dd class='wp-caption-text gallery-caption' id='gallery-1-7179'>\n\t\t\t\tFrancesca Antonelli\n\t\t\t\t<\/dd><\/dl><dl class='gallery-item'>\n\t\t\t<dt class='gallery-icon landscape'>\n\t\t\t\t<a href='https:\/\/www.nonsolomodanews.it\/wordpress\/francesca-antonelli-giovanissima-fotomodella-laziale-con-molte-aspirazioni-e-che-le-piacerebbe-andare-a-vivere-a-parigi-incontra-nonsolomodanews\/received_m_mid_1407752815314_d54bd5c10b16100c37_0\/'><img loading=\"lazy\" decoding=\"async\" width=\"150\" height=\"150\" src=\"https:\/\/www.nonsolomodanews.it\/wordpress\/wp-content\/uploads\/2014\/12\/received_m_mid_1407752815314_d54bd5c10b16100c37_0-150x150.jpeg\" class=\"attachment-thumbnail size-thumbnail\" alt=\"\" aria-describedby=\"gallery-1-7178\" \/><\/a>\n\t\t\t<\/dt>\n\t\t\t\t<dd class='wp-caption-text gallery-caption' id='gallery-1-7178'>\n\t\t\t\tFrancesca Antonelli\n\t\t\t\t<\/dd><\/dl><dl class='gallery-item'>\n\t\t\t<dt class='gallery-icon portrait'>\n\t\t\t\t<a href='https:\/\/www.nonsolomodanews.it\/wordpress\/received_1490683647859721\/'><img loading=\"lazy\" decoding=\"async\" width=\"150\" height=\"150\" src=\"https:\/\/www.nonsolomodanews.it\/wordpress\/wp-content\/uploads\/2014\/12\/received_1490683647859721-150x150.jpeg\" class=\"attachment-thumbnail size-thumbnail\" alt=\"\" aria-describedby=\"gallery-1-7177\" \/><\/a>\n\t\t\t<\/dt>\n\t\t\t\t<dd class='wp-caption-text gallery-caption' id='gallery-1-7177'>\n\t\t\t\tFrancesca Antonelli\n\t\t\t\t<\/dd><\/dl><br style=\"clear: both\" \/><dl class='gallery-item'>\n\t\t\t<dt class='gallery-icon portrait'>\n\t\t\t\t<a href='https:\/\/www.nonsolomodanews.it\/wordpress\/received_1490294387898647\/'><img loading=\"lazy\" decoding=\"async\" width=\"150\" height=\"150\" src=\"https:\/\/www.nonsolomodanews.it\/wordpress\/wp-content\/uploads\/2014\/12\/received_1490294387898647-150x150.jpeg\" class=\"attachment-thumbnail size-thumbnail\" alt=\"\" aria-describedby=\"gallery-1-7176\" \/><\/a>\n\t\t\t<\/dt>\n\t\t\t\t<dd class='wp-caption-text gallery-caption' id='gallery-1-7176'>\n\t\t\t\tFrancesca Antonelli\n\t\t\t\t<\/dd><\/dl><dl class='gallery-item'>\n\t\t\t<dt class='gallery-icon portrait'>\n\t\t\t\t<a href='https:\/\/www.nonsolomodanews.it\/wordpress\/img_92749118318759\/'><img loading=\"lazy\" decoding=\"async\" width=\"150\" height=\"150\" src=\"https:\/\/www.nonsolomodanews.it\/wordpress\/wp-content\/uploads\/2014\/12\/img_92749118318759-150x150.jpeg\" class=\"attachment-thumbnail size-thumbnail\" alt=\"\" aria-describedby=\"gallery-1-7175\" \/><\/a>\n\t\t\t<\/dt>\n\t\t\t\t<dd class='wp-caption-text gallery-caption' id='gallery-1-7175'>\n\t\t\t\tFrancesca Antonelli\n\t\t\t\t<\/dd><\/dl><dl class='gallery-item'>\n\t\t\t<dt class='gallery-icon portrait'>\n\t\t\t\t<a href='https:\/\/www.nonsolomodanews.it\/wordpress\/img_92721555940829\/'><img loading=\"lazy\" decoding=\"async\" width=\"150\" height=\"150\" src=\"https:\/\/www.nonsolomodanews.it\/wordpress\/wp-content\/uploads\/2014\/12\/img_92721555940829-150x150.jpeg\" class=\"attachment-thumbnail size-thumbnail\" alt=\"\" aria-describedby=\"gallery-1-7174\" \/><\/a>\n\t\t\t<\/dt>\n\t\t\t\t<dd class='wp-caption-text gallery-caption' id='gallery-1-7174'>\n\t\t\t\tFrancesca Antonelli\n\t\t\t\t<\/dd><\/dl><br style=\"clear: both\" \/><dl class='gallery-item'>\n\t\t\t<dt class='gallery-icon portrait'>\n\t\t\t\t<a href='https:\/\/www.nonsolomodanews.it\/wordpress\/img_38043274780278\/'><img loading=\"lazy\" decoding=\"async\" width=\"150\" height=\"150\" src=\"https:\/\/www.nonsolomodanews.it\/wordpress\/wp-content\/uploads\/2014\/12\/img_38043274780278-150x150.jpeg\" class=\"attachment-thumbnail size-thumbnail\" alt=\"\" aria-describedby=\"gallery-1-7173\" \/><\/a>\n\t\t\t<\/dt>\n\t\t\t\t<dd class='wp-caption-text gallery-caption' id='gallery-1-7173'>\n\t\t\t\tFrancesca Antonelli\n\t\t\t\t<\/dd><\/dl><dl class='gallery-item'>\n\t\t\t<dt class='gallery-icon portrait'>\n\t\t\t\t<a href='https:\/\/www.nonsolomodanews.it\/wordpress\/img_341471771242\/'><img loading=\"lazy\" decoding=\"async\" width=\"150\" height=\"150\" src=\"https:\/\/www.nonsolomodanews.it\/wordpress\/wp-content\/uploads\/2014\/12\/img_341471771242-150x150.jpeg\" class=\"attachment-thumbnail size-thumbnail\" alt=\"\" aria-describedby=\"gallery-1-7172\" \/><\/a>\n\t\t\t<\/dt>\n\t\t\t\t<dd class='wp-caption-text gallery-caption' id='gallery-1-7172'>\n\t\t\t\tFrancesca Antonelli\n\t\t\t\t<\/dd><\/dl>\n\t\t\t<br style='clear: both' \/>\n\t\t<\/div>\n\n<p style=\"text-align:justify;\"><span style=\"color:#000000;\"><strong>Nonsolomodanews<\/strong> incontra la giovanissima studentessa e fotomodella<strong> Francesca Antonell<\/strong>i. Francesca \u00e8 cresciuta nella provincia laziale e spera di diventare un futuro una fotomodella di successo. Grazia a Francesca per averci concesso questa intervista e auguriamo ai lettori di Nonsolomodanews buona lettura.<\/span><\/p>\n<p style=\"text-align:justify;\"><span style=\"color:#000000;\"><strong>Ciao Francesca, \u00a0benvenuta su Nonsolomodanews ti vuoi presentare?\u00a0<\/strong><em>\u201cCiao mi chiamo Francesca Antonelli,\u00a0 sono nata il 12\u00a0agosto\u00a01997 a Frosinone.\u00a0<\/em><em style=\"font-size:1em;line-height:1.6em;\">Sono alta 1.70,\u00a0 ho i capelli lunghi,\u00a0 mossi,\u00a0 color castano scuro. I miei occhi sono marroni. Il mio numero di scarpe \u00e8 37\/38. Mi ritengo una ragazza solare e socievole ma lo ammetto: il mio \u00e8 un carattere particolare in quanto sono molto orgogliosa,\u00a0 testarda,\u00a0 impulsiva ma so anche essere molto dolce. \u00c8 molto difficile riuscire a giostrarmi perch\u00e9 sono furba e molto attenta. Odio essere presa in giro e quando voglio ottenere una cosa non sento ragioni. Anche se sembra che io abbia un carattere molto forte spesso sono molto insicura di me stessa.\u00a0<\/em><em>Questo per\u00f2 non accade quando danzo! Infatti per me il ballo, oltre ad essere la mia pi\u00f9 grande passione, \u00e8 il momento in cui mi lascio andare e non penso pi\u00f9 a nulla. Le mie insicurezze svaniscono anche quando vengo fotografata nei servizi fotografici. Fare la fotomodella \u00e8 un &#8220;lavoro&#8221; che mi piace molto e spero che continuando avr\u00f2 una bellissima carriera nel campo della moda\u201d.<\/em><\/span><\/p>\n<div id=\"attachment_7177\" style=\"width: 730px\" class=\"wp-caption aligncenter\"><a style=\"color:#000000;\" href=\"https:\/\/nonsolomodanews.files.wordpress.com\/2014\/12\/received_1490683647859721.jpeg\"><img loading=\"lazy\" decoding=\"async\" aria-describedby=\"caption-attachment-7177\" class=\"size-full wp-image-7177\" src=\"https:\/\/nonsolomodanews.files.wordpress.com\/2014\/12\/received_1490683647859721.jpeg\" alt=\"Francesca Antonella\" width=\"720\" height=\"1080\" srcset=\"https:\/\/www.nonsolomodanews.it\/wordpress\/wp-content\/uploads\/2014\/12\/received_1490683647859721.jpeg 720w, https:\/\/www.nonsolomodanews.it\/wordpress\/wp-content\/uploads\/2014\/12\/received_1490683647859721-200x300.jpeg 200w, https:\/\/www.nonsolomodanews.it\/wordpress\/wp-content\/uploads\/2014\/12\/received_1490683647859721-683x1024.jpeg 683w\" sizes=\"auto, (max-width: 720px) 100vw, 720px\" \/><\/a><p id=\"caption-attachment-7177\" class=\"wp-caption-text\"><span style=\"color:#000000;\">Francesca Antonella<\/span><\/p><\/div>\n<p style=\"text-align:justify;\"><span style=\"color:#000000;\"><strong>Tu sei giovanissima, \u00a0che cosa studi?<\/strong><em> \u201cSi,\u00a0 in effetti sono molto giovane. Studio psicologia e sono al quarto anno di liceo delle scienze umane\u201d.<\/em><\/span><\/p>\n<p style=\"text-align:justify;\"><span style=\"color:#000000;\"><strong>Come sei di carattere?<\/strong><em> \u201cCome ho gi\u00e0 detto ho un carattere particolare. Sono solare e socievole ma anche molto orgogliosa, testarda e impulsiva\u201d.<\/em><\/span><\/p>\n<p style=\"text-align:justify;\"><span style=\"color:#000000;\"><strong>Sei una persona curiosa?<\/strong><em> \u201cSi sono molto curiosa\u201d.<\/em><\/span><\/p>\n<div id=\"attachment_7178\" style=\"width: 870px\" class=\"wp-caption alignright\"><a style=\"color:#000000;\" href=\"https:\/\/nonsolomodanews.files.wordpress.com\/2014\/12\/received_m_mid_1407752815314_d54bd5c10b16100c37_0.jpeg\"><img loading=\"lazy\" decoding=\"async\" aria-describedby=\"caption-attachment-7178\" class=\"size-full wp-image-7178\" src=\"https:\/\/nonsolomodanews.files.wordpress.com\/2014\/12\/received_m_mid_1407752815314_d54bd5c10b16100c37_0.jpeg\" alt=\"Francesca Antonella\" width=\"860\" height=\"572\" srcset=\"https:\/\/www.nonsolomodanews.it\/wordpress\/wp-content\/uploads\/2014\/12\/received_m_mid_1407752815314_d54bd5c10b16100c37_0.jpeg 1200w, https:\/\/www.nonsolomodanews.it\/wordpress\/wp-content\/uploads\/2014\/12\/received_m_mid_1407752815314_d54bd5c10b16100c37_0-300x200.jpeg 300w, https:\/\/www.nonsolomodanews.it\/wordpress\/wp-content\/uploads\/2014\/12\/received_m_mid_1407752815314_d54bd5c10b16100c37_0-1024x681.jpeg 1024w, https:\/\/www.nonsolomodanews.it\/wordpress\/wp-content\/uploads\/2014\/12\/received_m_mid_1407752815314_d54bd5c10b16100c37_0-1080x718.jpeg 1080w\" sizes=\"auto, (max-width: 860px) 100vw, 860px\" \/><\/a><p id=\"caption-attachment-7178\" class=\"wp-caption-text\"><span style=\"color:#000000;\">Francesca Antonella<\/span><\/p><\/div>\n<p style=\"text-align:justify;\"><span style=\"color:#000000;\"><strong>Quali sono i tuoi hobby?<\/strong> \u201c<em>I miei hobby sono la danza e posare come\u00a0fotomodella\u201d.<\/em><\/span><\/p>\n<p style=\"text-align:justify;\"><span style=\"color:#000000;\"><strong>Quale musica ascolti?<\/strong> \u201c<em>Ascolto diversi generi. A volte anche in base allo stato d&#8217;animo.<\/em><\/span><\/p>\n<p style=\"text-align:justify;\"><span style=\"color:#000000;\"><strong>Cantante preferito?<\/strong> \u201c<em>Alessandra Amoroso\u201d.<\/em><\/span><\/p>\n<p style=\"text-align:justify;\"><span style=\"color:#000000;\"><strong>Colore preferito?<\/strong> \u201c<em>Rosso\u201d.<\/em><\/span><\/p>\n<p style=\"text-align:justify;\"><span style=\"color:#000000;\"><strong>In una tua fotografia di ritratto che cosa noti immediatamente<\/strong> \u201c<em>In una mia fotografia di ritratto noto immediatamente l&#8217;espressione del viso&#8221;.<\/em><\/span><\/p>\n<p style=\"text-align:justify;\"><span style=\"color:#000000;\"><strong>Quali sono le tue sensazioni quando vieni fotografata<\/strong> \u201c<em>Quando vengo fotografata mi sento sicura e felice\u201d.<\/em><\/span><\/p>\n<p style=\"text-align:justify;\"><span style=\"color:#000000;\"><strong>Quali sono i generi fotografici che preferisci?<\/strong> <em>\u201c<\/em><em>I generi fotografici che preferisco sono l&#8217;intimo, abiti da sera e da sposa\u201d.<\/em><\/span><\/p>\n<p style=\"text-align:justify;\"><span style=\"color:#000000;\"><strong>Che cosa \u00e8 per te la moda (fashion)?<\/strong> \u201c<em>Secondo me la moda \u00e8 essere in grado di vestirsi. bene, saper abbinare gli accessori e riuscire a creare sempre l&#8217;outfit giusto per ogni occasione\u201d.<\/em><\/span><\/p>\n<p style=\"text-align:justify;\"><span style=\"color:#000000;\"><strong>Qual \u00e8 il tuo rapporto con la moda?<\/strong> <em>\u201c<\/em><em>Quando si parla di moda sono molto interessata e devo sempre dire la mia. Inoltre la moda mi fa sentire importante visto che credo si saperne abbastanza e spesso sfrutto le mie conoscenze in proposito per consigliare le mie amiche\u201d.<\/em><\/span><\/p>\n<p style=\"text-align:justify;\"><span style=\"color:#000000;\"><strong>Chi \u00e8 il tuo\u00a0 fashion designer preferito?<\/strong> \u201c<em>Valentino\u201d.<\/em><\/span><\/p>\n<div id=\"attachment_7176\" style=\"width: 675px\" class=\"wp-caption aligncenter\"><a style=\"color:#000000;\" href=\"https:\/\/nonsolomodanews.files.wordpress.com\/2014\/12\/received_1490294387898647.jpeg\"><img loading=\"lazy\" decoding=\"async\" aria-describedby=\"caption-attachment-7176\" class=\"wp-image-7176 size-full\" src=\"https:\/\/nonsolomodanews.files.wordpress.com\/2014\/12\/received_1490294387898647.jpeg\" alt=\"Francesca Antonella\" width=\"665\" height=\"1000\" srcset=\"https:\/\/www.nonsolomodanews.it\/wordpress\/wp-content\/uploads\/2014\/12\/received_1490294387898647.jpeg 665w, https:\/\/www.nonsolomodanews.it\/wordpress\/wp-content\/uploads\/2014\/12\/received_1490294387898647-200x300.jpeg 200w\" sizes=\"auto, (max-width: 665px) 100vw, 665px\" \/><\/a><p id=\"caption-attachment-7176\" class=\"wp-caption-text\"><span style=\"color:#000000;\">Francesca Antonella<\/span><\/p><\/div>\n<p style=\"text-align:justify;\"><span style=\"color:#000000;\"><strong>La tua TopModel preferita?<\/strong> \u201c<em>Kate Moss\u201d.<\/em><\/span><\/p>\n<p style=\"text-align:justify;\"><span style=\"color:#000000;\"><strong>Qual \u00e8 il capo di vestiario che ami di pi\u00f9 e quello di meno?<\/strong> \u201c<em>Il mio capo vestiario preferito \u00e8 il mini dress quello che amo di meno \u00e8 la t-shirt\u201d.<\/em><\/span><\/p>\n<p style=\"text-align:justify;\"><span style=\"color:#000000;\"><strong>Scarpe basse o tacchi?<\/strong> <em>Tacchi\u201d.<\/em><\/span><\/p>\n<p style=\"text-align:justify;\"><span style=\"color:#000000;\"><strong>Un accessorio che non manca mai quando esci?<\/strong><em> \u201cLa borsa\u201d.<\/em><\/span><\/p>\n<p style=\"text-align:justify;\"><span style=\"color:#000000;\"><strong>Hai un progetto fotografico che ti piacerebbe realizzare e perch\u00e9?<\/strong> \u201c<em>Si mi piacerebbe fare un calendario perch\u00e9 \u00e8 sempre stato il mio sogno\u201d.<\/em><\/span><\/p>\n<p style=\"text-align:justify;\"><span style=\"color:#000000;\"><strong>Tu vivi in un piccolo paese, \u00a0dovessi cambiare citt\u00e0, \u00a0dove vorresti andare a vivere?<\/strong><em> \u201cSi vivo in un piccolo paese e se dovessi cambiare citt\u00e0 andrei a vivere a Parigi\u201d.<\/em><\/span><\/p>\n<p style=\"text-align:justify;\"><span style=\"color:#000000;\"><strong>Sogno nel cassetto che desideri realizzare?<\/strong> \u201c<em>Sfondare nel campo della moda\u201d.<\/em><\/span><\/p>\n<p style=\"text-align:justify;\"><span style=\"color:#000000;\"><strong>Pensiero natalizio?<\/strong><em> \u201cDonare abiti ai meno fortunati\u201d.<\/em><\/span><\/p>\n<p style=\"text-align:justify;\"><span style=\"color:#000000;\">Grazie!<\/span><\/p>\n<p style=\"text-align:center;\">I credits delle fotografie appartengono ai relativi fotografi \u2013 Tutti i diritti riservati Email: nonsolomodanews@gmail.com \u2013 Pagina FB <a href=\"https:\/\/www.facebook.com\/Nonsolomodanews?ref=hl\">Nonsolomodanews<\/a><\/p>\n","protected":false},"excerpt":{"rendered":"<p>Nonsolomodanews incontra la giovanissima studentessa e fotomodella Francesca Antonelli. Francesca &egrave; cresciuta nella provincia laziale e spera di diventare un futuro una fotomodella di successo. Grazia a Francesca per averci concesso questa intervista e auguriamo ai lettori di Nonsolomodanews buona lettura. Ciao Francesca, &nbsp;benvenuta su Nonsolomodanews ti vuoi presentare?&nbsp;&ldquo;Ciao mi chiamo Francesca Antonelli,&nbsp; sono nata il 12&nbsp;agosto&nbsp;1997 a Frosinone.&nbsp;Sono alta 1.70,&nbsp; ho i capelli lunghi,&nbsp; mossi,&nbsp; color castano scuro. I miei occhi sono marroni. Il mio numero di scarpe &egrave; 37\/38. Mi ritengo una ragazza solare e socievole ma lo ammetto: il mio &egrave; un carattere particolare in quanto sono molto orgogliosa,&nbsp; testarda,&nbsp; impulsiva ma so anche essere molto dolce. &Egrave; molto difficile riuscire a giostrarmi perch&eacute; sono furba e molto attenta. Odio essere presa in giro e quando voglio ottenere una cosa non sento ragioni. Anche se sembra che io abbia un carattere molto forte spesso sono molto insicura di me stessa.&nbsp;Questo per&ograve; non accade quando danzo! Infatti per me il ballo, oltre ad essere la mia pi&ugrave; grande passione, &egrave; il momento in cui mi lascio andare e non penso pi&ugrave; a nulla. Le mie insicurezze svaniscono anche quando vengo fotografata nei servizi fotografici. Fare la fotomodella &egrave; [&hellip;]<\/p>\n","protected":false},"author":1,"featured_media":0,"comment_status":"open","ping_status":"open","sticky":false,"template":"","format":"standard","meta":{"rop_custom_images_group":[],"rop_custom_messages_group":[],"rop_publish_now":"initial","rop_publish_now_accounts":[],"rop_publish_now_history":[],"rop_publish_now_status":"pending","footnotes":""},"categories":[16],"tags":[262,585,588,592,746,1099],"class_list":["post-7171","post","type-post","status-publish","format-standard","hentry","category-articolo","tag-bologna","tag-fotografia","tag-fotomodella","tag-francesca-antonell","tag-intervista","tag-nonsolomodanews"],"_links":{"self":[{"href":"https:\/\/www.nonsolomodanews.it\/wordpress\/wp-json\/wp\/v2\/posts\/7171","targetHints":{"allow":["GET"]}}],"collection":[{"href":"https:\/\/www.nonsolomodanews.it\/wordpress\/wp-json\/wp\/v2\/posts"}],"about":[{"href":"https:\/\/www.nonsolomodanews.it\/wordpress\/wp-json\/wp\/v2\/types\/post"}],"author":[{"embeddable":true,"href":"https:\/\/www.nonsolomodanews.it\/wordpress\/wp-json\/wp\/v2\/users\/1"}],"replies":[{"embeddable":true,"href":"https:\/\/www.nonsolomodanews.it\/wordpress\/wp-json\/wp\/v2\/comments?post=7171"}],"version-history":[{"count":0,"href":"https:\/\/www.nonsolomodanews.it\/wordpress\/wp-json\/wp\/v2\/posts\/7171\/revisions"}],"wp:attachment":[{"href":"https:\/\/www.nonsolomodanews.it\/wordpress\/wp-json\/wp\/v2\/media?parent=7171"}],"wp:term":[{"taxonomy":"category","embeddable":true,"href":"https:\/\/www.nonsolomodanews.it\/wordpress\/wp-json\/wp\/v2\/categories?post=7171"},{"taxonomy":"post_tag","embeddable":true,"href":"https:\/\/www.nonsolomodanews.it\/wordpress\/wp-json\/wp\/v2\/tags?post=7171"}],"curies":[{"name":"wp","href":"https:\/\/api.w.org\/{rel}","templated":true}]}}