{"id":7080,"date":"2014-11-22T10:01:56","date_gmt":"2014-11-22T10:01:56","guid":{"rendered":"http:\/\/nonsolomodanews.com\/?p=7080"},"modified":"2014-11-22T10:01:56","modified_gmt":"2014-11-22T10:01:56","slug":"silvia-lelli-giovanissima-ragazza-di-bologna-si-racconta-a-nonsolomodanews-fotomodella-per-passione-con-il-mondo-nel-suo-futuro","status":"publish","type":"post","link":"https:\/\/www.nonsolomodanews.it\/wordpress\/silvia-lelli-giovanissima-ragazza-di-bologna-si-racconta-a-nonsolomodanews-fotomodella-per-passione-con-il-mondo-nel-suo-futuro\/","title":{"rendered":"Silvia Lelli, giovanissima ragazza di Bologna si racconta a Nonsolomodanews. Fotomodella per passione con il mondo nel suo futuro."},"content":{"rendered":"\n\t\t<style>\n\t\t\t#gallery-1 {\n\t\t\t\tmargin: auto;\n\t\t\t}\n\t\t\t#gallery-1 .gallery-item {\n\t\t\t\tfloat: left;\n\t\t\t\tmargin-top: 10px;\n\t\t\t\ttext-align: center;\n\t\t\t\twidth: 33%;\n\t\t\t}\n\t\t\t#gallery-1 img {\n\t\t\t\tborder: 2px solid #cfcfcf;\n\t\t\t}\n\t\t\t#gallery-1 .gallery-caption {\n\t\t\t\tmargin-left: 0;\n\t\t\t}\n\t\t\t\/* see gallery_shortcode() in wp-includes\/media.php *\/\n\t\t<\/style>\n\t\t<div id='gallery-1' class='gallery galleryid-7080 gallery-columns-3 gallery-size-thumbnail'><dl class='gallery-item'>\n\t\t\t<dt class='gallery-icon portrait'>\n\t\t\t\t<a href='https:\/\/www.nonsolomodanews.it\/wordpress\/silvia-lelli-giovanissima-ragazza-di-bologna-si-racconta-a-nonsolomodanews-fotomodella-per-passione-con-il-mondo-nel-suo-futuro\/07112014-dsc_7685-copia-2\/'><img loading=\"lazy\" decoding=\"async\" width=\"150\" height=\"150\" src=\"https:\/\/www.nonsolomodanews.it\/wordpress\/wp-content\/uploads\/2014\/11\/07112014-dsc_7685-copia1-150x150.jpg\" class=\"attachment-thumbnail size-thumbnail\" alt=\"\" aria-describedby=\"gallery-1-7097\" \/><\/a>\n\t\t\t<\/dt>\n\t\t\t\t<dd class='wp-caption-text gallery-caption' id='gallery-1-7097'>\n\t\t\t\tSilvia Lelli\nPh. Bruno Angelo Porcellana\nMUA Aurora Alberghini\n\n\t\t\t\t<\/dd><\/dl><dl class='gallery-item'>\n\t\t\t<dt class='gallery-icon portrait'>\n\t\t\t\t<a href='https:\/\/www.nonsolomodanews.it\/wordpress\/07112014-dsc_7789-copia-copia-2\/'><img loading=\"lazy\" decoding=\"async\" width=\"150\" height=\"150\" src=\"https:\/\/www.nonsolomodanews.it\/wordpress\/wp-content\/uploads\/2014\/11\/07112014-dsc_7789-copia-copia1-150x150.jpg\" class=\"attachment-thumbnail size-thumbnail\" alt=\"\" aria-describedby=\"gallery-1-7094\" \/><\/a>\n\t\t\t<\/dt>\n\t\t\t\t<dd class='wp-caption-text gallery-caption' id='gallery-1-7094'>\n\t\t\t\tSilvia Lelli\nPh. Bruno Angelo Porcellana\nMUA Aurora Alberghini\n\n\t\t\t\t<\/dd><\/dl><dl class='gallery-item'>\n\t\t\t<dt class='gallery-icon landscape'>\n\t\t\t\t<a href='https:\/\/www.nonsolomodanews.it\/wordpress\/07112014-dsc_7647-copia-2\/'><img loading=\"lazy\" decoding=\"async\" width=\"150\" height=\"150\" src=\"https:\/\/www.nonsolomodanews.it\/wordpress\/wp-content\/uploads\/2014\/11\/07112014-dsc_7647-copia1-150x150.jpg\" class=\"attachment-thumbnail size-thumbnail\" alt=\"\" aria-describedby=\"gallery-1-7091\" \/><\/a>\n\t\t\t<\/dt>\n\t\t\t\t<dd class='wp-caption-text gallery-caption' id='gallery-1-7091'>\n\t\t\t\tSilvia Lelli\nPh. Bruno Angelo Porcellana\nMUA Aurora Alberghini\n\n\t\t\t\t<\/dd><\/dl><br style=\"clear: both\" \/><dl class='gallery-item'>\n\t\t\t<dt class='gallery-icon portrait'>\n\t\t\t\t<a href='https:\/\/www.nonsolomodanews.it\/wordpress\/07112014-dsc_7741-copia-2\/'><img loading=\"lazy\" decoding=\"async\" width=\"150\" height=\"150\" src=\"https:\/\/www.nonsolomodanews.it\/wordpress\/wp-content\/uploads\/2014\/11\/07112014-dsc_7741-copia1-150x150.jpg\" class=\"attachment-thumbnail size-thumbnail\" alt=\"\" aria-describedby=\"gallery-1-7089\" \/><\/a>\n\t\t\t<\/dt>\n\t\t\t\t<dd class='wp-caption-text gallery-caption' id='gallery-1-7089'>\n\t\t\t\tSilvia Lelli\nPh. Bruno Angelo Porcellana\nMUA Aurora Alberghini\n\n\t\t\t\t<\/dd><\/dl><dl class='gallery-item'>\n\t\t\t<dt class='gallery-icon portrait'>\n\t\t\t\t<a href='https:\/\/www.nonsolomodanews.it\/wordpress\/07112014-dsc_7619-copia\/'><img loading=\"lazy\" decoding=\"async\" width=\"150\" height=\"150\" src=\"https:\/\/www.nonsolomodanews.it\/wordpress\/wp-content\/uploads\/2014\/11\/07112014-dsc_7619-copia1-150x150.jpg\" class=\"attachment-thumbnail size-thumbnail\" alt=\"\" aria-describedby=\"gallery-1-7087\" \/><\/a>\n\t\t\t<\/dt>\n\t\t\t\t<dd class='wp-caption-text gallery-caption' id='gallery-1-7087'>\n\t\t\t\tSilvia Lelli\nPh. Bruno Angelo Porcellana\nMUA Aurora Alberghini\n\n\t\t\t\t<\/dd><\/dl>\n\t\t\t<br style='clear: both' \/>\n\t\t<\/div>\n\n<p style=\"text-align:justify;\"><span style=\"color:#000000;\"><strong>Nonsolomodanews<\/strong> incontra la giovanissima <strong>Silvia Lell<\/strong>i. Studentessa per diventare estestista e fotomodella per passione, Silvia \u00e8 la tipica ragazza che potresti trovare nei week end frequentando i locali di Bologna a divertirsi ma che sa anche mettere a frutto la sua passione del ballo lavorando saltuariamente nei locali. Le piace ballare ma non dimentica che la vita non \u00e8 solo divertimento e per questo, dopo avere preso la qualifica triennale di sala bar, continua a studiare per diventare estetista ed \u00e8 molto interessante leggere come si \u00e8 evoluta la professione di estetista negli ultimi anni. Un sogno nel cassetto? Leggete l&#8217;intervista e saprete qual \u00e8 il suo sogno. Silvia ha accettato di venire a posare e tutte le fotografie sono state realizzate in un servizio fotografico di recente a Bologna. Grazie a Silvia per averci permesso di entrare nella sua vita e auguriamo ai lettori di Nonsolomodanews buona lettura.<\/span><\/p>\n<div id=\"attachment_7094\" style=\"width: 677px\" class=\"wp-caption alignright\"><a href=\"https:\/\/nonsolomodanews.files.wordpress.com\/2014\/11\/07112014-dsc_7789-copia-copia1.jpg\"><img loading=\"lazy\" decoding=\"async\" aria-describedby=\"caption-attachment-7094\" class=\"size-full wp-image-7094\" src=\"https:\/\/nonsolomodanews.files.wordpress.com\/2014\/11\/07112014-dsc_7789-copia-copia1.jpg\" alt=\"Silvia Lelli  Ph. Bruno Angelo Porcellana MUA Aurora Alberghini \" width=\"667\" height=\"1000\" srcset=\"https:\/\/www.nonsolomodanews.it\/wordpress\/wp-content\/uploads\/2014\/11\/07112014-dsc_7789-copia-copia1.jpg 667w, https:\/\/www.nonsolomodanews.it\/wordpress\/wp-content\/uploads\/2014\/11\/07112014-dsc_7789-copia-copia1-200x300.jpg 200w\" sizes=\"auto, (max-width: 667px) 100vw, 667px\" \/><\/a><p id=\"caption-attachment-7094\" class=\"wp-caption-text\">Silvia Lelli<br \/>Ph. Bruno Angelo Porcellana<br \/>MUA Aurora Alberghini<\/p><\/div>\n<p style=\"text-align:justify;\"><span style=\"color:#000000;\"><strong>Ciao Silvia ti vuoi presentare? <\/strong>\u201c<em>Ciao sono Silvia Lelli sono nata l&#8217;11 ottobre del 1996 a Bologna, sono alta 170 cm e ho una seconda di seno, vita 66, fianchi 82 e porto un 37\/38 come numero di scarpe. Ho i capelli mori lunghi, il colore dei miei occhi invece \u00e8 indefinito.. solitamente sono marroni\/verdi ma al sole tendono a diventare quasi arancioni. Ho frequentato la scuola alberghiera, ma capendo che non era quello che volevo fare nella vita non ho concluso gli studi , ho dato l&#8217;esame al terzo anno e dopo averlo superato e preso l&#8217;attestato regionale (settore sala bar)\u00a0<\/em><em>ho deciso di cambiare totalmente strada; infatti ora frequento un corso per la qualifica da estetista\u201d.<\/em><\/span><\/p>\n<p style=\"text-align:justify;\"><span style=\"color:#000000;\"><strong>Silvia, benvenuta su Nonsolomodanews <\/strong><em>\u201c<\/em><em>Grazie \u00e8 un piacere per me!<\/em>\u201d.<\/span><\/p>\n<p style=\"text-align:justify;\"><span style=\"color:#000000;\"><strong>Stai studiando presso una scuola per estetiste. Cosa significa essere estetiste oggi giorno? <\/strong>\u201c<em>Basta guardarci indietro anche solo di 15\/20 anni per capire quanto il termine &#8220;estetista&#8221; sia cambiato. Se un tempo l&#8217;estetista era solo quella persona che si limitava a cerette, mani e piedi ora non \u00e8 pi\u00f9 cos\u00ec. Le estetiste oggi devono avere una oltre ad una buona manualit\u00e0 anche una grande preparazione a livello teorico e da quando ho iniziato il corso mi sono resa conto di quanto il mondo dell&#8217;estetica sia ampio, insomma non si finisce mai di imparare, infatti \u00e8 proprio per questo che tutte le persone che praticano questo lavoro devono essere disposte a seguire continui corsi di aggiornamento, inoltre l&#8217;estetista deve conoscere le principali\u00a0norme sanitarie, essere predisposta ai rapporti interpersonali in quanto lavoriamo direttamente con le nostre mani sui corpi delle nostre clienti e loro devono essere in totale tranquillit\u00e0 a parlare con noi di loro stesse (cosa non sempre facile). Infine poich\u00e9 poich\u00e9 appunto abbiamo un rapporto diretto con il cliente dovremo conoscere anche alcune nozioni di psicologia e di cultura generale. Insomma non \u00e8 un lavoro cos\u00ec banale come ancora molti pensano, tutt&#8217;altro, ma che se fatto con passione e voglia di fare a livello di soddisfazioni personali d\u00e0 grandi risultati\u201d.<\/em><\/span><\/p>\n<div id=\"attachment_7082\" style=\"width: 677px\" class=\"wp-caption alignright\"><a href=\"https:\/\/nonsolomodanews.files.wordpress.com\/2014\/11\/07112014-dsc_7741-copia.jpg\"><img loading=\"lazy\" decoding=\"async\" aria-describedby=\"caption-attachment-7082\" class=\"size-full wp-image-7082\" src=\"https:\/\/nonsolomodanews.files.wordpress.com\/2014\/11\/07112014-dsc_7741-copia.jpg\" alt=\"Silvia Lelli  Ph. Bruno Angelo Porcellana MUA Aurora Alberghini \" width=\"667\" height=\"1000\" srcset=\"https:\/\/www.nonsolomodanews.it\/wordpress\/wp-content\/uploads\/2014\/11\/07112014-dsc_7741-copia.jpg 667w, https:\/\/www.nonsolomodanews.it\/wordpress\/wp-content\/uploads\/2014\/11\/07112014-dsc_7741-copia-200x300.jpg 200w\" sizes=\"auto, (max-width: 667px) 100vw, 667px\" \/><\/a><p id=\"caption-attachment-7082\" class=\"wp-caption-text\">Silvia Lelli<br \/>Ph. Bruno Angelo Porcellana<br \/>MUA Aurora Alberghini<\/p><\/div>\n<p style=\"text-align:justify;\"><span style=\"color:#000000;\"><strong>Sei una persona curiosa? <\/strong>\u201c<em>Parecchio, odio tutto quello che \u00e8 monotono, sono del parere che nella vita bisogna fare pi\u00f9 esperienze possibili, perci\u00f2 se un qualcosa mi incuriosisce di sicuro non rimango indifferente\u201d.<\/em><\/span><\/p>\n<p style=\"text-align:justify;\"><span style=\"color:#000000;\"><strong>Come sei di carattere? <\/strong>\u201c<em>Bhe se parliamo di lati positivi diciamo che mi considero una ragazza con carattere, gentile, educata, con voglia di fare, (se una cosa la voglio mi sbatto per ottenerla), solare (mi piace stare in mezzo alle persone e conoscerne di nuove), sincera e alle persone che se lo meritano riesco a dare veramente tanto.<\/em> <em>Per quanto riguarda i latin negativi invece posso dire che se prima ho detto che mi riesce bene stare in compagnia a contatto con le persone mi riesco un po&#8217; meno bene aprirmi con esse, in generale sono abbastanza diffidente e riservata; sono gelosa (ma non possessiva) delle cose e delle persone a cui tengo, abbastanza permalosa e molto lunatica e testarda\u201d.<\/em><\/span><\/p>\n<div id=\"attachment_7097\" style=\"width: 677px\" class=\"wp-caption alignright\"><a href=\"https:\/\/nonsolomodanews.files.wordpress.com\/2014\/11\/07112014-dsc_7685-copia1.jpg\"><img loading=\"lazy\" decoding=\"async\" aria-describedby=\"caption-attachment-7097\" class=\"size-full wp-image-7097\" src=\"https:\/\/nonsolomodanews.files.wordpress.com\/2014\/11\/07112014-dsc_7685-copia1.jpg\" alt=\"Silvia Lelli  Ph. Bruno Angelo Porcellana MUA Aurora Alberghini \" width=\"667\" height=\"1000\" srcset=\"https:\/\/www.nonsolomodanews.it\/wordpress\/wp-content\/uploads\/2014\/11\/07112014-dsc_7685-copia1.jpg 667w, https:\/\/www.nonsolomodanews.it\/wordpress\/wp-content\/uploads\/2014\/11\/07112014-dsc_7685-copia1-200x300.jpg 200w\" sizes=\"auto, (max-width: 667px) 100vw, 667px\" \/><\/a><p id=\"caption-attachment-7097\" class=\"wp-caption-text\">Silvia Lelli<br \/>Ph. Bruno Angelo Porcellana<br \/>MUA Aurora Alberghini<\/p><\/div>\n<p style=\"text-align:justify;\"><span style=\"color:#000000;\"><strong>Quali sono i tuoi hobby? <\/strong><em>\u201cAl momento il mio hobby pi\u00f9 grande \u00e8 la pole dance che pratico da non molto tempo ma che mi appassiona veramente tanto, al secondo posto viene l&#8217;andare a ballare (anche se non s\u00f2 se pu\u00f2 essere definito proprio come &lt;&lt;hobby&gt;&gt;) \u00e8 una cosa che amo davvero tanto infatti alcuni fine settimana ballo in una discoteca qui a Bologna e infine non pu\u00f2 mancare lo shopping con le amiche\u201d.<\/em><\/span><\/p>\n<p style=\"text-align:justify;\"><span style=\"color:#000000;\"><strong>Come ti mantieni in forma? <\/strong><em>\u201cPole dance e camminare tanto oppure palestra\u201d.<\/em><\/span><\/p>\n<p style=\"text-align:justify;\"><span style=\"color:#000000;\"><strong>Segui qualche regime alimentare? <\/strong><em>\u201cIn passato ho provato veramente tantissime diete, alcune davvero assurde lo ammetto, al momento non ne faccio nessuna in particolare, seguo uno stile alimentare abbastanza vario ed equilibrato fatto apposta per me da un dietologo, ma non sono pi\u00f9 fissata su questo argomento come tempo fa..di sicuro una pizza o un gelato con le amiche non si rifiuta mai ecco\u201d.<\/em><\/span><\/p>\n<p style=\"text-align:justify;\"><span style=\"color:#000000;\"><strong>Qual \u00e8 il tuo colore preferito? <\/strong><em>\u201cIl rosa sicuramente ma anche il blu non mi dispiace\u201d.<\/em><\/span><\/p>\n<p style=\"text-align:justify;\"><span style=\"color:#000000;\"><strong>Quale musica ti piace? <\/strong><em>\u201cPrincipalmente ascolto rap e reggaeton, ma amo la musica in generale, mi piacciono quasi tutti i generi musicali, da artisti italiani come Ligabue a dj internazionali come Paul Kalkbrenner, Like Mike &amp; Dimitri Vegas e Chris liebing\u201d.<\/em><\/span><\/p>\n<p style=\"text-align:justify;\"><span style=\"color:#000000;\"><strong>In una tua fotografia di ritratto che cosa noti immediatamente? <\/strong><em>\u201cLineamenti del viso, espressione ed occhi\u201d.<\/em><\/span><\/p>\n<p style=\"text-align:justify;\"><span style=\"color:#000000;\"><strong>Quali sono le tue sensazioni quando vieni fotografata? <\/strong><em>\u201cNon penso a nulla a parte l&#8217;obbiettivo della macchina fotografica, per quell&#8217;arco di tempo mi dimentico di tutto quello che ho attorno e mi concentro solo su quello e mi piace, in pi\u00f9 quando esce un buon lavoro \u00e8 davvero una gran bella soddisfazione personale\u201d.<\/em><\/span><\/p>\n<p style=\"text-align:justify;\"><span style=\"color:#000000;\"><strong>Quali sono i generi fotografici che preferisci? <\/strong><em>\u201cDecisamente glamour e fashion sono i miei preferiti\u201d.<\/em><\/span><\/p>\n<div id=\"attachment_7087\" style=\"width: 677px\" class=\"wp-caption alignleft\"><a href=\"https:\/\/nonsolomodanews.files.wordpress.com\/2014\/11\/07112014-dsc_7619-copia1.jpg\"><img loading=\"lazy\" decoding=\"async\" aria-describedby=\"caption-attachment-7087\" class=\"wp-image-7087 size-full\" src=\"https:\/\/nonsolomodanews.files.wordpress.com\/2014\/11\/07112014-dsc_7619-copia1.jpg\" alt=\"Silvia Lelli  Ph. Bruno Angelo Porcellana MUA Aurora Alberghini \" width=\"667\" height=\"1000\" srcset=\"https:\/\/www.nonsolomodanews.it\/wordpress\/wp-content\/uploads\/2014\/11\/07112014-dsc_7619-copia1.jpg 667w, https:\/\/www.nonsolomodanews.it\/wordpress\/wp-content\/uploads\/2014\/11\/07112014-dsc_7619-copia1-200x300.jpg 200w\" sizes=\"auto, (max-width: 667px) 100vw, 667px\" \/><\/a><p id=\"caption-attachment-7087\" class=\"wp-caption-text\">Silvia Lelli<br \/> Ph. Bruno Angelo Porcellana<br \/> MUA Aurora Alberghini<\/p><\/div>\n<p style=\"text-align:justify;\"><span style=\"color:#000000;\"><strong>Che cosa \u00e8 per te la moda (fashion)? <\/strong><em>\u201cSecondo me significa essere disinvolte e sicure di s\u00e8 nel portare qualcosa..che sia all&#8217;ultima moda o semplicemente qualcosa di nuovo, particolare&#8230; insomma qualcosa di tuo, che sai portare bene, con disinvoltura! Spesso essere fashion si dimostra con piccoli particolari, con la cura che hai anche per un semplice chignon finto spettinato.. tutto nel sta trovare il tuo modo di essere fashion per esprimere al meglio te stessa!\u201d.<\/em><\/span><\/p>\n<p style=\"text-align:justify;\"><span style=\"color:#000000;\"><strong>Qual \u00e8 il tuo rapporto con la moda? <\/strong><em>\u201cMi piace essere aggiornata su i capi, i colori, gli accessori di tendenza ma cerco sempre di abbinare il tutto seguendo un il mio stile personale;potrei passare ore davanti all&#8217;armadio ad abbinare vestiti, scarpe e accessori vari!\u201d.<\/em><\/span><\/p>\n<p style=\"text-align:justify;\"><span style=\"color:#000000;\"><strong>Chi \u00e8 il tuo fashion designer preferito? <\/strong><em>\u201cCoco Chanel e le sorelle Fendi\u201d.<\/em><\/span><\/p>\n<p style=\"text-align:justify;\"><span style=\"color:#000000;\"><strong>La tua TopModel preferita? <\/strong><em>\u201cIrina Shayk\u201d.<\/em><\/span><\/p>\n<p style=\"text-align:justify;\"><span style=\"color:#000000;\"><strong>Qual \u00e8 il capo di vestiario che ami di pi\u00f9 e quello di meno? <\/strong><em>\u201cMi piace molto indossare gli shorts e i jeans attillati a sigaretta; una cosa che odio invece sono le gonne lunghe o i pantaloni larghi senza una forma\u201d.<\/em><\/span><\/p>\n<div id=\"attachment_7091\" style=\"width: 870px\" class=\"wp-caption alignright\"><a href=\"https:\/\/nonsolomodanews.files.wordpress.com\/2014\/11\/07112014-dsc_7647-copia1.jpg\"><img loading=\"lazy\" decoding=\"async\" aria-describedby=\"caption-attachment-7091\" class=\"size-full wp-image-7091\" src=\"https:\/\/nonsolomodanews.files.wordpress.com\/2014\/11\/07112014-dsc_7647-copia1.jpg\" alt=\"Silvia Lelli  Ph. Bruno Angelo Porcellana MUA Aurora Alberghini \" width=\"860\" height=\"573\" srcset=\"https:\/\/www.nonsolomodanews.it\/wordpress\/wp-content\/uploads\/2014\/11\/07112014-dsc_7647-copia1.jpg 1000w, https:\/\/www.nonsolomodanews.it\/wordpress\/wp-content\/uploads\/2014\/11\/07112014-dsc_7647-copia1-300x200.jpg 300w\" sizes=\"auto, (max-width: 860px) 100vw, 860px\" \/><\/a><p id=\"caption-attachment-7091\" class=\"wp-caption-text\">Silvia Lelli<br \/>Ph. Bruno Angelo Porcellana<br \/>MUA Aurora Alberghini<\/p><\/div>\n<p style=\"text-align:justify;\"><span style=\"color:#000000;\"><strong>Scarpe basse o tacchi? <\/strong><em>\u201cTacchi tutta la vita!\u201d.c<\/em><\/span><\/p>\n<p style=\"text-align:justify;\"><span style=\"color:#000000;\"><strong>Un accessorio che non manca mai quando esci da casa? <\/strong><em>\u201cBorsa o pochette\u201d.<\/em><\/span><\/p>\n<p style=\"text-align:justify;\"><span style=\"color:#000000;\"><strong>Ultima domanda, sogno nel cassetto che desideri realizzare? <\/strong><em>\u201cFare la fotomodella e girare il mondo facendo questo \u00e8 un mio grande sogno e sarebbe bellissimo&#8230; poi un altro grande sogno (forse pi\u00f9 un obbiettivo) \u00e8 quello di aprirmi un centro estetico mio!\u201d.<\/em><\/span><\/p>\n<p style=\"text-align:justify;\"><span style=\"color:#000000;\"><strong>Grazie!<\/strong><\/span><\/p>\n<p style=\"text-align:justify;\"><span style=\"color:#000000;\"><em>\u201cGrazie a voi :)\u201d<\/em><\/span><\/p>\n<p style=\"text-align:center;\">per<a href=\"http:\/\/nonsolomodanews.com\/2014\/10\/30\/una-rossa-per-nonsolomodanews-ma-non-e-unautomobile-con-il-cavallino-rampante-ma-si-tratta-di-annalaura-cere\/www.nonsolomodanews.com%20\">\u00a0<strong>Nonsolomodanews<\/strong><\/a> Ph. <a href=\"https:\/\/www.facebook.com\/bruno.a.porcellana\"><strong>Bruno Angelo Porcellana<\/strong><\/a><br \/>\nModel\u00a0<strong><a href=\"http:\/\/https:\/\/www.facebook.com\/SilviaAliiLelli?fref=ts\">Silvia Lelli<\/a><\/strong><br \/>\nMUA <a href=\"per%20Nonsolomodanews Ph. Bruno Angelo Porcellana Model Andrea Celeste Righi  presso DiBi Studio Bologna  I credits delle fotografie appartengono a Bruno Angelo Porcellana \u2013 Tutti i diritti riservati  nonsolomodanews@gmail.com \u2013 Pagina FB Nonsolomodanews\"><strong>Aurora Alberghini<\/strong><\/a><\/p>\n<p style=\"text-align:center;\"><strong>presso\u00a0<a href=\"https:\/\/www.facebook.com\/pages\/DIbi-Studio-Ph\/1416331985284880?fref=ts\">DiBi Studio Bologna<\/a><\/strong><\/p>\n<p style=\"text-align:center;\">I credits delle fotografie appartengono a Bruno Angelo Porcellana \u2013 Tutti i diritti riservati<\/p>\n<p style=\"text-align:center;\">nonsolomodanews@gmail.com \u2013 Pagina FB <a href=\"https:\/\/www.facebook.com\/Nonsolomodanews?ref=hl\">Nonsolomodanews<\/a><\/p>\n<p style=\"text-align:justify;\">\n","protected":false},"excerpt":{"rendered":"<p>Nonsolomodanews incontra la giovanissima Silvia Lelli. Studentessa per diventare estestista e fotomodella per passione, Silvia &egrave; la tipica ragazza che potresti trovare nei week end frequentando i locali di Bologna a divertirsi ma che sa anche mettere a frutto la sua passione del ballo lavorando saltuariamente nei locali. Le piace ballare ma non dimentica che la vita non &egrave; solo divertimento e per questo, dopo avere preso la qualifica triennale di sala bar, continua a studiare per diventare estetista ed &egrave; molto interessante leggere come si &egrave; evoluta la professione di estetista negli ultimi anni. Un sogno nel cassetto? Leggete l&rsquo;intervista e saprete qual &egrave; il suo sogno. Silvia ha accettato di venire a posare e tutte le fotografie sono state realizzate in un servizio fotografico di recente a Bologna. Grazie a Silvia per averci permesso di entrare nella sua vita e auguriamo ai lettori di Nonsolomodanews buona lettura. Ciao Silvia ti vuoi presentare? &ldquo;Ciao sono Silvia Lelli sono nata l&rsquo;11 ottobre del 1996 a Bologna, sono alta 170 cm e ho una seconda di seno, vita 66, fianchi 82 e porto un 37\/38 come numero di scarpe. Ho i capelli mori lunghi, il colore dei miei occhi invece &egrave; [&hellip;]<\/p>\n","protected":false},"author":1,"featured_media":0,"comment_status":"open","ping_status":"open","sticky":false,"template":"","format":"standard","meta":{"rop_custom_images_group":[],"rop_custom_messages_group":[],"rop_publish_now":"initial","rop_publish_now_accounts":[],"rop_publish_now_history":[],"rop_publish_now_status":"pending","footnotes":""},"categories":[16],"tags":[262,585,588,746,1099,1314,1330],"class_list":["post-7080","post","type-post","status-publish","format-standard","hentry","category-articolo","tag-bologna","tag-fotografia","tag-fotomodella","tag-intervista","tag-nonsolomodanews","tag-shooting","tag-silvia-lelli"],"_links":{"self":[{"href":"https:\/\/www.nonsolomodanews.it\/wordpress\/wp-json\/wp\/v2\/posts\/7080","targetHints":{"allow":["GET"]}}],"collection":[{"href":"https:\/\/www.nonsolomodanews.it\/wordpress\/wp-json\/wp\/v2\/posts"}],"about":[{"href":"https:\/\/www.nonsolomodanews.it\/wordpress\/wp-json\/wp\/v2\/types\/post"}],"author":[{"embeddable":true,"href":"https:\/\/www.nonsolomodanews.it\/wordpress\/wp-json\/wp\/v2\/users\/1"}],"replies":[{"embeddable":true,"href":"https:\/\/www.nonsolomodanews.it\/wordpress\/wp-json\/wp\/v2\/comments?post=7080"}],"version-history":[{"count":0,"href":"https:\/\/www.nonsolomodanews.it\/wordpress\/wp-json\/wp\/v2\/posts\/7080\/revisions"}],"wp:attachment":[{"href":"https:\/\/www.nonsolomodanews.it\/wordpress\/wp-json\/wp\/v2\/media?parent=7080"}],"wp:term":[{"taxonomy":"category","embeddable":true,"href":"https:\/\/www.nonsolomodanews.it\/wordpress\/wp-json\/wp\/v2\/categories?post=7080"},{"taxonomy":"post_tag","embeddable":true,"href":"https:\/\/www.nonsolomodanews.it\/wordpress\/wp-json\/wp\/v2\/tags?post=7080"}],"curies":[{"name":"wp","href":"https:\/\/api.w.org\/{rel}","templated":true}]}}