{"id":6,"date":"2013-04-16T17:27:47","date_gmt":"2013-04-16T17:27:47","guid":{"rendered":"http:\/\/nonsolomodanews.wordpress.com\/?p=6"},"modified":"2013-04-16T17:27:47","modified_gmt":"2013-04-16T17:27:47","slug":"maria-grazia-loddo-modella-e-fotomodella","status":"publish","type":"post","link":"https:\/\/www.nonsolomodanews.it\/wordpress\/maria-grazia-loddo-modella-e-fotomodella\/","title":{"rendered":"Intervista a Maria Grazia Loddo, modella, fotomodella e appassionata di motori."},"content":{"rendered":"<p><strong>Maria Grazia, grazie per la tua disponibilit\u00e0 a concedere questa intervista.<\/strong><br \/>\n\u201cE\u2019 sempre un piacere\u201d.<\/p>\n<p><strong>Chi \u00e8 Maria Grazia Loddo, ti vuoi presentare ?<\/strong><br \/>\n\u201cDiciamo che sono una qualunque che fa un lavoro diverso dagli altri, ma che non si \u00e8 mai fatta trascinare dagli eventi e che non ha fatto della sua passione il suo stile di vita. Un po\u2019 complicata \u201d.<\/p>\n<p><strong>La gente desidera sapere cosa spinga una ragazza a mettersi in gioco e farsi fotografare. Tu come hai iniziato e pensi che essendo sarda la tua attivit\u00e0 sia stata agevolata o svantaggiata?<\/strong><br \/>\n\u201cIo ho iniziato da Miss Italia tantissimi anni fa. Poi qualche scatto con fotografi che principalmente facevano glamour e che mi hanno \u201ccontagiato\u201d l\u2019entusiasmo per questo mondo. Io per scelta ho deciso di stare in Sardegna, e son stata costretta a tour de force allucinanti per poter far fede a tutti gli impegni che avevo in continente, un inferno. Probabilmente se fossi nata in un altro posto sarei diventata qualcosa di pi\u00f9. Ma pur di stare nella mia terra rinuncio a tutto \uf04a\u201d.<\/p>\n<div id=\"attachment_121\" style=\"width: 210px\" class=\"wp-caption alignright\"><a href=\"http:\/\/nonsolomodanews.files.wordpress.com\/2013\/04\/glam-2013r.jpg\"><img loading=\"lazy\" decoding=\"async\" aria-describedby=\"caption-attachment-121\" class=\"size-medium wp-image-121\" alt=\"Ph.Luca Cossu - Maria Grazia Loddo\" src=\"http:\/\/nonsolomodanews.files.wordpress.com\/2013\/04\/glam-2013r.jpg?w=200\" width=\"200\" height=\"300\" \/><\/a><p id=\"caption-attachment-121\" class=\"wp-caption-text\">Ph.Luca Cossu &#8211; Maria Grazia Loddo<\/p><\/div>\n<p><strong>Cosa cerchi in un fotografo? Ci puoi parlare delle tue esperienze?<\/strong><br \/>\n\u201cPrincipalmente do e chiedo seriet\u00e0, collaborazione senza secondi fini. Al giorno d\u2019oggi bisogna sempre affidarsi a professionisti e non al primo \u201cportatore sano di reflex\u201d che si spaccia fotografo. Il rapporto tra modella e fotografo \u00e8 un po\u2019 come quello tra pilota e navigatore, l\u2019errore di una delle parti pu\u00f2 creare gravi conseguenze ad entrambi! Non con tutti ho avuto la stessa intesa, ci son fotografi con cui scatto da diverso tempo e che ancora non ho inquadrato o meglio, non sono riusciti ancora a conquistarmi. Con altri \u00e8 stato amore a prima vista. Le esperienze negative fortunatamente son state poche, pi\u00f9 che altro legate al fatto che in tanti credono che in Sardegna abbiamo ancora l\u2019anello al naso, scoprendo poi che in realt\u00e0, sotto tanti punti di vista, siamo molto pi\u00f9 avanti di loro\u201d.<\/p>\n<p><strong>Quando hai iniziato a calcare i set fotografici qual era il pensiero dominante prima &#8211; durante e dopo lo scatto, se ne hai avuto uno? Qual \u00e8 stato il tuo percorso professionale?<\/strong><br \/>\n\u201cGli inizi, soprattutto per il nudo, son stati difficilissimi. La notte prima dello shooting non chiudevo occhio, immaginandomi cosa potesse succedere. Poi una volta sul set la tensione spariva, anche perch\u00e9 capivo che in realt\u00e0 per il fotografo ero solo un soggetto qualunque da fotografare! Ora dopo tutti questi anni, quando so di avere uno shooting mi preparo qualche giorno prima, studio le pose che mi serviranno per avere quel particolare scatto che mi occorre, faccio esercizi di mimica per correggere l\u2019espressione del viso che cambia di giorno in giorno (in pochi lo sanno), e cerco di dormire il pi\u00f9 possibile\u2026 poi ascolto musica per trovare l\u2019ispirazione\u201d.<\/p>\n<p><strong>L&#8217;aspetto fisico e le misure 95-67-92 quanto hanno avuto importanza nella tua scelta di fare la modella, c&#8217;\u00e8 stato qualcuno in famiglia che ti ha aiutato in questa professione?<\/strong><br \/>\n\u201cHo fatto tutto da sola. Diciamo che nessuno si \u00e8 mai intromesso n\u00e9 in positivo n\u00e9 in negativo nelle mie scelte, anche se, ovviamente, considerando il posto dove vivo, la preoccupazione maggiore per tutti era quella del: \u201c e ora cosa diranno di te?\u201d ma io me ne sono sempre fregata e ho continuato a svolgere la mia vita in modo assolutamente normale. Lascio alla gente le proprie convinzioni da ignoranti e retrogradi\u201d.<\/p>\n<p><strong>Che cosa apprezzi di pi\u00f9 del tuo fisico, la parte fisica che ti piace di pi\u00f9 o che viene apprezzata dai tuoi fans?<\/strong><br \/>\n\u201cIo sono molto critica nei miei confronti, infatti ogni vota che passo un casting o vinco qualche selezione mi chiedo \u201cma come cavolo ho fatto???!!!\u201d \u2026 non c\u2019\u00e8 una parte del corpo che prediligo in realt\u00e0, credo nell\u2019armoniosit\u00e0 del fisico nella sua totalit\u00e0. I miei fan non saprei, chiedetelo a loro \uf04a\u201d.<\/p>\n<p><strong>Lo chiederemo.Che cosa apprezzi di pi\u00f9 del tuo lavoro e cosa di meno?<\/strong><br \/>\n\u201cApprezzo il fatto che ci si riesce a mettere in gioco sempre. Da poco ho avuto un grosso lutto in famiglia, un\u2019esperienza devastante, che all\u2019inizio ho avuto difficolt\u00e0 a superare. Il mio lavoro \u00e8 stato un toccasana, non so come sarei finita sinceramente senza di lui\u2026.il brutto \u00e8 che sei sempre sulla bocca di tutti, sei vittima di calunnie e invidie a non finire, che hanno messo a repentaglio la mia vita sentimentale e quella privata. Alla fine diventi talmente forte che non ti fa pi\u00f9 male nulla\u201d.<\/p>\n<div id=\"attachment_120\" style=\"width: 235px\" class=\"wp-caption alignright\"><a href=\"http:\/\/nonsolomodanews.files.wordpress.com\/2013\/04\/glam-2r.jpg\"><img loading=\"lazy\" decoding=\"async\" aria-describedby=\"caption-attachment-120\" class=\"size-medium wp-image-120\" alt=\"Ph.Luca Cossu - Maria Grazia Loddo\" src=\"http:\/\/nonsolomodanews.files.wordpress.com\/2013\/04\/glam-2r.jpg?w=225\" width=\"225\" height=\"300\" srcset=\"https:\/\/www.nonsolomodanews.it\/wordpress\/wp-content\/uploads\/2013\/04\/glam-2r.jpg 3024w, https:\/\/www.nonsolomodanews.it\/wordpress\/wp-content\/uploads\/2013\/04\/glam-2r-226x300.jpg 226w, https:\/\/www.nonsolomodanews.it\/wordpress\/wp-content\/uploads\/2013\/04\/glam-2r-771x1024.jpg 771w, https:\/\/www.nonsolomodanews.it\/wordpress\/wp-content\/uploads\/2013\/04\/glam-2r-1080x1434.jpg 1080w\" sizes=\"auto, (max-width: 225px) 100vw, 225px\" \/><\/a><p id=\"caption-attachment-120\" class=\"wp-caption-text\">Ph.Luca Cossu &#8211; Maria Grazia Loddo<\/p><\/div>\n<p><strong>Ci spiace e ti facciamo le pi\u00f9 sentite condoglianze.<\/strong><br \/>\nOltre ad essere tenacia e testarda (come ti sei definita tempo fa), quali sono altri punti forti del tuo carattere?<br \/>\n\u201cSono abbastanza diplomatica e paziente\u201d.<\/p>\n<p><strong>Quali sono i tuoi generi e quale o quali ti piacciono di pi\u00f9?<\/strong><br \/>\n\u201cIl glamour in prima linea, poi tutti gli altri anche se meno\u201d.<\/p>\n<p><strong>Nuoro \u00e8 la citt\u00e0 dove vivi, come ti trovi? La consideri una citt\u00e0 che d\u00e0 soddisfazioni oppure preferiresti spostarti e cercare fortuna da altre parti?<\/strong><br \/>\n\u201cAll\u2019inizio non uscivo nemmeno per fare la spesa. Quando il mio nome ha iniziato un po\u2019 a girare tra stampa locale e internet, molti concittadini si son divertiti ad affibbiarmi i nomignoli pi\u00f9 disparati e cose del genere. Alcuni hanno ancora il cervello nelle caverne. Altri sparlavano di me ma facevano di tutto per avere il mio numero di telefono o un incontro privato, pur avendo moglie e prole. Tuttora qualcuno ci crede ancora. Quello che mi ha sempre fregato \u00e8 l\u2019attaccamento alla Sardegna. E\u2019 pi\u00f9 forte di me\u201d.<\/p>\n<p><strong>Cosa significa vivere in una regione circondata dal mare e che ha spiagge bellissime che fanno invidia alle Maldive? Che rapporto hai tu con il mare?<\/strong><br \/>\n\u201clo adoro, non riuscirei mai a starci lontana. Adoro anche andare in spiaggia di notte, stare a guardare il mare e pensare\u201d.<\/p>\n<p><strong>Recentemente ha frequentato il corso il primo corso di conduttore e navigatore. Appassionata di auto?<\/strong><br \/>\n\u201cSono cresciuta in mezzo ai motori, mio zio era un pilota professionista, mio nonno meccanico. Ad ogni gara ci alzavamo tutti prestissimo per prendere i posti migliori sul percorso, era sempre una festa. Insomma non poteva che andare cos\u00ec \uf04a\u201d.<\/p>\n<div id=\"attachment_122\" style=\"width: 210px\" class=\"wp-caption alignright\"><a href=\"http:\/\/nonsolomodanews.files.wordpress.com\/2013\/04\/skin.jpg\"><img loading=\"lazy\" decoding=\"async\" aria-describedby=\"caption-attachment-122\" class=\"size-medium wp-image-122\" alt=\"Ph.Luca Cossu - Maria Grazia Loddo\" src=\"http:\/\/nonsolomodanews.files.wordpress.com\/2013\/04\/skin.jpg?w=200\" width=\"200\" height=\"300\" srcset=\"https:\/\/www.nonsolomodanews.it\/wordpress\/wp-content\/uploads\/2013\/04\/skin.jpg 4016w, https:\/\/www.nonsolomodanews.it\/wordpress\/wp-content\/uploads\/2013\/04\/skin-200x300.jpg 200w, https:\/\/www.nonsolomodanews.it\/wordpress\/wp-content\/uploads\/2013\/04\/skin-684x1024.jpg 684w, https:\/\/www.nonsolomodanews.it\/wordpress\/wp-content\/uploads\/2013\/04\/skin-1080x1618.jpg 1080w\" sizes=\"auto, (max-width: 200px) 100vw, 200px\" \/><\/a><p id=\"caption-attachment-122\" class=\"wp-caption-text\">Ph.Luca Cossu &#8211; Maria Grazia Loddo<\/p><\/div>\n<p><strong>Se ti venisse offerto di effettuare un servizio in &#8220;continente&#8221; su auto da corsa e poi metterti alla guida e provare l&#8217;ebbrezza della velocit\u00e0, quale sarebbe la tua risposta?<\/strong><br \/>\n\u201cCi vado nuotando :D\u201d.<\/p>\n<p><strong>Allora invitiamo i nostri amici lettori che hanno una scuderia di auto da corsa di farsi avanti \ud83d\ude42<\/strong><\/p>\n<p><strong>Qual \u00e8 il rapporto con i socialnetwork come Facebook, twitter? Tu sei sempre collegata oppure ogni tanto stacchi?<\/strong><br \/>\n\u201cDiciamo che sono stati i mezzi che mi hanno resa popolare, non sono paranoica ma li utilizzo sempre!\u201d.<\/p>\n<p><strong>Cosa vuoi dire ai tuoi fans?<\/strong><br \/>\n\u201cGrazie per la stima che mi dimostrano, e i numeri parlano da soli!!!\u201d.<\/p>\n<p><strong>Grazie a nome mio e dei lettori per la tua disponibilit\u00e0 e cortesia.<\/strong><\/p>\n","protected":false},"excerpt":{"rendered":"<p>Maria Grazia, grazie per la tua disponibilit&agrave; a concedere questa intervista. &ldquo;E&rsquo; sempre un piacere&rdquo;. Chi &egrave; Maria Grazia Loddo, ti vuoi presentare ? &ldquo;Diciamo che sono una qualunque che fa un lavoro diverso dagli altri, ma che non si &egrave; mai fatta trascinare dagli eventi e che non ha fatto della sua passione il suo stile di vita. Un po&rsquo; complicata &rdquo;. La gente desidera sapere cosa spinga una ragazza a mettersi in gioco e farsi fotografare. Tu come hai iniziato e pensi che essendo sarda la tua attivit&agrave; sia stata agevolata o svantaggiata? &ldquo;Io ho iniziato da Miss Italia tantissimi anni fa. Poi qualche scatto con fotografi che principalmente facevano glamour e che mi hanno &ldquo;contagiato&rdquo; l&rsquo;entusiasmo per questo mondo. Io per scelta ho deciso di stare in Sardegna, e son stata costretta a tour de force allucinanti per poter far fede a tutti gli impegni che avevo in continente, un inferno. Probabilmente se fossi nata in un altro posto sarei diventata qualcosa di pi&ugrave;. Ma pur di stare nella mia terra rinuncio a tutto &#61514;&rdquo;. Cosa cerchi in un fotografo? Ci puoi parlare delle tue esperienze? &ldquo;Principalmente do e chiedo seriet&agrave;, collaborazione senza secondi fini. Al giorno [&hellip;]<\/p>\n","protected":false},"author":1,"featured_media":0,"comment_status":"open","ping_status":"open","sticky":false,"template":"","format":"standard","meta":{"rop_custom_images_group":[],"rop_custom_messages_group":[],"rop_publish_now":"initial","rop_publish_now_accounts":[],"rop_publish_now_history":[],"rop_publish_now_status":"pending","footnotes":""},"categories":[16],"tags":[578,585,588,915],"class_list":["post-6","post","type-post","status-publish","format-standard","hentry","category-articolo","tag-foto","tag-fotografia","tag-fotomodella","tag-maria-grazia-loddo"],"_links":{"self":[{"href":"https:\/\/www.nonsolomodanews.it\/wordpress\/wp-json\/wp\/v2\/posts\/6","targetHints":{"allow":["GET"]}}],"collection":[{"href":"https:\/\/www.nonsolomodanews.it\/wordpress\/wp-json\/wp\/v2\/posts"}],"about":[{"href":"https:\/\/www.nonsolomodanews.it\/wordpress\/wp-json\/wp\/v2\/types\/post"}],"author":[{"embeddable":true,"href":"https:\/\/www.nonsolomodanews.it\/wordpress\/wp-json\/wp\/v2\/users\/1"}],"replies":[{"embeddable":true,"href":"https:\/\/www.nonsolomodanews.it\/wordpress\/wp-json\/wp\/v2\/comments?post=6"}],"version-history":[{"count":0,"href":"https:\/\/www.nonsolomodanews.it\/wordpress\/wp-json\/wp\/v2\/posts\/6\/revisions"}],"wp:attachment":[{"href":"https:\/\/www.nonsolomodanews.it\/wordpress\/wp-json\/wp\/v2\/media?parent=6"}],"wp:term":[{"taxonomy":"category","embeddable":true,"href":"https:\/\/www.nonsolomodanews.it\/wordpress\/wp-json\/wp\/v2\/categories?post=6"},{"taxonomy":"post_tag","embeddable":true,"href":"https:\/\/www.nonsolomodanews.it\/wordpress\/wp-json\/wp\/v2\/tags?post=6"}],"curies":[{"name":"wp","href":"https:\/\/api.w.org\/{rel}","templated":true}]}}