{"id":5773,"date":"2014-07-20T06:34:52","date_gmt":"2014-07-20T06:34:52","guid":{"rendered":"http:\/\/nonsolomodanews.com\/?p=5773"},"modified":"2014-07-20T06:34:52","modified_gmt":"2014-07-20T06:34:52","slug":"nonsolomodanews-incontra-la-giovane-modella-ylenia-nardo","status":"publish","type":"post","link":"https:\/\/www.nonsolomodanews.it\/wordpress\/nonsolomodanews-incontra-la-giovane-modella-ylenia-nardo\/","title":{"rendered":"Nonsolomodanews incontra la giovane modella Ylenia Nardo. Grande passione per le passerelle di moda ma con una amore per la fotografia."},"content":{"rendered":"\n\t\t<style>\n\t\t\t#gallery-1 {\n\t\t\t\tmargin: auto;\n\t\t\t}\n\t\t\t#gallery-1 .gallery-item {\n\t\t\t\tfloat: left;\n\t\t\t\tmargin-top: 10px;\n\t\t\t\ttext-align: center;\n\t\t\t\twidth: 33%;\n\t\t\t}\n\t\t\t#gallery-1 img {\n\t\t\t\tborder: 2px solid #cfcfcf;\n\t\t\t}\n\t\t\t#gallery-1 .gallery-caption {\n\t\t\t\tmargin-left: 0;\n\t\t\t}\n\t\t\t\/* see gallery_shortcode() in wp-includes\/media.php *\/\n\t\t<\/style>\n\t\t<div id='gallery-1' class='gallery galleryid-5773 gallery-columns-3 gallery-size-thumbnail'><dl class='gallery-item'>\n\t\t\t<dt class='gallery-icon landscape'>\n\t\t\t\t<a href='https:\/\/www.nonsolomodanews.it\/wordpress\/nonsolomodanews-incontra-la-giovane-modella-ylenia-nardo\/_igp2735\/'><img loading=\"lazy\" decoding=\"async\" width=\"150\" height=\"150\" src=\"https:\/\/www.nonsolomodanews.it\/wordpress\/wp-content\/uploads\/2014\/07\/igp2735-150x150.jpg\" class=\"attachment-thumbnail size-thumbnail\" alt=\"\" aria-describedby=\"gallery-1-5774\" \/><\/a>\n\t\t\t<\/dt>\n\t\t\t\t<dd class='wp-caption-text gallery-caption' id='gallery-1-5774'>\n\t\t\t\tYlenia Nardo\n\t\t\t\t<\/dd><\/dl><dl class='gallery-item'>\n\t\t\t<dt class='gallery-icon landscape'>\n\t\t\t\t<a href='https:\/\/www.nonsolomodanews.it\/wordpress\/nonsolomodanews-incontra-la-giovane-modella-ylenia-nardo\/1618292_10203802369368023_5268912848662001285_o\/'><img loading=\"lazy\" decoding=\"async\" width=\"150\" height=\"150\" src=\"https:\/\/www.nonsolomodanews.it\/wordpress\/wp-content\/uploads\/2014\/07\/1618292_10203802369368023_5268912848662001285_o-150x150.jpg\" class=\"attachment-thumbnail size-thumbnail\" alt=\"\" aria-describedby=\"gallery-1-5777\" \/><\/a>\n\t\t\t<\/dt>\n\t\t\t\t<dd class='wp-caption-text gallery-caption' id='gallery-1-5777'>\n\t\t\t\t Ylenia Nardo\n\t\t\t\t<\/dd><\/dl><dl class='gallery-item'>\n\t\t\t<dt class='gallery-icon portrait'>\n\t\t\t\t<a href='https:\/\/www.nonsolomodanews.it\/wordpress\/nonsolomodanews-incontra-la-giovane-modella-ylenia-nardo\/10524827_4295972412940_1914434574_n\/'><img loading=\"lazy\" decoding=\"async\" width=\"150\" height=\"150\" src=\"https:\/\/www.nonsolomodanews.it\/wordpress\/wp-content\/uploads\/2014\/07\/10524827_4295972412940_1914434574_n-150x150.jpg\" class=\"attachment-thumbnail size-thumbnail\" alt=\"\" aria-describedby=\"gallery-1-5780\" \/><\/a>\n\t\t\t<\/dt>\n\t\t\t\t<dd class='wp-caption-text gallery-caption' id='gallery-1-5780'>\n\t\t\t\t Ylenia Nardo\n\t\t\t\t<\/dd><\/dl><br style=\"clear: both\" \/><dl class='gallery-item'>\n\t\t\t<dt class='gallery-icon portrait'>\n\t\t\t\t<a href='https:\/\/www.nonsolomodanews.it\/wordpress\/nonsolomodanews-incontra-la-giovane-modella-ylenia-nardo\/10389705_10203088144997072_2614043961473974244_n\/'><img loading=\"lazy\" decoding=\"async\" width=\"150\" height=\"150\" src=\"https:\/\/www.nonsolomodanews.it\/wordpress\/wp-content\/uploads\/2014\/07\/10389705_10203088144997072_2614043961473974244_n-150x150.jpg\" class=\"attachment-thumbnail size-thumbnail\" alt=\"\" aria-describedby=\"gallery-1-5778\" \/><\/a>\n\t\t\t<\/dt>\n\t\t\t\t<dd class='wp-caption-text gallery-caption' id='gallery-1-5778'>\n\t\t\t\t Ylenia Nardo\n\t\t\t\t<\/dd><\/dl><dl class='gallery-item'>\n\t\t\t<dt class='gallery-icon landscape'>\n\t\t\t\t<a href='https:\/\/www.nonsolomodanews.it\/wordpress\/nonsolomodanews-incontra-la-giovane-modella-ylenia-nardo\/img_4270\/'><img loading=\"lazy\" decoding=\"async\" width=\"150\" height=\"150\" src=\"https:\/\/www.nonsolomodanews.it\/wordpress\/wp-content\/uploads\/2014\/07\/img_4270-150x150.jpg\" class=\"attachment-thumbnail size-thumbnail\" alt=\"\" aria-describedby=\"gallery-1-5781\" \/><\/a>\n\t\t\t<\/dt>\n\t\t\t\t<dd class='wp-caption-text gallery-caption' id='gallery-1-5781'>\n\t\t\t\t Ylenia Nardo\n\t\t\t\t<\/dd><\/dl><dl class='gallery-item'>\n\t\t\t<dt class='gallery-icon portrait'>\n\t\t\t\t<a href='https:\/\/www.nonsolomodanews.it\/wordpress\/nonsolomodanews-incontra-la-giovane-modella-ylenia-nardo\/1004699_10201775386494718_1028522162_n\/'><img loading=\"lazy\" decoding=\"async\" width=\"150\" height=\"150\" src=\"https:\/\/www.nonsolomodanews.it\/wordpress\/wp-content\/uploads\/2014\/07\/1004699_10201775386494718_1028522162_n-150x150.jpg\" class=\"attachment-thumbnail size-thumbnail\" alt=\"\" aria-describedby=\"gallery-1-5775\" \/><\/a>\n\t\t\t<\/dt>\n\t\t\t\t<dd class='wp-caption-text gallery-caption' id='gallery-1-5775'>\n\t\t\t\t Ylenia Nardo\n\t\t\t\t<\/dd><\/dl><br style=\"clear: both\" \/><dl class='gallery-item'>\n\t\t\t<dt class='gallery-icon portrait'>\n\t\t\t\t<a href='https:\/\/www.nonsolomodanews.it\/wordpress\/nonsolomodanews-incontra-la-giovane-modella-ylenia-nardo\/img_4512\/'><img loading=\"lazy\" decoding=\"async\" width=\"150\" height=\"150\" src=\"https:\/\/www.nonsolomodanews.it\/wordpress\/wp-content\/uploads\/2014\/07\/img_4512-150x150.jpg\" class=\"attachment-thumbnail size-thumbnail\" alt=\"\" aria-describedby=\"gallery-1-5782\" \/><\/a>\n\t\t\t<\/dt>\n\t\t\t\t<dd class='wp-caption-text gallery-caption' id='gallery-1-5782'>\n\t\t\t\t Ylenia Nardo\n\t\t\t\t<\/dd><\/dl><dl class='gallery-item'>\n\t\t\t<dt class='gallery-icon portrait'>\n\t\t\t\t<a href='https:\/\/www.nonsolomodanews.it\/wordpress\/nonsolomodanews-incontra-la-giovane-modella-ylenia-nardo\/10462355_10203088033794292_5134011124026271352_n\/'><img loading=\"lazy\" decoding=\"async\" width=\"150\" height=\"150\" src=\"https:\/\/www.nonsolomodanews.it\/wordpress\/wp-content\/uploads\/2014\/07\/10462355_10203088033794292_5134011124026271352_n-150x150.jpg\" class=\"attachment-thumbnail size-thumbnail\" alt=\"\" aria-describedby=\"gallery-1-5779\" \/><\/a>\n\t\t\t<\/dt>\n\t\t\t\t<dd class='wp-caption-text gallery-caption' id='gallery-1-5779'>\n\t\t\t\t Ylenia Nardo\n\t\t\t\t<\/dd><\/dl><dl class='gallery-item'>\n\t\t\t<dt class='gallery-icon portrait'>\n\t\t\t\t<a href='https:\/\/www.nonsolomodanews.it\/wordpress\/nonsolomodanews-incontra-la-giovane-modella-ylenia-nardo\/img_4688\/'><img loading=\"lazy\" decoding=\"async\" width=\"150\" height=\"150\" src=\"https:\/\/www.nonsolomodanews.it\/wordpress\/wp-content\/uploads\/2014\/07\/img_4688-150x150.jpg\" class=\"attachment-thumbnail size-thumbnail\" alt=\"\" aria-describedby=\"gallery-1-5783\" \/><\/a>\n\t\t\t<\/dt>\n\t\t\t\t<dd class='wp-caption-text gallery-caption' id='gallery-1-5783'>\n\t\t\t\t Ylenia Nardo\n\t\t\t\t<\/dd><\/dl><br style=\"clear: both\" \/><dl class='gallery-item'>\n\t\t\t<dt class='gallery-icon landscape'>\n\t\t\t\t<a href='https:\/\/www.nonsolomodanews.it\/wordpress\/nonsolomodanews-incontra-la-giovane-modella-ylenia-nardo\/1233993_227623504062089_107665053_n\/'><img loading=\"lazy\" decoding=\"async\" width=\"150\" height=\"150\" src=\"https:\/\/www.nonsolomodanews.it\/wordpress\/wp-content\/uploads\/2014\/07\/1233993_227623504062089_107665053_n-150x150.jpg\" class=\"attachment-thumbnail size-thumbnail\" alt=\"\" aria-describedby=\"gallery-1-5776\" \/><\/a>\n\t\t\t<\/dt>\n\t\t\t\t<dd class='wp-caption-text gallery-caption' id='gallery-1-5776'>\n\t\t\t\t Ylenia Nardo\n\t\t\t\t<\/dd><\/dl>\n\t\t\t<br style='clear: both' \/>\n\t\t<\/div>\n\n<p class=\"PlainText\" style=\"text-align:justify;\">Y<span style=\"color:#000000;\">lenia ha poco pi\u00f9 di 20 anni ma una cosa \u00e8 sicura. Da grande vuole calcare le pi\u00f9 importanti passerelle di moda del mondo. Difficile ma non impossibile per la giovane modella siciliana che si sta facendo conoscere ed apprezzare nel mondo della moda. Le piace posare e stare davanti all&#8217;obiettivo del fotografo e per questo non fa differenza tra lo studio e location all&#8217;aperto. Come ama dire lei, le piace posare. punto!. Amante della propria terra, Ylenia ha recentemente sfilato a Roma. La ringraziamo per avere\u00a0concesso questa intervista a <strong>Nonsolomodanews<\/strong>. Auguriamo ai nostri lettori buona lettura.<\/span><\/p>\n<div id=\"attachment_5781\" style=\"width: 650px\" class=\"wp-caption alignleft\"><a href=\"https:\/\/nonsolomodanews.files.wordpress.com\/2014\/07\/img_4270.jpg\"><img loading=\"lazy\" decoding=\"async\" aria-describedby=\"caption-attachment-5781\" class=\"size-large wp-image-5781\" src=\"http:\/\/nonsolomodanews.files.wordpress.com\/2014\/07\/img_4270.jpg?w=640\" alt=\" Ylenia Nardo\" width=\"640\" height=\"426\" srcset=\"https:\/\/www.nonsolomodanews.it\/wordpress\/wp-content\/uploads\/2014\/07\/img_4270.jpg 5184w, https:\/\/www.nonsolomodanews.it\/wordpress\/wp-content\/uploads\/2014\/07\/img_4270-300x200.jpg 300w, https:\/\/www.nonsolomodanews.it\/wordpress\/wp-content\/uploads\/2014\/07\/img_4270-1024x683.jpg 1024w, https:\/\/www.nonsolomodanews.it\/wordpress\/wp-content\/uploads\/2014\/07\/img_4270-1080x720.jpg 1080w\" sizes=\"auto, (max-width: 640px) 100vw, 640px\" \/><\/a><p id=\"caption-attachment-5781\" class=\"wp-caption-text\">Ylenia Nardo<\/p><\/div>\n<p class=\"PlainText\" style=\"text-align:justify;\"><span style=\"color:#000000;\"><b>Ciao Ylenia ti vuoi presentare<\/b><i>&#8220;Ciao sono Ylenia Nardo, sono nata il 23 Gennaio 1993 a Siracusa, la citt\u00e0 d arte\u2026Le mie misure sono: taglia 38\/40, seno 82, fianchi 87, vita 65, scarpa 38 e altezza1.75, colore di capelli: castano chiaro lunghi fino a meta schiena e occhi verdi cerulei.\u00a0 Ho conseguito la maturit\u00e0 Socio Psico-pedagogica, per adesso non studio, ma cerco una posizione e un ruolo nel campo della moda&#8221;.<\/i><\/span><\/p>\n<p class=\"PlainText\" style=\"text-align:justify;\"><b><i>Ciao Ylenia, dopo la tua presentazione, come sei di carattere?\u00a0<\/i><\/b><i>&#8220;Inizio dicendo che sono una buongustaia, credo profondamente nell\u2019amicizia vera e odio i finti moralisti e le persone che indossano continuamente delle maschere per apparire\u00a0 e non essere. Sono molto legata alla famiglia, alle origini e alla mia stupenda terra: LA SICILIA.\u00a0<\/i><i>Ho un caratterino acceso, ma sono determinata e porto a termine ogni obiettivo che mi prefisso. Sono sensibile e amorevole con le persone, perche mi piace donare senza avere nulla in cambio&#8221;.<\/i><\/p>\n<div id=\"attachment_5778\" style=\"width: 650px\" class=\"wp-caption alignleft\"><a href=\"https:\/\/nonsolomodanews.files.wordpress.com\/2014\/07\/10389705_10203088144997072_2614043961473974244_n.jpg\"><img loading=\"lazy\" decoding=\"async\" aria-describedby=\"caption-attachment-5778\" class=\"size-full wp-image-5778\" src=\"http:\/\/nonsolomodanews.files.wordpress.com\/2014\/07\/10389705_10203088144997072_2614043961473974244_n.jpg\" alt=\" Ylenia Nardo\" width=\"640\" height=\"960\" srcset=\"https:\/\/www.nonsolomodanews.it\/wordpress\/wp-content\/uploads\/2014\/07\/10389705_10203088144997072_2614043961473974244_n.jpg 640w, https:\/\/www.nonsolomodanews.it\/wordpress\/wp-content\/uploads\/2014\/07\/10389705_10203088144997072_2614043961473974244_n-200x300.jpg 200w\" sizes=\"auto, (max-width: 640px) 100vw, 640px\" \/><\/a><p id=\"caption-attachment-5778\" class=\"wp-caption-text\">Ylenia Nardo<\/p><\/div>\n<p class=\"PlainText\" style=\"text-align:justify;\"><span style=\"color:#000000;\"><b><i>Che cosa non sopporti delle persone e perch\u00e8? <\/i><\/b><i>&#8220;Non tollero direi, l\u2019arroganza, la superiorit\u00e0 e la mancanza di rispetto\u2026.Perche li ritengo 3 aspetti negativi della personalit\u00e0&#8221;.<\/i><\/span><\/p>\n<p class=\"PlainText\" style=\"text-align:justify;\"><b><i>Un tuo pregio? <\/i><\/b><i>&#8220;l\u2019eleganza e il portamento&#8221;.<\/i><\/p>\n<p class=\"PlainText\" style=\"text-align:justify;\"><b><i>Sei una persona curiosa? <\/i><\/b><i>&#8220;Sono curiosa, ma entro i limiti\u2026&#8221;.<\/i><\/p>\n<p class=\"PlainText\"><b><i>Qual \u00e8 il tuo colore preferito? <\/i><\/b><i>&#8220;Il mio colore preferito \u00e8 un contrasto tra bianco\/nero&#8221;.<\/i><\/p>\n<p class=\"PlainText\"><b><i>Fiore preferito? <\/i><\/b><i>&#8220;Il tulipano&#8221;..<\/i><\/p>\n<div id=\"attachment_5782\" style=\"width: 210px\" class=\"wp-caption alignleft\"><a href=\"https:\/\/nonsolomodanews.files.wordpress.com\/2014\/07\/img_4512.jpg\"><img loading=\"lazy\" decoding=\"async\" aria-describedby=\"caption-attachment-5782\" class=\"size-medium wp-image-5782\" src=\"http:\/\/nonsolomodanews.files.wordpress.com\/2014\/07\/img_4512.jpg?w=200\" alt=\" Ylenia Nardo\" width=\"200\" height=\"300\" srcset=\"https:\/\/www.nonsolomodanews.it\/wordpress\/wp-content\/uploads\/2014\/07\/img_4512.jpg 3456w, https:\/\/www.nonsolomodanews.it\/wordpress\/wp-content\/uploads\/2014\/07\/img_4512-200x300.jpg 200w, https:\/\/www.nonsolomodanews.it\/wordpress\/wp-content\/uploads\/2014\/07\/img_4512-683x1024.jpg 683w, https:\/\/www.nonsolomodanews.it\/wordpress\/wp-content\/uploads\/2014\/07\/img_4512-1080x1620.jpg 1080w\" sizes=\"auto, (max-width: 200px) 100vw, 200px\" \/><\/a><p id=\"caption-attachment-5782\" class=\"wp-caption-text\">Ylenia Nardo<\/p><\/div>\n<p class=\"PlainText\"><b><i>Cantante preferito? <\/i><\/b><i>&#8220;Adoro Biagio Antonacci&#8221;.<\/i><\/p>\n<p class=\"PlainText\"><b><i>Animale preferito e perch\u00e8? <\/i><\/b><i>&#8220;Beh, il mio animale preferito e la pantera, \u00a0passo felino e i suoi colori contrastanti&#8230;&#8221;<\/i><\/p>\n<p class=\"PlainText\" style=\"text-align:justify;\"><b><i>Sei una sportiva? <\/i><\/b><i>&#8220;Si e tifosissima della mia Inter e poi personalmente pi\u00f9 che l\u2019aspetto sportivo ho curato l\u2019aspetto artistico\/sportivo ho fatto danza classica per 15 anni\u2026.&#8221;.<\/i><\/p>\n<p class=\"PlainText\" style=\"text-align:justify;\"><b><i>La Sicilia ha sia il mare che la montagna, tu sei per il mare o la montagna? <\/i><\/b><i>&#8220;Sono pi\u00f9 per il mare perche mi rilassa ma i miei hanno deciso di comprare una casetta in\u00a0 montagna\u2026.ahahah la mia parola e valsa tanto\u2026.&#8221;.<\/i><\/p>\n<p class=\"PlainText\" style=\"text-align:justify;\"><b><i>A livello fotografico quando hai iniziato a posare? <\/i><\/b><i>&#8220;A livello fotografico ho iniziato a posare a 18 anni con il mio primo book pre-18\u2026.&#8221;.<\/i><\/p>\n<p class=\"PlainText\" style=\"text-align:justify;\"><b><i>Tu sfili anche, cosa provi quando calchi la passerella? <\/i><\/b><i>&#8220;Coco Chanel disse \u201cogni giorno \u00e8 una sfilata e il mondo \u00e8 la tua passerella\u201d\u2026.aggiungo che ogni passerella ha un mondo a se e che nel suo interno, c\u2019\u00e8 una vita di emozioni. &#8220;.<\/i><\/p>\n<p class=\"PlainText\" style=\"text-align:justify;\"><b><i>Quali sono le tue sensazioni quando vieni fotografata? <\/i><\/b><i>&#8221; E\u2019 un insieme di sensazioni particolari, non saprei nemmeno spiegarle a dire il vero, ma credo che un modo per capire queste sensazioni \u00e8 il risultato delle foto stesse. &#8220;.<\/i><\/p>\n<p class=\"PlainText\" style=\"text-align:justify;\"><b><i>In una tua fotografia di ritratto che cosa noti immediatamente? <\/i><\/b><i>&#8220;Gli occhi, l\u2019espressione, da qui la voglia e la professionalit\u00e0 che esprimi. &#8220;.<\/i><\/p>\n<div id=\"attachment_5779\" style=\"width: 209px\" class=\"wp-caption alignright\"><a href=\"https:\/\/nonsolomodanews.files.wordpress.com\/2014\/07\/10462355_10203088033794292_5134011124026271352_n.jpg\"><img loading=\"lazy\" decoding=\"async\" aria-describedby=\"caption-attachment-5779\" class=\"size-medium wp-image-5779\" src=\"http:\/\/nonsolomodanews.files.wordpress.com\/2014\/07\/10462355_10203088033794292_5134011124026271352_n.jpg?w=199\" alt=\" Ylenia Nardo\" width=\"199\" height=\"300\" srcset=\"https:\/\/www.nonsolomodanews.it\/wordpress\/wp-content\/uploads\/2014\/07\/10462355_10203088033794292_5134011124026271352_n.jpg 639w, https:\/\/www.nonsolomodanews.it\/wordpress\/wp-content\/uploads\/2014\/07\/10462355_10203088033794292_5134011124026271352_n-200x300.jpg 200w\" sizes=\"auto, (max-width: 199px) 100vw, 199px\" \/><\/a><p id=\"caption-attachment-5779\" class=\"wp-caption-text\">Ylenia Nardo<\/p><\/div>\n<p class=\"PlainText\" style=\"text-align:justify;\"><b><i>Il mondo della fotografia \u00e8 come lo immaginavi prima di farne parte? <\/i><\/b><i>&#8220;Beh lo immaginavo diversamente ma ho potuto constatare che \u00e8 un mondo infinito nella sua tecnica\u00a0 e ricco di fantasia, ma non \u00e8 facile, credo che addirittura siano necessarie doti naturali&#8221;.<\/i><\/p>\n<p class=\"PlainText\" style=\"text-align:justify;\"><b><i>Quali sono i generi fotografici che preferisci? <\/i><\/b><i>&#8220;Glamour, moda mare ed elegante&#8221;.<\/i><\/p>\n<p class=\"PlainText\" style=\"text-align:justify;\"><b><i>Preferisci posare in studio, in particolari location o all\u2019aperto? <\/i><\/b><i>&#8220;Mi piace posare punto! Ahahaha &#8220;.<\/i><\/p>\n<p class=\"PlainText\" style=\"text-align:justify;\"><b><i>Qual \u00e8 il tuo rapporto con la moda? <\/i><\/b><i>&#8220;E dentro di me quindi \u00e8 lei che mi guida&#8221;.<\/i><\/p>\n<p class=\"PlainText\" style=\"text-align:justify;\"><b><i>Qual \u00e8 l\u2019outfit che preferisci? <\/i><\/b><i>&#8220;Casual; pantaloncini o gonna, maglietta e accessori che non devono mancare mai&#8221;.<\/i><\/p>\n<p class=\"PlainText\" style=\"text-align:justify;\"><b><i>E come accessori? <\/i><\/b><i>&#8220;Ecco appunto, prediligo gli anelli e le collane&#8221;.<\/i><\/p>\n<p class=\"PlainText\" style=\"text-align:justify;\"><b><i>Come vesti nella vita di tutti i giorni? <\/i><\/b><i>&#8220;Sportiva e con un tocco di eleganza, giusto per rimanere comoda ma facendomi anche notare&#8230;ci sta che ne pensi ?? &#8220;.<\/i><\/p>\n<p class=\"PlainText\" style=\"text-align:justify;\"><b><i>Ci sta.\u00a0<\/i><\/b><\/p>\n<p class=\"PlainText\" style=\"text-align:justify;\"><b><i>Scarpe basse o con i tacchi? <\/i><\/b><i>&#8220;Una modella sta sempre sui tacchi\u2026.ma li adoro&#8221;.<\/i><\/p>\n<p class=\"PlainText\" style=\"text-align:justify;\"><b><i>Punto forte del tuo fisico? <\/i><\/b><i>&#8220;LE GAMBE o come dice qualcuno &lt;&lt;lo stacco di gambe&gt;&gt;\u2026 &#8220;.<\/i><\/p>\n<div id=\"attachment_5783\" style=\"width: 650px\" class=\"wp-caption alignright\"><a href=\"https:\/\/nonsolomodanews.files.wordpress.com\/2014\/07\/img_4688.jpg\"><img loading=\"lazy\" decoding=\"async\" aria-describedby=\"caption-attachment-5783\" class=\"size-large wp-image-5783\" src=\"http:\/\/nonsolomodanews.files.wordpress.com\/2014\/07\/img_4688.jpg?w=640\" alt=\" Ylenia Nardo\" width=\"640\" height=\"960\" srcset=\"https:\/\/www.nonsolomodanews.it\/wordpress\/wp-content\/uploads\/2014\/07\/img_4688.jpg 3456w, https:\/\/www.nonsolomodanews.it\/wordpress\/wp-content\/uploads\/2014\/07\/img_4688-200x300.jpg 200w, https:\/\/www.nonsolomodanews.it\/wordpress\/wp-content\/uploads\/2014\/07\/img_4688-683x1024.jpg 683w, https:\/\/www.nonsolomodanews.it\/wordpress\/wp-content\/uploads\/2014\/07\/img_4688-1080x1620.jpg 1080w\" sizes=\"auto, (max-width: 640px) 100vw, 640px\" \/><\/a><p id=\"caption-attachment-5783\" class=\"wp-caption-text\">Ylenia Nardo<\/p><\/div>\n<p class=\"PlainText\" style=\"text-align:justify;\"><b><i>Hai un progetto fotografico che ti piacerebbe realizzare e perch\u00e9? <\/i><\/b><i>&#8220;Ho tanti progetti che spero si realizzino\u2026. perch\u00e9\u00a0sono indirizzati ai grandi marchi\u2026.&#8221;.<\/i><\/p>\n<p class=\"PlainText\" style=\"text-align:justify;\"><b><i>Quale rapporto hai coi social network come Facebook e twitter? <\/i><\/b><i>&#8220;Il mio rapporto con i social network e attivissimo e costruttivo, mi consente di tenere aggiornato il mio profilo professionale,\u00a0nonch\u00e9\u00a0il contatto con la gente, gli amici e tutte le news.\u00a0&#8220;.<\/i><\/p>\n<div id=\"attachment_5777\" style=\"width: 650px\" class=\"wp-caption alignright\"><a href=\"https:\/\/nonsolomodanews.files.wordpress.com\/2014\/07\/1618292_10203802369368023_5268912848662001285_o.jpg\"><img loading=\"lazy\" decoding=\"async\" aria-describedby=\"caption-attachment-5777\" class=\"size-large wp-image-5777\" src=\"http:\/\/nonsolomodanews.files.wordpress.com\/2014\/07\/1618292_10203802369368023_5268912848662001285_o.jpg?w=640\" alt=\" Ylenia Nardo\" width=\"640\" height=\"427\" srcset=\"https:\/\/www.nonsolomodanews.it\/wordpress\/wp-content\/uploads\/2014\/07\/1618292_10203802369368023_5268912848662001285_o.jpg 1800w, https:\/\/www.nonsolomodanews.it\/wordpress\/wp-content\/uploads\/2014\/07\/1618292_10203802369368023_5268912848662001285_o-300x200.jpg 300w, https:\/\/www.nonsolomodanews.it\/wordpress\/wp-content\/uploads\/2014\/07\/1618292_10203802369368023_5268912848662001285_o-1024x683.jpg 1024w, https:\/\/www.nonsolomodanews.it\/wordpress\/wp-content\/uploads\/2014\/07\/1618292_10203802369368023_5268912848662001285_o-1080x721.jpg 1080w\" sizes=\"auto, (max-width: 640px) 100vw, 640px\" \/><\/a><p id=\"caption-attachment-5777\" class=\"wp-caption-text\">Ylenia Nardo<\/p><\/div>\n<p class=\"PlainText\" style=\"text-align:justify;\"><b><i>Dovessi lasciare Siracusa, dove vorresti andare a vivere? <\/i><\/b><i>&#8220;La scelta e ardua, se dovessi scegliere l\u2019Italia, andrei a vivere a Roma, fuori \u00a0invece a Dubai&#8221;.<\/i><\/p>\n<p class=\"PlainText\" style=\"text-align:justify;\"><b><i>Ultima domanda, sogno nel cassetto che desideri realizzare? <\/i><\/b><i>&#8220;Mi verrebbe da dire che il mio sogno pi\u00f9 grande \u00e8 calcare le passerelle dell\u2019alta moda e quindi fare la modella professionista, ovviamente ci sono altre cose altrettanto importanti nella vita, quali conseguire dei titoli per poter svolgere il ruolo di assistente sociale per minori nei tribunali&#8221;. Grazie per l\u2019opportunit\u00e0 Bruno\u2026.<\/i><\/p>\n<p class=\"PlainText\" style=\"text-align:justify;\">\u00a0Grazie a te per avere concesso a Nonsolomodanews questa intervista.<\/p>\n<p class=\"PlainText\" style=\"text-align:center;\">I credits delle fotografie appartengono ai relativi fotografi. \u00a0Le fotografie sono state fornite da Ylenia Nardo\u00a0\u2013 Tutti i diritti riservati \u2013 Email: nonsolomodanews@gmail.com<\/p>\n","protected":false},"excerpt":{"rendered":"<p>Ylenia ha poco pi&ugrave; di 20 anni ma una cosa &egrave; sicura. Da grande vuole calcare le pi&ugrave; importanti passerelle di moda del mondo. Difficile ma non impossibile per la giovane modella siciliana che si sta facendo conoscere ed apprezzare nel mondo della moda. Le piace posare e stare davanti all&rsquo;obiettivo del fotografo e per questo non fa differenza tra lo studio e location all&rsquo;aperto. Come ama dire lei, le piace posare. punto!. Amante della propria terra, Ylenia ha recentemente sfilato a Roma. La ringraziamo per avere&nbsp;concesso questa intervista a Nonsolomodanews. Auguriamo ai nostri lettori buona lettura. Ciao Ylenia ti vuoi presentare&ldquo;Ciao sono Ylenia Nardo, sono nata il 23 Gennaio 1993 a Siracusa, la citt&agrave; d arte&hellip;Le mie misure sono: taglia 38\/40, seno 82, fianchi 87, vita 65, scarpa 38 e altezza1.75, colore di capelli: castano chiaro lunghi fino a meta schiena e occhi verdi cerulei.&nbsp; Ho conseguito la maturit&agrave; Socio Psico-pedagogica, per adesso non studio, ma cerco una posizione e un ruolo nel campo della moda&rdquo;. Ciao Ylenia, dopo la tua presentazione, come sei di carattere?&nbsp;&ldquo;Inizio dicendo che sono una buongustaia, credo profondamente nell&rsquo;amicizia vera e odio i finti moralisti e le persone che indossano continuamente delle maschere per [&hellip;]<\/p>\n","protected":false},"author":1,"featured_media":0,"comment_status":"open","ping_status":"open","sticky":false,"template":"","format":"standard","meta":{"rop_custom_images_group":[],"rop_custom_messages_group":[],"rop_publish_now":"initial","rop_publish_now_accounts":[],"rop_publish_now_history":[],"rop_publish_now_status":"pending","footnotes":""},"categories":[16],"tags":[136,585,588,746,1036,1099,1321,1514],"class_list":["post-5773","post","type-post","status-publish","format-standard","hentry","category-articolo","tag-alta-moda","tag-fotografia","tag-fotomodella","tag-intervista","tag-modella","tag-nonsolomodanews","tag-sicilia","tag-ylenia-nardo"],"_links":{"self":[{"href":"https:\/\/www.nonsolomodanews.it\/wordpress\/wp-json\/wp\/v2\/posts\/5773","targetHints":{"allow":["GET"]}}],"collection":[{"href":"https:\/\/www.nonsolomodanews.it\/wordpress\/wp-json\/wp\/v2\/posts"}],"about":[{"href":"https:\/\/www.nonsolomodanews.it\/wordpress\/wp-json\/wp\/v2\/types\/post"}],"author":[{"embeddable":true,"href":"https:\/\/www.nonsolomodanews.it\/wordpress\/wp-json\/wp\/v2\/users\/1"}],"replies":[{"embeddable":true,"href":"https:\/\/www.nonsolomodanews.it\/wordpress\/wp-json\/wp\/v2\/comments?post=5773"}],"version-history":[{"count":0,"href":"https:\/\/www.nonsolomodanews.it\/wordpress\/wp-json\/wp\/v2\/posts\/5773\/revisions"}],"wp:attachment":[{"href":"https:\/\/www.nonsolomodanews.it\/wordpress\/wp-json\/wp\/v2\/media?parent=5773"}],"wp:term":[{"taxonomy":"category","embeddable":true,"href":"https:\/\/www.nonsolomodanews.it\/wordpress\/wp-json\/wp\/v2\/categories?post=5773"},{"taxonomy":"post_tag","embeddable":true,"href":"https:\/\/www.nonsolomodanews.it\/wordpress\/wp-json\/wp\/v2\/tags?post=5773"}],"curies":[{"name":"wp","href":"https:\/\/api.w.org\/{rel}","templated":true}]}}