{"id":5693,"date":"2014-06-16T22:34:44","date_gmt":"2014-06-16T22:34:44","guid":{"rendered":"http:\/\/nonsolomodanews.com\/?p=5693"},"modified":"2014-06-16T22:34:44","modified_gmt":"2014-06-16T22:34:44","slug":"nonsolomodanews-incontra-elena-tubertini-studentessa-con-un-alto-senso-civico-giocatrice-di-basket-e-fotomodella-per-gioco","status":"publish","type":"post","link":"https:\/\/www.nonsolomodanews.it\/wordpress\/nonsolomodanews-incontra-elena-tubertini-studentessa-con-un-alto-senso-civico-giocatrice-di-basket-e-fotomodella-per-gioco\/","title":{"rendered":"Nonsolomodanews incontra Elena Tubertini, studentessa con un alto senso civico, giocatrice di basket e fotomodella per gioco."},"content":{"rendered":"\n\t\t<style>\n\t\t\t#gallery-1 {\n\t\t\t\tmargin: auto;\n\t\t\t}\n\t\t\t#gallery-1 .gallery-item {\n\t\t\t\tfloat: left;\n\t\t\t\tmargin-top: 10px;\n\t\t\t\ttext-align: center;\n\t\t\t\twidth: 33%;\n\t\t\t}\n\t\t\t#gallery-1 img {\n\t\t\t\tborder: 2px solid #cfcfcf;\n\t\t\t}\n\t\t\t#gallery-1 .gallery-caption {\n\t\t\t\tmargin-left: 0;\n\t\t\t}\n\t\t\t\/* see gallery_shortcode() in wp-includes\/media.php *\/\n\t\t<\/style>\n\t\t<div id='gallery-1' class='gallery galleryid-5693 gallery-columns-3 gallery-size-thumbnail'><dl class='gallery-item'>\n\t\t\t<dt class='gallery-icon portrait'>\n\t\t\t\t<a href='https:\/\/www.nonsolomodanews.it\/wordpress\/nonsolomodanews-incontra-elena-tubertini-studentessa-con-un-alto-senso-civico-giocatrice-di-basket-e-fotomodella-per-gioco\/10062014-dsc_0461\/'><img loading=\"lazy\" decoding=\"async\" width=\"150\" height=\"150\" src=\"https:\/\/www.nonsolomodanews.it\/wordpress\/wp-content\/uploads\/2014\/06\/10062014-dsc_04611-150x150.jpg\" class=\"attachment-thumbnail size-thumbnail\" alt=\"\" aria-describedby=\"gallery-1-5700\" \/><\/a>\n\t\t\t<\/dt>\n\t\t\t\t<dd class='wp-caption-text gallery-caption' id='gallery-1-5700'>\n\t\t\t\tElena Tubertini\n\t\t\t\t<\/dd><\/dl><dl class='gallery-item'>\n\t\t\t<dt class='gallery-icon portrait'>\n\t\t\t\t<a href='https:\/\/www.nonsolomodanews.it\/wordpress\/nonsolomodanews-incontra-elena-tubertini-studentessa-con-un-alto-senso-civico-giocatrice-di-basket-e-fotomodella-per-gioco\/10062014-dsc_0467\/'><img loading=\"lazy\" decoding=\"async\" width=\"150\" height=\"150\" src=\"https:\/\/www.nonsolomodanews.it\/wordpress\/wp-content\/uploads\/2014\/06\/10062014-dsc_04671-150x150.jpg\" class=\"attachment-thumbnail size-thumbnail\" alt=\"\" aria-describedby=\"gallery-1-5701\" \/><\/a>\n\t\t\t<\/dt>\n\t\t\t\t<dd class='wp-caption-text gallery-caption' id='gallery-1-5701'>\n\t\t\t\tElena Tubertini\n\t\t\t\t<\/dd><\/dl><dl class='gallery-item'>\n\t\t\t<dt class='gallery-icon landscape'>\n\t\t\t\t<a href='https:\/\/www.nonsolomodanews.it\/wordpress\/nonsolomodanews-incontra-elena-tubertini-studentessa-con-un-alto-senso-civico-giocatrice-di-basket-e-fotomodella-per-gioco\/10062014-dsc_0474\/'><img loading=\"lazy\" decoding=\"async\" width=\"150\" height=\"150\" src=\"https:\/\/www.nonsolomodanews.it\/wordpress\/wp-content\/uploads\/2014\/06\/10062014-dsc_04741-150x150.jpg\" class=\"attachment-thumbnail size-thumbnail\" alt=\"\" aria-describedby=\"gallery-1-5702\" \/><\/a>\n\t\t\t<\/dt>\n\t\t\t\t<dd class='wp-caption-text gallery-caption' id='gallery-1-5702'>\n\t\t\t\tElena Tubertini\n\t\t\t\t<\/dd><\/dl><br style=\"clear: both\" \/><dl class='gallery-item'>\n\t\t\t<dt class='gallery-icon portrait'>\n\t\t\t\t<a href='https:\/\/www.nonsolomodanews.it\/wordpress\/nonsolomodanews-incontra-elena-tubertini-studentessa-con-un-alto-senso-civico-giocatrice-di-basket-e-fotomodella-per-gioco\/10062014-dsc_0480\/'><img loading=\"lazy\" decoding=\"async\" width=\"150\" height=\"150\" src=\"https:\/\/www.nonsolomodanews.it\/wordpress\/wp-content\/uploads\/2014\/06\/10062014-dsc_04801-150x150.jpg\" class=\"attachment-thumbnail size-thumbnail\" alt=\"\" aria-describedby=\"gallery-1-5703\" \/><\/a>\n\t\t\t<\/dt>\n\t\t\t\t<dd class='wp-caption-text gallery-caption' id='gallery-1-5703'>\n\t\t\t\tElena Tubertini\n\t\t\t\t<\/dd><\/dl><dl class='gallery-item'>\n\t\t\t<dt class='gallery-icon landscape'>\n\t\t\t\t<a href='https:\/\/www.nonsolomodanews.it\/wordpress\/nonsolomodanews-incontra-elena-tubertini-studentessa-con-un-alto-senso-civico-giocatrice-di-basket-e-fotomodella-per-gioco\/10062014-dsc_0411\/'><img loading=\"lazy\" decoding=\"async\" width=\"150\" height=\"150\" src=\"https:\/\/www.nonsolomodanews.it\/wordpress\/wp-content\/uploads\/2014\/06\/10062014-dsc_04112-150x150.jpg\" class=\"attachment-thumbnail size-thumbnail\" alt=\"\" aria-describedby=\"gallery-1-5704\" \/><\/a>\n\t\t\t<\/dt>\n\t\t\t\t<dd class='wp-caption-text gallery-caption' id='gallery-1-5704'>\n\t\t\t\tElena Tubertini\n\t\t\t\t<\/dd><\/dl>\n\t\t\t<br style='clear: both' \/>\n\t\t<\/div>\n\n<p style=\"text-align:justify;\"><strong>Elena Tubertini<\/strong> \u00e8 una giovane ragazza che casualmente <strong>Nonsolomodanews<\/strong> ha conosciuto durante l\u2019ultima edizione del Cosmoprof svoltasi a Bologna. Elena \u00e8 una ragazza che si \u00e8 avvicinata al mondo del fashion e in particolare quello relativo all\u2019acconciatura dei capelli in modo particolare. Studentessa liceale, Elena \u00e8 una giocatrice di basket e nell\u2019ultimo anno \u00e8 stata la capitano di una squadra della soc. Pontevecchio. Sogni nel cassetto? Leggendo l\u2019intervista scoprirete molte parti nascoste della nostra Elena anche se tra questi c\u2019\u00e8 quello di fare la giornalista e la collaborazione con il giornalino della scuola nello scrivere un articolo sul Cosmoprof e sulla sua esperienza. Anche se a vincere l&#8217;NBA sono stati i San Antonio Spurs del bolognese Belinelli, Elena ha deciso di fare uno shooting con una maglia dei Los Angeles Lakers. Grazie Elena e buona lettura.<\/p>\n<div id=\"attachment_5704\" style=\"width: 650px\" class=\"wp-caption alignright\"><a href=\"https:\/\/nonsolomodanews.files.wordpress.com\/2014\/06\/10062014-dsc_04112.jpg\"><img loading=\"lazy\" decoding=\"async\" aria-describedby=\"caption-attachment-5704\" class=\"size-full wp-image-5704\" src=\"http:\/\/nonsolomodanews.files.wordpress.com\/2014\/06\/10062014-dsc_04112.jpg\" alt=\"Elena Tubertini\" width=\"640\" height=\"426\" srcset=\"https:\/\/www.nonsolomodanews.it\/wordpress\/wp-content\/uploads\/2014\/06\/10062014-dsc_04112.jpg 1000w, https:\/\/www.nonsolomodanews.it\/wordpress\/wp-content\/uploads\/2014\/06\/10062014-dsc_04112-300x200.jpg 300w\" sizes=\"auto, (max-width: 640px) 100vw, 640px\" \/><\/a><p id=\"caption-attachment-5704\" class=\"wp-caption-text\">Elena Tubertini<\/p><\/div>\n<p style=\"text-align:justify;\"><strong>Ciao Elena ti vuoi presentare?\u00a0<\/strong><em>\u201cCiao, certo! sono nata il 24 marzo 1997 a Bologna. Sono alta 167 cm e porto il 41 di scarpe. Le mie misure sono: seno 87 cm, vita 71 e fianchi 94. In questo momento ho i capelli rosso-ramato anche se il mio colore naturale \u00e8 il castano chiaro, molto corti; ho gli occhi marrone chiaro\u201d.<\/em><\/p>\n<p style=\"text-align:justify;\"><strong>Tu sei giovane, che cosa stai studiando? <\/strong><em>\u201cFrequento il terzo anno al liceo classico Marco Minghetti di Bologna\u201d.<\/em><\/p>\n<p style=\"text-align:justify;\"><strong>Sei una persona curiosa? <\/strong><em>\u201cQuasi sempre, soprattutto quando non devo: odio quando qualcuno mi dice :\u201dsai che ho scoperto una cosa, ma non te la posso dire&#8230;\u201d se poi la curiosit\u00e0 mi porta ad imparare qualcosa di nuovo, ben venga!\u201d.<\/em><\/p>\n<p style=\"text-align:justify;\"><strong>Come sei di carattere? <\/strong><em>\u201cHo i miei lati positivi e i miei lati negativi. sono una persona socievole, amo conoscere nuove persone e parlo tantissimo, anche se in certi casi fingo di essere timida per evitare brutte figure. sono fin troppo impulsiva, cosa che non mi ha mai aiutata, e sono caparbia: in una discussione potrei essere capace di trovare 1000 motivi per avere ragione. so essere cattiva, ma solo con chi non mi rispetta: penso che sia impossibile andare d\u2019accordo con tutti, ma il rispetto \u00e8 fondamentale. spesso voglio troppo bene alle persone: mi fido, mi butto, amo.<\/em><\/p>\n<div id=\"attachment_5701\" style=\"width: 650px\" class=\"wp-caption alignright\"><a href=\"https:\/\/nonsolomodanews.files.wordpress.com\/2014\/06\/10062014-dsc_04671.jpg\"><img loading=\"lazy\" decoding=\"async\" aria-describedby=\"caption-attachment-5701\" class=\"size-full wp-image-5701\" src=\"http:\/\/nonsolomodanews.files.wordpress.com\/2014\/06\/10062014-dsc_04671.jpg\" alt=\"Elena Tubertini\" width=\"640\" height=\"959\" srcset=\"https:\/\/www.nonsolomodanews.it\/wordpress\/wp-content\/uploads\/2014\/06\/10062014-dsc_04671.jpg 667w, https:\/\/www.nonsolomodanews.it\/wordpress\/wp-content\/uploads\/2014\/06\/10062014-dsc_04671-200x300.jpg 200w\" sizes=\"auto, (max-width: 640px) 100vw, 640px\" \/><\/a><p id=\"caption-attachment-5701\" class=\"wp-caption-text\">Elena Tubertini<\/p><\/div>\n<p style=\"text-align:justify;\"><strong>Qual \u00e8 il tuo colore preferito? <\/strong>\u201c<em>Il blu, ma amo particolarmente il grigio sui vestiti\u201d.<\/em><\/p>\n<p style=\"text-align:justify;\"><strong>Hai un animale preferito? <\/strong><em>\u201cS\u00ec, la tigre e, ovviamente, i gatti\u201d.<\/em><\/p>\n<p style=\"text-align:justify;\"><strong>Attore preferito? <\/strong><em>\u201cRobert Downey jr\u201d.<\/em><\/p>\n<p style=\"text-align:justify;\"><strong>Passando alla fotografia, che cosa noti immediatamente in una foto? <\/strong><em>\u201cI colori, le sfumature, il contrasto fra il soggetto e lo sfondo\u201d.<\/em><\/p>\n<div id=\"attachment_5702\" style=\"width: 650px\" class=\"wp-caption alignright\"><a href=\"https:\/\/nonsolomodanews.files.wordpress.com\/2014\/06\/10062014-dsc_04741.jpg\"><img loading=\"lazy\" decoding=\"async\" aria-describedby=\"caption-attachment-5702\" class=\"size-full wp-image-5702\" src=\"http:\/\/nonsolomodanews.files.wordpress.com\/2014\/06\/10062014-dsc_04741.jpg\" alt=\"Elena Tubertini\" width=\"640\" height=\"426\" srcset=\"https:\/\/www.nonsolomodanews.it\/wordpress\/wp-content\/uploads\/2014\/06\/10062014-dsc_04741.jpg 1000w, https:\/\/www.nonsolomodanews.it\/wordpress\/wp-content\/uploads\/2014\/06\/10062014-dsc_04741-300x200.jpg 300w\" sizes=\"auto, (max-width: 640px) 100vw, 640px\" \/><\/a><p id=\"caption-attachment-5702\" class=\"wp-caption-text\">Elena Tubertini<\/p><\/div>\n<p style=\"text-align:justify;\"><strong>Pur essendoti avvicinata da poco al mondo della fotografia, hai un progetto fotografico che ti piacerebbe realizzare e perch\u00e9? <\/strong><em>\u201cBeh, mi piacerebbe sperimentare rimanendo me stessa. penso che da una fotografia si possano riuscire a far trasparire tantissime emozioni, ed \u00e8 questo che vorrei: far uscire tutta me, cos\u00ec come sono, in modo chiaro. per una volta, penso sar\u00e0 bello valorizzare me stessa\u201d.<\/em><\/p>\n<p style=\"text-align:justify;\"><strong>Tu di recente hai partecipato al Cosmoprof, come hai vissuto l\u2019esperienza. che cosa ti ricordi oggi di quei giorni? <\/strong><em>\u201cIn una parola, \u00e8 stato assurdo. e non lo dico in senso negativo. ho scritto anche un articolo sul giornalino della scuola su questo, tanto grande \u00e8 stata la sorpresa e lo stupore destati da questo mondo cos\u00ec nuovo per me. Mai visto nulla del genere, e sono contenta di esserci stata anche io, l\u00ec in fiera. e poi, tutti quei capelli variopinti&#8230; a ripensarci \u00e8 stato buffo, in certi momenti, proprio perch\u00e8 ero cos\u00ec spaesata che mi scappava da ridere di me stessa. E\u2019 stata un\u2019esperienza formativa e una rivelazione divertente allo stesso tempo\u201d.<\/em><\/p>\n<div id=\"attachment_5700\" style=\"width: 650px\" class=\"wp-caption alignright\"><a href=\"https:\/\/nonsolomodanews.files.wordpress.com\/2014\/06\/10062014-dsc_04611.jpg\"><img loading=\"lazy\" decoding=\"async\" aria-describedby=\"caption-attachment-5700\" class=\"size-full wp-image-5700\" src=\"http:\/\/nonsolomodanews.files.wordpress.com\/2014\/06\/10062014-dsc_04611.jpg\" alt=\"Elena Tubertini\" width=\"640\" height=\"959\" srcset=\"https:\/\/www.nonsolomodanews.it\/wordpress\/wp-content\/uploads\/2014\/06\/10062014-dsc_04611.jpg 667w, https:\/\/www.nonsolomodanews.it\/wordpress\/wp-content\/uploads\/2014\/06\/10062014-dsc_04611-200x300.jpg 200w\" sizes=\"auto, (max-width: 640px) 100vw, 640px\" \/><\/a><p id=\"caption-attachment-5700\" class=\"wp-caption-text\">Elena Tubertini<\/p><\/div>\n<p style=\"text-align:justify;\"><strong>Tu per rimanere in contatto con il mondo che telefono usi?<\/strong> <em>\u201cUn Samsung Galaxy s3 mini. a mio parere, molto meglio dell\u2019Iphone.<\/em><\/p>\n<p style=\"text-align:justify;\"><strong>Sei smartphone dipendente?<\/strong> \u201c<em>Emh&#8230; mia madre risponderebbe di s\u00ec, ma tra i miei coetanei ormai lo siamo un po\u2019 tutti, quindi non \u00e8 facile dire chi \u00e8 effettivamente dipendente e chi no. alcuni lo sostituiscono agli affetti. gli smartphone tolgono tanto tempo a tutto ci\u00f2 che \u00e8 reale. la verit\u00e0 \u00e8 che \u00e8 bellissimo dimenticarsi di avere un telefono, quando passi tantissimo tempo con le persone a cui vuoi bene\u201d.<\/em><\/p>\n<div id=\"attachment_5703\" style=\"width: 650px\" class=\"wp-caption alignright\"><a href=\"https:\/\/nonsolomodanews.files.wordpress.com\/2014\/06\/10062014-dsc_04801.jpg\"><img loading=\"lazy\" decoding=\"async\" aria-describedby=\"caption-attachment-5703\" class=\"size-full wp-image-5703\" src=\"http:\/\/nonsolomodanews.files.wordpress.com\/2014\/06\/10062014-dsc_04801.jpg\" alt=\"Elena Tubertini\" width=\"640\" height=\"959\" srcset=\"https:\/\/www.nonsolomodanews.it\/wordpress\/wp-content\/uploads\/2014\/06\/10062014-dsc_04801.jpg 667w, https:\/\/www.nonsolomodanews.it\/wordpress\/wp-content\/uploads\/2014\/06\/10062014-dsc_04801-200x300.jpg 200w\" sizes=\"auto, (max-width: 640px) 100vw, 640px\" \/><\/a><p id=\"caption-attachment-5703\" class=\"wp-caption-text\">Elena Tubertini<\/p><\/div>\n<p style=\"text-align:justify;\"><strong>Quale rapporto hai con internet e in modo particolare con i social network come Facebook e Twitter?<\/strong> \u201c<em>Twitter non lo conosco quasi; Facebook lo uso molto, ma pi\u00f9 che altro per condividere foto e frasi mie. non sono una di quelle persone che sta ore ed ore a farsi gli affari degli altri, n\u00e9 di quelle che ogni ora scrivono cosa stanno mangiando, se hanno dormito o se si sono scordati di lavarsi i denti.<\/em><\/p>\n<p style=\"text-align:justify;\"><strong>Pensi che siano utili o li consideri dei perditempo?<\/strong> <em>\u201cSecondo me hanno due facce: possono rivelarsi molto utili quando si tratta di rimanere in contatto con amici o persone lontane, quando si devono organizzare eventi o pubblicizzare campagne importanti, perch\u00e8 sono mezzi molto diffusi e veloci. possono perdere tutta la loro utilit\u00e0 quando diventano luogo di pura apparenza, falsit\u00e0, ignoranza, perch\u00e8 troppe persone pensano che nascondersi dietro a uno schermo sia un\u2019alternativa a ci\u00f2 che effettivamente \u00e8 la propria vita\u201d.<\/em><\/p>\n<p style=\"text-align:justify;\"><strong>Tu sei una sportiva e giochi a basket in modo agonistico. Ci racconti la tua esperienza in questo mondo? <\/strong><em>\u201cHo iniziato a giocare in seconda elementare, a sette anni (2004), nella Fortitudo minibasket maschile con alcuni compagni di scuola. Ho continuato a giocare l\u00ec (ero l\u2019unica femmina) per tre anni, poi dalla prima media ho dovuto cambiare squadra e ho conosciuto il mondo del basket femminile. Per un anno e mezzo ho giocato nella Masi, poi un allenatore mi ha notata e ho cominciato prima ad allenarmi e poi a giocare in Libertas, che a Bologna \u00e8 la pi\u00f9 conosciuta societ\u00e0 a livello di basket femminile. L\u00ec sono rimasta fino all\u2019anno scorso: mi sono tolta le mie soddisfazioni e sono migliorata. Non ho mai aspirato alla serie A e ho sempre cercato di dare il massimo, quando questo non significa sacrificare la salute e lo studio. L\u2019anno scorso ho cambiato squadra e in Pontevecchio ho trovato un clima accogliente, un gruppo che ho guidato come capitano per tutto l\u2019anno e mi ha fatto crescere davvero tanto sia come giocatrice (ho sperimentato ruoli diversi dal mio solito di guardia) sia come persona; nonostante le vittorie meno frequenti, lo considero l\u2019anno migliore in assoluto. Per me l\u2019importante \u00e8 giocare \u00a0e sapere che si pu\u00f2 vincere anche senza l\u2019aiuto di fenomeni: si porta avanti la squadra, non il giocatore e per me la mia squadra ha vinto, sono le migliori davvero\u201d.<\/em><\/p>\n<p style=\"text-align:justify;\"><strong>Tifi per qualche squadra di basket?<\/strong> \u201cPer la Fortitudo, anche se non sono nella Fossa dei Leoni\u201d.<\/p>\n<p style=\"text-align:justify;\"><strong>Vedi il basket NBA? <\/strong><em>\u201cRaramente, perch\u00e8 in famiglia non guardiamo mai sport e in generale io guardo poco la televisione, ma quando mi capita mi piace moltissimo vedere le partite\u201d.<\/em><\/p>\n<p style=\"text-align:justify;\"><strong>Ultimo libro letto?<\/strong><em>\u201cNovecento\u201d di Alessandro Baricco\u201d.<\/em><\/p>\n<p style=\"text-align:justify;\"><strong>Ultimo viaggio all\u2019estero?<\/strong><em>\u201cRepubblica Dominicana, la mia seconda casa, la mia seconda famiglia. un pezzo del mio cuore \u00e8 rimasto l\u00e0.<\/em><\/p>\n<p style=\"text-align:justify;\"><strong>Conosci lingue straniere?<\/strong> <em>\u201cL\u2019inglese soprattutto. Parlo abbastanza bene lo spagnolo, poco il francese. Studio anche il latino e il greco e quello che posso dire e&#8230; per fortuna sono lingue morte! :)\u201d<\/em><\/p>\n<p style=\"text-align:justify;\"><strong>Qual \u00e8 il tuo rapporto con i denaro? sei una che spende o sei una parsimoniosa?\u00a0<\/strong><em>\u201cSono abbastanza parsimoniosa e spendo solo quando voglio io. Non mi piace prestare i soldi, ho gi\u00e0 capito che fidarsi \u00e8 bene, ma non fidarsi \u00e8 meglio\u201d.<\/em><\/p>\n<p style=\"text-align:justify;\"><strong>Dovendo lasciare la tua citt\u00e0, dove vorresti andare a vivere e perch\u00e9<\/strong>? <em>\u201cPiacerebbe andare in Francia, che \u00e8 vicina all\u2019Italia ed economicamente ha una situazione decisamente migliore: vorrei fare la giornalista ed attualmente in Italia sarebbe impossibile. Chiss\u00e0\u2026 quanto tempo manca ancora, mi sembra davvero tanto. prima si studia, fino in fondo. poi si vedr\u00e0!|<\/em><\/p>\n<p style=\"text-align:justify;\">Grazie Elena<\/p>\n<p style=\"text-align:center;\">I credits delle fotografie appartengono a Bruno Angelo Porcellana \u2013 Tutti i diritti riservati \u2013 Email: nonsolomodanews@gmail.com<\/p>\n","protected":false},"excerpt":{"rendered":"<p>Elena Tubertini &egrave; una giovane ragazza che casualmente Nonsolomodanews ha conosciuto durante l&rsquo;ultima edizione del Cosmoprof svoltasi a Bologna. Elena &egrave; una ragazza che si &egrave; avvicinata al mondo del fashion e in particolare quello relativo all&rsquo;acconciatura dei capelli in modo particolare. Studentessa liceale, Elena &egrave; una giocatrice di basket e nell&rsquo;ultimo anno &egrave; stata la capitano di una squadra della soc. Pontevecchio. Sogni nel cassetto? Leggendo l&rsquo;intervista scoprirete molte parti nascoste della nostra Elena anche se tra questi c&rsquo;&egrave; quello di fare la giornalista e la collaborazione con il giornalino della scuola nello scrivere un articolo sul Cosmoprof e sulla sua esperienza. Anche se a vincere l&rsquo;NBA sono stati i San Antonio Spurs del bolognese Belinelli, Elena ha deciso di fare uno shooting con una maglia dei Los Angeles Lakers. Grazie Elena e buona lettura. Ciao Elena ti vuoi presentare?&nbsp;&ldquo;Ciao, certo! sono nata il 24 marzo 1997 a Bologna. Sono alta 167 cm e porto il 41 di scarpe. Le mie misure sono: seno 87 cm, vita 71 e fianchi 94. In questo momento ho i capelli rosso-ramato anche se il mio colore naturale &egrave; il castano chiaro, molto corti; ho gli occhi marrone chiaro&rdquo;. Tu sei giovane, che [&hellip;]<\/p>\n","protected":false},"author":1,"featured_media":0,"comment_status":"open","ping_status":"open","sticky":false,"template":"","format":"standard","meta":{"rop_custom_images_group":[],"rop_custom_messages_group":[],"rop_publish_now":"initial","rop_publish_now_accounts":[],"rop_publish_now_history":[],"rop_publish_now_status":"pending","footnotes":""},"categories":[16],"tags":[],"class_list":["post-5693","post","type-post","status-publish","format-standard","hentry","category-articolo"],"_links":{"self":[{"href":"https:\/\/www.nonsolomodanews.it\/wordpress\/wp-json\/wp\/v2\/posts\/5693","targetHints":{"allow":["GET"]}}],"collection":[{"href":"https:\/\/www.nonsolomodanews.it\/wordpress\/wp-json\/wp\/v2\/posts"}],"about":[{"href":"https:\/\/www.nonsolomodanews.it\/wordpress\/wp-json\/wp\/v2\/types\/post"}],"author":[{"embeddable":true,"href":"https:\/\/www.nonsolomodanews.it\/wordpress\/wp-json\/wp\/v2\/users\/1"}],"replies":[{"embeddable":true,"href":"https:\/\/www.nonsolomodanews.it\/wordpress\/wp-json\/wp\/v2\/comments?post=5693"}],"version-history":[{"count":0,"href":"https:\/\/www.nonsolomodanews.it\/wordpress\/wp-json\/wp\/v2\/posts\/5693\/revisions"}],"wp:attachment":[{"href":"https:\/\/www.nonsolomodanews.it\/wordpress\/wp-json\/wp\/v2\/media?parent=5693"}],"wp:term":[{"taxonomy":"category","embeddable":true,"href":"https:\/\/www.nonsolomodanews.it\/wordpress\/wp-json\/wp\/v2\/categories?post=5693"},{"taxonomy":"post_tag","embeddable":true,"href":"https:\/\/www.nonsolomodanews.it\/wordpress\/wp-json\/wp\/v2\/tags?post=5693"}],"curies":[{"name":"wp","href":"https:\/\/api.w.org\/{rel}","templated":true}]}}