{"id":5660,"date":"2014-06-08T07:05:07","date_gmt":"2014-06-08T07:05:07","guid":{"rendered":"http:\/\/nonsolomodanews.com\/?p=5660"},"modified":"2014-06-08T07:05:07","modified_gmt":"2014-06-08T07:05:07","slug":"nonsolomodanews-incontra-la-giovanissima-fotomodella-giulia-guasti-reggiana-di-nascita-ma-parmigiana-dadozione-con-un-sorriso-smagliante-e-nonsolo","status":"publish","type":"post","link":"https:\/\/www.nonsolomodanews.it\/wordpress\/nonsolomodanews-incontra-la-giovanissima-fotomodella-giulia-guasti-reggiana-di-nascita-ma-parmigiana-dadozione-con-un-sorriso-smagliante-e-nonsolo\/","title":{"rendered":"Nonsolomodanews incontra la giovanissima fotomodella Giulia Guasti, reggiana di nascita ma parmigiana d&#039;adozione, con un sorriso smagliante e nonsolo"},"content":{"rendered":"\n\t\t<style>\n\t\t\t#gallery-1 {\n\t\t\t\tmargin: auto;\n\t\t\t}\n\t\t\t#gallery-1 .gallery-item {\n\t\t\t\tfloat: left;\n\t\t\t\tmargin-top: 10px;\n\t\t\t\ttext-align: center;\n\t\t\t\twidth: 33%;\n\t\t\t}\n\t\t\t#gallery-1 img {\n\t\t\t\tborder: 2px solid #cfcfcf;\n\t\t\t}\n\t\t\t#gallery-1 .gallery-caption {\n\t\t\t\tmargin-left: 0;\n\t\t\t}\n\t\t\t\/* see gallery_shortcode() in wp-includes\/media.php *\/\n\t\t<\/style>\n\t\t<div id='gallery-1' class='gallery galleryid-5660 gallery-columns-3 gallery-size-thumbnail'><dl class='gallery-item'>\n\t\t\t<dt class='gallery-icon portrait'>\n\t\t\t\t<a href='https:\/\/www.nonsolomodanews.it\/wordpress\/nonsolomodanews-incontra-la-giovanissima-fotomodella-giulia-guasti-reggiana-di-nascita-ma-parmigiana-dadozione-con-un-sorriso-smagliante-e-nonsolo\/1-10\/'><img loading=\"lazy\" decoding=\"async\" width=\"150\" height=\"150\" src=\"https:\/\/www.nonsolomodanews.it\/wordpress\/wp-content\/uploads\/2014\/06\/1-150x150.jpeg\" class=\"attachment-thumbnail size-thumbnail\" alt=\"\" aria-describedby=\"gallery-1-5661\" \/><\/a>\n\t\t\t<\/dt>\n\t\t\t\t<dd class='wp-caption-text gallery-caption' id='gallery-1-5661'>\n\t\t\t\tGiulia Guasti\n\t\t\t\t<\/dd><\/dl><dl class='gallery-item'>\n\t\t\t<dt class='gallery-icon portrait'>\n\t\t\t\t<a href='https:\/\/www.nonsolomodanews.it\/wordpress\/nonsolomodanews-incontra-la-giovanissima-fotomodella-giulia-guasti-reggiana-di-nascita-ma-parmigiana-dadozione-con-un-sorriso-smagliante-e-nonsolo\/7-10\/'><img loading=\"lazy\" decoding=\"async\" width=\"150\" height=\"150\" src=\"https:\/\/www.nonsolomodanews.it\/wordpress\/wp-content\/uploads\/2014\/06\/7-150x150.jpeg\" class=\"attachment-thumbnail size-thumbnail\" alt=\"\" aria-describedby=\"gallery-1-5667\" \/><\/a>\n\t\t\t<\/dt>\n\t\t\t\t<dd class='wp-caption-text gallery-caption' id='gallery-1-5667'>\n\t\t\t\tGiulia Guasti\n\t\t\t\t<\/dd><\/dl><dl class='gallery-item'>\n\t\t\t<dt class='gallery-icon portrait'>\n\t\t\t\t<a href='https:\/\/www.nonsolomodanews.it\/wordpress\/nonsolomodanews-incontra-la-giovanissima-fotomodella-giulia-guasti-reggiana-di-nascita-ma-parmigiana-dadozione-con-un-sorriso-smagliante-e-nonsolo\/6-9\/'><img loading=\"lazy\" decoding=\"async\" width=\"150\" height=\"150\" src=\"https:\/\/www.nonsolomodanews.it\/wordpress\/wp-content\/uploads\/2014\/06\/6-150x150.jpeg\" class=\"attachment-thumbnail size-thumbnail\" alt=\"\" aria-describedby=\"gallery-1-5666\" \/><\/a>\n\t\t\t<\/dt>\n\t\t\t\t<dd class='wp-caption-text gallery-caption' id='gallery-1-5666'>\n\t\t\t\tGiulia Guasti\n\t\t\t\t<\/dd><\/dl><br style=\"clear: both\" \/><dl class='gallery-item'>\n\t\t\t<dt class='gallery-icon portrait'>\n\t\t\t\t<a href='https:\/\/www.nonsolomodanews.it\/wordpress\/nonsolomodanews-incontra-la-giovanissima-fotomodella-giulia-guasti-reggiana-di-nascita-ma-parmigiana-dadozione-con-un-sorriso-smagliante-e-nonsolo\/8-7\/'><img loading=\"lazy\" decoding=\"async\" width=\"150\" height=\"150\" src=\"https:\/\/www.nonsolomodanews.it\/wordpress\/wp-content\/uploads\/2014\/06\/8-150x150.jpeg\" class=\"attachment-thumbnail size-thumbnail\" alt=\"\" aria-describedby=\"gallery-1-5668\" \/><\/a>\n\t\t\t<\/dt>\n\t\t\t\t<dd class='wp-caption-text gallery-caption' id='gallery-1-5668'>\n\t\t\t\tGiulia Guasti\n\t\t\t\t<\/dd><\/dl><dl class='gallery-item'>\n\t\t\t<dt class='gallery-icon portrait'>\n\t\t\t\t<a href='https:\/\/www.nonsolomodanews.it\/wordpress\/nonsolomodanews-incontra-la-giovanissima-fotomodella-giulia-guasti-reggiana-di-nascita-ma-parmigiana-dadozione-con-un-sorriso-smagliante-e-nonsolo\/3-11\/'><img loading=\"lazy\" decoding=\"async\" width=\"150\" height=\"150\" src=\"https:\/\/www.nonsolomodanews.it\/wordpress\/wp-content\/uploads\/2014\/06\/3-150x150.jpeg\" class=\"attachment-thumbnail size-thumbnail\" alt=\"\" aria-describedby=\"gallery-1-5663\" \/><\/a>\n\t\t\t<\/dt>\n\t\t\t\t<dd class='wp-caption-text gallery-caption' id='gallery-1-5663'>\n\t\t\t\tGiulia Guasti\n\t\t\t\t<\/dd><\/dl><dl class='gallery-item'>\n\t\t\t<dt class='gallery-icon landscape'>\n\t\t\t\t<a href='https:\/\/www.nonsolomodanews.it\/wordpress\/nonsolomodanews-incontra-la-giovanissima-fotomodella-giulia-guasti-reggiana-di-nascita-ma-parmigiana-dadozione-con-un-sorriso-smagliante-e-nonsolo\/4-10\/'><img loading=\"lazy\" decoding=\"async\" width=\"150\" height=\"150\" src=\"https:\/\/www.nonsolomodanews.it\/wordpress\/wp-content\/uploads\/2014\/06\/4-150x150.jpeg\" class=\"attachment-thumbnail size-thumbnail\" alt=\"\" aria-describedby=\"gallery-1-5664\" \/><\/a>\n\t\t\t<\/dt>\n\t\t\t\t<dd class='wp-caption-text gallery-caption' id='gallery-1-5664'>\n\t\t\t\tGiulia Guasti\n\t\t\t\t<\/dd><\/dl><br style=\"clear: both\" \/><dl class='gallery-item'>\n\t\t\t<dt class='gallery-icon portrait'>\n\t\t\t\t<a href='https:\/\/www.nonsolomodanews.it\/wordpress\/nonsolomodanews-incontra-la-giovanissima-fotomodella-giulia-guasti-reggiana-di-nascita-ma-parmigiana-dadozione-con-un-sorriso-smagliante-e-nonsolo\/2-12\/'><img loading=\"lazy\" decoding=\"async\" width=\"150\" height=\"150\" src=\"https:\/\/www.nonsolomodanews.it\/wordpress\/wp-content\/uploads\/2014\/06\/2-150x150.jpeg\" class=\"attachment-thumbnail size-thumbnail\" alt=\"\" aria-describedby=\"gallery-1-5662\" \/><\/a>\n\t\t\t<\/dt>\n\t\t\t\t<dd class='wp-caption-text gallery-caption' id='gallery-1-5662'>\n\t\t\t\tGiulia Guasti\n\t\t\t\t<\/dd><\/dl><dl class='gallery-item'>\n\t\t\t<dt class='gallery-icon landscape'>\n\t\t\t\t<a href='https:\/\/www.nonsolomodanews.it\/wordpress\/nonsolomodanews-incontra-la-giovanissima-fotomodella-giulia-guasti-reggiana-di-nascita-ma-parmigiana-dadozione-con-un-sorriso-smagliante-e-nonsolo\/9-7\/'><img loading=\"lazy\" decoding=\"async\" width=\"150\" height=\"150\" src=\"https:\/\/www.nonsolomodanews.it\/wordpress\/wp-content\/uploads\/2014\/06\/9-150x150.jpeg\" class=\"attachment-thumbnail size-thumbnail\" alt=\"\" aria-describedby=\"gallery-1-5669\" \/><\/a>\n\t\t\t<\/dt>\n\t\t\t\t<dd class='wp-caption-text gallery-caption' id='gallery-1-5669'>\n\t\t\t\tGiulia Guasti\n\t\t\t\t<\/dd><\/dl><dl class='gallery-item'>\n\t\t\t<dt class='gallery-icon portrait'>\n\t\t\t\t<a href='https:\/\/www.nonsolomodanews.it\/wordpress\/nonsolomodanews-incontra-la-giovanissima-fotomodella-giulia-guasti-reggiana-di-nascita-ma-parmigiana-dadozione-con-un-sorriso-smagliante-e-nonsolo\/10-7\/'><img loading=\"lazy\" decoding=\"async\" width=\"150\" height=\"150\" src=\"https:\/\/www.nonsolomodanews.it\/wordpress\/wp-content\/uploads\/2014\/06\/10-150x150.jpeg\" class=\"attachment-thumbnail size-thumbnail\" alt=\"\" aria-describedby=\"gallery-1-5670\" \/><\/a>\n\t\t\t<\/dt>\n\t\t\t\t<dd class='wp-caption-text gallery-caption' id='gallery-1-5670'>\n\t\t\t\tGiulia Guasti\n\t\t\t\t<\/dd><\/dl><br style=\"clear: both\" \/><dl class='gallery-item'>\n\t\t\t<dt class='gallery-icon portrait'>\n\t\t\t\t<a href='https:\/\/www.nonsolomodanews.it\/wordpress\/nonsolomodanews-incontra-la-giovanissima-fotomodella-giulia-guasti-reggiana-di-nascita-ma-parmigiana-dadozione-con-un-sorriso-smagliante-e-nonsolo\/5-9\/'><img loading=\"lazy\" decoding=\"async\" width=\"150\" height=\"150\" src=\"https:\/\/www.nonsolomodanews.it\/wordpress\/wp-content\/uploads\/2014\/06\/5-150x150.jpeg\" class=\"attachment-thumbnail size-thumbnail\" alt=\"\" aria-describedby=\"gallery-1-5665\" \/><\/a>\n\t\t\t<\/dt>\n\t\t\t\t<dd class='wp-caption-text gallery-caption' id='gallery-1-5665'>\n\t\t\t\tGiulia Guasti\n\t\t\t\t<\/dd><\/dl>\n\t\t\t<br style='clear: both' \/>\n\t\t<\/div>\n\n<p style=\"text-align:justify;\"><strong>Nonsolomodanews<\/strong> incontra la giovanissima <strong>Giulia Guasti<\/strong>. Tante sono le cose che una ragazza a 18 anni (compiuti di recente) vorrebbe veder realizzati, ma Giulia \u00e8 una ragazza con la testa sul collo e s\u00e0 che le conquiste hanno un prezzo e comportano fatica. \u00a0A proposito del mondo in divenire, ha dichiarato che\u00a0&#8220;Senza la curiosit\u00e0 si rimane fermi, non si cresce e non si impara&#8221;. Questo potrebbe essere il suo motto. Ma Giulia \u00e8 pi\u00f9 concreta e meno effimera di quello che potrebbe sembrare. Anzi, concretissima. Ringraziamo Giulia per averci concesso questa intervista.<\/p>\n<div id=\"attachment_5669\" style=\"width: 650px\" class=\"wp-caption alignright\"><a href=\"https:\/\/nonsolomodanews.files.wordpress.com\/2014\/06\/9.jpeg\"><img loading=\"lazy\" decoding=\"async\" aria-describedby=\"caption-attachment-5669\" class=\"size-large wp-image-5669\" src=\"http:\/\/nonsolomodanews.files.wordpress.com\/2014\/06\/9.jpeg?w=640\" alt=\"Giulia Guasti\" width=\"640\" height=\"402\" srcset=\"https:\/\/www.nonsolomodanews.it\/wordpress\/wp-content\/uploads\/2014\/06\/9.jpeg 1527w, https:\/\/www.nonsolomodanews.it\/wordpress\/wp-content\/uploads\/2014\/06\/9-300x189.jpeg 300w, https:\/\/www.nonsolomodanews.it\/wordpress\/wp-content\/uploads\/2014\/06\/9-1024x644.jpeg 1024w, https:\/\/www.nonsolomodanews.it\/wordpress\/wp-content\/uploads\/2014\/06\/9-1080x679.jpeg 1080w\" sizes=\"auto, (max-width: 640px) 100vw, 640px\" \/><\/a><p id=\"caption-attachment-5669\" class=\"wp-caption-text\">Giulia Guasti<\/p><\/div>\n<p style=\"text-align:justify;\"><strong>Ciao ti vuoi presentare?\u00a0<\/strong> <em>&#8220;Ciao a tutti, mi chiamo Giulia ho 18 anni sono nata il sei maggio del 1996 a Reggio Emilia e vivo a Parma. Sono alta 1.73 sono bionda e ho gli occhi azzurro verdi a volte anche grigi. Le mie misure sono: seno: 90 vita 63 fianchi 90. Sono una ragazza molto emotiva ma sempre allegra col sorriso in viso :)&#8221;<\/em><\/p>\n<p style=\"text-align:justify;\"><strong>Un tuo pregio? <\/strong><em>\u201cIl mio pregio credo sia il non volermi mai accontentare e cercare sempre il meglio nelle mie possibilit\u00e0\u201d.<\/em><\/p>\n<p style=\"text-align:justify;\"><strong>Sei una persona curiosa? <\/strong><em>\u201cMolto! Senza la curiosit\u00e0 si rimane fermi, non si cresce e non si impara. Essere curiosi \u00e8 fondamentale, senza esagerare ovviamente;) \u201d.<\/em><\/p>\n<div id=\"attachment_5665\" style=\"width: 210px\" class=\"wp-caption alignright\"><a href=\"https:\/\/nonsolomodanews.files.wordpress.com\/2014\/06\/5.jpeg\"><img loading=\"lazy\" decoding=\"async\" aria-describedby=\"caption-attachment-5665\" class=\"size-medium wp-image-5665\" src=\"http:\/\/nonsolomodanews.files.wordpress.com\/2014\/06\/5.jpeg?w=200\" alt=\"Giulia Guasti\" width=\"200\" height=\"300\" srcset=\"https:\/\/www.nonsolomodanews.it\/wordpress\/wp-content\/uploads\/2014\/06\/5.jpeg 640w, https:\/\/www.nonsolomodanews.it\/wordpress\/wp-content\/uploads\/2014\/06\/5-200x300.jpeg 200w\" sizes=\"auto, (max-width: 200px) 100vw, 200px\" \/><\/a><p id=\"caption-attachment-5665\" class=\"wp-caption-text\">Giulia Guasti<\/p><\/div>\n<p style=\"text-align:justify;\"><strong>Come sei di carattere? <\/strong><em>\u201cIl mio carattere \u00e8 molto complicato, sono uguale a mio padre, testarda ma decisa, so essere dolce a volte anche timida ma sono sempre molto diretta con le persone perch\u00e8 credo che la sincerit\u00e0 sia il principio delle relazione tra le persone\u201d.<\/em><\/p>\n<p style=\"text-align:justify;\"><strong>Qual \u00e8 il tuo colore preferito? <\/strong><em>\u201cIl mio colore preferito \u00e8 senza dubbio il rosa, ho tutto di quel colore mi rappresenta per la dolcezza e la semplicit\u00e0 dell&#8217;essere femminile\u201d.<\/em><\/p>\n<p style=\"text-align:justify;\"><strong>Fiore preferito? <\/strong><em>\u201cIl mio fiore preferito \u00e8 la margherita. Per me \u00e8 anche uno dei simboli dell&#8217;amore\u201d.<\/em><\/p>\n<p style=\"text-align:justify;\"><strong>Cantante preferito? <\/strong><em>\u201cNon ho un vero e proprio cantante preferito, amo tante canzoni di diversi cantanti, quelle in cui mi sento presa dentro.. Per\u00f2 a parte il mio lato un po&#8217; romantico, il mio genere preferito \u00e8 il rap e anche se pochi ascolto molta musica italiana\u201d.<\/em><\/p>\n<p style=\"text-align:justify;\"><strong>Vai a vedere i concerti?<\/strong><em> \u201cAppena posso e riesci ci vado\u201d.<\/em><\/p>\n<p style=\"text-align:justify;\"><strong>Animale preferito e perch\u00e8? <\/strong><em>\u201cAssolutamente il leone, perch\u00e9 \u00e8 un simbolo di forza di aggressivit\u00e0 e sicurezza insieme\u201d.<\/em><\/p>\n<p style=\"text-align:justify;\"><strong>Hai degli hobby? <\/strong><em>\u201cMmm&#8230;direi la fotografia e le sfilate sono le cose che occupano maggiormente il mio tempo dopo lo studio scolastico. Mi rilassano e mi diverto molto essendo sempre a mio agio!<\/em><\/p>\n<div id=\"attachment_5668\" style=\"width: 191px\" class=\"wp-caption alignright\"><a href=\"https:\/\/nonsolomodanews.files.wordpress.com\/2014\/06\/8.jpeg\"><img loading=\"lazy\" decoding=\"async\" aria-describedby=\"caption-attachment-5668\" class=\"size-medium wp-image-5668\" src=\"http:\/\/nonsolomodanews.files.wordpress.com\/2014\/06\/8.jpeg?w=181\" alt=\"Giulia Guasti\" width=\"181\" height=\"300\" \/><\/a><p id=\"caption-attachment-5668\" class=\"wp-caption-text\">Giulia Guasti<\/p><\/div>\n<p style=\"text-align:justify;\"><strong>Sei una sportiva? <\/strong><em>\u201cCerto, pratico pallavolo nella mia citt\u00e0 fin da quando ero piccola\u201d.<\/em><\/p>\n<p style=\"text-align:justify;\"><em><br \/>\n<\/em><strong>Sei per il mare o la montagna? <\/strong><em>\u201cMare mare mare tutta la vita..e tanto sole.. Non esiste nulla di meglio:) \u201d.<\/em><\/p>\n<p style=\"text-align:justify;\"><strong>A livello fotografico quando hai iniziato a posare? <\/strong><em>\u201cHo iniziato a posare all&#8217;et\u00e0 di 15 anni per un negozio della mia citt\u00e0 e mi sono subito appassionata e incuriosita a questo nuovo mondo che nasconde tante sfaccettature\u201d.<\/em><\/p>\n<p style=\"text-align:justify;\"><strong>Quali sono le tue sensazioni quando vieni fotografata? <\/strong><em>\u201cMi sento libera, assolutamente a mio agio e indipendente..un po\u2019 importante e pi\u00f9 forte&#8230;\u00e8 difficile da spiegare perch\u00e8 \u00e8 un insieme di emozioni che mi fanno sentire proprio bene!\u201d.<\/em><\/p>\n<p style=\"text-align:justify;\"><strong>In una tua fotografia di ritratto che cosa noti immediatamente? <\/strong><em>\u201cGli occhi e di conseguenza lo sguardo..di posare sono capaci tutti ma non tutti sanno emozionare chi ti guarda; questo dovrebbe essere la cosa principale per una modella\u201d.<\/em><\/p>\n<p style=\"text-align:justify;\"><strong>Il mondo della fotografia \u00e8 come lo immaginavi prima di farne parte? <\/strong><em>\u201cEro molto diffidente, credevo che per fare una fotografia bastasse schiacciare un tasto e che per posare bastasse un braccio in vita..se come no..\u00e8 un mondo in cui non smetti mai di imparare\u2026 Mille stili, mille espressioni e atteggiamenti..lo consiglierei a tutti\u201d.<\/em><\/p>\n<div id=\"attachment_5664\" style=\"width: 650px\" class=\"wp-caption alignright\"><a href=\"https:\/\/nonsolomodanews.files.wordpress.com\/2014\/06\/4.jpeg\"><img loading=\"lazy\" decoding=\"async\" aria-describedby=\"caption-attachment-5664\" class=\"size-large wp-image-5664\" src=\"http:\/\/nonsolomodanews.files.wordpress.com\/2014\/06\/4.jpeg?w=640\" alt=\"Giulia Guasti\" width=\"640\" height=\"521\" srcset=\"https:\/\/www.nonsolomodanews.it\/wordpress\/wp-content\/uploads\/2014\/06\/4.jpeg 748w, https:\/\/www.nonsolomodanews.it\/wordpress\/wp-content\/uploads\/2014\/06\/4-300x244.jpeg 300w\" sizes=\"auto, (max-width: 640px) 100vw, 640px\" \/><\/a><p id=\"caption-attachment-5664\" class=\"wp-caption-text\">Giulia Guasti<\/p><\/div>\n<p style=\"text-align:justify;\"><strong>Quali sono i generi fotografici che preferisci? <\/strong><em>\u201cIn genere mi piacciono i ritratti, ma anche foto glamour o anche fashion..cercando di esaltare sempre la bellezza del soggetto\u201d.<\/em><\/p>\n<p style=\"text-align:justify;\"><strong>Preferisci posare in studio, in particolari location o all\u2019aperto? <\/strong><em>\u201cIn studio mi sento molto pi\u00f9 limitata ma \u00e8 li che ho imparato a rapportarmi col mio corpo e il risultato di una foto in studio per me \u00e8 imbattibile. Mi piacciono anche all&#8217;aperto per foto pi\u00f9 naturali\u201d.<\/em><\/p>\n<p style=\"text-align:justify;\"><strong>Qual \u00e8 il tuo rapporto con la moda? <\/strong><em>\u201cSeguo le principale riviste del settore e sono iscritta alle newsletters per essere sempre aggiornata\u201d.<\/em><\/p>\n<p style=\"text-align:justify;\"><strong>Qual \u00e8 l\u2019outfit che preferisci? <\/strong><em>\u201cPenso che un bel tubino semplice nero o rosa perch\u00e8 no;) non \u00e8 mai sbagliato o inappropriato!\u201d.<\/em><\/p>\n<p style=\"text-align:justify;\"><strong>E come accessori? <\/strong><em>\u201cCollane enormi ed orecchini luccicanti sempre per dare lucentezza al viso indispensabili! \u201d.<\/em><\/p>\n<p style=\"text-align:justify;\"><strong>Come vesti nella vita di tutti i giorni?<\/strong><em> \u201cSono molto semplice, jeans maglietta e via, comodit\u00e0 senza rinunciare ad un bel outfit per\u00f2;)\u201d.<\/em><\/p>\n<p style=\"text-align:justify;\"><strong>Scarpe basse o con i tacchi?<\/strong><em> \u201cIn genere amo i tacchi ma sono pi\u00f9 a mio agio con le scarpette\u201d.<\/em><em>\u00a0<\/em><\/p>\n<div id=\"attachment_5661\" style=\"width: 616px\" class=\"wp-caption alignright\"><a href=\"https:\/\/nonsolomodanews.files.wordpress.com\/2014\/06\/1.jpeg\"><img loading=\"lazy\" decoding=\"async\" aria-describedby=\"caption-attachment-5661\" class=\"size-full wp-image-5661\" src=\"http:\/\/nonsolomodanews.files.wordpress.com\/2014\/06\/1.jpeg\" alt=\"Giulia Guasti\" width=\"606\" height=\"960\" srcset=\"https:\/\/www.nonsolomodanews.it\/wordpress\/wp-content\/uploads\/2014\/06\/1.jpeg 606w, https:\/\/www.nonsolomodanews.it\/wordpress\/wp-content\/uploads\/2014\/06\/1-189x300.jpeg 189w\" sizes=\"auto, (max-width: 606px) 100vw, 606px\" \/><\/a><p id=\"caption-attachment-5661\" class=\"wp-caption-text\">Giulia Guasti<\/p><\/div>\n<p style=\"text-align:justify;\"><strong>Punto forte del tuo fisico? <\/strong><em>\u201cPunto forte..credo che pi\u00f9 che il fisico sia il mio viso&#8230; punto molto sul sorriso e lo sguardo\u201d.<\/em><\/p>\n<p style=\"text-align:justify;\"><strong>Hai un progetto fotografico che ti piacerebbe realizzare e perch\u00e9? <\/strong><em>\u201cSi mi piacerebbe realizzare un progetto con dei petali, non so bene perch\u00e9 ma \u00e8 un stile dolce ma sensuale che mi ha sempre ispirato&#8230; chiss\u00e0 magari un giorno c&#8217;\u00e8 la far\u00f2!:)<\/em><\/p>\n<p style=\"text-align:justify;\"><strong>Quale rapporto hai coi social network come Facebook e Twitter? <\/strong><em>\u201cUtilizzo molto Facebook per sentire amici e conoscenti ma soprattutto istangram per postare momenti speciali o outfit quotidiani.<\/em><\/p>\n<div id=\"attachment_5662\" style=\"width: 210px\" class=\"wp-caption alignleft\"><a href=\"https:\/\/nonsolomodanews.files.wordpress.com\/2014\/06\/2.jpeg\"><img loading=\"lazy\" decoding=\"async\" aria-describedby=\"caption-attachment-5662\" class=\"size-medium wp-image-5662\" src=\"http:\/\/nonsolomodanews.files.wordpress.com\/2014\/06\/2.jpeg?w=200\" alt=\"Giulia Guasti\" width=\"200\" height=\"300\" srcset=\"https:\/\/www.nonsolomodanews.it\/wordpress\/wp-content\/uploads\/2014\/06\/2.jpeg 640w, https:\/\/www.nonsolomodanews.it\/wordpress\/wp-content\/uploads\/2014\/06\/2-200x300.jpeg 200w\" sizes=\"auto, (max-width: 200px) 100vw, 200px\" \/><\/a><p id=\"caption-attachment-5662\" class=\"wp-caption-text\">Giulia Guasti<\/p><\/div>\n<p style=\"text-align:justify;\"><strong>Ultimo libro letto e autore?\u00a0<\/strong><em>\u201c&lt;&lt;Madame Bovary&gt;&gt; libro di Gustave Flaubert\u201d.<\/em><\/p>\n<p style=\"text-align:justify;\"><strong>Lingua straniera conosciuta?\u00a0<\/strong><em>\u201cInglese e francese.<\/em><\/p>\n<p style=\"text-align:justify;\"><strong>Dovendo lasciare la tua citt\u00e0, dove vorresti andare a vivere e perch\u00e9? <\/strong><em>\u201cAndrei in America, ho un po l&#8217;idea della terra dei sogni.. mi piacerebbe almeno visitarla\u201d.<\/em><\/p>\n<p style=\"text-align:justify;\"><strong>Ultima domanda, sogno nel cassetto che desideri realizzare? <\/strong><em>\u201cPer ora non ho grandi desideri.. spero di realizzarmi io stessa nella mia vita e credo che sia la cosa pi\u00f9 importante, sia dal lato lavorativo che in amore\u201d.<\/em><\/p>\n<p style=\"text-align:justify;\"><em>Grazie<\/em><\/p>\n<p style=\"text-align:center;\">I credits delle fotografie appartengono ai relativi fotografi. \u00a0Le fotografie sono state fornite da Giulia Guasti\u00a0\u2013 Tutti i diritti riservati \u2013 Email: nonsolomodanews@gmail.com<\/p>\n<p style=\"text-align:justify;\">\n","protected":false},"excerpt":{"rendered":"<p>Nonsolomodanews incontra la giovanissima Giulia Guasti. Tante sono le cose che una ragazza a 18 anni (compiuti di recente) vorrebbe veder realizzati, ma Giulia &egrave; una ragazza con la testa sul collo e s&agrave; che le conquiste hanno un prezzo e comportano fatica. &nbsp;A proposito del mondo in divenire, ha dichiarato che&nbsp;&ldquo;Senza la curiosit&agrave; si rimane fermi, non si cresce e non si impara&rdquo;. Questo potrebbe essere il suo motto. Ma Giulia &egrave; pi&ugrave; concreta e meno effimera di quello che potrebbe sembrare. Anzi, concretissima. Ringraziamo Giulia per averci concesso questa intervista. Ciao ti vuoi presentare?&nbsp; &ldquo;Ciao a tutti, mi chiamo Giulia ho 18 anni sono nata il sei maggio del 1996 a Reggio Emilia e vivo a Parma. Sono alta 1.73 sono bionda e ho gli occhi azzurro verdi a volte anche grigi. Le mie misure sono: seno: 90 vita 63 fianchi 90. Sono una ragazza molto emotiva ma sempre allegra col sorriso in viso :)&rdquo; Un tuo pregio? &ldquo;Il mio pregio credo sia il non volermi mai accontentare e cercare sempre il meglio nelle mie possibilit&agrave;&rdquo;. Sei una persona curiosa? &ldquo;Molto! Senza la curiosit&agrave; si rimane fermi, non si cresce e non si impara. Essere curiosi &egrave; fondamentale, [&hellip;]<\/p>\n","protected":false},"author":1,"featured_media":0,"comment_status":"open","ping_status":"open","sticky":false,"template":"","format":"standard","meta":{"rop_custom_images_group":[],"rop_custom_messages_group":[],"rop_publish_now":"initial","rop_publish_now_accounts":[],"rop_publish_now_history":[],"rop_publish_now_status":"pending","footnotes":""},"categories":[16],"tags":[588,686,746,1099,1142],"class_list":["post-5660","post","type-post","status-publish","format-standard","hentry","category-articolo","tag-fotomodella","tag-giulia-guasti","tag-intervista","tag-nonsolomodanews","tag-parma"],"_links":{"self":[{"href":"https:\/\/www.nonsolomodanews.it\/wordpress\/wp-json\/wp\/v2\/posts\/5660","targetHints":{"allow":["GET"]}}],"collection":[{"href":"https:\/\/www.nonsolomodanews.it\/wordpress\/wp-json\/wp\/v2\/posts"}],"about":[{"href":"https:\/\/www.nonsolomodanews.it\/wordpress\/wp-json\/wp\/v2\/types\/post"}],"author":[{"embeddable":true,"href":"https:\/\/www.nonsolomodanews.it\/wordpress\/wp-json\/wp\/v2\/users\/1"}],"replies":[{"embeddable":true,"href":"https:\/\/www.nonsolomodanews.it\/wordpress\/wp-json\/wp\/v2\/comments?post=5660"}],"version-history":[{"count":0,"href":"https:\/\/www.nonsolomodanews.it\/wordpress\/wp-json\/wp\/v2\/posts\/5660\/revisions"}],"wp:attachment":[{"href":"https:\/\/www.nonsolomodanews.it\/wordpress\/wp-json\/wp\/v2\/media?parent=5660"}],"wp:term":[{"taxonomy":"category","embeddable":true,"href":"https:\/\/www.nonsolomodanews.it\/wordpress\/wp-json\/wp\/v2\/categories?post=5660"},{"taxonomy":"post_tag","embeddable":true,"href":"https:\/\/www.nonsolomodanews.it\/wordpress\/wp-json\/wp\/v2\/tags?post=5660"}],"curies":[{"name":"wp","href":"https:\/\/api.w.org\/{rel}","templated":true}]}}