{"id":5628,"date":"2014-05-30T00:00:19","date_gmt":"2014-05-30T00:00:19","guid":{"rendered":"http:\/\/nonsolomodanews.com\/?p=5628"},"modified":"2014-05-30T00:00:19","modified_gmt":"2014-05-30T00:00:19","slug":"nonsolomodanews-incontra-francesca-canali-ragazza-piemontese-con-la-passione-per-la-fotografia-e-che-vuole-conoscere-sempre-cose-nuove","status":"publish","type":"post","link":"https:\/\/www.nonsolomodanews.it\/wordpress\/nonsolomodanews-incontra-francesca-canali-ragazza-piemontese-con-la-passione-per-la-fotografia-e-che-vuole-conoscere-sempre-cose-nuove\/","title":{"rendered":"Nonsolomodanews incontra Francesca Canali, ragazza piemontese con la passione per la fotografia e che vuole conoscere sempre cose nuove."},"content":{"rendered":"<p style=\"text-align:justify;\">\n\n\t\t<style>\n\t\t\t#gallery-1 {\n\t\t\t\tmargin: auto;\n\t\t\t}\n\t\t\t#gallery-1 .gallery-item {\n\t\t\t\tfloat: left;\n\t\t\t\tmargin-top: 10px;\n\t\t\t\ttext-align: center;\n\t\t\t\twidth: 33%;\n\t\t\t}\n\t\t\t#gallery-1 img {\n\t\t\t\tborder: 2px solid #cfcfcf;\n\t\t\t}\n\t\t\t#gallery-1 .gallery-caption {\n\t\t\t\tmargin-left: 0;\n\t\t\t}\n\t\t\t\/* see gallery_shortcode() in wp-includes\/media.php *\/\n\t\t<\/style>\n\t\t<div id='gallery-1' class='gallery galleryid-5628 gallery-columns-3 gallery-size-thumbnail'><dl class='gallery-item'>\n\t\t\t<dt class='gallery-icon portrait'>\n\t\t\t\t<a href='https:\/\/www.nonsolomodanews.it\/wordpress\/nonsolomodanews-incontra-francesca-canali-ragazza-piemontese-con-la-passione-per-la-fotografia-e-che-vuole-conoscere-sempre-cose-nuove\/1623760_684252851638073_457137631_n\/'><img loading=\"lazy\" decoding=\"async\" width=\"150\" height=\"150\" src=\"https:\/\/www.nonsolomodanews.it\/wordpress\/wp-content\/uploads\/2014\/05\/1623760_684252851638073_457137631_n-150x150.jpg\" class=\"attachment-thumbnail size-thumbnail\" alt=\"\" aria-describedby=\"gallery-1-5634\" \/><\/a>\n\t\t\t<\/dt>\n\t\t\t\t<dd class='wp-caption-text gallery-caption' id='gallery-1-5634'>\n\t\t\t\tFrancesca Canali\n\t\t\t\t<\/dd><\/dl><dl class='gallery-item'>\n\t\t\t<dt class='gallery-icon landscape'>\n\t\t\t\t<a href='https:\/\/www.nonsolomodanews.it\/wordpress\/nonsolomodanews-incontra-francesca-canali-ragazza-piemontese-con-la-passione-per-la-fotografia-e-che-vuole-conoscere-sempre-cose-nuove\/10302236_10203850025720618_3679610337286084145_n\/'><img loading=\"lazy\" decoding=\"async\" width=\"150\" height=\"150\" src=\"https:\/\/www.nonsolomodanews.it\/wordpress\/wp-content\/uploads\/2014\/05\/10302236_10203850025720618_3679610337286084145_n-150x150.jpg\" class=\"attachment-thumbnail size-thumbnail\" alt=\"\" aria-describedby=\"gallery-1-5637\" \/><\/a>\n\t\t\t<\/dt>\n\t\t\t\t<dd class='wp-caption-text gallery-caption' id='gallery-1-5637'>\n\t\t\t\tFrancesca Canali\n\t\t\t\t<\/dd><\/dl><dl class='gallery-item'>\n\t\t\t<dt class='gallery-icon landscape'>\n\t\t\t\t<a href='https:\/\/www.nonsolomodanews.it\/wordpress\/944292_589807481083356_453985470_n\/'><img loading=\"lazy\" decoding=\"async\" width=\"150\" height=\"150\" src=\"https:\/\/www.nonsolomodanews.it\/wordpress\/wp-content\/uploads\/2014\/05\/944292_589807481083356_453985470_n-150x150.jpg\" class=\"attachment-thumbnail size-thumbnail\" alt=\"\" aria-describedby=\"gallery-1-5631\" \/><\/a>\n\t\t\t<\/dt>\n\t\t\t\t<dd class='wp-caption-text gallery-caption' id='gallery-1-5631'>\n\t\t\t\tFrancesca Canali\n\t\t\t\t<\/dd><\/dl><br style=\"clear: both\" \/><dl class='gallery-item'>\n\t\t\t<dt class='gallery-icon portrait'>\n\t\t\t\t<a href='https:\/\/www.nonsolomodanews.it\/wordpress\/nonsolomodanews-incontra-francesca-canali-ragazza-piemontese-con-la-passione-per-la-fotografia-e-che-vuole-conoscere-sempre-cose-nuove\/1902031_476501705808879_505901027_n\/'><img loading=\"lazy\" decoding=\"async\" width=\"150\" height=\"150\" src=\"https:\/\/www.nonsolomodanews.it\/wordpress\/wp-content\/uploads\/2014\/05\/1902031_476501705808879_505901027_n-150x150.jpg\" class=\"attachment-thumbnail size-thumbnail\" alt=\"\" aria-describedby=\"gallery-1-5636\" \/><\/a>\n\t\t\t<\/dt>\n\t\t\t\t<dd class='wp-caption-text gallery-caption' id='gallery-1-5636'>\n\t\t\t\tFrancesca Canali\n\t\t\t\t<\/dd><\/dl><dl class='gallery-item'>\n\t\t\t<dt class='gallery-icon portrait'>\n\t\t\t\t<a href='https:\/\/www.nonsolomodanews.it\/wordpress\/nonsolomodanews-incontra-francesca-canali-ragazza-piemontese-con-la-passione-per-la-fotografia-e-che-vuole-conoscere-sempre-cose-nuove\/1395319_10200916299094731_1779526995_n\/'><img loading=\"lazy\" decoding=\"async\" width=\"150\" height=\"150\" src=\"https:\/\/www.nonsolomodanews.it\/wordpress\/wp-content\/uploads\/2014\/05\/1395319_10200916299094731_1779526995_n-150x150.jpg\" class=\"attachment-thumbnail size-thumbnail\" alt=\"\" aria-describedby=\"gallery-1-5633\" \/><\/a>\n\t\t\t<\/dt>\n\t\t\t\t<dd class='wp-caption-text gallery-caption' id='gallery-1-5633'>\n\t\t\t\tFrancesca Canali\n\t\t\t\t<\/dd><\/dl><dl class='gallery-item'>\n\t\t\t<dt class='gallery-icon portrait'>\n\t\t\t\t<a href='https:\/\/www.nonsolomodanews.it\/wordpress\/nonsolomodanews-incontra-francesca-canali-ragazza-piemontese-con-la-passione-per-la-fotografia-e-che-vuole-conoscere-sempre-cose-nuove\/1625659_631150363587792_1569777202_n\/'><img loading=\"lazy\" decoding=\"async\" width=\"150\" height=\"150\" src=\"https:\/\/www.nonsolomodanews.it\/wordpress\/wp-content\/uploads\/2014\/05\/1625659_631150363587792_1569777202_n-150x150.jpg\" class=\"attachment-thumbnail size-thumbnail\" alt=\"\" aria-describedby=\"gallery-1-5635\" \/><\/a>\n\t\t\t<\/dt>\n\t\t\t\t<dd class='wp-caption-text gallery-caption' id='gallery-1-5635'>\n\t\t\t\tFrancesca Canali\n\t\t\t\t<\/dd><\/dl><br style=\"clear: both\" \/><dl class='gallery-item'>\n\t\t\t<dt class='gallery-icon portrait'>\n\t\t\t\t<a href='https:\/\/www.nonsolomodanews.it\/wordpress\/nonsolomodanews-incontra-francesca-canali-ragazza-piemontese-con-la-passione-per-la-fotografia-e-che-vuole-conoscere-sempre-cose-nuove\/1278824_576990075670025_203506702_o\/'><img loading=\"lazy\" decoding=\"async\" width=\"150\" height=\"150\" src=\"https:\/\/www.nonsolomodanews.it\/wordpress\/wp-content\/uploads\/2014\/05\/1278824_576990075670025_203506702_o-150x150.jpg\" class=\"attachment-thumbnail size-thumbnail\" alt=\"\" \/><\/a>\n\t\t\t<\/dt><\/dl>\n\t\t\t<br style='clear: both' \/>\n\t\t<\/div>\n\n<p style=\"text-align:justify;\">\n<div id=\"attachment_5637\" style=\"width: 650px\" class=\"wp-caption alignright\"><a href=\"https:\/\/nonsolomodanews.files.wordpress.com\/2014\/05\/10302236_10203850025720618_3679610337286084145_n.jpg\"><img loading=\"lazy\" decoding=\"async\" aria-describedby=\"caption-attachment-5637\" class=\"size-large wp-image-5637\" src=\"http:\/\/nonsolomodanews.files.wordpress.com\/2014\/05\/10302236_10203850025720618_3679610337286084145_n.jpg?w=640\" alt=\"Francesca Canali\" width=\"640\" height=\"424\" srcset=\"https:\/\/www.nonsolomodanews.it\/wordpress\/wp-content\/uploads\/2014\/05\/10302236_10203850025720618_3679610337286084145_n.jpg 720w, https:\/\/www.nonsolomodanews.it\/wordpress\/wp-content\/uploads\/2014\/05\/10302236_10203850025720618_3679610337286084145_n-300x199.jpg 300w\" sizes=\"auto, (max-width: 640px) 100vw, 640px\" \/><\/a><p id=\"caption-attachment-5637\" class=\"wp-caption-text\">Francesca Canali<\/p><\/div>\n<p style=\"text-align:justify;\"><span style=\"color:#000000;\"><b>Ciao ti vuoi presentare?<\/b> \u201c<i>Ciao a tutti, mi chiamo Francesca Canali, ho 23 anni, sono nata il 26 agosto 1990 a Torino, sono alta 168 cm, le mie misure sono 88-58-87, porto il numero 37, ho i capelli corti castano chiaro e ho gli occhi azzurri e marroni\u201d.<\/i><\/span><\/p>\n<p style=\"text-align:justify;\"><span style=\"color:#000000;\"><b>Come sei di carattere?<\/b><i> \u201cSono una ragazza solare e molto determinata, ma anche molto competitiva,amo gareggiare e propormi di continuo nuove sfide o obbiettivi da raggiungere\u201d.<\/i><\/span><\/p>\n<p style=\"text-align:justify;\"><span style=\"color:#000000;\"><b>Sei una persona curiosa?<\/b><i> \u201cMolto, infatti molte volte sembro quelle bambine che stanno passando la fase del \u201cperch\u00e9?\u201d voglio sempre imparare e conoscere cose nuove, ritengo che la mia mente sia come una spugna che non smette e non smetter\u00e0 mai di assorbire qualunque informazione che verr\u00e0 a conoscere\u201d.<\/i><\/span><\/p>\n<p style=\"text-align:justify;\"><span style=\"color:#000000;\"><b>Qual \u00e8 il tuo colore preferito?<\/b><i> \u201cI mie colori preferiti sono il viola e il blu, ma penso che tutti mi stiano molto bene, li porto con molta naturalit\u00e0\u201d.<\/i><\/span><\/p>\n<p style=\"text-align:justify;\"><span style=\"color:#000000;\"><b>Fiore preferito?<\/b><i> \u201cAmo le rose, mi affascina il fatto che la natura sia riuscita a creare qualcosa di straordinariamente sensuale e perfetto\u201d.<\/i><\/span><\/p>\n<p style=\"text-align:justify;\">\n<div id=\"attachment_5633\" style=\"width: 210px\" class=\"wp-caption alignright\"><a href=\"https:\/\/nonsolomodanews.files.wordpress.com\/2014\/05\/1395319_10200916299094731_1779526995_n.jpg\"><img loading=\"lazy\" decoding=\"async\" aria-describedby=\"caption-attachment-5633\" class=\"size-medium wp-image-5633\" src=\"http:\/\/nonsolomodanews.files.wordpress.com\/2014\/05\/1395319_10200916299094731_1779526995_n.jpg?w=200\" alt=\"Francesca Canali\" width=\"200\" height=\"300\" srcset=\"https:\/\/www.nonsolomodanews.it\/wordpress\/wp-content\/uploads\/2014\/05\/1395319_10200916299094731_1779526995_n.jpg 480w, https:\/\/www.nonsolomodanews.it\/wordpress\/wp-content\/uploads\/2014\/05\/1395319_10200916299094731_1779526995_n-200x300.jpg 200w\" sizes=\"auto, (max-width: 200px) 100vw, 200px\" \/><\/a><p id=\"caption-attachment-5633\" class=\"wp-caption-text\">Francesca Canali<\/p><\/div>\n<p style=\"text-align:justify;\"><span style=\"color:#000000;\"><b>Cantante preferito?<\/b><i> \u201cAdoro i Blue, infatti a novembre sono riuscita ad andare a vedere il loro concerto e mi sono emozionata come una ragazzina di 14 anni\u201d.<\/i><\/span><\/p>\n<p style=\"text-align:justify;\"><span style=\"color:#000000;\"><b>Animale preferito e perch\u00e8?<\/b><i> \u201cNon ho animali a casa, ma adoro i cani, ritengo che molte volte siano meglio degli esseri umani, perch\u00e9 riescono a darti amore incondizionato senza chiederti nulla\u201d.<\/i><\/span><\/p>\n<p style=\"text-align:justify;\"><span style=\"color:#000000;\"><b>Leggi i fumetti e se si, quale genere?<\/b><i> \u201cAdoro i manga in stile gotico e punk, ma una mia serie preferita si chiama Nana, e parla di queste due ragazze con lo stesso nome che vivono nello stesso appartamento e narra tutte le loro vicissitudini ed avventure, mi piace perch\u00e9 racconta una storia che potrebbe essere reale e non qualcosa di improbabile o impossibile\u201d.<\/i><\/span><\/p>\n<p style=\"text-align:justify;\"><span style=\"color:#000000;\"><b>Sei una sportiva?<\/b><i> \u201cSi, sono una maniaca dello sport\u201d.<\/i><\/span><\/p>\n<p style=\"text-align:justify;\">\n<div id=\"attachment_5636\" style=\"width: 489px\" class=\"wp-caption alignright\"><a href=\"https:\/\/nonsolomodanews.files.wordpress.com\/2014\/05\/1902031_476501705808879_505901027_n.jpg\"><img loading=\"lazy\" decoding=\"async\" aria-describedby=\"caption-attachment-5636\" class=\"size-full wp-image-5636\" src=\"http:\/\/nonsolomodanews.files.wordpress.com\/2014\/05\/1902031_476501705808879_505901027_n.jpg\" alt=\"Francesca Canali\" width=\"479\" height=\"720\" srcset=\"https:\/\/www.nonsolomodanews.it\/wordpress\/wp-content\/uploads\/2014\/05\/1902031_476501705808879_505901027_n.jpg 479w, https:\/\/www.nonsolomodanews.it\/wordpress\/wp-content\/uploads\/2014\/05\/1902031_476501705808879_505901027_n-200x300.jpg 200w\" sizes=\"auto, (max-width: 479px) 100vw, 479px\" \/><\/a><p id=\"caption-attachment-5636\" class=\"wp-caption-text\">Francesca Canali<\/p><\/div>\n<p style=\"text-align:justify;\"><span style=\"color:#000000;\"><b>Segui qualche sport in particolare?<\/b><i> \u201cSi, faccio palestra, e parteciper\u00f2 il 22 giugno p.v. alle finali nazionali assoluti categoria bikini organizzato dalla &lt;&lt;F.I.B.B.&gt;&gt;. Un\u2019altra mia grande passione \u00e8 ballare latino americano, infatti, grazie ad esso, sono riuscita ad ottenere molta visibilit\u00e0 e ci\u00f2 mi ha permesso di esibirmi su innumerevoli reti nazionali.<\/i><\/span><\/p>\n<p style=\"text-align:justify;\"><span style=\"color:#000000;\"><b>Come ti muovi in citt\u00e0?<\/b><i> \u201cA piedi o con i mezzi,nonostante non abbia la macchina sono molto indipendente\u201d.<\/i><\/span><\/p>\n<p style=\"text-align:justify;\"><span style=\"color:#000000;\"><b>Quali sono i tuoi hobby?<\/b><i> Il mio hobby \u00e8 fare la fotomodella, ma spero di riuscire a sfondare e che molto presto diventi il mio lavoro, tante persone possono definire il mio sogno \u201cfrivolo\u201d ma dimostro a tutti di non essere cos\u00ec, per coltivare il mio sogno e le mie passioni ho due lavori, e cerco di mantenermi da sola, non sono abituata a chiedere aiuto a nessuno, infatti ho incontrato alcuni ostacoli, ma non ho mai dovuto abbassare la testa, la mia determinazione e la mi testardaggine mi portano avanti\u201d.<\/i><\/span><\/p>\n<p style=\"text-align:justify;\"><span style=\"color:#000000;\"><b>Segui la politica?<\/b><i> \u201cSi\u201d.<\/i><\/span><\/p>\n<p style=\"text-align:justify;\"><span style=\"color:#000000;\"><b>Avessi la bacchetta magica che faresti?<\/b><i> \u201cFarei sparire tutte le sanguisughe presenti ai vertici del governo cos\u00ec che non possano pi\u00f9 chiederci altri sacrifici (ovvero soldi), mentre loro sono a scaldare la sedia essendo stipendiati con \u201cpoche decine di migliaia di euro\u201d, cercando di riportare l\u2019onest\u00e0 in Italia&#8230; \u00e8 davvero un sogno\u2026 altro che bacchetta magica ci vorrebbe un miracolo\u201d.<\/i><\/span><\/p>\n<p style=\"text-align:justify;\"><span style=\"color:#000000;\"><b><a href=\"https:\/\/nonsolomodanews.files.wordpress.com\/2014\/05\/1278824_576990075670025_203506702_o.jpg\"><img loading=\"lazy\" decoding=\"async\" class=\"alignright size-full wp-image-5632\" src=\"http:\/\/nonsolomodanews.files.wordpress.com\/2014\/05\/1278824_576990075670025_203506702_o.jpg\" alt=\"1278824_576990075670025_203506702_o\" width=\"480\" height=\"720\" srcset=\"https:\/\/www.nonsolomodanews.it\/wordpress\/wp-content\/uploads\/2014\/05\/1278824_576990075670025_203506702_o.jpg 480w, https:\/\/www.nonsolomodanews.it\/wordpress\/wp-content\/uploads\/2014\/05\/1278824_576990075670025_203506702_o-200x300.jpg 200w\" sizes=\"auto, (max-width: 480px) 100vw, 480px\" \/><\/a>Sei per il mare o la montagna?<\/b><i> \u201cMare, adoro il caldo, il sole , il fatto di poter stare tutto il giorno in costume e infradito\u201d.<\/i><\/span><\/p>\n<p style=\"text-align:justify;\"><span style=\"color:#000000;\"><b>Preferisci l\u2019acqua naturale o gassata?<\/b><i> \u201cNaturale\u201d. <\/i><\/span><\/p>\n<p style=\"text-align:justify;\"><span style=\"color:#000000;\"><b>Tra la Coca cola e la Pepsi Cola che cosa scegli?<\/b><i> \u201cCoca cola\u201d.<\/i><\/span><\/p>\n<p style=\"text-align:justify;\"><span style=\"color:#000000;\"><b>Qual \u00e8 il tuo rapporto con il cibo?<\/b><i> \u201cOttimo, non ho mai avuto problemi da quel lato, anzi adoro cucinare e mangiare, i miei piatti preferiti, e che mi riescono meglio sono le lasagne e il tiramis\u00f9\u201d.<\/i><\/span><\/p>\n<p style=\"text-align:justify;\"><span style=\"color:#000000;\"><b>Cibo e fotografia. Pensi che ci possano essere punti di contatto?<\/b><i> \u201cCerto, se intendi \u201cil fisico della modella\u201d con un\u2019alimentazione normale e il giusto esercizio fisico non ci sarebbe mai da correggere le foto, perch\u00e9 le modelle non avrebbero difetti strutturali, se invece intendi \u201ccibo e fotografia\u201d da combinare nelle foto, anche, foto con dolci, torte rappresenterebbero benissimo il fatto di non avere una visione troppo \u201camara\/negativa\u201d della vita e che bisogna anche togliersi certe soddisfazioni\u201d.<\/i><\/span><\/p>\n<p style=\"text-align:justify;\"><span style=\"color:#000000;\"><b>In una tua fotografia di ritratto che cosa noti immediatamente? \u201c<\/b><i>Che non sorrido spesso e ho sempre un alone di malinconia che mi avvolge\u201d.<\/i><\/span><\/p>\n<p style=\"text-align:justify;\"><span style=\"color:#000000;\"><b>Quali sono le tue sensazioni quando vieni fotografata<\/b><i>? \u201cMi sento nel mio elemento, so che essere fotografata \u00e8 ci\u00f2 che voglio fare ora e per sempre\u201d.<\/i><\/span><\/p>\n<p style=\"text-align:justify;\"><span style=\"color:#000000;\"><b>Pensi che un buon book fotografico sia importante ai fini lavorativi?<\/b><i> Si, ma non al 100% se una ragazza \u00e8 fotogenica lo capisci da due o tre foto, non ha 1000<\/i><\/span><\/p>\n<p style=\"text-align:justify;\"><span style=\"color:#000000;\"><b>Quali sono i generi fotografici che preferisci?<\/b><i> \u201cGlamour e fashion<\/i><\/span><\/p>\n<p style=\"text-align:justify;\">\n<div id=\"attachment_5635\" style=\"width: 208px\" class=\"wp-caption alignleft\"><a href=\"https:\/\/nonsolomodanews.files.wordpress.com\/2014\/05\/1625659_631150363587792_1569777202_n.jpg\"><img loading=\"lazy\" decoding=\"async\" aria-describedby=\"caption-attachment-5635\" class=\"size-medium wp-image-5635\" src=\"http:\/\/nonsolomodanews.files.wordpress.com\/2014\/05\/1625659_631150363587792_1569777202_n.jpg?w=198\" alt=\"Francesca Canali\" width=\"198\" height=\"300\" \/><\/a><p id=\"caption-attachment-5635\" class=\"wp-caption-text\">Francesca Canali<\/p><\/div>\n<p style=\"text-align:justify;\"><span style=\"color:#000000;\"><b>Qual \u00e8 il tuo rapporto con la moda?<\/b><i> Amo la moda, amo i vestiti,il trucco, i vari stili di capelli, amo tutto di questo mondo, e, il mio rapporto \u00e8 da totale maniaca per la moda\u201d.<\/i><\/span><\/p>\n<p style=\"text-align:justify;\"><span style=\"color:#000000;\"><b>Qual \u00e8 il capo che ami di pi\u00f9 e quello di meno?<\/b><i> \u201cIl capo che amo di pi\u00f9 sono le scarpe col tacco, quello che amo di meno sono le gonne lunghe\u201d. <\/i><\/span><\/p>\n<p style=\"text-align:justify;\"><span style=\"color:#000000;\"><b>Come vesti nella vita di tutti i giorni?<\/b><i> \u201cPantacollant tipo jeans, maglia e stivali col tacco, poi aggiungo qualche accessorio come bracciali, collane o orecchini, comunque penso di aver uno stile semplice ma allo stesso tempo aggiungo quel tocco di eccentricit\u00e0 che mi rende unica\u201d.<\/i><\/span><\/p>\n<p style=\"text-align:justify;\"><span style=\"color:#000000;\"><b>Scarpe basse o tacchi?<\/b><i> \u201cTacchi per tutta la vita\u201d.<\/i><\/span><\/p>\n<p style=\"text-align:justify;\"><span style=\"color:#000000;\"><b>In Italia un luogo comune \u00e8 il connubio calciatore-velina\/fotomodella: ti fidanzeresti mai con un personaggio noto del mondo dello sport o dello spettacolo?<\/b><i> \u201cNo, perch\u00e9 penserebbe di essere sempre ad un livello pi\u00f9 alto rispetto a me, ed essendo una ragazza che non riesce a farsi mettere i piedi in testa, ci sarebbero di continuo litigate o scontri d\u2019ego\u201d.<\/i><\/span><\/p>\n<p style=\"text-align:justify;\"><span style=\"color:#000000;\"><b>Hai un progetto fotografico che ti piacerebbe realizzare e perch\u00e9?<\/b><i> \u201cMi piacerebbe realizzare un servizio fotografico in mezzo ai boschi vestita da ninfa, perch\u00e9 nonostante abbia 23 anni mi piace ancora sognare\u201d.<\/i><\/span><\/p>\n<p style=\"text-align:justify;\"><span style=\"color:#000000;\"><b>Fotografo, truccatrice, hairstylist, stylist. Me li metti in ordine secondo la tua importanza?<\/b><i> \u201cFotografo, stylist, truccatrice e hairstylist\u201d.<\/i><\/span><\/p>\n<p style=\"text-align:justify;\"><span style=\"color:#000000;\"><b>Ti dico equino, che cosa mi rispondi?<\/b><i> \u201cLibert\u00e0\u201d.<\/i><\/span><\/p>\n<p style=\"text-align:justify;\"><span style=\"color:#000000;\"><b>Di che colore vedi questo equino?<\/b><i> \u201cNero\u201d.<\/i><\/span><\/p>\n<p style=\"text-align:justify;\"><span style=\"color:#000000;\"><b>Ipad o Iphone?<\/b><i> \u201cIphone\u201d.<\/i><\/span><\/p>\n<p style=\"text-align:justify;\"><span style=\"color:#000000;\"><b>Sei smartphone dipendente?<\/b><i> \u201cNo, non c\u2019\u00e8 l\u2019ho proprio\u201d. <\/i><\/span><\/p>\n<p style=\"text-align:justify;\"><span style=\"color:#000000;\"><b>Quale rapporto hai coi social network come Facebook e twitter<\/b><i>? \u201cMi connetto tutti i giorni,ma non per farmi i fatti altrui, ma per contattare pi\u00f9 facilmente le mie amiche e per poter definire contratti, servizi fotografici e vari lavori\u201d.<\/i><\/span><\/p>\n<p style=\"text-align:justify;\"><span style=\"color:#000000;\"><b>Pensi che siano utili o li consideri dei perditempo?<\/b><i> \u201cSono utili ma dipende come li usi, per me sono utili, ma non riesco a capire quelli che \u201cperdono \u201ctutto il giorno a fare stupidi giochini e all\u2019ultimo dicono che non hanno tempo di fare nulla\u2026 mah\u2026\u201d.<\/i><\/span><\/p>\n<p style=\"text-align:justify;\"><span style=\"color:#000000;\"><b>Ultimo libro letto e autore?<\/b><i> \u201c&lt;&lt;Camminano forse due uomini insieme&gt;&gt; di Abraham B. Yehoshua<\/i><\/span><\/p>\n<p style=\"text-align:justify;\"><span style=\"color:#000000;\"><b>Ultimo viaggio all&#8217;estero?<\/b><i> \u201cNon ho mi viaggiato all\u2019estero, ma mi piacerebbe molto\u2026\u201d.<\/i><\/span><\/p>\n<p style=\"text-align:justify;\">\n<div id=\"attachment_5634\" style=\"width: 195px\" class=\"wp-caption alignleft\"><a href=\"https:\/\/nonsolomodanews.files.wordpress.com\/2014\/05\/1623760_684252851638073_457137631_n.jpg\"><img loading=\"lazy\" decoding=\"async\" aria-describedby=\"caption-attachment-5634\" class=\"size-medium wp-image-5634\" src=\"http:\/\/nonsolomodanews.files.wordpress.com\/2014\/05\/1623760_684252851638073_457137631_n.jpg?w=185\" alt=\"Francesca Canali\" width=\"185\" height=\"300\" srcset=\"https:\/\/www.nonsolomodanews.it\/wordpress\/wp-content\/uploads\/2014\/05\/1623760_684252851638073_457137631_n.jpg 445w, https:\/\/www.nonsolomodanews.it\/wordpress\/wp-content\/uploads\/2014\/05\/1623760_684252851638073_457137631_n-185x300.jpg 185w\" sizes=\"auto, (max-width: 185px) 100vw, 185px\" \/><\/a><p id=\"caption-attachment-5634\" class=\"wp-caption-text\">Francesca Canali<\/p><\/div>\n<p style=\"text-align:justify;\"><span style=\"color:#000000;\"><b>Lingua straniera conosciuta?<\/b><i> \u201cInglese e Francese\u201d.<\/i><\/span><\/p>\n<p style=\"text-align:justify;\"><span style=\"color:#000000;\"><b>Qual \u00e8 il tuo rapporto con i denaro?<\/b><i> <\/i><b>Sei una che spende o sei una parsimoniosa?<\/b><i> \u201cSono molto parsimoniosa, ma non mi nego i piccoli piaceri della vita\u201d.<\/i><\/span><\/p>\n<p style=\"text-align:justify;\">\n<p style=\"text-align:justify;\"><span style=\"color:#000000;\"><b>Dovendo lasciare la tua citt\u00e0, dove vorresti andare a vivere e perch\u00e9?<\/b><i> \u201cMiami, cos\u00ec mi sveglierei la mattina mi infilerei il costume e viiiiiaaaaa in spiaggia\u201d.<\/i><\/span><\/p>\n<p style=\"text-align:justify;\"><span style=\"color:#000000;\"><b>Come vedi il tuo futuro tra dieci anni? Quali sono i sogni nel cassetto che desideri realizzare?<\/b><i> \u201cMi vedo con la stessa serenit\u00e0 che ho ora, e mamma di due splendidi gemelli. I miei sogni sono tre, fare la fotomodella, trovare il principe azzurro e mettere su famiglia, lo so lo so pretendo poco <span class=\"emoticontext2\">\u00a0(ride)\u201d.<\/span><\/i><\/span><\/p>\n<p style=\"text-align:justify;\">Grazie Francesca.<\/p>\n<p style=\"text-align:center;\">I credits delle fotografie appartengono ai relativi fotografi. \u00a0Le fotografie sono state fornite da Francesca Canali\u00a0\u2013 Tutti i diritti riservati \u2013 Email: nonsolomodanews@gmail.com<\/p>\n","protected":false},"excerpt":{"rendered":"<p>Ciao ti vuoi presentare? &ldquo;Ciao a tutti, mi chiamo Francesca Canali, ho 23 anni, sono nata il 26 agosto 1990 a Torino, sono alta 168 cm, le mie misure sono 88-58-87, porto il numero 37, ho i capelli corti castano chiaro e ho gli occhi azzurri e marroni&rdquo;. Come sei di carattere? &ldquo;Sono una ragazza solare e molto determinata, ma anche molto competitiva,amo gareggiare e propormi di continuo nuove sfide o obbiettivi da raggiungere&rdquo;. Sei una persona curiosa? &ldquo;Molto, infatti molte volte sembro quelle bambine che stanno passando la fase del &ldquo;perch&eacute;?&rdquo; voglio sempre imparare e conoscere cose nuove, ritengo che la mia mente sia come una spugna che non smette e non smetter&agrave; mai di assorbire qualunque informazione che verr&agrave; a conoscere&rdquo;. Qual &egrave; il tuo colore preferito? &ldquo;I mie colori preferiti sono il viola e il blu, ma penso che tutti mi stiano molto bene, li porto con molta naturalit&agrave;&rdquo;. Fiore preferito? &ldquo;Amo le rose, mi affascina il fatto che la natura sia riuscita a creare qualcosa di straordinariamente sensuale e perfetto&rdquo;. Cantante preferito? &ldquo;Adoro i Blue, infatti a novembre sono riuscita ad andare a vedere il loro concerto e mi sono emozionata come una ragazzina di 14 [&hellip;]<\/p>\n","protected":false},"author":1,"featured_media":0,"comment_status":"open","ping_status":"open","sticky":false,"template":"","format":"standard","meta":{"rop_custom_images_group":[],"rop_custom_messages_group":[],"rop_publish_now":"initial","rop_publish_now_accounts":[],"rop_publish_now_history":[],"rop_publish_now_status":"pending","footnotes":""},"categories":[16],"tags":[262,588,594,746,1099],"class_list":["post-5628","post","type-post","status-publish","format-standard","hentry","category-articolo","tag-bologna","tag-fotomodella","tag-francesca-canali","tag-intervista","tag-nonsolomodanews"],"_links":{"self":[{"href":"https:\/\/www.nonsolomodanews.it\/wordpress\/wp-json\/wp\/v2\/posts\/5628","targetHints":{"allow":["GET"]}}],"collection":[{"href":"https:\/\/www.nonsolomodanews.it\/wordpress\/wp-json\/wp\/v2\/posts"}],"about":[{"href":"https:\/\/www.nonsolomodanews.it\/wordpress\/wp-json\/wp\/v2\/types\/post"}],"author":[{"embeddable":true,"href":"https:\/\/www.nonsolomodanews.it\/wordpress\/wp-json\/wp\/v2\/users\/1"}],"replies":[{"embeddable":true,"href":"https:\/\/www.nonsolomodanews.it\/wordpress\/wp-json\/wp\/v2\/comments?post=5628"}],"version-history":[{"count":0,"href":"https:\/\/www.nonsolomodanews.it\/wordpress\/wp-json\/wp\/v2\/posts\/5628\/revisions"}],"wp:attachment":[{"href":"https:\/\/www.nonsolomodanews.it\/wordpress\/wp-json\/wp\/v2\/media?parent=5628"}],"wp:term":[{"taxonomy":"category","embeddable":true,"href":"https:\/\/www.nonsolomodanews.it\/wordpress\/wp-json\/wp\/v2\/categories?post=5628"},{"taxonomy":"post_tag","embeddable":true,"href":"https:\/\/www.nonsolomodanews.it\/wordpress\/wp-json\/wp\/v2\/tags?post=5628"}],"curies":[{"name":"wp","href":"https:\/\/api.w.org\/{rel}","templated":true}]}}