{"id":5542,"date":"2014-05-25T07:06:43","date_gmt":"2014-05-25T07:06:43","guid":{"rendered":"http:\/\/nonsolomodanews.com\/?p=5542"},"modified":"2014-05-25T07:06:43","modified_gmt":"2014-05-25T07:06:43","slug":"nonsolomodanews-incontra-la-giovane-fotografa-emergente-irene-iovane-manzillo","status":"publish","type":"post","link":"https:\/\/www.nonsolomodanews.it\/wordpress\/nonsolomodanews-incontra-la-giovane-fotografa-emergente-irene-iovane-manzillo\/","title":{"rendered":"Nonsolomodanews incontra la giovane fotografa emergente Irene Iovane Manzillo."},"content":{"rendered":"<p style=\"text-align:justify;\"><strong>Nonsolomodanews <\/strong>continuando nel solco tracciato nel presentare giovani ed emergenti fotografi, incontra<strong> I<\/strong><span style=\"color:#000000;\"><strong>rene Iovane Manzillo. <\/strong>Irene \u00e8 una giovane fotografa di origine campane. Appassionata dalla fotografia fin dalla giovanissima et\u00e0,<\/span><\/p>\n\n\t\t<style>\n\t\t\t#gallery-1 {\n\t\t\t\tmargin: auto;\n\t\t\t}\n\t\t\t#gallery-1 .gallery-item {\n\t\t\t\tfloat: left;\n\t\t\t\tmargin-top: 10px;\n\t\t\t\ttext-align: center;\n\t\t\t\twidth: 33%;\n\t\t\t}\n\t\t\t#gallery-1 img {\n\t\t\t\tborder: 2px solid #cfcfcf;\n\t\t\t}\n\t\t\t#gallery-1 .gallery-caption {\n\t\t\t\tmargin-left: 0;\n\t\t\t}\n\t\t\t\/* see gallery_shortcode() in wp-includes\/media.php *\/\n\t\t<\/style>\n\t\t<div id='gallery-1' class='gallery galleryid-5542 gallery-columns-3 gallery-size-thumbnail'><dl class='gallery-item'>\n\t\t\t<dt class='gallery-icon portrait'>\n\t\t\t\t<a href='https:\/\/www.nonsolomodanews.it\/wordpress\/asn\/'><img loading=\"lazy\" decoding=\"async\" width=\"150\" height=\"150\" src=\"https:\/\/www.nonsolomodanews.it\/wordpress\/wp-content\/uploads\/2014\/05\/asn-150x150.jpg\" class=\"attachment-thumbnail size-thumbnail\" alt=\"\" aria-describedby=\"gallery-1-5543\" \/><\/a>\n\t\t\t<\/dt>\n\t\t\t\t<dd class='wp-caption-text gallery-caption' id='gallery-1-5543'>\n\t\t\t\tPh. Irene Iovane Manzillo\n\t\t\t\t<\/dd><\/dl><dl class='gallery-item'>\n\t\t\t<dt class='gallery-icon landscape'>\n\t\t\t\t<a href='https:\/\/www.nonsolomodanews.it\/wordpress\/nonsolomodanews-incontra-la-giovane-fotografa-emergente-irene-iovane-manzillo\/img_8645\/'><img loading=\"lazy\" decoding=\"async\" width=\"150\" height=\"150\" src=\"https:\/\/www.nonsolomodanews.it\/wordpress\/wp-content\/uploads\/2014\/05\/img_8645-150x150.jpg\" class=\"attachment-thumbnail size-thumbnail\" alt=\"\" aria-describedby=\"gallery-1-5546\" \/><\/a>\n\t\t\t<\/dt>\n\t\t\t\t<dd class='wp-caption-text gallery-caption' id='gallery-1-5546'>\n\t\t\t\tPh. Irene Iovane Manzillo\n\t\t\t\t<\/dd><\/dl><dl class='gallery-item'>\n\t\t\t<dt class='gallery-icon portrait'>\n\t\t\t\t<a href='https:\/\/www.nonsolomodanews.it\/wordpress\/nonsolomodanews-incontra-la-giovane-fotografa-emergente-irene-iovane-manzillo\/img_9631\/'><img loading=\"lazy\" decoding=\"async\" width=\"150\" height=\"150\" src=\"https:\/\/www.nonsolomodanews.it\/wordpress\/wp-content\/uploads\/2014\/05\/img_9631-150x150.jpg\" class=\"attachment-thumbnail size-thumbnail\" alt=\"\" aria-describedby=\"gallery-1-5547\" \/><\/a>\n\t\t\t<\/dt>\n\t\t\t\t<dd class='wp-caption-text gallery-caption' id='gallery-1-5547'>\n\t\t\t\tPh. Irene Iovane Manzillo\n\t\t\t\t<\/dd><\/dl><br style=\"clear: both\" \/><dl class='gallery-item'>\n\t\t\t<dt class='gallery-icon portrait'>\n\t\t\t\t<a href='https:\/\/www.nonsolomodanews.it\/wordpress\/img_2203\/'><img loading=\"lazy\" decoding=\"async\" width=\"150\" height=\"150\" src=\"https:\/\/www.nonsolomodanews.it\/wordpress\/wp-content\/uploads\/2014\/05\/img_2203-150x150.jpg\" class=\"attachment-thumbnail size-thumbnail\" alt=\"\" aria-describedby=\"gallery-1-5545\" \/><\/a>\n\t\t\t<\/dt>\n\t\t\t\t<dd class='wp-caption-text gallery-caption' id='gallery-1-5545'>\n\t\t\t\tPh. Irene Iovane Manzillo\n\t\t\t\t<\/dd><\/dl><dl class='gallery-item'>\n\t\t\t<dt class='gallery-icon portrait'>\n\t\t\t\t<a href='https:\/\/www.nonsolomodanews.it\/wordpress\/img_1950\/'><img loading=\"lazy\" decoding=\"async\" width=\"150\" height=\"150\" src=\"https:\/\/www.nonsolomodanews.it\/wordpress\/wp-content\/uploads\/2014\/05\/img_1950-150x150.jpg\" class=\"attachment-thumbnail size-thumbnail\" alt=\"\" aria-describedby=\"gallery-1-5544\" \/><\/a>\n\t\t\t<\/dt>\n\t\t\t\t<dd class='wp-caption-text gallery-caption' id='gallery-1-5544'>\n\t\t\t\tPh. Irene Iovane Manzillo\n\t\t\t\t<\/dd><\/dl>\n\t\t\t<br style='clear: both' \/>\n\t\t<\/div>\n\n<p style=\"text-align:justify;\"><span style=\"color:#000000;\">in questi ultimi anni si \u00e8 dedicata come dice lei alla &#8220;fashion Photography&#8221;. Tramite il programma Erasmus ha studiato 6 mesi in Belgio anche se i campi studiati erano reportage, ricerche grafiche ed artistiche. Studentessa in Fashion design, ringraziamo Irene della sua disponibilit\u00e0 nel concederci questa brevissima intervista.<\/span><\/p>\n<div id=\"attachment_5543\" style=\"width: 650px\" class=\"wp-caption alignnone\"><a href=\"http:\/\/nonsolomodanews.files.wordpress.com\/2014\/05\/asn.jpg\"><img loading=\"lazy\" decoding=\"async\" aria-describedby=\"caption-attachment-5543\" class=\"size-large wp-image-5543\" src=\"http:\/\/nonsolomodanews.files.wordpress.com\/2014\/05\/asn.jpg?w=640\" alt=\"Ph. Irene Iovane Manzillo\" width=\"640\" height=\"960\" srcset=\"https:\/\/www.nonsolomodanews.it\/wordpress\/wp-content\/uploads\/2014\/05\/asn.jpg 3456w, https:\/\/www.nonsolomodanews.it\/wordpress\/wp-content\/uploads\/2014\/05\/asn-200x300.jpg 200w, https:\/\/www.nonsolomodanews.it\/wordpress\/wp-content\/uploads\/2014\/05\/asn-683x1024.jpg 683w, https:\/\/www.nonsolomodanews.it\/wordpress\/wp-content\/uploads\/2014\/05\/asn-1080x1620.jpg 1080w\" sizes=\"auto, (max-width: 640px) 100vw, 640px\" \/><\/a><p id=\"caption-attachment-5543\" class=\"wp-caption-text\">Ph. Irene Iovane Manzillo<\/p><\/div>\n<p style=\"text-align:justify;\"><span style=\"color:#000000;\"><strong>Ciao Irene, ti vuoi presentare?<\/strong><em> &#8220;Ciao mi chiamo Irene Iovane Manzillo ho 21 anni e sono di Roccarainola (piccolo paesino in provincia di Napoli).La fotografia \u00e8 un&#8217;arte che riempie gran parte delle mie giornate. Non \u00e8 da molto tempo che fotografo, io sono una studentessa in Fashion Design (nulla a che vedere con la fotografia ) ma grazie alla possibilit\u00e0 offertami dalla mia universit\u00e0 di studiare all\u2019estero (ho studiato sei mesi in Belgio fotografia) mi sono avvicinata a questo campo.<\/em><\/span><\/p>\n<p style=\"text-align:justify;\"><span style=\"color:#000000;\"><strong>Che studi hai fatto?<\/strong><em> &#8220;Gli studi fatti in Belgio sono per\u00f2 molto lontani dal tipo di fotografia che mi piace fare. Si trattava infatti di studi di reportage, ricerche grafiche ed artistiche. Ritornata in Italia ho capito che forse avrei potuto unire i due percorsi formativi, e cos\u00ec ho iniziato ha scattare un po\u2019 per gioco, scoprendo poi una vera e propria passione. &lt;&lt;Fashion Photography&gt;&gt; sono parole che descrivono il mio universo attuale e spero anche futuro&#8221;.<\/em><\/span><\/p>\n<div id=\"attachment_5546\" style=\"width: 310px\" class=\"wp-caption alignright\"><a href=\"http:\/\/nonsolomodanews.files.wordpress.com\/2014\/05\/img_8645.jpg\"><img loading=\"lazy\" decoding=\"async\" aria-describedby=\"caption-attachment-5546\" class=\"wp-image-5546 size-medium\" src=\"http:\/\/nonsolomodanews.files.wordpress.com\/2014\/05\/img_8645.jpg?w=300\" alt=\"Ph. Irene Iovane Manzillo\" width=\"300\" height=\"185\" srcset=\"https:\/\/www.nonsolomodanews.it\/wordpress\/wp-content\/uploads\/2014\/05\/img_8645.jpg 1701w, https:\/\/www.nonsolomodanews.it\/wordpress\/wp-content\/uploads\/2014\/05\/img_8645-300x186.jpg 300w, https:\/\/www.nonsolomodanews.it\/wordpress\/wp-content\/uploads\/2014\/05\/img_8645-1024x634.jpg 1024w, https:\/\/www.nonsolomodanews.it\/wordpress\/wp-content\/uploads\/2014\/05\/img_8645-1080x669.jpg 1080w\" sizes=\"auto, (max-width: 300px) 100vw, 300px\" \/><\/a><p id=\"caption-attachment-5546\" class=\"wp-caption-text\">Ph. Irene Iovane Manzillo<\/p><\/div>\n<p style=\"text-align:justify;\"><span style=\"color:#000000;\"><strong>Quando scatti, ti poni dei limiti?<\/strong><em> &#8220;Quando scatto non mi pongo limiti. Il mio motto \u00e8 &lt;&lt;Proviamoci&gt;&gt;. La fotografia \u00e8 bella perch\u00e9 riesce a rendere speciale ci\u00f2 che magari a occhio nudo pu\u00f2 sembrare banale. Colori e bianco e nero sono mondi che si mescolano tra loro per far nascere &lt;&lt;bellezza&gt;&gt;. Ogni immagine racconta una storia e, se proprio devo essere sincera, le mie storie preferite sono quelle in bianco e nero&#8221;.<\/em><\/span><\/p>\n<p style=\"text-align:justify;\"><span style=\"color:#000000;\"><strong>I generi di fotografia che ti piacciono<\/strong><em>? &#8220;La fotografia in bianco e nero ha un altro sapore, riesce a far vivere al medesimo tempo storia e futuro. Rende i soggetti pi\u00f9 affascinanti perch\u00e9\u00a0 ci mostra un mondo che i nostri occhi, ormai abituati ai colori, non pensano possa esistere&#8221;.<\/em><\/span><\/p>\n<div id=\"attachment_5547\" style=\"width: 210px\" class=\"wp-caption alignleft\"><a href=\"http:\/\/nonsolomodanews.files.wordpress.com\/2014\/05\/img_9631.jpg\"><img loading=\"lazy\" decoding=\"async\" aria-describedby=\"caption-attachment-5547\" class=\"wp-image-5547 size-medium\" src=\"http:\/\/nonsolomodanews.files.wordpress.com\/2014\/05\/img_9631.jpg?w=200\" alt=\"Ph. Irene Iovane Manzillo\" width=\"200\" height=\"300\" srcset=\"https:\/\/www.nonsolomodanews.it\/wordpress\/wp-content\/uploads\/2014\/05\/img_9631.jpg 3456w, https:\/\/www.nonsolomodanews.it\/wordpress\/wp-content\/uploads\/2014\/05\/img_9631-200x300.jpg 200w, https:\/\/www.nonsolomodanews.it\/wordpress\/wp-content\/uploads\/2014\/05\/img_9631-683x1024.jpg 683w, https:\/\/www.nonsolomodanews.it\/wordpress\/wp-content\/uploads\/2014\/05\/img_9631-1080x1620.jpg 1080w\" sizes=\"auto, (max-width: 200px) 100vw, 200px\" \/><\/a><p id=\"caption-attachment-5547\" class=\"wp-caption-text\">Ph. Irene Iovane Manzillo<\/p><\/div>\n<p style=\"text-align:justify;\"><span style=\"color:#000000;\"><strong>Studio e ricerca, ricerca e studio \u00e8 solo questa la fotografia per Irene?<\/strong><em> &#8220;In questo capo non si smette mai di imparare, quindi sono alla continua ricerca di nuove metodologie e tecnologie, ma soprattutto di ispirazione guardando e analizzando costantemente scatti dei pi\u00f9 grandi professionisti di questo settore&#8221;. <\/em><\/span><\/p>\n<p style=\"text-align:justify;\"><span style=\"color:#000000;\"><strong>Sogni e speranze per il tuo futuro?<\/strong><em> &#8220;Le mie speranze per il futuro? Spero di migliorare a tal punto che qualcuno possa notarmi. Lavorare per riviste di moda, sarebbe il mio pi\u00f9 grande sogno che diventa realt\u00e0&#8221;.<\/em><\/span><\/p>\n<p style=\"text-align:justify;\"><span style=\"color:#000000;\">In bocca al lupo Irene<\/span><\/p>\n<p style=\"text-align:center;\"><span style=\"color:#000000;\">I credits delle fotografie appartengono Irene Iovane Manzillo<br \/>\n<\/span>Tutti i diritti riservati \u2013 Email: nonsolomodanews@gmail.com<\/p>\n","protected":false},"excerpt":{"rendered":"<p>Nonsolomodanews continuando nel solco tracciato nel presentare giovani ed emergenti fotografi, incontra Irene Iovane Manzillo. Irene &egrave; una giovane fotografa di origine campane. Appassionata dalla fotografia fin dalla giovanissima et&agrave;, in questi ultimi anni si &egrave; dedicata come dice lei alla &ldquo;fashion Photography&rdquo;. Tramite il programma Erasmus ha studiato 6 mesi in Belgio anche se i campi studiati erano reportage, ricerche grafiche ed artistiche. Studentessa in Fashion design, ringraziamo Irene della sua disponibilit&agrave; nel concederci questa brevissima intervista. Ciao Irene, ti vuoi presentare? &ldquo;Ciao mi chiamo Irene Iovane Manzillo ho 21 anni e sono di Roccarainola (piccolo paesino in provincia di Napoli).La fotografia &egrave; un&rsquo;arte che riempie gran parte delle mie giornate. Non &egrave; da molto tempo che fotografo, io sono una studentessa in Fashion Design (nulla a che vedere con la fotografia ) ma grazie alla possibilit&agrave; offertami dalla mia universit&agrave; di studiare all&rsquo;estero (ho studiato sei mesi in Belgio fotografia) mi sono avvicinata a questo campo. Che studi hai fatto? &ldquo;Gli studi fatti in Belgio sono per&ograve; molto lontani dal tipo di fotografia che mi piace fare. Si trattava infatti di studi di reportage, ricerche grafiche ed artistiche. Ritornata in Italia ho capito che forse avrei potuto unire [&hellip;]<\/p>\n","protected":false},"author":1,"featured_media":0,"comment_status":"open","ping_status":"open","sticky":false,"template":"","format":"standard","meta":{"rop_custom_images_group":[],"rop_custom_messages_group":[],"rop_publish_now":"initial","rop_publish_now_accounts":[],"rop_publish_now_history":[],"rop_publish_now_status":"pending","footnotes":""},"categories":[16],"tags":[296,582,585,746,749,1072,1099],"class_list":["post-5542","post","type-post","status-publish","format-standard","hentry","category-articolo","tag-campagna","tag-fotografa","tag-fotografia","tag-intervista","tag-irene-iovane-manzillo","tag-napoli","tag-nonsolomodanews"],"_links":{"self":[{"href":"https:\/\/www.nonsolomodanews.it\/wordpress\/wp-json\/wp\/v2\/posts\/5542","targetHints":{"allow":["GET"]}}],"collection":[{"href":"https:\/\/www.nonsolomodanews.it\/wordpress\/wp-json\/wp\/v2\/posts"}],"about":[{"href":"https:\/\/www.nonsolomodanews.it\/wordpress\/wp-json\/wp\/v2\/types\/post"}],"author":[{"embeddable":true,"href":"https:\/\/www.nonsolomodanews.it\/wordpress\/wp-json\/wp\/v2\/users\/1"}],"replies":[{"embeddable":true,"href":"https:\/\/www.nonsolomodanews.it\/wordpress\/wp-json\/wp\/v2\/comments?post=5542"}],"version-history":[{"count":0,"href":"https:\/\/www.nonsolomodanews.it\/wordpress\/wp-json\/wp\/v2\/posts\/5542\/revisions"}],"wp:attachment":[{"href":"https:\/\/www.nonsolomodanews.it\/wordpress\/wp-json\/wp\/v2\/media?parent=5542"}],"wp:term":[{"taxonomy":"category","embeddable":true,"href":"https:\/\/www.nonsolomodanews.it\/wordpress\/wp-json\/wp\/v2\/categories?post=5542"},{"taxonomy":"post_tag","embeddable":true,"href":"https:\/\/www.nonsolomodanews.it\/wordpress\/wp-json\/wp\/v2\/tags?post=5542"}],"curies":[{"name":"wp","href":"https:\/\/api.w.org\/{rel}","templated":true}]}}