{"id":5487,"date":"2014-05-21T18:21:39","date_gmt":"2014-05-21T18:21:39","guid":{"rendered":"http:\/\/nonsolomodanews.com\/?p=5487"},"modified":"2014-05-21T18:21:39","modified_gmt":"2014-05-21T18:21:39","slug":"nonsolomodanews-incontra-luigi-orabona-conosciuto-anche-come-lu-fashion-che-oltre-ad-essere-molte-cose-ha-concesso-la-propria-immagine-per-scopi-benefici","status":"publish","type":"post","link":"https:\/\/www.nonsolomodanews.it\/wordpress\/nonsolomodanews-incontra-luigi-orabona-conosciuto-anche-come-lu-fashion-che-oltre-ad-essere-molte-cose-ha-concesso-la-propria-immagine-per-scopi-benefici\/","title":{"rendered":"Nonsolomodanews incontra Luigi Orabona, conosciuto anche come L\u00f9 Fashion che oltre ad essere molte cose, ha concesso la propria immagine per scopi benefici."},"content":{"rendered":"\n\t\t<style>\n\t\t\t#gallery-1 {\n\t\t\t\tmargin: auto;\n\t\t\t}\n\t\t\t#gallery-1 .gallery-item {\n\t\t\t\tfloat: left;\n\t\t\t\tmargin-top: 10px;\n\t\t\t\ttext-align: center;\n\t\t\t\twidth: 33%;\n\t\t\t}\n\t\t\t#gallery-1 img {\n\t\t\t\tborder: 2px solid #cfcfcf;\n\t\t\t}\n\t\t\t#gallery-1 .gallery-caption {\n\t\t\t\tmargin-left: 0;\n\t\t\t}\n\t\t\t\/* see gallery_shortcode() in wp-includes\/media.php *\/\n\t\t<\/style>\n\t\t<div id='gallery-1' class='gallery galleryid-5487 gallery-columns-3 gallery-size-thumbnail'><dl class='gallery-item'>\n\t\t\t<dt class='gallery-icon landscape'>\n\t\t\t\t<a href='https:\/\/www.nonsolomodanews.it\/wordpress\/z\/'><img loading=\"lazy\" decoding=\"async\" width=\"150\" height=\"150\" src=\"https:\/\/www.nonsolomodanews.it\/wordpress\/wp-content\/uploads\/2014\/05\/z-150x150.jpg\" class=\"attachment-thumbnail size-thumbnail\" alt=\"\" aria-describedby=\"gallery-1-5499\" \/><\/a>\n\t\t\t<\/dt>\n\t\t\t\t<dd class='wp-caption-text gallery-caption' id='gallery-1-5499'>\n\t\t\t\tLuigi Orabona\n\t\t\t\t<\/dd><\/dl><dl class='gallery-item'>\n\t\t\t<dt class='gallery-icon portrait'>\n\t\t\t\t<a href='https:\/\/www.nonsolomodanews.it\/wordpress\/xxx\/'><img loading=\"lazy\" decoding=\"async\" width=\"150\" height=\"150\" src=\"https:\/\/www.nonsolomodanews.it\/wordpress\/wp-content\/uploads\/2014\/05\/xxx-150x150.jpg\" class=\"attachment-thumbnail size-thumbnail\" alt=\"\" aria-describedby=\"gallery-1-5498\" \/><\/a>\n\t\t\t<\/dt>\n\t\t\t\t<dd class='wp-caption-text gallery-caption' id='gallery-1-5498'>\n\t\t\t\tLuigi Orabona\n\t\t\t\t<\/dd><\/dl><dl class='gallery-item'>\n\t\t\t<dt class='gallery-icon portrait'>\n\t\t\t\t<a href='https:\/\/www.nonsolomodanews.it\/wordpress\/v\/'><img loading=\"lazy\" decoding=\"async\" width=\"150\" height=\"150\" src=\"https:\/\/www.nonsolomodanews.it\/wordpress\/wp-content\/uploads\/2014\/05\/v-150x150.jpg\" class=\"attachment-thumbnail size-thumbnail\" alt=\"\" aria-describedby=\"gallery-1-5497\" \/><\/a>\n\t\t\t<\/dt>\n\t\t\t\t<dd class='wp-caption-text gallery-caption' id='gallery-1-5497'>\n\t\t\t\tLuigi Orabona\n\t\t\t\t<\/dd><\/dl><br style=\"clear: both\" \/><dl class='gallery-item'>\n\t\t\t<dt class='gallery-icon portrait'>\n\t\t\t\t<a href='https:\/\/www.nonsolomodanews.it\/wordpress\/l7\/'><img loading=\"lazy\" decoding=\"async\" width=\"150\" height=\"150\" src=\"https:\/\/www.nonsolomodanews.it\/wordpress\/wp-content\/uploads\/2014\/05\/l7-150x150.jpg\" class=\"attachment-thumbnail size-thumbnail\" alt=\"\" aria-describedby=\"gallery-1-5496\" \/><\/a>\n\t\t\t<\/dt>\n\t\t\t\t<dd class='wp-caption-text gallery-caption' id='gallery-1-5496'>\n\t\t\t\tLuigi Orabona\n\t\t\t\t<\/dd><\/dl><dl class='gallery-item'>\n\t\t\t<dt class='gallery-icon portrait'>\n\t\t\t\t<a href='https:\/\/www.nonsolomodanews.it\/wordpress\/l6\/'><img loading=\"lazy\" decoding=\"async\" width=\"150\" height=\"150\" src=\"https:\/\/www.nonsolomodanews.it\/wordpress\/wp-content\/uploads\/2014\/05\/l6-150x150.jpg\" class=\"attachment-thumbnail size-thumbnail\" alt=\"\" aria-describedby=\"gallery-1-5495\" \/><\/a>\n\t\t\t<\/dt>\n\t\t\t\t<dd class='wp-caption-text gallery-caption' id='gallery-1-5495'>\n\t\t\t\tLuigi Orabona\n\t\t\t\t<\/dd><\/dl><dl class='gallery-item'>\n\t\t\t<dt class='gallery-icon portrait'>\n\t\t\t\t<a href='https:\/\/www.nonsolomodanews.it\/wordpress\/l5\/'><img loading=\"lazy\" decoding=\"async\" width=\"150\" height=\"150\" src=\"https:\/\/www.nonsolomodanews.it\/wordpress\/wp-content\/uploads\/2014\/05\/l5-150x150.jpg\" class=\"attachment-thumbnail size-thumbnail\" alt=\"\" aria-describedby=\"gallery-1-5494\" \/><\/a>\n\t\t\t<\/dt>\n\t\t\t\t<dd class='wp-caption-text gallery-caption' id='gallery-1-5494'>\n\t\t\t\tLuigi Orabona\n\t\t\t\t<\/dd><\/dl><br style=\"clear: both\" \/><dl class='gallery-item'>\n\t\t\t<dt class='gallery-icon portrait'>\n\t\t\t\t<a href='https:\/\/www.nonsolomodanews.it\/wordpress\/l4\/'><img loading=\"lazy\" decoding=\"async\" width=\"150\" height=\"150\" src=\"https:\/\/www.nonsolomodanews.it\/wordpress\/wp-content\/uploads\/2014\/05\/l4-150x150.jpg\" class=\"attachment-thumbnail size-thumbnail\" alt=\"\" aria-describedby=\"gallery-1-5493\" \/><\/a>\n\t\t\t<\/dt>\n\t\t\t\t<dd class='wp-caption-text gallery-caption' id='gallery-1-5493'>\n\t\t\t\tLuigi Orabona\n\t\t\t\t<\/dd><\/dl><dl class='gallery-item'>\n\t\t\t<dt class='gallery-icon landscape'>\n\t\t\t\t<a href='https:\/\/www.nonsolomodanews.it\/wordpress\/l3\/'><img loading=\"lazy\" decoding=\"async\" width=\"150\" height=\"150\" src=\"https:\/\/www.nonsolomodanews.it\/wordpress\/wp-content\/uploads\/2014\/05\/l3-150x150.jpg\" class=\"attachment-thumbnail size-thumbnail\" alt=\"\" aria-describedby=\"gallery-1-5492\" \/><\/a>\n\t\t\t<\/dt>\n\t\t\t\t<dd class='wp-caption-text gallery-caption' id='gallery-1-5492'>\n\t\t\t\tLuigi Orabona\n\t\t\t\t<\/dd><\/dl><dl class='gallery-item'>\n\t\t\t<dt class='gallery-icon portrait'>\n\t\t\t\t<a href='https:\/\/www.nonsolomodanews.it\/wordpress\/l2\/'><img loading=\"lazy\" decoding=\"async\" width=\"150\" height=\"150\" src=\"https:\/\/www.nonsolomodanews.it\/wordpress\/wp-content\/uploads\/2014\/05\/l2-150x150.jpg\" class=\"attachment-thumbnail size-thumbnail\" alt=\"\" aria-describedby=\"gallery-1-5491\" \/><\/a>\n\t\t\t<\/dt>\n\t\t\t\t<dd class='wp-caption-text gallery-caption' id='gallery-1-5491'>\n\t\t\t\tLuigi Orabona\n\t\t\t\t<\/dd><\/dl><br style=\"clear: both\" \/><dl class='gallery-item'>\n\t\t\t<dt class='gallery-icon portrait'>\n\t\t\t\t<a href='https:\/\/www.nonsolomodanews.it\/wordpress\/l1\/'><img loading=\"lazy\" decoding=\"async\" width=\"150\" height=\"150\" src=\"https:\/\/www.nonsolomodanews.it\/wordpress\/wp-content\/uploads\/2014\/05\/l1-150x150.jpg\" class=\"attachment-thumbnail size-thumbnail\" alt=\"\" aria-describedby=\"gallery-1-5490\" \/><\/a>\n\t\t\t<\/dt>\n\t\t\t\t<dd class='wp-caption-text gallery-caption' id='gallery-1-5490'>\n\t\t\t\tLuigi Orabona\n\t\t\t\t<\/dd><\/dl><dl class='gallery-item'>\n\t\t\t<dt class='gallery-icon portrait'>\n\t\t\t\t<a href='https:\/\/www.nonsolomodanews.it\/wordpress\/ccccccccccc\/'><img loading=\"lazy\" decoding=\"async\" width=\"150\" height=\"150\" src=\"https:\/\/www.nonsolomodanews.it\/wordpress\/wp-content\/uploads\/2014\/05\/ccccccccccc-150x150.jpg\" class=\"attachment-thumbnail size-thumbnail\" alt=\"\" aria-describedby=\"gallery-1-5489\" \/><\/a>\n\t\t\t<\/dt>\n\t\t\t\t<dd class='wp-caption-text gallery-caption' id='gallery-1-5489'>\n\t\t\t\tLuigi Orabona\n\t\t\t\t<\/dd><\/dl><dl class='gallery-item'>\n\t\t\t<dt class='gallery-icon portrait'>\n\t\t\t\t<a href='https:\/\/www.nonsolomodanews.it\/wordpress\/b-2\/'><img loading=\"lazy\" decoding=\"async\" width=\"150\" height=\"150\" src=\"https:\/\/www.nonsolomodanews.it\/wordpress\/wp-content\/uploads\/2014\/05\/b1-150x150.jpg\" class=\"attachment-thumbnail size-thumbnail\" alt=\"\" aria-describedby=\"gallery-1-5488\" \/><\/a>\n\t\t\t<\/dt>\n\t\t\t\t<dd class='wp-caption-text gallery-caption' id='gallery-1-5488'>\n\t\t\t\tLuigi Orabona\n\t\t\t\t<\/dd><\/dl><br style=\"clear: both\" \/>\n\t\t<\/div>\n\n<p style=\"text-align:justify;\">Nonsolomodanews incontra Luigi Orabona, modello e fotomodello dalle origini campane che per lavoro si \u00e8 trasferito a nord. Un passato alle spalle importante con parecchie partecipazioni in programmi TV, Luigi si sente di poter dare ancora qualcosa a questo mondo che \u00e8 quello della moda. Ringraziamo Luigi per la sua disponibilit\u00e0. Buona lettura.<\/p>\n<p style=\"text-align:justify;\"><span style=\"color:#000000;\"><strong>Ciao ti vuoi presentare?<\/strong><em> \u201cCiao Bruno e a tutti i lettori di Nonsolomodanews, mi chiamo Luigi, vivo in provincia di Modena e a Milano, nato sotto il segno dell&#8217;acquario, nome d&#8217;arte L\u00f9 Fashion. L\u00f9 Fashion perch\u00e8 L\u00f9 \u00e8 il diminutivo di Luigi, il nome Fashion deriva dal fatto che nel 2013 ho vissuto in Puglia e mi \u00e8 stato dato tale nome perch\u00e8 ho lavorato in Outlet che si chiamava Fashion District, poi i miei ex colleghi colleghi di lavoro mi vedevano sempre vestito in un modo elegante ..e dato che sono nel campo della moda e visto che mi piace la moda, quindi \u00e8 l&#8217;ideale come nome ..detto questo per un&#8217;insieme di cose, mi hanno &#8216;battezzato&#8217; con tale nome che a mio avviso mi piace molto\u201d.<\/em><\/span><\/p>\n<div id=\"attachment_5488\" style=\"width: 210px\" class=\"wp-caption alignleft\"><a href=\"http:\/\/nonsolomodanews.files.wordpress.com\/2014\/05\/b1.jpg\"><img loading=\"lazy\" decoding=\"async\" aria-describedby=\"caption-attachment-5488\" class=\"size-medium wp-image-5488\" src=\"http:\/\/nonsolomodanews.files.wordpress.com\/2014\/05\/b1.jpg?w=200\" alt=\"Luigi Orobona\" width=\"200\" height=\"300\" srcset=\"https:\/\/www.nonsolomodanews.it\/wordpress\/wp-content\/uploads\/2014\/05\/b1.jpg 480w, https:\/\/www.nonsolomodanews.it\/wordpress\/wp-content\/uploads\/2014\/05\/b1-200x300.jpg 200w\" sizes=\"auto, (max-width: 200px) 100vw, 200px\" \/><\/a><p id=\"caption-attachment-5488\" class=\"wp-caption-text\">Luigi Orabona<\/p><\/div>\n<p style=\"text-align:justify;\"><span style=\"color:#000000;\"><strong>Come sei di carattere? <\/strong><em>\u201cUna persona abbastanza seria, con dei valori, con la testa sulle spalle, con dei principi di famiglia, orgoglioso per certi aspetti, educato, gentile, schietta, sincera, aperta, solare, affidabile, un po\u2019 sensibile e sentimentale, e anche un po\u2019 romantica ..poi determinato, emotivo, umile, vanitoso, altruista, testardo, egocentrico e per concludere, un ragazzo volenteroso, un po\u2019 segreto e riservato, energetico, determinato, motivato, che ha le idee ben chiare e che sa quello che vuole\u201d.<\/em><em>Ah, naturalmente ho anche diversi difetti, che sia chiaro..tipo sono un po permaloso, a volte magari me la prendo per delle stupidaggini\u201d.<\/em><\/span><\/p>\n<p style=\"text-align:justify;\"><span style=\"color:#000000;\"><strong>Che cosa ti piace in generale e che e cosa non ti piace (che in certi momenti odi) <\/strong><em>\u201cMi piace uscire, viaggiare, fare l&#8217;aperitivo, fare sempre nuove esperienze e conoscenze, mi piace vestirmi bene, curare la propria immagine andando dall&#8217;estetista. Invece riguardo ci\u00f2 che non mi piace, una delle cose che odio \u00e8 quando mi tocca andare a fare spesa quando non ho voglia, ahah ..comunque odio anche la vita monotona, e le persone egoiste, ipocrite, menefreghiste, contradditorie, incoerenti, ruffiani, aniffidabili, false, lecchini ..ma anche le persone approfittatrici e opportuniste che magari ti usano, ti sfruttano e che ci sono solo nei momenti del loro bisogno&#8230;e per finire le persone gelose e invidiose\u201d.<\/em><\/span><\/p>\n<p style=\"text-align:justify;\"><span style=\"color:#000000;\"><strong>Qual \u00e8 il tuo colore preferito? <\/strong><em>\u201cPartendo dal presupposto che mi piacciono tutti i colori pi\u00f9 o meno, da piccolo mi piaceva sempre il verde come speranza ..ma se penso all&#8217;abbigliamento, i miei colori preferiti sono il bianco e nero, colori che abbinati assieme fanno il loro figurino ..insomma sono colori che stanno bene su tutto\u201d.<\/em><\/span><\/p>\n<p style=\"text-align:justify;\"><span style=\"color:#000000;\"><strong>Qual \u00e8 il tuo rapporto con gli animali? <\/strong>\u201c<em>Be mi piacciono gli animali, in particolar modo i cani (husky, pastore tedesco, labrador ..soprattutto se sono cuccioli) ..ci tengo a dire che sono meglio gli animali di certe persone, almeno il loro affetto \u00e8 sincero &#8230;peccato solo che non parlino. Gli animali che non sopporto sono i topi, serpenti, api, cavallette e altri\u201d.<\/em><\/span><\/p>\n<div id=\"attachment_5491\" style=\"width: 649px\" class=\"wp-caption alignleft\"><a href=\"http:\/\/nonsolomodanews.files.wordpress.com\/2014\/05\/l2.jpg\"><img loading=\"lazy\" decoding=\"async\" aria-describedby=\"caption-attachment-5491\" class=\"size-full wp-image-5491\" src=\"http:\/\/nonsolomodanews.files.wordpress.com\/2014\/05\/l2.jpg\" alt=\"Luigi Orobona\" width=\"639\" height=\"960\" srcset=\"https:\/\/www.nonsolomodanews.it\/wordpress\/wp-content\/uploads\/2014\/05\/l2.jpg 639w, https:\/\/www.nonsolomodanews.it\/wordpress\/wp-content\/uploads\/2014\/05\/l2-200x300.jpg 200w\" sizes=\"auto, (max-width: 639px) 100vw, 639px\" \/><\/a><p id=\"caption-attachment-5491\" class=\"wp-caption-text\">Luigi Orabona<\/p><\/div>\n<p style=\"text-align:justify;\"><span style=\"color:#000000;\"><strong>Ci parli delle tue esperienze di modellofotomodello<\/strong><strong>?<\/strong><em> \u201cVolentieri, ho fatto varie sfilate sia di parrucchiere che di moda, indossando indumenti, accessori, abbigliamento di varie griffe firmate. Ho posato per qualche catalogo di moda e non solo, ho fatto pubblicit\u00e0 con la mia immagine in vetrina per vari negozi, ma anche diversi concorsi di bellezza. Ma comunque ci tengo a dire che mi occupo e lascio la mia disponibilit\u00e0 su pi\u00f9 fronti, tra i quali : Animazione, Ragazzo Immagine, Giuria, Spogliarellista, Indossatore, Pin up, Special guest, Spot pubblicitari, Comparsa, Televisione, Testimonial, Beneficenza e tante collaborazioni\u201d.<\/em><\/span><\/p>\n<p style=\"text-align:justify;\"><span style=\"color:#000000;\"><strong>Che cosa cerchi dalla Fotografia? <\/strong><em>\u201cChe evidenzi i lati migliori del sottoscritto, che risalti la mia personalit\u00e0, cerco che venga espresso il meglio di me, che valorizzi al massimo la mia immagine\u201d.<\/em><\/span><\/p>\n<p style=\"text-align:justify;\"><span style=\"color:#000000;\"><strong>-Che cosa cerchi da un Fotografo?\u00a0<\/strong><em>\u201cOltre a quello che ho detto in precedenza, da un fotografoa cerco il meglio, soprattutto che ci sia seriet\u00e0, rispetto, professionalit\u00e0, che ci sia un bel rapporto d&#8217;amicizia, di sentirmi a proprio agio, che ci sia fiducia, sintonia, creativit\u00e0, che abbia le idee chiare, convinzione, determinato, motivato\u201d.<\/em><\/span><\/p>\n<p style=\"text-align:justify;\"><span style=\"color:#000000;\"><strong>Che cosa cercano i fotografi da te? <\/strong><em>\u201cDipende ..dipende dal progetto, dipende dal genere fotografico, dipende dalla situazione e altro ancora ..comunque il massimo impegno, di dare il meglio e di essere me stesso, seriet\u00e0, puntualit\u00e0, massima professionalit\u00e0 e disponibilit\u00e0, che non bisogna mai esprimere ci\u00f2 che non si \u00e8 o ci\u00f2 che non si ha, ma esprimere al meglio le proprie doti e capacit\u00e0, per poi renderle pubbliche &#8230;ma anche di non strafare, poi spontaneit\u00e0, naturalezza in ogni espressione, semplicit\u00e0, simpatia&#8230;tra l&#8217;altro quest&#8217;ultime sono le caratteristiche che pi\u00f9 mi accomunano.Per dire certi fotografi sul set fotografico, vogliono che tu sia un attore in quel momento, ovvero il saper posare ..devo ammettere che nessun fotografo si \u00e8 mai lamentato del sottoscritto, anzi\u201d.<\/em><\/span><\/p>\n<div id=\"attachment_5498\" style=\"width: 210px\" class=\"wp-caption alignleft\"><a href=\"http:\/\/nonsolomodanews.files.wordpress.com\/2014\/05\/xxx.jpg\"><img loading=\"lazy\" decoding=\"async\" aria-describedby=\"caption-attachment-5498\" class=\"size-medium wp-image-5498\" src=\"http:\/\/nonsolomodanews.files.wordpress.com\/2014\/05\/xxx.jpg?w=200\" alt=\"Luigi Orobona\" width=\"200\" height=\"300\" srcset=\"https:\/\/www.nonsolomodanews.it\/wordpress\/wp-content\/uploads\/2014\/05\/xxx.jpg 480w, https:\/\/www.nonsolomodanews.it\/wordpress\/wp-content\/uploads\/2014\/05\/xxx-200x300.jpg 200w\" sizes=\"auto, (max-width: 200px) 100vw, 200px\" \/><\/a><p id=\"caption-attachment-5498\" class=\"wp-caption-text\">Luigi Orabona<\/p><\/div>\n<p style=\"text-align:justify;\"><span style=\"color:#000000;\"><strong>Chi \u00e8 nella tua famiglia il tuo primo sostenitoresostenitrice? <\/strong>\u201c<em>Diciamo che la mia famiglia \u00e8 un po contraria alla strada che ho intrapreso ..del resto i miei sostenitori e sostenitrici, sono le persone che mi conoscono, coloro che mi vogliono bene, che mi seguono, che mi stimano, che credono in me\u201d.<\/em><\/span><\/p>\n<p style=\"text-align:justify;\"><span style=\"color:#000000;\"><strong>Quando hai iniziato a posare? <\/strong><em>\u201cNel 2009 a Milano in uno studio fotografico per un fotografico semiprofessionista, non dimenticher\u00f2 mai quel giorno\u201d.<\/em><\/span><\/p>\n<p style=\"text-align:justify;\"><span style=\"color:#000000;\"><strong>Quale progetto fotografico ti piacerebbe realizzare e perch\u00e8?\u00a0<\/strong><em>\u201cLe idee come i progetti e ambizioni non mancano ..in questo caso mi piacerebbe realizzare qualche Shooting presso una cascata, in una stazione ferroviaria sui binari \u2026 ma anche in un capannone abbandonato per un gioco di luci e ombre. Poi vabb\u00e8 ne ho in mentre altri che non vi dico, ahah ..top secret\u201d.<\/em><\/span><\/p>\n<p style=\"text-align:justify;\"><span style=\"color:#000000;\"><strong>Che cosa significa per te essere un modellofotomodello? <\/strong><em>\u201cBe il Modelloa sfila, il Fotomodelloa posa, ahah comunque ce differenza, ci sono requisiti diversi, ma secondo me non ha un vero significato preciso vero e proprio. Quello che posso dire parlando di esperienze personali, \u00e8 che ti pu\u00f2 dare diverse gioie, soddisfazioni, ti regala diverse emozioni, sensazioni indescrivibili, uniche\u201d.<\/em><\/span><\/p>\n<div id=\"attachment_5499\" style=\"width: 310px\" class=\"wp-caption alignleft\"><a href=\"http:\/\/nonsolomodanews.files.wordpress.com\/2014\/05\/z.jpg\"><img loading=\"lazy\" decoding=\"async\" aria-describedby=\"caption-attachment-5499\" class=\"size-medium wp-image-5499\" src=\"http:\/\/nonsolomodanews.files.wordpress.com\/2014\/05\/z.jpg?w=300\" alt=\"Luigi Orobona\" width=\"300\" height=\"200\" srcset=\"https:\/\/www.nonsolomodanews.it\/wordpress\/wp-content\/uploads\/2014\/05\/z.jpg 720w, https:\/\/www.nonsolomodanews.it\/wordpress\/wp-content\/uploads\/2014\/05\/z-300x200.jpg 300w\" sizes=\"auto, (max-width: 300px) 100vw, 300px\" \/><\/a><p id=\"caption-attachment-5499\" class=\"wp-caption-text\">Luigi Orobona<\/p><\/div>\n<p style=\"text-align:justify;\"><span style=\"color:#000000;\"><strong>Hai frequentato corsi di modeling e portamento? <\/strong><em>\u201cSi tempo fa, presi parte giusto a qualche lezione di posa, portamento. Del resto solo con la pratica, col tempo impari a sfilare, posare ..l&#8217;esperienza fa la differenza, l&#8217;esperienza la si fa con la praticit\u00e0, col tempo&#8230;d&#8217;altronde nessuno nasce imparato\u201d.<\/em><\/span><\/p>\n<p style=\"text-align:justify;\"><span style=\"color:#000000;\"><strong>Pensi che un corso di portamento e posa sarebbe utile per la tua carriera di modellofotomodello? <\/strong><em>\u201cCerto che si, aiuta molto ..credo che si debba sempre migliorare, comunque tali corsi possono gettare le basi, puoi apprendere e imparare molto&#8230;dico sempre che non si \u00e8 mai arrivati, ce sempre da imparare, apprendere, scoprire cose nuove, migliorarsi\u201d.<\/em><\/span><\/p>\n<p style=\"text-align:justify;\"><span style=\"color:#000000;\"><strong>Cosa fai per mantenerti in forma, ovvero sei sportivo e sei fai qualche sport? <\/strong><em>\u201cSono stato sempre uno sportivo, ho giocato per anni a calcio, ho fatto nuoto, atletica ..per\u00f2 da qualche annetto a questa parte faccio palestra, anche se ultimamente per vari motivi sono fermo, per\u00f2 bisogna che riprendo ad allenarmi in fretta ..anche perch\u00e8, per chi come me fa tale lavoro e per chi lavora col proprio corpo, \u00e8 fondamentale allenarsi e avere un fisico allenato, scolpito. Non mi dispiacerebbe fare un nuovo sport, tipo la boxe.<\/em><\/span><\/p>\n<p style=\"text-align:justify;\"><span style=\"color:#000000;\"><strong>Hai degli hobby? <\/strong><em>\u201cShopping, ascoltare la musica, viaggiare, leggere i quotidiani e tanto altro\u201d.<\/em><\/span><\/p>\n<p style=\"text-align:justify;\"><span style=\"color:#000000;\"><strong>A livello di cucina, qual \u00e8 il piatto che ti piace di pi\u00f9? <\/strong><em>\u201cPartendo dal presupposto che sono un buon gustaio, mi piace la buona cucina devo ammettere che mi hai messo un po\u2019 in difficolt\u00e0 con questa domanda, ahah .qui ce l&#8217;imbarazzo della scelta, comunque direi che ce pi\u00f9 di un piatto che mi piace tanto, tra i quali:<\/em><em>lasagne, gnocchi, tortellini, spaghetti con vongole, risotto\u201d.<\/em><\/span><\/p>\n<div id=\"attachment_5494\" style=\"width: 210px\" class=\"wp-caption alignleft\"><a href=\"http:\/\/nonsolomodanews.files.wordpress.com\/2014\/05\/l5.jpg\"><img loading=\"lazy\" decoding=\"async\" aria-describedby=\"caption-attachment-5494\" class=\"size-medium wp-image-5494\" src=\"http:\/\/nonsolomodanews.files.wordpress.com\/2014\/05\/l5.jpg?w=200\" alt=\"Luigi Orobona\" width=\"200\" height=\"300\" srcset=\"https:\/\/www.nonsolomodanews.it\/wordpress\/wp-content\/uploads\/2014\/05\/l5.jpg 640w, https:\/\/www.nonsolomodanews.it\/wordpress\/wp-content\/uploads\/2014\/05\/l5-200x300.jpg 200w\" sizes=\"auto, (max-width: 200px) 100vw, 200px\" \/><\/a><p id=\"caption-attachment-5494\" class=\"wp-caption-text\">Luigi Orabona<\/p><\/div>\n<p style=\"text-align:justify;\"><span style=\"color:#000000;\"><strong>Qual \u00e8 il tuo rapporto con il cibo ? <\/strong><em>\u201cDirei che tra noi ci sia un bel rapporto d&#8217;amicizia, ahah &#8230;mangio tutto quello che mi piace senza farmi tanti problemi, naturalmente senza esagerare stando un po\u2019 attento\u201d.<\/em><\/span><\/p>\n<p style=\"text-align:justify;\"><span style=\"color:#000000;\"><strong>Segui alcun regime alimentare ? <\/strong>\u201c<em>Ora come ora no ..in passato magari si, per dire quando mi allenavo, ci stavo molto pi\u00f9 attento al cibo, o meglio seguivo un certo tipo di alimentazione corretta e pi\u00f9 sana\u201d.<\/em><\/span><\/p>\n<p style=\"text-align:justify;\"><span style=\"color:#000000;\"><strong>Ti piace il vino e se si, ne hai uno in particolare? <\/strong><em>\u201cIl vino rosso assolutamente no, non mi \u00e8 mai piaciuto, preferisco il vino bianco, tipo un prosecco epignoletto\u201d.<\/em><\/span><\/p>\n<p style=\"text-align:justify;\"><span style=\"color:#000000;\"><strong>Quale consiglio daresti a un ragazzo che volesse iniziare a fare il modellofotomodello? <\/strong><em>\u201cDi consigli, dritte ce ne sarebbero da dire ..quello che posso dire innanzitutto credere nei propri mezzi, doti, qualit\u00e0 .. mettersi in gioco, avere le idee chiare in ci\u00f2 che si vuole o in ci\u00f2 che si fa, mettere amore, passione ..poi non deve mancare l&#8217;autostima, motivazioni, l&#8217;umilt\u00e0, l&#8217;essere determinati.<\/em><em>Comunque provare non costa nulla, bisogna sempre rimanere se stessi, essere ottimisti e fiduciosi come lo sono io, stare attenti con chi si decide di avere a che fare, poi non di perdere mai la dignit\u00e0, senza scendere a nessun compromesso..ricordatevi che non siete degli oggetti.<\/em><em>I famosi &#8216;treni&#8217; possono passare, ma prima di montarci sopra, bisogna vedere se il gioco vale la candela ..infine non bisogna mollare, le difficolt\u00e0 si superano &#8230;\u00e8 normale che le insidie sono sempre dietro all&#8217;angolo, ma tutto ci\u00f2 servono per farti crescere, maturare da certi punti di vista.<\/em><em>Poi che dire &#8230;non bisogna pretendere o aspettarsi qualcosa o chiss\u00e0 che da qualcuno&#8230;bisogna stare tranquilli, sereni e portare pazienza ma nello stesso tempo crederci &#8230;dico sempre che con impegno, volont\u00e0 e dedizione si ottengono grandi soddisfazioni e grossi traguardi.<\/em><em>Il mio augurio per molte persone, \u00e8 quello che un giorno tale hobby e passione, possa trasformarsi in una vera e propria professione\u201d.<\/em><\/span><\/p>\n<p style=\"text-align:justify;\"><strong>Come ti vesti quotidianamente?\u00a0<\/strong><em>&#8220;<span style=\"color:#000000;\">Devo ammettere che mi piace vestermi bene in un modo elegante,per dire uso spesso la camicia, completo elegante, gillet, cravattino, papillon, giacca..poi vabb\u00e8 dipende dalla situazione. Ma nello stesso tempo, mi piace sentirmi a mio agio e comodo e, quindi, mi piace indossare anche un semplice jeans, tuta, canotta, t-shirt, felpa. Colgo l&#8217;occasione e vi consiglio l&#8217;abbigliamento Basset Inside (uomo, donna, bambini), per cui ho posato. Ricordo che acquistando una t-shit, felpa,cappellino e altri gadget in vendita, una percentuale verr\u00e0 devoluta in beneficenza allo Spazio Anffas di Ferrara che si occupa di combattere il disagio fisico e psicologico&#8221;.<\/span><\/em><\/p>\n<p style=\"text-align:justify;\"><span style=\"color:#000000;\"><strong>Modello o fotomodello che conosci e alla quale ti ispiri? <\/strong><em>\u201cPenso che ognuno di noi abbia qualcosa di diverso, di unico, di speciale e particolare\u2026 detto questo una persona a cui mi sono ispirato tra virgolette, ovvero una persona che ho sempre seguito, che stimo e magari che ammiro anche, \u00e8 un certo Costantino Vitagliano, un grande a mio avviso per ci\u00f2 che ha fatto\u201d.<\/em><\/span><\/p>\n<p style=\"text-align:justify;\"><span style=\"color:#000000;\"><strong><a href=\"http:\/\/nonsolomodanews.files.wordpress.com\/2014\/05\/l3.jpg\"><img loading=\"lazy\" decoding=\"async\" class=\"alignright size-large wp-image-5492\" src=\"http:\/\/nonsolomodanews.files.wordpress.com\/2014\/05\/l3.jpg?w=640\" alt=\"l3\" width=\"640\" height=\"426\" srcset=\"https:\/\/www.nonsolomodanews.it\/wordpress\/wp-content\/uploads\/2014\/05\/l3.jpg 960w, https:\/\/www.nonsolomodanews.it\/wordpress\/wp-content\/uploads\/2014\/05\/l3-300x200.jpg 300w\" sizes=\"auto, (max-width: 640px) 100vw, 640px\" \/><\/a>Se potessi cambiare citt\u00e0 dove vorresti andare a vivere e perch\u00e8? <\/strong>\u201c<em>Grazie al mio lavoro e visto che mi piace scoprire sempre nuovi posti, nuove culture ..ho avuto modo di visitare tante citt\u00e0 bellissime &#8230;diciamo che sia in Italia che all&#8217;estero, mi piacerebbe andare a vivere in varie citt\u00e0 appunto.<\/em><em>Devo ammettere che ho una preferenza riguardo le localit\u00e0 marine, il mare \u00e8 il mare\u201d.<\/em><\/span><\/p>\n<p style=\"text-align:justify;\"><span style=\"color:#000000;\"><strong>Progetti per il futuro?\u00a0<\/strong><em>\u201dI progetti, i sogni, le ambizioni non mancano ..ma essendo un po superstizioso e scaramantico, preferisco tenerli per me\u201d.<\/em><\/span><\/p>\n<p style=\"text-align:justify;\"><span style=\"color:#000000;\"><strong>Luigi, prima di concludere l&#8217;intervista, hai una frase che meglio ti rappresenti <\/strong><em>\u201cCerto \u2026 e anche pi\u00f9 di una : &lt;&lt;Comunque vada sar\u00e0 un successo&gt;&gt; &#8230;&lt;&lt;Credi sempre in te stesso e nessuno pu\u00f2 fermarti&gt;&gt;&#8230;&lt;&lt;Barcollo ma non mollo&gt;&gt;&#8230;&#8217;Il meglio deve ancora venire&#8221;&#8230;&lt;&lt;Vivi e lascia vivere&gt;&gt;&#8230;&lt;&lt;Con impegno, dedizione e volont\u00e0 si ottengono grandi soddisfazioni e grossi traguardi&gt;&gt;&#8230;&lt;&lt;Non dire gatto se non ce l&#8217;hai nel sacco&gt;&gt;&#8230;&lt;&lt;Finch\u00e8 non vedo, non credo&gt;&gt;\u201d.<\/em><\/span><\/p>\n<p style=\"text-align:justify;\">Grazie Luigi<\/p>\n<p style=\"text-align:center;\"><span style=\"color:#000000;\">I credits delle fotografie appartengono ai relativi fotografi. \u00a0Le fotografie sono state fornite da Luigi Orabona\u00a0\u2013 Tutti i diritti riservati \u2013 Email: nonsolomodanews@gmail.com<\/span><\/p>\n","protected":false},"excerpt":{"rendered":"<p>Nonsolomodanews incontra Luigi Orabona, modello e fotomodello dalle origini campane che per lavoro si &egrave; trasferito a nord. Un passato alle spalle importante con parecchie partecipazioni in programmi TV, Luigi si sente di poter dare ancora qualcosa a questo mondo che &egrave; quello della moda. Ringraziamo Luigi per la sua disponibilit&agrave;. Buona lettura. Ciao ti vuoi presentare? &ldquo;Ciao Bruno e a tutti i lettori di Nonsolomodanews, mi chiamo Luigi, vivo in provincia di Modena e a Milano, nato sotto il segno dell&rsquo;acquario, nome d&rsquo;arte L&ugrave; Fashion. L&ugrave; Fashion perch&egrave; L&ugrave; &egrave; il diminutivo di Luigi, il nome Fashion deriva dal fatto che nel 2013 ho vissuto in Puglia e mi &egrave; stato dato tale nome perch&egrave; ho lavorato in Outlet che si chiamava Fashion District, poi i miei ex colleghi colleghi di lavoro mi vedevano sempre vestito in un modo elegante ..e dato che sono nel campo della moda e visto che mi piace la moda, quindi &egrave; l&rsquo;ideale come nome ..detto questo per un&rsquo;insieme di cose, mi hanno &lsquo;battezzato&rsquo; con tale nome che a mio avviso mi piace molto&rdquo;. Come sei di carattere? &ldquo;Una persona abbastanza seria, con dei valori, con la testa sulle spalle, con dei principi di [&hellip;]<\/p>\n","protected":false},"author":1,"featured_media":0,"comment_status":"open","ping_status":"open","sticky":false,"template":"","format":"standard","meta":{"rop_custom_images_group":[],"rop_custom_messages_group":[],"rop_publish_now":"initial","rop_publish_now_accounts":[],"rop_publish_now_history":[],"rop_publish_now_status":"pending","footnotes":""},"categories":[16],"tags":[869,1039],"class_list":["post-5487","post","type-post","status-publish","format-standard","hentry","category-articolo","tag-luigi-orobona","tag-modello"],"_links":{"self":[{"href":"https:\/\/www.nonsolomodanews.it\/wordpress\/wp-json\/wp\/v2\/posts\/5487","targetHints":{"allow":["GET"]}}],"collection":[{"href":"https:\/\/www.nonsolomodanews.it\/wordpress\/wp-json\/wp\/v2\/posts"}],"about":[{"href":"https:\/\/www.nonsolomodanews.it\/wordpress\/wp-json\/wp\/v2\/types\/post"}],"author":[{"embeddable":true,"href":"https:\/\/www.nonsolomodanews.it\/wordpress\/wp-json\/wp\/v2\/users\/1"}],"replies":[{"embeddable":true,"href":"https:\/\/www.nonsolomodanews.it\/wordpress\/wp-json\/wp\/v2\/comments?post=5487"}],"version-history":[{"count":0,"href":"https:\/\/www.nonsolomodanews.it\/wordpress\/wp-json\/wp\/v2\/posts\/5487\/revisions"}],"wp:attachment":[{"href":"https:\/\/www.nonsolomodanews.it\/wordpress\/wp-json\/wp\/v2\/media?parent=5487"}],"wp:term":[{"taxonomy":"category","embeddable":true,"href":"https:\/\/www.nonsolomodanews.it\/wordpress\/wp-json\/wp\/v2\/categories?post=5487"},{"taxonomy":"post_tag","embeddable":true,"href":"https:\/\/www.nonsolomodanews.it\/wordpress\/wp-json\/wp\/v2\/tags?post=5487"}],"curies":[{"name":"wp","href":"https:\/\/api.w.org\/{rel}","templated":true}]}}