{"id":5478,"date":"2014-05-19T00:36:47","date_gmt":"2014-05-19T00:36:47","guid":{"rendered":"http:\/\/nonsolomodanews.com\/?p=5478"},"modified":"2014-05-19T00:36:47","modified_gmt":"2014-05-19T00:36:47","slug":"nonsolomodanews-incontra-la-giovane-sara-grillenzoni-fotomodella-per-passione-e-futura-maestra-dasilo","status":"publish","type":"post","link":"https:\/\/www.nonsolomodanews.it\/wordpress\/nonsolomodanews-incontra-la-giovane-sara-grillenzoni-fotomodella-per-passione-e-futura-maestra-dasilo\/","title":{"rendered":"Nonsolomodanews incontra la giovane Sara Grillenzoni, fotomodella per passione e futura maestra d&#039;asilo"},"content":{"rendered":"\n\t\t<style>\n\t\t\t#gallery-1 {\n\t\t\t\tmargin: auto;\n\t\t\t}\n\t\t\t#gallery-1 .gallery-item {\n\t\t\t\tfloat: left;\n\t\t\t\tmargin-top: 10px;\n\t\t\t\ttext-align: center;\n\t\t\t\twidth: 33%;\n\t\t\t}\n\t\t\t#gallery-1 img {\n\t\t\t\tborder: 2px solid #cfcfcf;\n\t\t\t}\n\t\t\t#gallery-1 .gallery-caption {\n\t\t\t\tmargin-left: 0;\n\t\t\t}\n\t\t\t\/* see gallery_shortcode() in wp-includes\/media.php *\/\n\t\t<\/style>\n\t\t<div id='gallery-1' class='gallery galleryid-5478 gallery-columns-3 gallery-size-thumbnail'><dl class='gallery-item'>\n\t\t\t<dt class='gallery-icon landscape'>\n\t\t\t\t<a href='https:\/\/www.nonsolomodanews.it\/wordpress\/nonsolomodanews-incontra-la-giovane-sara-grillenzoni-fotomodella-per-passione-e-futura-maestra-dasilo\/10372901_10203887107807071_265308359871239946_o\/'><img loading=\"lazy\" decoding=\"async\" width=\"150\" height=\"150\" src=\"https:\/\/www.nonsolomodanews.it\/wordpress\/wp-content\/uploads\/2014\/05\/10372901_10203887107807071_265308359871239946_o-150x150.jpg\" class=\"attachment-thumbnail size-thumbnail\" alt=\"\" aria-describedby=\"gallery-1-5485\" \/><\/a>\n\t\t\t<\/dt>\n\t\t\t\t<dd class='wp-caption-text gallery-caption' id='gallery-1-5485'>\n\t\t\t\tSara Grillenzoni\n\t\t\t\t<\/dd><\/dl><dl class='gallery-item'>\n\t\t\t<dt class='gallery-icon portrait'>\n\t\t\t\t<a href='https:\/\/www.nonsolomodanews.it\/wordpress\/nonsolomodanews-incontra-la-giovane-sara-grillenzoni-fotomodella-per-passione-e-futura-maestra-dasilo\/10356353_10203875378953857_1866624855621700016_n\/'><img loading=\"lazy\" decoding=\"async\" width=\"150\" height=\"150\" src=\"https:\/\/www.nonsolomodanews.it\/wordpress\/wp-content\/uploads\/2014\/05\/10356353_10203875378953857_1866624855621700016_n-150x150.jpg\" class=\"attachment-thumbnail size-thumbnail\" alt=\"\" aria-describedby=\"gallery-1-5484\" \/><\/a>\n\t\t\t<\/dt>\n\t\t\t\t<dd class='wp-caption-text gallery-caption' id='gallery-1-5484'>\n\t\t\t\tSara Grillenzoni\n\t\t\t\t<\/dd><\/dl>\n\t\t\t<br style='clear: both' \/>\n\t\t<\/div>\n\n<p style=\"text-align:justify;\"><strong>Ciao Sara ti vuoi presentare? <\/strong><em>\u201cCiao a tutte e tutti quelli di Nonsolomodanews, io sono Sara, ho 22 anni (quasi 23) e vengo dalla provincia di Modena. Sono nata il 31 Maggio del 1991 a Carpi; le mie misure sono 85-74-102 (non proprio da modella :D), Ho i capelli castani (attualmente con lo shatush) che arrivano quasi a met\u00e0 schiena e gli occhi azzurri. Sono fidanzata da quasi 2 anni e frequento l\u2019ultimo anno di universit\u00e0 a Bologna (mi mancano 5 esami e la tanto agoniata tesi!)\u201d.<\/em><\/p>\n<p style=\"text-align:justify;\"><span style=\"color:rgb(0,0,0);\"><strong>Come sei di carattere? <\/strong>\u201c<em>Sono abbastanza espansiva, socievole e solare con chi mi sta accanto. Allo stesso tempo per\u00f2 tendo a farmi scoraggiare molto dai giudizi della gente e a pensare al bicchiere mezzo vuoto nelle situazioni di difficolt\u00e0. Con le persone che non conosco\u00a0all&#8217;inizio\u00a0invece sono timida e quasi diffidente, mentre poi sono aperta e disponibile!!\u201d.<\/em><\/span><\/p>\n<p style=\"text-align:justify;\">\n<div id=\"attachment_5484\" style=\"width: 210px\" class=\"wp-caption alignleft\"><a href=\"http:\/\/nonsolomodanews.files.wordpress.com\/2014\/05\/10356353_10203875378953857_1866624855621700016_n.jpg\"><img loading=\"lazy\" decoding=\"async\" aria-describedby=\"caption-attachment-5484\" class=\"size-medium wp-image-5484\" src=\"http:\/\/nonsolomodanews.files.wordpress.com\/2014\/05\/10356353_10203875378953857_1866624855621700016_n.jpg?w=200\" alt=\"Sara Grillenzoni\" width=\"200\" height=\"300\" srcset=\"https:\/\/www.nonsolomodanews.it\/wordpress\/wp-content\/uploads\/2014\/05\/10356353_10203875378953857_1866624855621700016_n.jpg 640w, https:\/\/www.nonsolomodanews.it\/wordpress\/wp-content\/uploads\/2014\/05\/10356353_10203875378953857_1866624855621700016_n-200x300.jpg 200w\" sizes=\"auto, (max-width: 200px) 100vw, 200px\" \/><\/a><p id=\"caption-attachment-5484\" class=\"wp-caption-text\">Sara Grillenzoni<\/p><\/div>\n<p style=\"text-align:justify;\"><span style=\"color:rgb(0,0,0);\"><strong>Un tuo pregio e un diversamente pregio?<\/strong><em>\u00a0 \u201cUn pregio \u00e8 che sono disponibile ad aiutare e sostenere gli altri nei momenti di difficolt\u00e0 (studio per diventare maestra di scuola materna). Come difetto \u00e8 che sono permalosa e gelosa delle persone che amo\u201d.<\/em><\/span><\/p>\n<p style=\"text-align:justify;\"><span style=\"color:rgb(0,0,0);\"><strong>Sei una persona curiosa<\/strong><em>? \u201cSi abbastanza! Mi ricordo che da piccola mentre imparavo a leggere leggevo tutti i cartelli stradali ahaha ! Anche ora, se c\u2019\u00e8 qualcosa che non mi \u00e8 chiaro o che voglio capire meglio cerco di informarmi, anche perch\u00e8 facendo l\u2019universit\u00e0 si imparano tante cose nuove e la ricerca \u00e8 sempre continua\u201d.<\/em><\/span><\/p>\n<p style=\"text-align:justify;\"><span style=\"color:rgb(0,0,0);\"><strong>Cosa stai studiando?<\/strong><em> \u201cSono\u00a0all&#8217;ultimo\u00a0anno di Scienze della Formazione Primaria dell\u2019universit\u00e0\u00a0di Bologna, studio per diventare maestra di scuola dell\u2019infanzia (3-6 anni) \u201d.<\/em><\/span><\/p>\n<p style=\"text-align:justify;\"><span style=\"color:rgb(0,0,0);\"><strong>Qual \u00e8 il tuo colore preferito?<\/strong><em> \u201cNon ho un colore preferito in particolare, mi piacciono tutti anche se da piccola adoravo l\u2019azzurro! \u201d.<\/em><\/span><\/p>\n<p style=\"text-align:justify;\"><span style=\"color:rgb(0,0,0);\"><strong>Fiore preferito?<\/strong>\u201c<em>Adoro adoro le rose *_* sono bellissime in tutti i loro colori e i loro profumi, e amo quando il mio ragazzo me le regala perch\u00e8 sono per me il simbolo dell\u2019amore&#8230;. \u201d.<\/em><\/span><\/p>\n<p style=\"text-align:justify;\"><span style=\"color:rgb(0,0,0);\"><strong>Cantante preferito?<\/strong>\u201c<em>Ascolto un po\u2019 di tutto, dalla musica commerciale a livello internazionale, a Ligabue, ma tra i gruppi italiani adoro ascoltare I Rio..li conoscete? B\u00e8 se la risposta \u00e8 no cercateli su Facebook e non ve ne pentirete ;)\u201d.<\/em><\/span><\/p>\n<p style=\"text-align:justify;\"><span style=\"color:rgb(0,0,0);\"><strong>Vai a vedere i concerti?<\/strong>\u201c<em>Ci andavo qualche anno fa, ora non pi\u00f9, anche se vorrei andare a vedere Ligabue dal vivo&#8230; \u201d.<\/em><\/span><\/p>\n<p style=\"text-align:justify;\">\n<div id=\"attachment_5480\" style=\"width: 210px\" class=\"wp-caption alignleft\"><a href=\"http:\/\/nonsolomodanews.files.wordpress.com\/2014\/05\/1.jpg\"><img loading=\"lazy\" decoding=\"async\" aria-describedby=\"caption-attachment-5480\" class=\"size-medium wp-image-5480\" src=\"http:\/\/nonsolomodanews.files.wordpress.com\/2014\/05\/1.jpg?w=200\" alt=\"Sara Grillenzoni\" width=\"200\" height=\"300\" \/><\/a><p id=\"caption-attachment-5480\" class=\"wp-caption-text\">Sara Grillenzoni<\/p><\/div>\n<p style=\"text-align:justify;\"><span style=\"color:rgb(0,0,0);\"><strong>Animale preferito e perch\u00e8?<\/strong>\u201c<em>Mi piacciono da morire i cani, sono fedeli, giocherelloni, di compagnia e ti dimostrano il loro affetto e per me \u00e8 fondamentale questo\u201d.<\/em><\/span><\/p>\n<p style=\"text-align:justify;\"><span style=\"color:rgb(0,0,0);\"><strong>Sei una sportiva?<\/strong>\u201c<em>Pratico tennis quando riesco al di fuori degli impegni universitari, altrimenti vado in bicicletta o faccio lunghe passeggiate&#8230; \u201d.<\/em><\/span><\/p>\n<p style=\"text-align:justify;\"><span style=\"color:rgb(0,0,0);\"><strong>Segui qualche sport in particolare?<\/strong>\u201c<em>In particolare no, ma mi piace abbastanza il calcio (il mio ragazzo \u00e8 fissato e quindi lo guardo pure io!) \u201d.<\/em><\/span><\/p>\n<p style=\"text-align:justify;\"><span style=\"color:rgb(0,0,0);\"><strong>Mezzo di trasporto?<\/strong>\u201c<em>Macchina per gli spostamenti lunghi, bicicletta o a piedi per quelli brevi\u201d.<\/em><\/span><\/p>\n<p style=\"text-align:justify;\"><span style=\"color:rgb(0,0,0);\"><strong>Hai degli hobby?<\/strong>\u201c<em>Mi piace molto andare al cinema, ascoltare musica e la fotografia :D\u201d.<\/em><\/span><\/p>\n<p style=\"text-align:justify;\"><span style=\"color:rgb(0,0,0);\"><strong>Sei per il mare o la montagna?<\/strong>\u201c<em>Mare mare! Sono un tipo che odia il freddo! \u201d.<\/em><\/span><\/p>\n<p style=\"text-align:justify;\"><span style=\"color:rgb(0,0,0);\"><strong>Preferisci l\u2019acqua naturale o gassata?<\/strong>\u201c<em>Gassata tutta la vita <\/em><em>J<\/em><em>\u201d.<\/em><\/span><\/p>\n<p style=\"text-align:justify;\"><span style=\"color:rgb(0,0,0);\"><strong>Qual \u00e8 il tuo rapporto con il cibo<\/strong><em>? <\/em>\u201c<em>Dal 2006 ad oggi ho perso circa 10 kg quindi cerco di mangiare il pi\u00f9 sano possibile anche se qualche volta mi concedo qualche sfizio perch\u00e8 si vive una volta sola! \u201d.<\/em><\/span><\/p>\n<p style=\"text-align:justify;\"><span style=\"color:rgb(0,0,0);\"><strong>Quando hai iniziato a posare?<\/strong>\u201c<em>Verso ottobre\/novembre con il fotografo Emilio Carnevale, \u00e8 stata la prima volta in sala posa e mi sono trovata molto bene anche se preferisco posare all\u2019esterno&#8230;. \u201d.<\/em><\/span><\/p>\n<p style=\"text-align:justify;\"><span style=\"color:rgb(0,0,0);\"><strong>Come hai iniziato?<\/strong>\u201c<em>Conosco alcuni fotografi del Photoclub Eyes di San Felice (MO) ed Emilio mi ha chiesto di posare :D\u201d.<\/em><\/span><\/p>\n<p style=\"text-align:justify;\">\n<div id=\"attachment_5485\" style=\"width: 310px\" class=\"wp-caption alignright\"><a href=\"http:\/\/nonsolomodanews.files.wordpress.com\/2014\/05\/10372901_10203887107807071_265308359871239946_o.jpg\"><img loading=\"lazy\" decoding=\"async\" aria-describedby=\"caption-attachment-5485\" class=\"size-medium wp-image-5485\" src=\"http:\/\/nonsolomodanews.files.wordpress.com\/2014\/05\/10372901_10203887107807071_265308359871239946_o.jpg?w=300\" alt=\"Sara Grillenzoni\" width=\"300\" height=\"200\" srcset=\"https:\/\/www.nonsolomodanews.it\/wordpress\/wp-content\/uploads\/2014\/05\/10372901_10203887107807071_265308359871239946_o.jpg 1439w, https:\/\/www.nonsolomodanews.it\/wordpress\/wp-content\/uploads\/2014\/05\/10372901_10203887107807071_265308359871239946_o-300x200.jpg 300w, https:\/\/www.nonsolomodanews.it\/wordpress\/wp-content\/uploads\/2014\/05\/10372901_10203887107807071_265308359871239946_o-1024x683.jpg 1024w, https:\/\/www.nonsolomodanews.it\/wordpress\/wp-content\/uploads\/2014\/05\/10372901_10203887107807071_265308359871239946_o-1080x721.jpg 1080w\" sizes=\"auto, (max-width: 300px) 100vw, 300px\" \/><\/a><p id=\"caption-attachment-5485\" class=\"wp-caption-text\">Sara Grillenzoni<\/p><\/div>\n<p style=\"text-align:justify;\"><span style=\"color:rgb(0,0,0);\"><strong>Quali sono le tue sensazioni quando vieni fotografata?<\/strong>\u201c<em>All\u2019inizio ero in imbarazzo a farmi fotografare perch\u00e8 non sapevo come mettermi, come muovermi, ora invece sono pi\u00f9 sciolta e pi\u00f9 naturale. Penso sia molto importante anche il feeling che si instaura con il fotografo, perch\u00e8 se ti senti a tuo agio con lui il gioco \u00e8 fatto! \u201d.<\/em><\/span><\/p>\n<p style=\"text-align:justify;\"><span style=\"color:rgb(0,0,0);\"><strong>In una tua fotografia di ritratto che cosa noti immediatamente<\/strong><em>? <\/em>\u201c<em>Lo sguardo, mi piace seguire l\u2019obiettivo per dare pi\u00f9 intensit\u00e0 e profondit\u00e0 allo sguardo&#8230; \u201d.<\/em><\/span><\/p>\n<p style=\"text-align:justify;\"><span style=\"color:rgb(0,0,0);\"><strong>Il mondo della fotografia \u00e8 come lo immaginavi prima di farne parte<\/strong><em>? <\/em>\u201c<em>Sinceramente non saprei risponderti; il mondo della fotografia l\u2019ho visto fino ad un certo punto stando dietro alla macchina fotografica, poi ora lo sto vivendo standoci davanti&#8230;\u00e8 presto per me rispondere a questa domanda. \u201d.<\/em><\/span><\/p>\n<p style=\"text-align:justify;\"><span style=\"color:rgb(0,0,0);\"><strong>Quali sono i generi fotografici che preferisci?<\/strong>\u201c<em>Ritratto, Glamour, fashion e\u00a0 beauty. \u201d.<\/em><\/span><\/p>\n<p style=\"text-align:justify;\"><span style=\"color:rgb(0,0,0);\"><strong>Preferisci posare in studio, location o all\u2019aperto?<\/strong> \u201c<em>All\u2019aperto, in location non ho mai provato anche se va bene anche in studio, si fa comunque esperienza! \u201d.<\/em><\/span><\/p>\n<p style=\"text-align:justify;\"><span style=\"color:rgb(0,0,0);\"><strong>Qual \u00e8 il tuo rapporto con la moda?<\/strong>\u201c<em>Mi piace informarmi su quello che andr\u00e0 di tendenza durante la stagione, ma diciamo che me la creo io, con i capi con cui mi sento pi\u00f9 a mio agio&#8230; \u201d.<\/em><\/span><\/p>\n<p style=\"text-align:justify;\">\n<div id=\"attachment_5483\" style=\"width: 210px\" class=\"wp-caption alignright\"><a href=\"http:\/\/nonsolomodanews.files.wordpress.com\/2014\/05\/10355472_10203887110607141_7125698694338386683_o.jpg\"><img loading=\"lazy\" decoding=\"async\" aria-describedby=\"caption-attachment-5483\" class=\"size-medium wp-image-5483\" src=\"http:\/\/nonsolomodanews.files.wordpress.com\/2014\/05\/10355472_10203887110607141_7125698694338386683_o.jpg?w=200\" alt=\"Sara GrillenzoniSara Grillenzoni\" width=\"200\" height=\"300\" \/><\/a><p id=\"caption-attachment-5483\" class=\"wp-caption-text\">Sara GrillenzoniSara Grillenzoni<\/p><\/div>\n<p style=\"text-align:justify;\"><span style=\"color:rgb(0,0,0);\"><strong>Qual \u00e8 l\u2019outfit che preferisci<\/strong><em>? <\/em>\u201c<em>Jeans stretti, tacchi e camicetta leggera :D\u201d.<\/em><\/span><\/p>\n<p style=\"text-align:justify;\"><span style=\"color:rgb(0,0,0);\"><strong>E come accessori?<\/strong>\u201c<em>Maxi collane, bracciali , li adoro! \u201d.<\/em><\/span><\/p>\n<p style=\"text-align:justify;\"><span style=\"color:rgb(0,0,0);\"><strong>Come vesti nella vita di tutti i giorni?<\/strong>\u201c<em>Normalissima, Jeans maglietta e scarpe da ginnastica, comoda e adatta per le commissioni giornaliere&#8230; \u201d.<\/em><\/span><\/p>\n<p style=\"text-align:justify;\"><span style=\"color:rgb(0,0,0);\"><strong>Scarpe basse o tacchi?<\/strong>\u201c<em>Dipende, ma nel weekend assolutamente tacchi! \u201d.<\/em><\/span><\/p>\n<p style=\"text-align:justify;\"><span style=\"color:rgb(0,0,0);\"><strong>Ti piacerebbe fare parte del mondo dello show biz?<\/strong>\u201c<em>No, non fa per me, essere troppo al centro dell\u2019attenzione, non mi piace&#8230; \u201d.<\/em><\/span><\/p>\n<p style=\"text-align:justify;\"><span style=\"color:rgb(0,0,0);\"><strong>Punto forte del tuo fisico<\/strong><em>? <\/em>\u201c<em>Mi piace molto il mio viso, punto molto sugli occhi e sulle labbra! \u201d.<\/em><\/span><\/p>\n<p style=\"text-align:justify;\"><span style=\"color:rgb(0,0,0);\"><strong>Avessi la bacchetta magica che cosa cambieresti della tua persona?<\/strong> \u201c<em> E\u2019 strano dire che non voglio cambiare nulla? Alla gente dico che se piaccio devo farlo per come sono, quindi no, non cambierei nulla\u201d.<\/em><\/span><\/p>\n<p style=\"text-align:justify;\"><span style=\"color:rgb(0,0,0);\"><strong>Hai un progetto fotografico che ti piacerebbe realizzare e perch\u00e9?<\/strong>\u201c<em>Al momento sto collaborando con Luca Carrozzino, con cui ho fatto uno shooting domenica 11 maggio. Abbiamo in cantiere qualche lavoro ma non voglio svelare nulla \ud83d\ude09 \u201d.<\/em><\/span><\/p>\n<p style=\"text-align:justify;\"><span style=\"color:rgb(0,0,0);\"><strong>Fotografo, truccatrice, hairstylist, stylist.<\/strong><strong>Me li metti in ordine secondo la tua importanza?\u00a0<\/strong>\u201c<em>Fotografo-truccatrice-stylist-hairstylist\u201d.<\/em><\/span><\/p>\n<p style=\"text-align:justify;\">\n<div id=\"attachment_5481\" style=\"width: 610px\" class=\"wp-caption alignright\"><a href=\"http:\/\/nonsolomodanews.files.wordpress.com\/2014\/05\/22.jpg\"><img loading=\"lazy\" decoding=\"async\" aria-describedby=\"caption-attachment-5481\" class=\"size-full wp-image-5481\" src=\"http:\/\/nonsolomodanews.files.wordpress.com\/2014\/05\/22.jpg\" alt=\"Sara Grillenzoni\" width=\"600\" height=\"900\" \/><\/a><p id=\"caption-attachment-5481\" class=\"wp-caption-text\">Sara Grillenzoni<\/p><\/div>\n<p style=\"text-align:justify;\"><span style=\"color:rgb(0,0,0);\"><strong>Sei smartphone dipendente?<\/strong>\u201c<em>Abbastanza, alla fine \u00e8 uno dei modi per tenermi in contatto con le persona quindi si, quando non ce l\u2019ho mi sento persa!\u201d.<\/em><\/span><\/p>\n<p style=\"text-align:justify;\"><span style=\"color:rgb(0,0,0);\"><strong>Quale rapporto hai coi social network come Facebook e twitter?<\/strong>\u201c<em>Twitter non ce l\u2019ho, con Facebook&#8230;lo uso tutti i giorni, posto gli scatti che mi vengono fatti! \u201d.<\/em><\/span><\/p>\n<p style=\"text-align:justify;\"><span><strong style=\"color:rgb(0,0,0);\">Pensi che siano utili o li consideri dei perditempo<\/strong><em style=\"color:rgb(0,0,0);\">? <\/em><span style=\"color:#000000;\">\u201c<\/span><em><span style=\"color:#000000;\">Utili fino ad un certo punto, ma\u00a0dall&#8217;altro\u00a0\u00e8 giustissimo avere vita sociale e parlare faccia a faccia con gli altri&#8230; \u201d.<\/span><\/em><\/span><\/p>\n<p style=\"text-align:justify;\"><span style=\"color:rgb(0,0,0);\"><strong>Ultimo libro letto e autore?<\/strong>\u201c&lt;&lt;<em>Bianca come il latte&gt;, Rossa come il sangue&gt;&gt; di Alessandro D\u2019Avenia\u201d.<\/em><\/span><\/p>\n<p style=\"text-align:justify;\"><span style=\"color:rgb(0,0,0);\"><strong>Ultimo viaggio all&#8217;estero?<\/strong>\u201c<em>Dicembre 2012 a Parigi, per il compleanno del mio ragazzo\u201d.<\/em><\/span><\/p>\n<p style=\"text-align:justify;\"><span style=\"color:rgb(0,0,0);\"><strong>Lingua straniera conosciuta?<\/strong>\u201c<em>Ho fatto inglese e francese, ma conosco abbastanza bene l\u2019inglese&#8230; \u201d.<\/em><\/span><\/p>\n<p style=\"text-align:justify;\">\n<div id=\"attachment_5480-2\" style=\"width: 210px\" class=\"wp-caption alignleft\"><a href=\"http:\/\/nonsolomodanews.files.wordpress.com\/2014\/05\/1.jpg\"><img loading=\"lazy\" decoding=\"async\" aria-describedby=\"caption-attachment-5480-2\" class=\"size-medium wp-image-5480\" src=\"http:\/\/nonsolomodanews.files.wordpress.com\/2014\/05\/1.jpg?w=200\" alt=\"Sara Grillenzoni\" width=\"200\" height=\"300\" \/><\/a><p id=\"caption-attachment-5480-2\" class=\"wp-caption-text\">Sara Grillenzoni<\/p><\/div>\n<p style=\"text-align:justify;\"><span style=\"color:rgb(0,0,0);\"><strong>Qual \u00e8 il tuo rapporto con i denaro?<\/strong><strong>Sei una che spende o sei una parsimoniosa?<\/strong>\u201c<em>Met\u00e0 e met\u00e0, adoro fare shopping ma cerco sempre di comprare con saldi o offerte per avere un rapporto equo tra qualit\u00e0 e prezzo\u201d.<\/em><\/span><\/p>\n<p style=\"text-align:justify;\"><span><strong style=\"color:rgb(0,0,0);\">Dovendo lasciare la tua citt\u00e0, dove vorresti andare a vivere e perch\u00e9?<\/strong><span style=\"color:#000000;\">\u201c<\/span><em><span style=\"color:#000000;\">Andrei a Parigi, o Roma, o&#8230;ci sono tantissime citt\u00e0 in Italia ed in Europa che\u00a0meriterebbero\u00a0di essere visitate e\u00a0vissute&#8230;. \u201d.<\/span><\/em><\/span><\/p>\n<p style=\"text-align:justify;\"><span style=\"color:rgb(0,0,0);\"><strong>Ultima domanda, sogno nel cassetto che desideri realizzare?<\/strong>\u201c<em>Un desiderio \u00e8 quello di fare il lavoro per cui sto studiando e l\u2019altro \u00e8 quello di fare della fotografia un secondo lavoro o un hobby \ud83d\ude09 \u201d.<\/em><\/span><\/p>\n<p style=\"text-align:justify;\">Grazie<\/p>\n<p style=\"text-align:center;\"><span style=\"color:#000000;\">I credits delle fotografie appartengono ai relativi fotografi. \u00a0Le fotografie sono state fornite da Sara Grillenzoni\u00a0\u2013 Tutti i diritti riservati \u2013 Email: nonsolomodanews@gmail.com<\/span><\/p>\n","protected":false},"excerpt":{"rendered":"<p>Ciao Sara ti vuoi presentare? &ldquo;Ciao a tutte e tutti quelli di Nonsolomodanews, io sono Sara, ho 22 anni (quasi 23) e vengo dalla provincia di Modena. Sono nata il 31 Maggio del 1991 a Carpi; le mie misure sono 85-74-102 (non proprio da modella :D), Ho i capelli castani (attualmente con lo shatush) che arrivano quasi a met&agrave; schiena e gli occhi azzurri. Sono fidanzata da quasi 2 anni e frequento l&rsquo;ultimo anno di universit&agrave; a Bologna (mi mancano 5 esami e la tanto agoniata tesi!)&rdquo;. Come sei di carattere? &ldquo;Sono abbastanza espansiva, socievole e solare con chi mi sta accanto. Allo stesso tempo per&ograve; tendo a farmi scoraggiare molto dai giudizi della gente e a pensare al bicchiere mezzo vuoto nelle situazioni di difficolt&agrave;. Con le persone che non conosco&nbsp;all&rsquo;inizio&nbsp;invece sono timida e quasi diffidente, mentre poi sono aperta e disponibile!!&rdquo;. Un tuo pregio e un diversamente pregio?&nbsp; &ldquo;Un pregio &egrave; che sono disponibile ad aiutare e sostenere gli altri nei momenti di difficolt&agrave; (studio per diventare maestra di scuola materna). Come difetto &egrave; che sono permalosa e gelosa delle persone che amo&rdquo;. Sei una persona curiosa? &ldquo;Si abbastanza! Mi ricordo che da piccola mentre imparavo a leggere [&hellip;]<\/p>\n","protected":false},"author":1,"featured_media":0,"comment_status":"open","ping_status":"open","sticky":false,"template":"","format":"standard","meta":{"rop_custom_images_group":[],"rop_custom_messages_group":[],"rop_publish_now":"initial","rop_publish_now_accounts":[],"rop_publish_now_history":[],"rop_publish_now_status":"pending","footnotes":""},"categories":[16],"tags":[262,488,585,588,746,1041,1099,1275,1314,1445],"class_list":["post-5478","post","type-post","status-publish","format-standard","hentry","category-articolo","tag-bologna","tag-emilia-romagna","tag-fotografia","tag-fotomodella","tag-intervista","tag-modena","tag-nonsolomodanews","tag-sara-grillenzoni","tag-shooting","tag-universita"],"_links":{"self":[{"href":"https:\/\/www.nonsolomodanews.it\/wordpress\/wp-json\/wp\/v2\/posts\/5478","targetHints":{"allow":["GET"]}}],"collection":[{"href":"https:\/\/www.nonsolomodanews.it\/wordpress\/wp-json\/wp\/v2\/posts"}],"about":[{"href":"https:\/\/www.nonsolomodanews.it\/wordpress\/wp-json\/wp\/v2\/types\/post"}],"author":[{"embeddable":true,"href":"https:\/\/www.nonsolomodanews.it\/wordpress\/wp-json\/wp\/v2\/users\/1"}],"replies":[{"embeddable":true,"href":"https:\/\/www.nonsolomodanews.it\/wordpress\/wp-json\/wp\/v2\/comments?post=5478"}],"version-history":[{"count":0,"href":"https:\/\/www.nonsolomodanews.it\/wordpress\/wp-json\/wp\/v2\/posts\/5478\/revisions"}],"wp:attachment":[{"href":"https:\/\/www.nonsolomodanews.it\/wordpress\/wp-json\/wp\/v2\/media?parent=5478"}],"wp:term":[{"taxonomy":"category","embeddable":true,"href":"https:\/\/www.nonsolomodanews.it\/wordpress\/wp-json\/wp\/v2\/categories?post=5478"},{"taxonomy":"post_tag","embeddable":true,"href":"https:\/\/www.nonsolomodanews.it\/wordpress\/wp-json\/wp\/v2\/tags?post=5478"}],"curies":[{"name":"wp","href":"https:\/\/api.w.org\/{rel}","templated":true}]}}