{"id":47,"date":"2013-04-17T21:37:23","date_gmt":"2013-04-17T21:37:23","guid":{"rendered":"http:\/\/nonsolomodanews.wordpress.com\/?p=47"},"modified":"2013-04-17T21:37:23","modified_gmt":"2013-04-17T21:37:23","slug":"intervista-con-sharon-alario-modella-e-fotomodella","status":"publish","type":"post","link":"https:\/\/www.nonsolomodanews.it\/wordpress\/intervista-con-sharon-alario-modella-e-fotomodella\/","title":{"rendered":"Intervista con Sharon Alario, modella e fotomodella"},"content":{"rendered":"<div id=\"attachment_49\" style=\"width: 310px\" class=\"wp-caption alignleft\"><a href=\"http:\/\/nonsolomodanews.files.wordpress.com\/2013\/04\/178288_4974848254786_566465115_o.jpg\"><img loading=\"lazy\" decoding=\"async\" aria-describedby=\"caption-attachment-49\" class=\"wp-image-49 \" alt=\"Sharon Alario\" src=\"http:\/\/nonsolomodanews.files.wordpress.com\/2013\/04\/178288_4974848254786_566465115_o.jpg?w=300\" width=\"300\" height=\"199\" srcset=\"https:\/\/www.nonsolomodanews.it\/wordpress\/wp-content\/uploads\/2013\/04\/178288_4974848254786_566465115_o.jpg 2048w, https:\/\/www.nonsolomodanews.it\/wordpress\/wp-content\/uploads\/2013\/04\/178288_4974848254786_566465115_o-300x200.jpg 300w, https:\/\/www.nonsolomodanews.it\/wordpress\/wp-content\/uploads\/2013\/04\/178288_4974848254786_566465115_o-1024x683.jpg 1024w, https:\/\/www.nonsolomodanews.it\/wordpress\/wp-content\/uploads\/2013\/04\/178288_4974848254786_566465115_o-1080x720.jpg 1080w\" sizes=\"auto, (max-width: 300px) 100vw, 300px\" \/><\/a><p id=\"caption-attachment-49\" class=\"wp-caption-text\">Sharon Alario<\/p><\/div>\n<p><strong>Ciao Sharon, grazie per la tua disponibilit\u00e0 a concederci un <\/strong><strong>intervista<\/strong><br \/>\n<em>\u201cGrazie a voi per avermi concesso l\u2019onore di essere vostra ospite, \u00e8 sempre<br \/>\nun piacere per me.<\/em><strong><\/strong><\/p>\n<p><strong>Chi \u00e8 Sharon Alario, ti vuoi presentare ?<\/strong><br \/>\n<em>&#8220;Sharon Alario \u00e8 una ventenne piena di sogni aspettative e propositi; ama la<br \/>\nvita e cerca di regalare un sorriso a tutti. Sono solare estroversa e folle ma<br \/>\nal tempo stesso sono anche molto dolce sensibile e delicata. Come tutte le donne<br \/>\nmi definisco complicata, d\u2019altronde quale donna non lo \u00e8&#8221;?<\/em><strong><\/strong><\/p>\n<p><strong>Credo che la gente voglia sapere che cosa spinga una ragazza a mettersi in gioco\u00a0 e farsi fotografare. Tu come hai iniziato?<\/strong><br \/>\n<em>&#8220;Il mio primo fotografo \u00e8 stato mio pap\u00e0, diciamo che ho giocato in casa!<br \/>\nConservo ancora delle foto di me in posa a 3-4 anni. Crescendo poi ho sempre<br \/>\ncoltivato la passione per l\u2019arte fotografica e ho sempre visto la fotografia<br \/>\ncome un mondo magico che ti permette di vedere le cose da un\u2019altra prospettiva.<\/em><strong><\/strong><\/p>\n<p><strong>Cosa cerchi in un fotografo?<\/strong><br \/>\n<em>&#8220;Cerco sintonia e voglia di lavorare insieme. Adoro ascoltare certi<br \/>\nfotografi quando esprimono la loro creativit\u00e0 artistica. Credeteci o no ma i<br \/>\nveri fotografi sono veri artisti! Una volta c\u2019era il pennello, oggi c\u2019\u00e8 una<br \/>\nbuona macchina fotografica. Aggiungo per\u00f2 che questi sono solo strumenti: senza<br \/>\nl\u2019artista non si fa nulla! Come senza l\u2019elemento da ritrarre eheh&#8221;<\/em>.<\/p>\n<div id=\"attachment_48\" style=\"width: 218px\" class=\"wp-caption alignright\"><a href=\"http:\/\/nonsolomodanews.files.wordpress.com\/2013\/04\/1_r.jpg\"><img loading=\"lazy\" decoding=\"async\" aria-describedby=\"caption-attachment-48\" class=\"size-medium wp-image-48\" alt=\"Sharon Alario\" src=\"http:\/\/nonsolomodanews.files.wordpress.com\/2013\/04\/1_r.jpg?w=208\" width=\"208\" height=\"300\" \/><\/a><p id=\"caption-attachment-48\" class=\"wp-caption-text\">Sharon Alario<\/p><\/div>\n<p><strong>Tu sei una ragazza giovanissima, quando hai iniziato a calcare i set<\/strong><br \/>\n<strong>fotografici? Oltre ad essere fotomodella, sei anche modella?<\/strong><br \/>\n&#8220;<em>Effettivamente non \u00e8 moltissimo tempo che sono sotto i flash a livello<br \/>\nprofessionale. Ho iniziato per gioco, e poi veramente vi garantisco che \u00e8 stata<br \/>\nuna ruota che non sono pi\u00f9 riuscita a fermare. Diciamo che ci\u00f2 che mi ha spinto<br \/>\nad andare avanti \u00e8 stato quando il primo giorno che mi sono trovata davanti ad<br \/>\nun vero fotografo io non ero agitata; o meglio se lo sono stata, dopo 5 minuti<br \/>\nero gi\u00e0 in posa come se scattassi da sempre! Posare \u00e8 recitare: c\u2019\u00e8 il momento<br \/>\nche devi essere felice, triste, sensuale, aggressiva e io ho capito che adoro<br \/>\nquesto. Negli scatti voglio sempre comunicare qualcosa<\/em><strong>&#8220;<\/strong><em><br \/>\nInoltre partecipo anche a sfilate: portare tacchi vertiginosi e affrontare una<br \/>\npasserella ha il suo fascino, soprattutto quando si indossano quei vestiti che<br \/>\nuna donna pu\u00f2 solo sognare la notte&#8221;!<\/em><\/p>\n<div id=\"attachment_51\" style=\"width: 210px\" class=\"wp-caption alignleft\"><a href=\"http:\/\/nonsolomodanews.files.wordpress.com\/2013\/04\/sharon-312-modifica.jpg\"><img loading=\"lazy\" decoding=\"async\" aria-describedby=\"caption-attachment-51\" class=\"size-medium wp-image-51 \" alt=\"Sharon Alario\" src=\"http:\/\/nonsolomodanews.files.wordpress.com\/2013\/04\/sharon-312-modifica.jpg?w=200\" width=\"200\" height=\"300\" \/><\/a><p id=\"caption-attachment-51\" class=\"wp-caption-text\">Sharon Alario<\/p><\/div>\n<p><strong>L&#8217;aspetto fisico e le misure 84-64-92 quanto hanno avuto importanza<br \/>\nnella tua scelta?<\/strong><br \/>\n&#8220;<em>Beh non sarei sincera se dicessi che il mondo della fotografia e<br \/>\nsoprattutto della moda non discrimina il tuo fisico: se vuoi fare la modella<br \/>\ndevi essere magra. Ma d\u2019altronde ci sono lavori che hanno regole da rispettare<br \/>\nno? Personalmente non ho mai fatto diete per arrivare a posare ed esorto a non<br \/>\nfarlo perch\u00e9 pu\u00f2 essere veramente pericoloso.<\/em><br \/>\n<em>In quanto a me posso solo dire di ritenermi fortunata del mio fisico perch\u00e9<br \/>\nnon faccio sport e sono un elemento che potreste trovare facilmente al Mc Donald<br \/>\na mangiare un Mc flurry con doppia dose di smarties (chi mi conosce lo sa molto<br \/>\nbene!)&#8221;.<\/em><\/p>\n<p><strong>Che cosa apprezzi di pi\u00f9 del tuo fisico?<\/strong><br \/>\n<em>&#8220;Il mio viso, gli occhi e il mio lato B&#8221;.<strong><\/strong><\/em><\/p>\n<p><strong>Che cosa apprezzi di pi\u00f9 del tuo lavoro?<\/strong><br \/>\n<em>&#8220;Il fatto di poter esprimere sentimenti ed emozioni immedesimandomi in pi\u00f9<br \/>\nruoli&#8221;.<\/em><\/p>\n<p><strong>E quello di meno?<\/strong><br \/>\n<em>&#8220;Il fatto che ho provato sulla mia pelle la corruzione, mi ha fatto star<br \/>\nmale sentirmi fare certe proposte. Io sar\u00f2 un caso su 1 milione ma tutto quello<br \/>\nche otterr\u00f2 lo voglio guadagnare onestamente e con le mie forze senza<br \/>\ncompromessi&#8221;.<\/em><\/p>\n<p><strong>Tu ti definisci solare, estroversa con mille progetti e sogni per la<br \/>\ntesta. Se oggi fosse domani, quale progetto vorresti avere gi\u00e0 realizzato?<\/strong><br \/>\n&#8220;Essere felice, questo \u00e8 il progetto pi\u00f9 grande che voglio portare a termine e<br \/>\ncredetemi non \u00e8 un progetto banale&#8221;.<\/p>\n<p><strong>Recentemente hai scattato reinterpretando &#8221; Audrey Hepburn&#8221;. Come \u00e8 nato<br \/>\nquesto progetto?<\/strong><br \/>\n&#8220;Amici e parenti hanno sempre notato una certa somiglianza fra me e Audrey,<br \/>\npertanto mi hanno dato l\u2019idea di provare a mettere in piedi qualcosa. Per me \u00e8 stato un vero onore interpretare la meravigliosa Audrey Hepburn; una donna bella<br \/>\ndentro e fuori&#8221;.<\/p>\n<div id=\"attachment_50\" style=\"width: 291px\" class=\"wp-caption alignnone\"><a href=\"http:\/\/nonsolomodanews.files.wordpress.com\/2013\/04\/644731_4508515683292_445687834_n.jpg\"><img loading=\"lazy\" decoding=\"async\" aria-describedby=\"caption-attachment-50\" class=\" wp-image-50 \" alt=\"Sharon Alario\" src=\"http:\/\/nonsolomodanews.files.wordpress.com\/2013\/04\/644731_4508515683292_445687834_n.jpg?w=281\" width=\"281\" height=\"300\" \/><\/a><p id=\"caption-attachment-50\" class=\"wp-caption-text\">Sharon Alario<\/p><\/div>\n<p><strong>Mantova \u00e8 la citt\u00e0 dove vivi, come ti trovi?<\/strong><br \/>\n&#8220;Mantova \u00e8 una citt\u00e0 tranquilla dove tutti si conoscono proprio come accade nei<br \/>\npaesi. Sinceramente per\u00f2 ormai la giro veramente poco perch\u00e9 sono sempre in viaggio.<\/p>\n<p><strong>E&#8217; una citt\u00e0 piena di storia, ci sono palazzi importanti come il Palazzo<br \/>\nDucale e Palazzo Te. Hai una donna del passato a cui ti rifai?<\/strong><br \/>\n&#8220;Una donna del passato \u00e8 la grandissima Audrey Hepburn perch\u00e9 \u00e8 stata una di<br \/>\nquelle donne che oltre a sfoggiare la sua bellezza ha saputo regalare amore al<br \/>\nprossimo. Io sono convinta che la vera bellezza sia dentro ognuno di noi e<br \/>\nAudrey questo lo sapeva.<\/p>\n<p><strong>Qual \u00e8 il rapporto con i socialnetwork come Facebook, twitter? Tu sei<br \/>\nsempre collegata oppure ogni tanto stacchi?<\/strong><br \/>\n&#8220;Sono spesso collegata, mi piace essere in comunicazione sempre il pi\u00f9 possibile<br \/>\ncon tutti quelli che mi cercano anche se ovviamente do la priorit\u00e0 alle mie<br \/>\nmigliori amiche e al ragazzo eheh; poi se riesco rispondo volentieri a tutti.<br \/>\nVoglio risultare una ragazza semplice disponibile con tutti i miei fans&#8221;.<\/p>\n<p><strong>Cosa vuoi dire ai tuoi fans<\/strong><br \/>\n&#8220;Anzitutto colgo l\u2019occasione per ringraziare chi spesso mi scrive per<br \/>\nincoraggiarmi e riempirmi di complimenti, sono donna e fanno sempre piacere a<br \/>\nnoi! Per il resto vi lascio annunciandovi che prossimamente pubblicher\u00f2 nuovi<br \/>\nprogetti che ora sono in corso di elaborazione, vi aspetto&#8221;!<\/p>\n<p>Grazie Sharon per la tua cortesia e disponibilit\u00e0. In bocca lupo per la tua<br \/>\ncarriera.<\/p>\n<p><a href=\"http:\/\/www.modelgallery.it\/modelle\/lombardia\/sharon-alario.html\" target=\"_blank\" rel=\"nofollow\">http:\/\/www.modelgallery.it\/modelle\/lombardia\/sharon-alario.html<\/a><\/p>\n","protected":false},"excerpt":{"rendered":"<p>Ciao Sharon, grazie per la tua disponibilit&agrave; a concederci un intervista &ldquo;Grazie a voi per avermi concesso l&rsquo;onore di essere vostra ospite, &egrave; sempre un piacere per me. Chi &egrave; Sharon Alario, ti vuoi presentare ? &ldquo;Sharon Alario &egrave; una ventenne piena di sogni aspettative e propositi; ama la vita e cerca di regalare un sorriso a tutti. Sono solare estroversa e folle ma al tempo stesso sono anche molto dolce sensibile e delicata. Come tutte le donne mi definisco complicata, d&rsquo;altronde quale donna non lo &egrave;&rdquo;? Credo che la gente voglia sapere che cosa spinga una ragazza a mettersi in gioco&nbsp; e farsi fotografare. Tu come hai iniziato? &ldquo;Il mio primo fotografo &egrave; stato mio pap&agrave;, diciamo che ho giocato in casa! Conservo ancora delle foto di me in posa a 3-4 anni. Crescendo poi ho sempre coltivato la passione per l&rsquo;arte fotografica e ho sempre visto la fotografia come un mondo magico che ti permette di vedere le cose da un&rsquo;altra prospettiva. Cosa cerchi in un fotografo? &ldquo;Cerco sintonia e voglia di lavorare insieme. Adoro ascoltare certi fotografi quando esprimono la loro creativit&agrave; artistica. Credeteci o no ma i veri fotografi sono veri artisti! Una volta c&rsquo;era il [&hellip;]<\/p>\n","protected":false},"author":1,"featured_media":0,"comment_status":"open","ping_status":"open","sticky":false,"template":"","format":"standard","meta":{"rop_custom_images_group":[],"rop_custom_messages_group":[],"rop_publish_now":"initial","rop_publish_now_accounts":[],"rop_publish_now_history":[],"rop_publish_now_status":"pending","footnotes":""},"categories":[16],"tags":[746,1099,1308],"class_list":["post-47","post","type-post","status-publish","format-standard","hentry","category-articolo","tag-intervista","tag-nonsolomodanews","tag-sharon-alario"],"_links":{"self":[{"href":"https:\/\/www.nonsolomodanews.it\/wordpress\/wp-json\/wp\/v2\/posts\/47","targetHints":{"allow":["GET"]}}],"collection":[{"href":"https:\/\/www.nonsolomodanews.it\/wordpress\/wp-json\/wp\/v2\/posts"}],"about":[{"href":"https:\/\/www.nonsolomodanews.it\/wordpress\/wp-json\/wp\/v2\/types\/post"}],"author":[{"embeddable":true,"href":"https:\/\/www.nonsolomodanews.it\/wordpress\/wp-json\/wp\/v2\/users\/1"}],"replies":[{"embeddable":true,"href":"https:\/\/www.nonsolomodanews.it\/wordpress\/wp-json\/wp\/v2\/comments?post=47"}],"version-history":[{"count":0,"href":"https:\/\/www.nonsolomodanews.it\/wordpress\/wp-json\/wp\/v2\/posts\/47\/revisions"}],"wp:attachment":[{"href":"https:\/\/www.nonsolomodanews.it\/wordpress\/wp-json\/wp\/v2\/media?parent=47"}],"wp:term":[{"taxonomy":"category","embeddable":true,"href":"https:\/\/www.nonsolomodanews.it\/wordpress\/wp-json\/wp\/v2\/categories?post=47"},{"taxonomy":"post_tag","embeddable":true,"href":"https:\/\/www.nonsolomodanews.it\/wordpress\/wp-json\/wp\/v2\/tags?post=47"}],"curies":[{"name":"wp","href":"https:\/\/api.w.org\/{rel}","templated":true}]}}