{"id":459,"date":"2013-05-10T14:30:43","date_gmt":"2013-05-10T14:30:43","guid":{"rendered":"http:\/\/nonsolomodanews.wordpress.com\/?p=459"},"modified":"2013-05-10T14:30:43","modified_gmt":"2013-05-10T14:30:43","slug":"alexandrine-gillis-una-modella-con-la-passione-per-la-fotografia","status":"publish","type":"post","link":"https:\/\/www.nonsolomodanews.it\/wordpress\/alexandrine-gillis-una-modella-con-la-passione-per-la-fotografia\/","title":{"rendered":"Alexandrine Gillis, una modella con la passione per la fotografia."},"content":{"rendered":"<div id=\"attachment_464\" style=\"width: 310px\" class=\"wp-caption alignright\"><a href=\"http:\/\/nonsolomodanews.files.wordpress.com\/2013\/05\/477377.jpg\"><img loading=\"lazy\" decoding=\"async\" aria-describedby=\"caption-attachment-464\" class=\"size-medium wp-image-464\" alt=\"Ph: Gi\u00f2 Tarantini Model: Alexandrine Model Mua Eva Di Martino\" src=\"http:\/\/nonsolomodanews.files.wordpress.com\/2013\/05\/477377.jpg?w=300\" width=\"300\" height=\"199\" srcset=\"https:\/\/www.nonsolomodanews.it\/wordpress\/wp-content\/uploads\/2013\/05\/477377.jpg 1200w, https:\/\/www.nonsolomodanews.it\/wordpress\/wp-content\/uploads\/2013\/05\/477377-300x200.jpg 300w, https:\/\/www.nonsolomodanews.it\/wordpress\/wp-content\/uploads\/2013\/05\/477377-1024x682.jpg 1024w, https:\/\/www.nonsolomodanews.it\/wordpress\/wp-content\/uploads\/2013\/05\/477377-1080x719.jpg 1080w\" sizes=\"auto, (max-width: 300px) 100vw, 300px\" \/><\/a><p id=\"caption-attachment-464\" class=\"wp-caption-text\">Ph: Gi\u00f2 Tarantini Model: Alexandrine Model Mua Eva Di Martino<\/p><\/div>\n<p style=\"text-align:justify;\">Alexandrine, Hubertine, Tania Gillis \u00e8 nata a Cannes, Francia, da padre belga e madre italiana ed \u00e8 di\u00a0cittadinanza belga. Cresciuta in provincia di Vicenza, dove ha coltivato le passioni quali l&#8217;equitazione e il motociclismo. Sensibile, egoista, contraddittoria, assuefatta, infantile, tenera, nevrotica, aliena, egocentrica, surreale&#8230; Tutto il contrario di tutto.\u00a0 Grazie alla predisposizione ai viaggi acquisita dai suoi genitori, nel 2001 si \u00e8 trasferita a Roma per lavoro e per avere maggiori spunti e da li ha iniziato ad amare la fotografia di reportage non coltivandola pi\u00f9 di tanto fino a quando, nel 2009, entr\u00f2 a fare parte di un team ben affiatato. Le chiesero di posare\u00a0 e cos\u00ec\u00a0 entr\u00f2 nel\u00a0suo universo parallelo! La fotografia fa parte del suo mondo ovvero tutto ci\u00f2 che nella realt\u00e0 non si nota ma nella mente si evolve e crea immagini con significati veri, profondi e inspiegabili. Nella fotografia Alexandrine, riesce a dimostrare ci\u00f2 che la cruda realt\u00e0 non permette di essere perch\u00e9 non vuole vedere, perch\u00e9 non vuole lasciarsi andare. Chi ha avuto la possibilit\u00e0 di lavorare con lei sa quanta professionalit\u00e0, rispetto e onest\u00e0 siano importanti e presenti nella sua persona.<\/p>\n<p><strong>Ciao Alexandrine, grazie per la\u00a0tua disponibilit\u00e0 a concederci un intervista<\/strong><br \/>\n<span style=\"color:#000000;\"> <i>&#8220;Ciaooooooo! Grazie a te per questa nuova opportunit\u00e0 di farmi conoscere (sorride).&#8221;<\/i><\/span><\/p>\n<p><strong>Chi \u00e8 Alexandrine, ti vuoi presentare ?<\/strong><br \/>\n<span style=\"color:#000000;\"> <i>&#8221; Hemmm oddio\u2026 eccomi! Presente! \u00a0si ok sono un pochino burlona (ride).&#8221;<\/i><\/span><\/p>\n<p><strong>Quando hai capito che potevi fare la fotomodella?<\/strong><br \/>\n<span style=\"color:#000000;\"> <i>&#8220;Non so se l\u2019ho capito ancora\u2026 pi\u00f9 che altro mi ci sono ritrovata grazie ad un mio amico\/collaboratore con il quale scattavo (prima ero fotografa) (sorride).&#8221;<\/i><\/span><\/p>\n<p><strong>Cosa cerchi in un fotografo?<\/strong><br \/>\n<span style=\"color:#000000;\"> <i>&#8220;Professionalit\u00e0, fantasia, passione.&#8221;<\/i><\/span><\/p>\n<p><strong>E cosa cercano i fotografi da te?<\/strong><br \/>\n<span style=\"color:#000000;\"> <i>&#8220;Spero e penso le stesse cose che cerco io in loro (faccio l\u2019occhiolino).&#8221;<\/i><\/span><\/p>\n<div id=\"attachment_471\" style=\"width: 310px\" class=\"wp-caption aligncenter\"><a href=\"http:\/\/nonsolomodanews.files.wordpress.com\/2013\/05\/7980-test.jpg\"><img loading=\"lazy\" decoding=\"async\" aria-describedby=\"caption-attachment-471\" class=\"size-medium wp-image-471\" alt=\"Ph: Paolo Tallarigo Model: Alexandrine Model Mua Alexandrine\" src=\"http:\/\/nonsolomodanews.files.wordpress.com\/2013\/05\/7980-test.jpg?w=300\" width=\"300\" height=\"206\" srcset=\"https:\/\/www.nonsolomodanews.it\/wordpress\/wp-content\/uploads\/2013\/05\/7980-test.jpg 1200w, https:\/\/www.nonsolomodanews.it\/wordpress\/wp-content\/uploads\/2013\/05\/7980-test-300x207.jpg 300w, https:\/\/www.nonsolomodanews.it\/wordpress\/wp-content\/uploads\/2013\/05\/7980-test-1024x706.jpg 1024w, https:\/\/www.nonsolomodanews.it\/wordpress\/wp-content\/uploads\/2013\/05\/7980-test-1080x744.jpg 1080w\" sizes=\"auto, (max-width: 300px) 100vw, 300px\" \/><\/a><p id=\"caption-attachment-471\" class=\"wp-caption-text\">Ph: Paolo Tallarigo Model: Alexandrine Model Mua Alexandrine<\/p><\/div>\n<p><strong>Quali sono i tuoi generi?<\/strong><br \/>\n<span style=\"color:#000000;\"> <i>&#8220;I miei generi fotografici vanno dal Ritratto per passare al Casual Fashion Underwear Nude Art Body painting e per finire Fantasy (sorride).&#8221;<\/i><\/span><\/p>\n<p><strong>Alexandrine Ci vuoi raccontare un po&#8217; di te?<\/strong><br \/>\n<span style=\"color:#000000;\"> <i>&#8220;Io me? \u2026 allora\u2026 donna bassa grassa brutta\u2026 (ride) no dai a parte gli scherzi<\/i><\/span><br \/>\n<span style=\"color:#000000;\"> <i>Sono una ragazza come molte altre, alla mano, per nulla montata che ama la vita e con un pallino per la testa: la fotografia! O meglio\u2026 amo ci\u00f2 che rappresenta e il significato di ogni immagine che possa essere a pellicola o digitale e\/o elaborata digitalmente perch\u00e9 ha un significato intrinseco che ogniuno di noi pu\u00f2 interpretare a seconda delle proprie emozioni&#8221;.<\/i><\/span><\/p>\n<p><strong>Quando hai iniziato a calcare i set fotografici?\u00a0<\/strong><br \/>\n<span style=\"color:#000000;\"> <i>&#8220;Non ricordo\u2026 2009\/2010 gi\u00f9 di l\u00ec\u2026 tardi lo so, ma la passione non ha et\u00e0 (sorride).&#8221;<\/i><\/span><\/p>\n<div id=\"attachment_465\" style=\"width: 207px\" class=\"wp-caption alignright\"><a href=\"http:\/\/nonsolomodanews.files.wordpress.com\/2013\/05\/466972.jpg\"><img loading=\"lazy\" decoding=\"async\" aria-describedby=\"caption-attachment-465\" class=\"size-medium wp-image-465\" alt=\"Ph: Paul Pigas Model: Alexandrine Model Mua Alexandrine\" src=\"http:\/\/nonsolomodanews.files.wordpress.com\/2013\/05\/466972.jpg?w=197\" width=\"197\" height=\"300\" srcset=\"https:\/\/www.nonsolomodanews.it\/wordpress\/wp-content\/uploads\/2013\/05\/466972.jpg 791w, https:\/\/www.nonsolomodanews.it\/wordpress\/wp-content\/uploads\/2013\/05\/466972-675x1024.jpg 675w\" sizes=\"auto, (max-width: 197px) 100vw, 197px\" \/><\/a><p id=\"caption-attachment-465\" class=\"wp-caption-text\">Ph: Paul Pigas Model: Alexandrine Model Mua Alexandrine<\/p><\/div>\n<p><strong>Entri nei progetti dei fotografi oppure ti fidi ciecamente di loro?<\/strong><br \/>\n<span style=\"color:#000000;\"> <i>&#8220;Se conosco il fotografo non ho nessun tipo di problema, se non lo conosco mi informo prima e se \u00e8 affidabile, anche in questo caso, non ho nessun tipo di problema.&#8221;<\/i><\/span><br \/>\n<span style=\"color:#000000;\"> <i>Nel caso in cui sia persona sconosciuta vado accompagnata, fidarsi \u00e8 bene ma ci vuole anche un po\u2019 di sicurezza e amor proprio.&#8221;<\/i><\/span><\/p>\n<p><strong>Tu sei una bella donna, quali sono le tue misure?<\/strong><br \/>\n<span style=\"color:#000000;\"> <i>&#8220;Le mie misure\u2026 83-64-86, 52kg per 163cm di altezza (l\u2019ho detto ke ero nana!) Tg 40 e porto il 36\/37 di scarpe (dipende il modello e come calza)<\/i><\/span><\/p>\n<p><strong>L&#8217;aspetto fisico e le misure quanto hanno avuto importanza nella tua scelta?<\/strong><br \/>\n<span style=\"color:#000000;\"> <i>&#8220;Mia scelta?!?! Naaaaa mi hanno costretto! E poi diventa magia e poi un\u2019ossessione\u2026 comunque per me non hanno influito. Io mi ritengo brutta, figurati&#8221;!<\/i><\/span><\/p>\n<div id=\"attachment_470\" style=\"width: 310px\" class=\"wp-caption aligncenter\"><a href=\"http:\/\/nonsolomodanews.files.wordpress.com\/2013\/05\/8255-test.jpg\"><img loading=\"lazy\" decoding=\"async\" aria-describedby=\"caption-attachment-470\" class=\"size-medium wp-image-470\" alt=\"Ph: Paolo Tallarigo Model: Alexandrine Model Mua Alexandrine\" src=\"http:\/\/nonsolomodanews.files.wordpress.com\/2013\/05\/8255-test.jpg?w=300\" width=\"300\" height=\"207\" srcset=\"https:\/\/www.nonsolomodanews.it\/wordpress\/wp-content\/uploads\/2013\/05\/8255-test.jpg 1200w, https:\/\/www.nonsolomodanews.it\/wordpress\/wp-content\/uploads\/2013\/05\/8255-test-300x207.jpg 300w, https:\/\/www.nonsolomodanews.it\/wordpress\/wp-content\/uploads\/2013\/05\/8255-test-1024x707.jpg 1024w, https:\/\/www.nonsolomodanews.it\/wordpress\/wp-content\/uploads\/2013\/05\/8255-test-1080x746.jpg 1080w\" sizes=\"auto, (max-width: 300px) 100vw, 300px\" \/><\/a><p id=\"caption-attachment-470\" class=\"wp-caption-text\">Ph: Paolo Tallarigo Model: Alexandrine Model Mua Alexandrine<\/p><\/div>\n<p><strong>Quando cammini e gli uomini si girano che cosa pensi?<\/strong><br \/>\n<span style=\"color:#000000;\"> <i>&#8220;Eh beh\u2026 cavolo mi desto come un galletto! (ride) piace, piace molto essere guardati, \u00e8 un bel sollievo per la propria autostima&#8221;.<\/i><\/span><\/p>\n<p><strong>Hai un compagno?<\/strong><br \/>\n<span style=\"color:#000000;\"> <strong><span style=\"font-family:Times New Roman;\">&#8220;<\/span><\/strong><i>A dire il vero ne ho pi\u00f9 di uno! I miei fotografi! (faccio l\u2019occhiolino) e tutti i fan che mi seguono (sorride)&#8221;.<\/i><\/span><\/p>\n<p style=\"text-align:justify;\"><strong><span style=\"color:#000000;\">Cosa ne pensa dell\u2019attivit\u00e0 di fotomodella?<\/span><\/strong><br \/>\n<span style=\"color:#000000;\"> <i>&#8220;Ne sono tutti molto orgogliosi (sorriso)&#8221;.<\/i><\/span><\/p>\n<p><strong>Che cosa apprezzi di pi\u00f9 del tuo fisico?<\/strong><br \/>\n<span style=\"color:#000000;\"> <i>&#8220;Io amo i miei occhi perch\u00e9 parlano e le mie mani perch\u00e9 penso siano belle mani&#8221;.<\/i><\/span><\/p>\n<p><strong>E quello di meno?<\/strong><br \/>\n<span style=\"color:#000000;\"> <i>&#8220;Oddio\u2026 grrr non lo so! (faccetta triste)&#8221;.<\/i><\/span><\/p>\n<div id=\"attachment_469\" style=\"width: 310px\" class=\"wp-caption alignnone\"><a href=\"http:\/\/nonsolomodanews.files.wordpress.com\/2013\/05\/905241web.jpg\"><img loading=\"lazy\" decoding=\"async\" aria-describedby=\"caption-attachment-469\" class=\"size-medium wp-image-469\" alt=\"Ph: Paul Pigas Model: Alexandrine Model Mua Alexandrine\" src=\"http:\/\/nonsolomodanews.files.wordpress.com\/2013\/05\/905241web.jpg?w=300\" width=\"300\" height=\"194\" srcset=\"https:\/\/www.nonsolomodanews.it\/wordpress\/wp-content\/uploads\/2013\/05\/905241web.jpg 1200w, https:\/\/www.nonsolomodanews.it\/wordpress\/wp-content\/uploads\/2013\/05\/905241web-300x195.jpg 300w, https:\/\/www.nonsolomodanews.it\/wordpress\/wp-content\/uploads\/2013\/05\/905241web-1024x664.jpg 1024w, https:\/\/www.nonsolomodanews.it\/wordpress\/wp-content\/uploads\/2013\/05\/905241web-1080x700.jpg 1080w\" sizes=\"auto, (max-width: 300px) 100vw, 300px\" \/><\/a><p id=\"caption-attachment-469\" class=\"wp-caption-text\">Ph: Paul Pigas Model: Alexandrine Model Mua Alexandrine<\/p><\/div>\n<p style=\"text-align:justify;\"><span style=\"color:#000000;\"><strong><i>Perch\u00e9? <\/i><\/strong><\/span><br \/>\n<span style=\"color:#000000;\"> <i>&#8220;Non mi guardo mai&#8221;.<\/i><\/span><\/p>\n<p><strong>Qual \u00e8 il tuo rapporto con il cibo?<\/strong><br \/>\n<span style=\"color:#000000;\"> <i>&#8220;Sono una mangiona culona! Per\u00f2 ultimamente seguo una dieta per correggere alcuni difetti, ma sto facendo una fatica\u2026 amo il cibo e sono fortunata a non avere allergie o intolleranze (sorride) &#8220;.<\/i><\/span><\/p>\n<p><strong>Qual \u00e8 il piatto che per nulla al mondo manca sulla tua tavola?<\/strong><br \/>\n<span style=\"color:#000000;\"> &#8220;<i>Non ho un piatto specifico, seguo molto ci\u00f2 che mi chiede il mio fisico, ma adoro la carne al sangue e il pesce&#8221;. <\/i><\/span><\/p>\n<p><strong>Qual \u00e8 il tuo rapporto con il danaro<\/strong>?<br \/>\n<span style=\"color:#000000;\"> &#8220;<i>Quale? E chi ce l\u2019ha&#8221;!<\/i><\/span><\/p>\n<div id=\"attachment_468\" style=\"width: 310px\" class=\"wp-caption alignleft\"><a href=\"http:\/\/nonsolomodanews.files.wordpress.com\/2013\/05\/1363819415579.jpg\"><img loading=\"lazy\" decoding=\"async\" aria-describedby=\"caption-attachment-468\" class=\"size-medium wp-image-468\" alt=\"Ph: Gi\u00f2 Tarantini Model: Alexandrine Model Mua Alexandrine\" src=\"http:\/\/nonsolomodanews.files.wordpress.com\/2013\/05\/1363819415579.jpg?w=300\" width=\"300\" height=\"187\" srcset=\"https:\/\/www.nonsolomodanews.it\/wordpress\/wp-content\/uploads\/2013\/05\/1363819415579.jpg 1200w, https:\/\/www.nonsolomodanews.it\/wordpress\/wp-content\/uploads\/2013\/05\/1363819415579-300x187.jpg 300w, https:\/\/www.nonsolomodanews.it\/wordpress\/wp-content\/uploads\/2013\/05\/1363819415579-1024x638.jpg 1024w, https:\/\/www.nonsolomodanews.it\/wordpress\/wp-content\/uploads\/2013\/05\/1363819415579-1080x673.jpg 1080w\" sizes=\"auto, (max-width: 300px) 100vw, 300px\" \/><\/a><p id=\"caption-attachment-468\" class=\"wp-caption-text\">Ph: Gi\u00f2 Tarantini Model: Alexandrine Model Mua Alexandrine<\/p><\/div>\n<p><strong>Sei parsimoniosa?<\/strong><br \/>\n<span style=\"color:#000000;\"> <i>&#8220;Quando serve a raggiungere degli obbiettivi si, altrimenti no, i soldi sono solo un mezzo per avere ci\u00f2 che ci serve e io li spendo. Quando finiscono aspetto che tornino a trovarmi (sorride)&#8221;.<\/i><\/span><\/p>\n<p><strong>Quanti vestiti hai?<\/strong><br \/>\n<span style=\"color:#000000;\"> <i>&#8220;Non lo so, li compro solo per gli shooting&#8221;.<\/i><\/span><\/p>\n<p><strong>E di scarpe?<\/strong><br \/>\n<span style=\"color:#000000;\"> <i>&#8220;Ecco qui invece potrei dire che amo le scarpe con i tacchi e ne ho diverse, ma mai pi\u00f9 di una ventina, prima le consumo e poi le ricompro&#8221;. <\/i><\/span><\/p>\n<p><strong>E di queste riesci a dividerle tra scarpe basse, tacchi a spillo e genere di lunghezza?<\/strong><br \/>\n<span style=\"color:#000000;\"> <i>&#8220;Si si, sono una macchinetta nell\u2019organizzazione di ogni cosa (sorride)&#8221;. <\/i><\/span><br \/>\n<span style=\"color:#000000;\"> <i>1 paio di stivali tacco 7, 1 tacco 12 e 1 tacco 14<\/i><\/span><br \/>\n<span style=\"color:#000000;\"> <i>4 paia di scarpe tacco 15, 3 tacco 12 e 3 tacco 7<\/i><\/span><br \/>\n<span style=\"color:#000000;\"> <i>3 paia di infradito<\/i><\/span><br \/>\n<span style=\"color:#000000;\"> <i>2 paia di scarpe da ginnastica<\/i><\/span><br \/>\n<span style=\"color:#000000;\"> <i>1 paio di anfibi e 1 paio di ballerine (odio le ballerine ma sono comode per camminare a Roma)&#8221;. <\/i><\/span><\/p>\n<p><strong>Hai mai pensato di fare interventi chirurgici per migliorare il tuo aspetto?<\/strong><br \/>\n<span style=\"color:#000000;\"> <i>&#8220;Assolutamente no! Devo piacere per come sono non per quello che gli altri vorrebbero che io fossi&#8221;.<\/i><\/span><\/p>\n<p><strong>Che cosa apprezzi di pi\u00f9 del tuo lavoro di modella?<\/strong><br \/>\n<span style=\"color:#000000;\"> <i>&#8220;Le trasferte e conoscere sempre tante persone nuove e fantastiche, per non parlare poi delle foto! Sono innamorata delle foto che mi fanno (sorride) &#8220;.<\/i><\/span><\/p>\n<div id=\"attachment_467\" style=\"width: 310px\" class=\"wp-caption alignright\"><a href=\"http:\/\/nonsolomodanews.files.wordpress.com\/2013\/05\/img_5199-modifica-2.jpg\"><img loading=\"lazy\" decoding=\"async\" aria-describedby=\"caption-attachment-467\" class=\"size-medium wp-image-467\" alt=\"Ph: Fabio Berg Model: Alexandrine Model Mua Eva Di Martino &amp; Gi\u00f2 Ferrazzi\" src=\"http:\/\/nonsolomodanews.files.wordpress.com\/2013\/05\/img_5199-modifica-2.jpg?w=300\" width=\"300\" height=\"200\" srcset=\"https:\/\/www.nonsolomodanews.it\/wordpress\/wp-content\/uploads\/2013\/05\/img_5199-modifica-2.jpg 1200w, https:\/\/www.nonsolomodanews.it\/wordpress\/wp-content\/uploads\/2013\/05\/img_5199-modifica-2-300x200.jpg 300w, https:\/\/www.nonsolomodanews.it\/wordpress\/wp-content\/uploads\/2013\/05\/img_5199-modifica-2-1024x683.jpg 1024w, https:\/\/www.nonsolomodanews.it\/wordpress\/wp-content\/uploads\/2013\/05\/img_5199-modifica-2-1080x720.jpg 1080w\" sizes=\"auto, (max-width: 300px) 100vw, 300px\" \/><\/a><p id=\"caption-attachment-467\" class=\"wp-caption-text\">Ph: Fabio Berg Model: Alexandrine Model Mua Eva Di Martino &amp; Gi\u00f2 Ferrazzi<\/p><\/div>\n<p><strong>E quello di meno?<\/strong><br \/>\n<span style=\"color:#000000;\"> <i>&#8220;A volte l\u2019organizzazione, ma come in tutte le cose, tutto si sistema! (faccio l\u2019occhiolino) &#8220;.<\/i><\/span><\/p>\n<p><strong>Come ti definisci caratterialmente?<\/strong><br \/>\n<span style=\"color:#000000;\"> &#8220;<i>Solare, estroversa, paziente, caparbia\u2026 e poi non so pi\u00f9&#8221;.<\/i><\/span><\/p>\n<p><strong>Che cosa apprezzi di pi\u00f9 e di meno del tuo carattere?<\/strong><br \/>\n<span style=\"color:#000000;\"> <i>&#8220;Amo la mia solarit\u00e0 ma detesto il mio essere credulona che spesso mi porta a subire delusioni inutili<\/i><\/span><\/p>\n<p style=\"text-align:justify;\"><strong>Tu vivi a Roma che cosa apprezzi di pi\u00f9 e cosa apprezzi di meno della tua citt\u00e0?<\/strong><br \/>\n<em>&#8220;Roma \u00e8 una citt\u00e0 magica, l\u2019amo per le persone, l\u2019arte e il clima, oltre che per la vicinanza del mare. Non mi piace molto il traffico e gli automobilisti irrequieti (se c\u2019hai fretta parti 5 minuti prima dico io) ma anche questo piccolo difetto \u00e8 superabile (sorride)&#8221;.<\/em><\/p>\n<p style=\"text-align:justify;\"><strong>Qual \u00e8 il rapporto con i socialnetwork come Facebook, twitter? Tu sei sempre collegata oppure ogni tanto stacchi?<\/strong><br \/>\n<em>&#8220;Io e la tecnologia abbiamo un rapporto lungo anni, dal Commodore 64 per poi avere il 386, la prima connessione a 56k! Cavolo che ricordi! Ho un buonissimo rapporto con i social network, non sono iscritta a tutti altrimenti diventerei pazza e visto che gi\u00e0 lo sono vorrei salvare gli ultimi due criceti che fanno girare gli ingranaggi del mio cervellino, sempre se ce l\u2019ho ancora (sorride). Sono sempre connessa, ma non \u00e8 detto che sia sempre attaccata e non rispondo sempre (faccio l\u2019occhiolino)&#8221;.<\/em><\/p>\n<div id=\"attachment_466\" style=\"width: 221px\" class=\"wp-caption aligncenter\"><a href=\"http:\/\/nonsolomodanews.files.wordpress.com\/2013\/05\/478302.jpg\"><img loading=\"lazy\" decoding=\"async\" aria-describedby=\"caption-attachment-466\" class=\"size-medium wp-image-466\" alt=\"Ph: Paul Pigas Model: Alexandrine Model Mua Alexandrine\" src=\"http:\/\/nonsolomodanews.files.wordpress.com\/2013\/05\/478302.jpg?w=211\" width=\"211\" height=\"300\" srcset=\"https:\/\/www.nonsolomodanews.it\/wordpress\/wp-content\/uploads\/2013\/05\/478302.jpg 844w, https:\/\/www.nonsolomodanews.it\/wordpress\/wp-content\/uploads\/2013\/05\/478302-211x300.jpg 211w, https:\/\/www.nonsolomodanews.it\/wordpress\/wp-content\/uploads\/2013\/05\/478302-720x1024.jpg 720w\" sizes=\"auto, (max-width: 211px) 100vw, 211px\" \/><\/a><p id=\"caption-attachment-466\" class=\"wp-caption-text\"><strong>Ph: Paul Pigas Model: Alexandrine Model Mua Alexandrine<\/strong><\/p><\/div>\n<p><strong>Hai il telefono? Che tipo, tradizionale o smartphone?<\/strong><br \/>\n<em>&#8220;No dai scherziamo? il telefono \u00e8 telefono! poi c\u2019\u00e8 il tablet e il notebook a casa (sorride)&#8221;.<\/em><\/p>\n<p style=\"text-align:justify;\"><strong>Cosa vuoi dire ai tuoi fans?<\/strong><br \/>\n<em>&#8220;Vi adoro tutti! Chi pi\u00f9 chi meno siete presenti e mi fa sempre molto piacere leggervi e rispondervi. A volte non scrivo, lo so, ma prima o poi saluto tutti! Ah!!! Dimenticavo!!! Continuate a seguirmi sulla fanpage, su Glamourit, il mio sito e le altre pagine! Presto tantissimi nuovi eventi e scatti fantastici! Grazie che siete con me! Mega kiss!!!&#8221;<\/em><\/p>\n","protected":false},"excerpt":{"rendered":"<p>Alexandrine, Hubertine, Tania Gillis &egrave; nata a Cannes, Francia, da padre belga e madre italiana ed &egrave; di&nbsp;cittadinanza belga. Cresciuta in provincia di Vicenza, dove ha coltivato le passioni quali l&rsquo;equitazione e il motociclismo. Sensibile, egoista, contraddittoria, assuefatta, infantile, tenera, nevrotica, aliena, egocentrica, surreale&hellip; Tutto il contrario di tutto.&nbsp; Grazie alla predisposizione ai viaggi acquisita dai suoi genitori, nel 2001 si &egrave; trasferita a Roma per lavoro e per avere maggiori spunti e da li ha iniziato ad amare la fotografia di reportage non coltivandola pi&ugrave; di tanto fino a quando, nel 2009, entr&ograve; a fare parte di un team ben affiatato. Le chiesero di posare&nbsp; e cos&igrave;&nbsp; entr&ograve; nel&nbsp;suo universo parallelo! La fotografia fa parte del suo mondo ovvero tutto ci&ograve; che nella realt&agrave; non si nota ma nella mente si evolve e crea immagini con significati veri, profondi e inspiegabili. Nella fotografia Alexandrine, riesce a dimostrare ci&ograve; che la cruda realt&agrave; non permette di essere perch&eacute; non vuole vedere, perch&eacute; non vuole lasciarsi andare. Chi ha avuto la possibilit&agrave; di lavorare con lei sa quanta professionalit&agrave;, rispetto e onest&agrave; siano importanti e presenti nella sua persona. Ciao Alexandrine, grazie per la&nbsp;tua disponibilit&agrave; a concederci un intervista &ldquo;Ciaooooooo! Grazie [&hellip;]<\/p>\n","protected":false},"author":1,"featured_media":0,"comment_status":"open","ping_status":"open","sticky":false,"template":"","format":"standard","meta":{"rop_custom_images_group":[],"rop_custom_messages_group":[],"rop_publish_now":"initial","rop_publish_now_accounts":[],"rop_publish_now_history":[],"rop_publish_now_status":"pending","footnotes":""},"categories":[16],"tags":[129,262,585,588,724,746,1036,1099,1385],"class_list":["post-459","post","type-post","status-publish","format-standard","hentry","category-articolo","tag-alexandrine","tag-bologna","tag-fotografia","tag-fotomodella","tag-hubertine","tag-intervista","tag-modella","tag-nonsolomodanews","tag-tania-gillis"],"_links":{"self":[{"href":"https:\/\/www.nonsolomodanews.it\/wordpress\/wp-json\/wp\/v2\/posts\/459","targetHints":{"allow":["GET"]}}],"collection":[{"href":"https:\/\/www.nonsolomodanews.it\/wordpress\/wp-json\/wp\/v2\/posts"}],"about":[{"href":"https:\/\/www.nonsolomodanews.it\/wordpress\/wp-json\/wp\/v2\/types\/post"}],"author":[{"embeddable":true,"href":"https:\/\/www.nonsolomodanews.it\/wordpress\/wp-json\/wp\/v2\/users\/1"}],"replies":[{"embeddable":true,"href":"https:\/\/www.nonsolomodanews.it\/wordpress\/wp-json\/wp\/v2\/comments?post=459"}],"version-history":[{"count":0,"href":"https:\/\/www.nonsolomodanews.it\/wordpress\/wp-json\/wp\/v2\/posts\/459\/revisions"}],"wp:attachment":[{"href":"https:\/\/www.nonsolomodanews.it\/wordpress\/wp-json\/wp\/v2\/media?parent=459"}],"wp:term":[{"taxonomy":"category","embeddable":true,"href":"https:\/\/www.nonsolomodanews.it\/wordpress\/wp-json\/wp\/v2\/categories?post=459"},{"taxonomy":"post_tag","embeddable":true,"href":"https:\/\/www.nonsolomodanews.it\/wordpress\/wp-json\/wp\/v2\/tags?post=459"}],"curies":[{"name":"wp","href":"https:\/\/api.w.org\/{rel}","templated":true}]}}