{"id":3882,"date":"2013-12-22T15:53:44","date_gmt":"2013-12-22T15:53:44","guid":{"rendered":"http:\/\/nonsolomodanews.com\/?p=3882"},"modified":"2013-12-22T15:53:44","modified_gmt":"2013-12-22T15:53:44","slug":"nonsolomodanews-incontra-stefania-merello-fotomodella-genovese-con-la-passione-dellarte","status":"publish","type":"post","link":"https:\/\/www.nonsolomodanews.it\/wordpress\/nonsolomodanews-incontra-stefania-merello-fotomodella-genovese-con-la-passione-dellarte\/","title":{"rendered":"Nonsolomodanews incontra Stefania Merello. Fotomodella genovese con la passione dell&#8217;arte"},"content":{"rendered":"<p style=\"text-align:justify;\"><span style=\"color:#000000;\">\n\t\t<style>\n\t\t\t#gallery-1 {\n\t\t\t\tmargin: auto;\n\t\t\t}\n\t\t\t#gallery-1 .gallery-item {\n\t\t\t\tfloat: left;\n\t\t\t\tmargin-top: 10px;\n\t\t\t\ttext-align: center;\n\t\t\t\twidth: 33%;\n\t\t\t}\n\t\t\t#gallery-1 img {\n\t\t\t\tborder: 2px solid #cfcfcf;\n\t\t\t}\n\t\t\t#gallery-1 .gallery-caption {\n\t\t\t\tmargin-left: 0;\n\t\t\t}\n\t\t\t\/* see gallery_shortcode() in wp-includes\/media.php *\/\n\t\t<\/style>\n\t\t<div id='gallery-1' class='gallery galleryid-3882 gallery-columns-3 gallery-size-thumbnail'><dl class='gallery-item'>\n\t\t\t<dt class='gallery-icon portrait'>\n\t\t\t\t<a href='https:\/\/www.nonsolomodanews.it\/wordpress\/995487_702087826473725_594762003_n\/'><img loading=\"lazy\" decoding=\"async\" width=\"150\" height=\"150\" src=\"https:\/\/www.nonsolomodanews.it\/wordpress\/wp-content\/uploads\/2013\/12\/995487_702087826473725_594762003_n-150x150.jpg\" class=\"attachment-thumbnail size-thumbnail\" alt=\"\" aria-describedby=\"gallery-1-3869\" \/><\/a>\n\t\t\t<\/dt>\n\t\t\t\t<dd class='wp-caption-text gallery-caption' id='gallery-1-3869'>\n\t\t\t\tStefania Merello\n\t\t\t\t<\/dd><\/dl><dl class='gallery-item'>\n\t\t\t<dt class='gallery-icon portrait'>\n\t\t\t\t<a href='https:\/\/www.nonsolomodanews.it\/wordpress\/1229808_701338996548608_1981878912_n\/'><img loading=\"lazy\" decoding=\"async\" width=\"150\" height=\"150\" src=\"https:\/\/www.nonsolomodanews.it\/wordpress\/wp-content\/uploads\/2013\/12\/1229808_701338996548608_1981878912_n-150x150.jpg\" class=\"attachment-thumbnail size-thumbnail\" alt=\"\" aria-describedby=\"gallery-1-3870\" \/><\/a>\n\t\t\t<\/dt>\n\t\t\t\t<dd class='wp-caption-text gallery-caption' id='gallery-1-3870'>\n\t\t\t\tStefania Merello\n\t\t\t\t<\/dd><\/dl><dl class='gallery-item'>\n\t\t\t<dt class='gallery-icon portrait'>\n\t\t\t\t<a href='https:\/\/www.nonsolomodanews.it\/wordpress\/1381857_708789875803520_869745396_n\/'><img loading=\"lazy\" decoding=\"async\" width=\"150\" height=\"150\" src=\"https:\/\/www.nonsolomodanews.it\/wordpress\/wp-content\/uploads\/2013\/12\/1381857_708789875803520_869745396_n-150x150.jpg\" class=\"attachment-thumbnail size-thumbnail\" alt=\"\" aria-describedby=\"gallery-1-3871\" \/><\/a>\n\t\t\t<\/dt>\n\t\t\t\t<dd class='wp-caption-text gallery-caption' id='gallery-1-3871'>\n\t\t\t\tStefania Merello\n\t\t\t\t<\/dd><\/dl><br style=\"clear: both\" \/><dl class='gallery-item'>\n\t\t\t<dt class='gallery-icon portrait'>\n\t\t\t\t<a href='https:\/\/www.nonsolomodanews.it\/wordpress\/1426353_751802708168903_369072047_n\/'><img loading=\"lazy\" decoding=\"async\" width=\"150\" height=\"150\" src=\"https:\/\/www.nonsolomodanews.it\/wordpress\/wp-content\/uploads\/2013\/12\/1426353_751802708168903_369072047_n-150x150.jpg\" class=\"attachment-thumbnail size-thumbnail\" alt=\"\" aria-describedby=\"gallery-1-3872\" \/><\/a>\n\t\t\t<\/dt>\n\t\t\t\t<dd class='wp-caption-text gallery-caption' id='gallery-1-3872'>\n\t\t\t\tStefania Merello\n\t\t\t\t<\/dd><\/dl><dl class='gallery-item'>\n\t\t\t<dt class='gallery-icon portrait'>\n\t\t\t\t<a href='https:\/\/www.nonsolomodanews.it\/wordpress\/1450155_740692965946544_1453540433_n\/'><img loading=\"lazy\" decoding=\"async\" width=\"150\" height=\"150\" src=\"https:\/\/www.nonsolomodanews.it\/wordpress\/wp-content\/uploads\/2013\/12\/1450155_740692965946544_1453540433_n-150x150.jpg\" class=\"attachment-thumbnail size-thumbnail\" alt=\"\" aria-describedby=\"gallery-1-3873\" \/><\/a>\n\t\t\t<\/dt>\n\t\t\t\t<dd class='wp-caption-text gallery-caption' id='gallery-1-3873'>\n\t\t\t\tStefania Merello\n\t\t\t\t<\/dd><\/dl><dl class='gallery-item'>\n\t\t\t<dt class='gallery-icon landscape'>\n\t\t\t\t<a href='https:\/\/www.nonsolomodanews.it\/wordpress\/1511275_756959484319892_2026183478_n\/'><img loading=\"lazy\" decoding=\"async\" width=\"150\" height=\"150\" src=\"https:\/\/www.nonsolomodanews.it\/wordpress\/wp-content\/uploads\/2013\/12\/1511275_756959484319892_2026183478_n-150x150.jpg\" class=\"attachment-thumbnail size-thumbnail\" alt=\"\" aria-describedby=\"gallery-1-3874\" srcset=\"https:\/\/www.nonsolomodanews.it\/wordpress\/wp-content\/uploads\/2013\/12\/1511275_756959484319892_2026183478_n-150x150.jpg 150w, https:\/\/www.nonsolomodanews.it\/wordpress\/wp-content\/uploads\/2013\/12\/1511275_756959484319892_2026183478_n-300x300.jpg 300w, https:\/\/www.nonsolomodanews.it\/wordpress\/wp-content\/uploads\/2013\/12\/1511275_756959484319892_2026183478_n.jpg 900w\" sizes=\"auto, (max-width: 150px) 100vw, 150px\" \/><\/a>\n\t\t\t<\/dt>\n\t\t\t\t<dd class='wp-caption-text gallery-caption' id='gallery-1-3874'>\n\t\t\t\tStefania Merello\n\t\t\t\t<\/dd><\/dl><br style=\"clear: both\" \/><dl class='gallery-item'>\n\t\t\t<dt class='gallery-icon portrait'>\n\t\t\t\t<a href='https:\/\/www.nonsolomodanews.it\/wordpress\/1511303_758212094194631_1989865090_n-ricciardi\/'><img loading=\"lazy\" decoding=\"async\" width=\"150\" height=\"150\" src=\"https:\/\/www.nonsolomodanews.it\/wordpress\/wp-content\/uploads\/2013\/12\/1511303_758212094194631_1989865090_n-ricciardi-150x150.jpg\" class=\"attachment-thumbnail size-thumbnail\" alt=\"\" aria-describedby=\"gallery-1-3875\" \/><\/a>\n\t\t\t<\/dt>\n\t\t\t\t<dd class='wp-caption-text gallery-caption' id='gallery-1-3875'>\n\t\t\t\tStefania Merello\n\t\t\t\t<\/dd><\/dl>\n\t\t\t<br style='clear: both' \/>\n\t\t<\/div>\n<\/p>\n<p><\/span><\/p>\n<p>&nbsp;<\/p>\n<p style=\"text-align:justify;\"><span style=\"color:#000000;\">Stefania \u00e8 una fotomodella over, alla quale \u00e8 sempre piaciuta l\u2019arte. Diplomata al liceo artistico e all\u2019accademia delle belle arti di Genova, Stefania \u00e8 ritornata al suo amore di fotomodella posando di recente per alcuni fotografi liguri. Nonsolomodanews ringrazia Stefania per l\u2019intervista che ci ha concesso.<\/span><\/p>\n<p style=\"text-align:justify;\"><span style=\"color:#000000;\"><b>Ciao Stefania, ti vuoi presentare?<\/b> <i>\u201cCiao, mi chiamo Stefania Merello, sono nata a Genova nel settembre del 72. Ho i capelli castani. Le mie misure sono: 84 seno, vita 60 e fianchi 84. Il mio numero di scarpe \u00e8 il 36 e indosso una taglia 40\/42. Caratterialmente sono sognatrice, tenace e iper sensibile. In generale detesto la confusione in ogni sua forma\u201d.<\/i><\/span><\/p>\n<div id=\"attachment_3873\" style=\"width: 210px\" class=\"wp-caption alignleft\"><a href=\"http:\/\/nonsolomodanews.files.wordpress.com\/2013\/12\/1450155_740692965946544_1453540433_n.jpg\"><img loading=\"lazy\" decoding=\"async\" aria-describedby=\"caption-attachment-3873\" class=\"size-medium wp-image-3873\" alt=\"Stefania Merello\" src=\"http:\/\/nonsolomodanews.files.wordpress.com\/2013\/12\/1450155_740692965946544_1453540433_n.jpg?w=200\" width=\"200\" height=\"300\" srcset=\"https:\/\/www.nonsolomodanews.it\/wordpress\/wp-content\/uploads\/2013\/12\/1450155_740692965946544_1453540433_n.jpg 640w, https:\/\/www.nonsolomodanews.it\/wordpress\/wp-content\/uploads\/2013\/12\/1450155_740692965946544_1453540433_n-200x300.jpg 200w\" sizes=\"auto, (max-width: 200px) 100vw, 200px\" \/><\/a><p id=\"caption-attachment-3873\" class=\"wp-caption-text\">Stefania Merello<\/p><\/div>\n<p style=\"text-align:justify;\"><span style=\"color:#000000;\"><b>Che cosa ami?<\/b> <i>\u201cAmo la serenit\u00e0 e stare con chi amo. Mi piace il rosa in tutte le sue sfumature. Amo gli animali: passione per i cavalli e gatti. Ne ho uno dolcissimo. Amando l\u2019arte ho conseguito nel 1991 il diploma al liceo Artistico, nel 1996 mi sono diplomata (a livello di laurea) all\u2019accademia &lt;&lt;Ligustica&gt;&gt; di Belle Arti di Genova. Ho lavorato poi per un centro di consulenza telefonica di astrologia. Attualmente son casalinga con la passione della lettura dei Tarocchi ma in termini psicologici\u201d. <\/i><\/span><\/p>\n<p style=\"text-align:justify;\"><span style=\"color:#000000;\"><b>Come ti sei avvicinata alla fotografia?<\/b> <i>\u201cNel 1998 ho fatto il mio primo book fotografico con Enrico Ricciardi. Ho partecipato a vari workshop a Genova. Ho posato oltre che con Enrico Ricciardi anche per Marcello Rapallino e Rudy Faccin. Nella foto cerco me stessa, in un fotografo la giusta sinergia mentale ed emotiva. In me credo che i fotografi, cerchino un immagine di raffinato glamour. Amo le immagini eleganti ed artistiche perch\u00e9 apprezzo le armonie e le giuste provocazioni senza volgarit\u00e0. Dalla mia esperienza ho imparato che il binomio emotivo in questo lavoro \u00e8 fondamentale e per me \u00e8 come una seduta psicanalitica costruttiva. Purtroppo per problemi famigliari non mi hai potuto sostenere nessuno dei miei cari: anche perch\u00e9 contrari al sistema fashion. Ho iniziato a posare tardi con Enrico Ricciardi a 25 anni:dopo aver fatto un corso d portamento\u201d.<\/i><\/span><\/p>\n<div id=\"attachment_3868\" style=\"width: 204px\" class=\"wp-caption alignright\"><a href=\"http:\/\/nonsolomodanews.files.wordpress.com\/2013\/12\/946326_700600156622492_1285433356_n.jpg\"><img loading=\"lazy\" decoding=\"async\" aria-describedby=\"caption-attachment-3868\" class=\"size-medium wp-image-3868\" alt=\"Stefania Merello\" src=\"http:\/\/nonsolomodanews.files.wordpress.com\/2013\/12\/946326_700600156622492_1285433356_n.jpg?w=194\" width=\"194\" height=\"300\" srcset=\"https:\/\/www.nonsolomodanews.it\/wordpress\/wp-content\/uploads\/2013\/12\/946326_700600156622492_1285433356_n.jpg 622w, https:\/\/www.nonsolomodanews.it\/wordpress\/wp-content\/uploads\/2013\/12\/946326_700600156622492_1285433356_n-194x300.jpg 194w\" sizes=\"auto, (max-width: 194px) 100vw, 194px\" \/><\/a><p id=\"caption-attachment-3868\" class=\"wp-caption-text\">Stefania Merello<\/p><\/div>\n<p style=\"text-align:justify;\"><span style=\"color:#000000;\"><b>Come modella che esperienza ha maturato nei vari concorsi di bellezza? <\/b><i>\u201cNel 1999 sono stata finalista al Concorso di Miss Italia col titolo &lt;&lt;Miss immagine Wella Rapallo&gt;&gt;. Nel 2002 vinsi il titolo di &#8220;Lady Sirenella&#8221; presso l\u2019omonimo Hotel di Genova. Nel2001 e 2003 ho fatto alcuni spot televisivi regionali per negozi di abiti in pelle e pellicce. Sempre nel 2003 valletta su TeleNord al &#8221; derby del marted\u00ec&#8221;. <\/i><\/span><\/p>\n<p style=\"text-align:justify;\"><span style=\"color:#000000;\"><b>Che cosa ti piacerebbe fare a livello fotografico?<\/b> <i>\u201cMi piacerebbe fare un servizio fotografico per pubblicizzare costumi da bagno o intimo. Amando anche le giuste cause, anche un calendario benefico\u201d. <\/i><\/span><\/p>\n<p style=\"text-align:justify;\"><span style=\"color:#000000;\"><b>Cosa significa per te essere modella?<\/b> <i>\u201cPer me l\u2019unico significato di fare la modella in generale \u00e8 stato quello di vincere le mie insicurezze e ansie.\u00a0Unendo poi l\u2019amore per qualsiasi forma d arte, ho ottenuto maggior controllo di me. In questo senso lo consiglio a tutte. Anche un corso &lt;&lt;formativo&gt;&gt; pu\u00f2 aiutare: anche se l&#8217;esperienza diretta poi e&#8217; l&#8217;unica vera maestra&#8230;\u201d.<\/i><\/span><\/p>\n<p style=\"text-align:justify;\"><span style=\"color:#000000;\"><b>Sei una sportiva?<\/b> <i>\u201cDa pigra non ho mai fatto sport se non un po&#8217; di equitazione&#8230; &lt;&lt;Pratico&gt;&gt; da poco l\u2019idromassaggio in una SPA\u201d.<\/i><\/span><\/p>\n<p style=\"text-align:justify;\"><span style=\"color:#000000;\"><b>Qual \u00e8 il tuo rapporto con il cibo?<\/b> <i>\u201cPer carattere e costituzione non son robusta e mangio poco e spesso. Non amando in modo eccessivo il mangiare , mi piace la cucina semplice e leggera\u201d. <\/i><\/span><\/p>\n<div id=\"attachment_3869\" style=\"width: 210px\" class=\"wp-caption alignright\"><a href=\"http:\/\/nonsolomodanews.files.wordpress.com\/2013\/12\/995487_702087826473725_594762003_n.jpg\"><img loading=\"lazy\" decoding=\"async\" aria-describedby=\"caption-attachment-3869\" class=\"size-medium wp-image-3869\" alt=\"Stefania Merello\" src=\"http:\/\/nonsolomodanews.files.wordpress.com\/2013\/12\/995487_702087826473725_594762003_n.jpg?w=200\" width=\"200\" height=\"300\" srcset=\"https:\/\/www.nonsolomodanews.it\/wordpress\/wp-content\/uploads\/2013\/12\/995487_702087826473725_594762003_n.jpg 640w, https:\/\/www.nonsolomodanews.it\/wordpress\/wp-content\/uploads\/2013\/12\/995487_702087826473725_594762003_n-200x300.jpg 200w\" sizes=\"auto, (max-width: 200px) 100vw, 200px\" \/><\/a><p id=\"caption-attachment-3869\" class=\"wp-caption-text\">Stefania Merello<\/p><\/div>\n<p style=\"text-align:justify;\"><span style=\"color:#000000;\"><b>Hobby?<\/b> <i>\u201cIl mio hobby appunto \u00e8 la lettura dei Tarocchi. Sono salutista, non ho mai bevuto n\u00e8 fumato<\/i>\u201d.<\/span><\/p>\n<p style=\"text-align:justify;\"><span style=\"color:#000000;\"><b>Consiglio per una ragazza che volesse iniziare a fare la modella? <\/b>\u201c<i>Un consiglio per iniziare questo lavoro \u00e8 non esser competitive con le altre ragazze ma semmai con noi stesse&#8230; Bisogna imparare a gestire i tanti no&#8230;<\/i>\u201d.<\/span><\/p>\n<p style=\"text-align:justify;\"><span style=\"color:#000000;\"><b>Hai qualche modella che conosci e che ti ispiri?<\/b> <i>\u201cNon mi ispiro a nessuna modella pur seguendo con interesse tale circuito.. Mi &lt;&lt;ispiro&gt;&gt;a me stessa!!<\/i><b>\u201d. <\/b><\/span><\/p>\n<p style=\"text-align:justify;\"><span style=\"color:#000000;\"><b>Una citt\u00e0 dove vorresti andare a vivere?<\/b> <i>\u201cAmo Genova dove vivo ma Roma mi fa sognare&#8230;\u201d<\/i><\/span><\/p>\n<p style=\"text-align:justify;\"><span style=\"color:#000000;\"><b>Progetti per il futuro?<\/b> <i>\u201cNon ho progetti precisi per il futuro. Ma tante idee e nuovi stimoli.<\/i>..\u201d<\/span><\/p>\n<p style=\"text-align:justify;\"><span style=\"color:#000000;\"><span style=\"font-size:medium;\"><span style=\"font-family:Times New Roman;\"> <b>Una frase che ti rappresenta?<\/b><\/span><\/span> <i>\u201cLa frase che pi\u00f9 mi assomiglia \u00e8 la citazione d S Agostino: &lt;&lt;Ama e fa ci\u00f2 che vuoi&#8230;&gt;&gt;.<\/i><\/span><\/p>\n<p style=\"text-align:justify;\"><span style=\"color:#000000;\">Grazie Stefania.<\/span><\/p>\n<p style=\"text-align:center;\"><span style=\"color:#000000;\">I credits delle fotografie appartengono ai relativi fotografi.\u00a0 Le fotografie sono state prese da Facebook \u2013 Tutti i diritti riservati \u2013 Email: nonsolomodanews@gmail.com<\/span><\/p>\n","protected":false},"excerpt":{"rendered":"<p>&nbsp; Stefania &egrave; una fotomodella over, alla quale &egrave; sempre piaciuta l&rsquo;arte. Diplomata al liceo artistico e all&rsquo;accademia delle belle arti di Genova, Stefania &egrave; ritornata al suo amore di fotomodella posando di recente per alcuni fotografi liguri. Nonsolomodanews ringrazia Stefania per l&rsquo;intervista che ci ha concesso. Ciao Stefania, ti vuoi presentare? &ldquo;Ciao, mi chiamo Stefania Merello, sono nata a Genova nel settembre del 72. Ho i capelli castani. Le mie misure sono: 84 seno, vita 60 e fianchi 84. Il mio numero di scarpe &egrave; il 36 e indosso una taglia 40\/42. Caratterialmente sono sognatrice, tenace e iper sensibile. In generale detesto la confusione in ogni sua forma&rdquo;. Che cosa ami? &ldquo;Amo la serenit&agrave; e stare con chi amo. Mi piace il rosa in tutte le sue sfumature. Amo gli animali: passione per i cavalli e gatti. Ne ho uno dolcissimo. Amando l&rsquo;arte ho conseguito nel 1991 il diploma al liceo Artistico, nel 1996 mi sono diplomata (a livello di laurea) all&rsquo;accademia &lt;&lt;Ligustica&gt;&gt; di Belle Arti di Genova. Ho lavorato poi per un centro di consulenza telefonica di astrologia. Attualmente son casalinga con la passione della lettura dei Tarocchi ma in termini psicologici&rdquo;. Come ti sei avvicinata alla fotografia? [&hellip;]<\/p>\n","protected":false},"author":1,"featured_media":0,"comment_status":"open","ping_status":"open","sticky":false,"template":"","format":"standard","meta":{"rop_custom_images_group":[],"rop_custom_messages_group":[],"rop_publish_now":"initial","rop_publish_now_accounts":[],"rop_publish_now_history":[],"rop_publish_now_status":"pending","footnotes":""},"categories":[16],"tags":[585,588,746,1036,1099,1314,1356],"class_list":["post-3882","post","type-post","status-publish","format-standard","hentry","category-articolo","tag-fotografia","tag-fotomodella","tag-intervista","tag-modella","tag-nonsolomodanews","tag-shooting","tag-stefania-merello"],"_links":{"self":[{"href":"https:\/\/www.nonsolomodanews.it\/wordpress\/wp-json\/wp\/v2\/posts\/3882","targetHints":{"allow":["GET"]}}],"collection":[{"href":"https:\/\/www.nonsolomodanews.it\/wordpress\/wp-json\/wp\/v2\/posts"}],"about":[{"href":"https:\/\/www.nonsolomodanews.it\/wordpress\/wp-json\/wp\/v2\/types\/post"}],"author":[{"embeddable":true,"href":"https:\/\/www.nonsolomodanews.it\/wordpress\/wp-json\/wp\/v2\/users\/1"}],"replies":[{"embeddable":true,"href":"https:\/\/www.nonsolomodanews.it\/wordpress\/wp-json\/wp\/v2\/comments?post=3882"}],"version-history":[{"count":0,"href":"https:\/\/www.nonsolomodanews.it\/wordpress\/wp-json\/wp\/v2\/posts\/3882\/revisions"}],"wp:attachment":[{"href":"https:\/\/www.nonsolomodanews.it\/wordpress\/wp-json\/wp\/v2\/media?parent=3882"}],"wp:term":[{"taxonomy":"category","embeddable":true,"href":"https:\/\/www.nonsolomodanews.it\/wordpress\/wp-json\/wp\/v2\/categories?post=3882"},{"taxonomy":"post_tag","embeddable":true,"href":"https:\/\/www.nonsolomodanews.it\/wordpress\/wp-json\/wp\/v2\/tags?post=3882"}],"curies":[{"name":"wp","href":"https:\/\/api.w.org\/{rel}","templated":true}]}}