{"id":3814,"date":"2013-12-18T08:37:11","date_gmt":"2013-12-18T08:37:11","guid":{"rendered":"http:\/\/nonsolomodanews.com\/?p=3814"},"modified":"2013-12-18T08:37:11","modified_gmt":"2013-12-18T08:37:11","slug":"intervista-con-federica-pattacini-giovane-fotomodella-reggiana-con-il-gusto-per-la-fotografia","status":"publish","type":"post","link":"https:\/\/www.nonsolomodanews.it\/wordpress\/intervista-con-federica-pattacini-giovane-fotomodella-reggiana-con-il-gusto-per-la-fotografia\/","title":{"rendered":"Intervista con Federica Pattacini, giovane fotomodella reggiana con il gusto per la fotografia."},"content":{"rendered":"<p style=\"text-align:justify;\"><span style=\"color:#000000;\"><strong>\n\t\t<style>\n\t\t\t#gallery-1 {\n\t\t\t\tmargin: auto;\n\t\t\t}\n\t\t\t#gallery-1 .gallery-item {\n\t\t\t\tfloat: left;\n\t\t\t\tmargin-top: 10px;\n\t\t\t\ttext-align: center;\n\t\t\t\twidth: 33%;\n\t\t\t}\n\t\t\t#gallery-1 img {\n\t\t\t\tborder: 2px solid #cfcfcf;\n\t\t\t}\n\t\t\t#gallery-1 .gallery-caption {\n\t\t\t\tmargin-left: 0;\n\t\t\t}\n\t\t\t\/* see gallery_shortcode() in wp-includes\/media.php *\/\n\t\t<\/style>\n\t\t<div id='gallery-1' class='gallery galleryid-3814 gallery-columns-3 gallery-size-thumbnail'><dl class='gallery-item'>\n\t\t\t<dt class='gallery-icon landscape'>\n\t\t\t\t<a href='https:\/\/www.nonsolomodanews.it\/wordpress\/intervista-con-federica-pattacini-giovane-fotomodella-reggiana-con-il-gusto-per-la-fotografia\/1175454_10200750872234331_932564863_n\/'><img loading=\"lazy\" decoding=\"async\" width=\"150\" height=\"150\" src=\"https:\/\/www.nonsolomodanews.it\/wordpress\/wp-content\/uploads\/2013\/12\/1175454_10200750872234331_932564863_n-150x150.jpg\" class=\"attachment-thumbnail size-thumbnail\" alt=\"\" aria-describedby=\"gallery-1-3824\" \/><\/a>\n\t\t\t<\/dt>\n\t\t\t\t<dd class='wp-caption-text gallery-caption' id='gallery-1-3824'>\n\t\t\t\tFederica Pattacini\n\t\t\t\t<\/dd><\/dl><dl class='gallery-item'>\n\t\t\t<dt class='gallery-icon landscape'>\n\t\t\t\t<a href='https:\/\/www.nonsolomodanews.it\/wordpress\/intervista-con-federica-pattacini-giovane-fotomodella-reggiana-con-il-gusto-per-la-fotografia\/936999_10200138025713551_1995837943_n\/'><img loading=\"lazy\" decoding=\"async\" width=\"150\" height=\"150\" src=\"https:\/\/www.nonsolomodanews.it\/wordpress\/wp-content\/uploads\/2013\/12\/936999_10200138025713551_1995837943_n-150x150.jpg\" class=\"attachment-thumbnail size-thumbnail\" alt=\"\" srcset=\"https:\/\/www.nonsolomodanews.it\/wordpress\/wp-content\/uploads\/2013\/12\/936999_10200138025713551_1995837943_n-150x150.jpg 150w, https:\/\/www.nonsolomodanews.it\/wordpress\/wp-content\/uploads\/2013\/12\/936999_10200138025713551_1995837943_n-300x300.jpg 300w, https:\/\/www.nonsolomodanews.it\/wordpress\/wp-content\/uploads\/2013\/12\/936999_10200138025713551_1995837943_n.jpg 720w\" sizes=\"auto, (max-width: 150px) 100vw, 150px\" \/><\/a>\n\t\t\t<\/dt><\/dl><dl class='gallery-item'>\n\t\t\t<dt class='gallery-icon portrait'>\n\t\t\t\t<a href='https:\/\/www.nonsolomodanews.it\/wordpress\/intervista-con-federica-pattacini-giovane-fotomodella-reggiana-con-il-gusto-per-la-fotografia\/267954_4688847419322_2027844349_n\/'><img loading=\"lazy\" decoding=\"async\" width=\"150\" height=\"150\" src=\"https:\/\/www.nonsolomodanews.it\/wordpress\/wp-content\/uploads\/2013\/12\/267954_4688847419322_2027844349_n-150x150.jpg\" class=\"attachment-thumbnail size-thumbnail\" alt=\"\" aria-describedby=\"gallery-1-3820\" \/><\/a>\n\t\t\t<\/dt>\n\t\t\t\t<dd class='wp-caption-text gallery-caption' id='gallery-1-3820'>\n\t\t\t\tFederica Pattacini\n\t\t\t\t<\/dd><\/dl><br style=\"clear: both\" \/><dl class='gallery-item'>\n\t\t\t<dt class='gallery-icon landscape'>\n\t\t\t\t<a href='https:\/\/www.nonsolomodanews.it\/wordpress\/intervista-con-federica-pattacini-giovane-fotomodella-reggiana-con-il-gusto-per-la-fotografia\/181030_4725365892261_165862105_n\/'><img loading=\"lazy\" decoding=\"async\" width=\"150\" height=\"150\" src=\"https:\/\/www.nonsolomodanews.it\/wordpress\/wp-content\/uploads\/2013\/12\/181030_4725365892261_165862105_n-150x150.jpg\" class=\"attachment-thumbnail size-thumbnail\" alt=\"\" aria-describedby=\"gallery-1-3819\" \/><\/a>\n\t\t\t<\/dt>\n\t\t\t\t<dd class='wp-caption-text gallery-caption' id='gallery-1-3819'>\n\t\t\t\tFederica Pattacini\n\t\t\t\t<\/dd><\/dl><dl class='gallery-item'>\n\t\t\t<dt class='gallery-icon landscape'>\n\t\t\t\t<a href='https:\/\/www.nonsolomodanews.it\/wordpress\/intervista-con-federica-pattacini-giovane-fotomodella-reggiana-con-il-gusto-per-la-fotografia\/308634_10200153517940847_1140631854_n\/'><img loading=\"lazy\" decoding=\"async\" width=\"150\" height=\"150\" src=\"https:\/\/www.nonsolomodanews.it\/wordpress\/wp-content\/uploads\/2013\/12\/308634_10200153517940847_1140631854_n-150x150.jpg\" class=\"attachment-thumbnail size-thumbnail\" alt=\"\" aria-describedby=\"gallery-1-3821\" \/><\/a>\n\t\t\t<\/dt>\n\t\t\t\t<dd class='wp-caption-text gallery-caption' id='gallery-1-3821'>\n\t\t\t\tFederica Pattacini\n\t\t\t\t<\/dd><\/dl><dl class='gallery-item'>\n\t\t\t<dt class='gallery-icon portrait'>\n\t\t\t\t<a href='https:\/\/www.nonsolomodanews.it\/wordpress\/intervista-con-federica-pattacini-giovane-fotomodella-reggiana-con-il-gusto-per-la-fotografia\/406045_4426641224331_1373651682_n\/'><img loading=\"lazy\" decoding=\"async\" width=\"150\" height=\"150\" src=\"https:\/\/www.nonsolomodanews.it\/wordpress\/wp-content\/uploads\/2013\/12\/406045_4426641224331_1373651682_n-150x150.jpg\" class=\"attachment-thumbnail size-thumbnail\" alt=\"\" aria-describedby=\"gallery-1-3822\" \/><\/a>\n\t\t\t<\/dt>\n\t\t\t\t<dd class='wp-caption-text gallery-caption' id='gallery-1-3822'>\n\t\t\t\tFederica Pattacini\n\t\t\t\t<\/dd><\/dl><br style=\"clear: both\" \/><dl class='gallery-item'>\n\t\t\t<dt class='gallery-icon portrait'>\n\t\t\t\t<a href='https:\/\/www.nonsolomodanews.it\/wordpress\/intervista-con-federica-pattacini-giovane-fotomodella-reggiana-con-il-gusto-per-la-fotografia\/62694_4838191592833_1066318912_n\/'><img loading=\"lazy\" decoding=\"async\" width=\"150\" height=\"150\" src=\"https:\/\/www.nonsolomodanews.it\/wordpress\/wp-content\/uploads\/2013\/12\/62694_4838191592833_1066318912_n-150x150.jpg\" class=\"attachment-thumbnail size-thumbnail\" alt=\"\" aria-describedby=\"gallery-1-3818\" \/><\/a>\n\t\t\t<\/dt>\n\t\t\t\t<dd class='wp-caption-text gallery-caption' id='gallery-1-3818'>\n\t\t\t\tFederica Pattacini\n\t\t\t\t<\/dd><\/dl>\n\t\t\t<br style='clear: both' \/>\n\t\t<\/div>\n<\/p>\n<p><\/strong><\/span><\/p>\n<p>&nbsp;<\/p>\n<p style=\"text-align:justify;\"><strong>Nonsolomodanews<\/strong> incontra <strong>Federica Pattacin<\/strong>i. Federica \u00e8 di Reggio Emilia, appassionata di fotografia, le piace mettersi in gioco di fronte all&#8217;obiettivo. Segno zodiacale scopione, Federica \u00e8 molto gelosa di ci\u00f2 che le appartiene ma \u00e8 anche la ragazza con molti sogni nel cassetto che spera si realizzino.<\/p>\n<p style=\"text-align:justify;\"><span style=\"color:#000000;\"><b>Ciao ti vuoi presentare? <\/b><i>&#8220;Ciao, sono Federica ho 18 e vengo da Reggio Emilia! Sono una ragazza che ama la fotografia ma soprattutto ama stare davanti alla macchina fotografica; non mi reputo una &#8220;Modella&#8221; magari lo fossi! Sono solo una come tante che ama fare foto. Sono alta 1.70 e sono una taglia 40\/42 e porto 38\/39 di scarpe e sono mora con gli occhi color marrone chiaro&#8221;. <\/i><b><\/b><\/span><\/p>\n<div id=\"attachment_3822\" style=\"width: 210px\" class=\"wp-caption alignleft\"><a href=\"http:\/\/nonsolomodanews.files.wordpress.com\/2013\/12\/406045_4426641224331_1373651682_n.jpg\"><img loading=\"lazy\" decoding=\"async\" aria-describedby=\"caption-attachment-3822\" class=\"size-medium wp-image-3822\" alt=\"Federica Pattacini\" src=\"http:\/\/nonsolomodanews.files.wordpress.com\/2013\/12\/406045_4426641224331_1373651682_n.jpg?w=200\" width=\"200\" height=\"300\" srcset=\"https:\/\/www.nonsolomodanews.it\/wordpress\/wp-content\/uploads\/2013\/12\/406045_4426641224331_1373651682_n.jpg 640w, https:\/\/www.nonsolomodanews.it\/wordpress\/wp-content\/uploads\/2013\/12\/406045_4426641224331_1373651682_n-200x300.jpg 200w\" sizes=\"auto, (max-width: 200px) 100vw, 200px\" \/><\/a><p id=\"caption-attachment-3822\" class=\"wp-caption-text\">Federica Pattacini<\/p><\/div>\n<p style=\"text-align:justify;\"><span style=\"color:#000000;\"><b>Come sei di carattere? &#8220;<\/b><i>Devo dire che ci sono lati del mio carattere che non mi piacciono molto! Essendo uno scorpione sono molto gelosa di ci\u00f2 che mi appartiene e spesso d\u00f2 molto per poi ricevere niente&#8221;.<\/i><\/span><\/p>\n<p style=\"text-align:justify;\"><span style=\"color:#000000;\"><b>Che cosa ti piace e che e cosa non ti piace? <\/b>&#8220;<i>Mi piace stare con gli amici e amo stare fuori casa mi piace stare all&#8217;aria aperta sia in estate che in inverno. Una cosa che odio sono le doppie facce&#8221;.<\/i><\/span><\/p>\n<p style=\"text-align:justify;\"><span style=\"color:#000000;\"><b>Qual \u00e8 il colore preferito?\u00a0<\/b><i>&#8220;Non ho un colore preferito mi piacciono un po&#8217; tutti&#8221;.<\/i><\/span><\/p>\n<p style=\"text-align:justify;\"><span style=\"color:#000000;\"><b>&#8220;Qual \u00e8 il tuo rapporto con gli animali? <\/b><i>&#8220;Io amo gli animali anche se fra tutti preferisco i cani, infatti ne ho due, Chicco e Tiffany&#8221;.<\/i><\/span><\/p>\n<p style=\"text-align:justify;\"><span style=\"color:#000000;\"><b>Studi o lavori?<\/b><i> &#8220;Ho smesso di studiare perch\u00e9 andavo a scuola per scaldare il banc. (Sorride)&#8221;.<\/i><\/span><\/p>\n<p style=\"text-align:justify;\"><span style=\"color:#000000;\"><b>Ci parli delle tue esperienze di modella e fotomodella? <\/b><i>&#8220;E iniziato tutto nell&#8217;agosto del 2012. Mia mamma arriv\u00f2 a casa e mi disse che c&#8217;era una sua amica parrucchiera che stava cercando una ragazza con i capelli lunghi mori allora mi port\u00f2 in salone e fui \u00a0presa per fare queste foto che poi mi hanno portato a fare una sfilata in cui ho vinto e da li e iniziato tutto&#8221;.<\/i><\/span><\/p>\n<p style=\"text-align:justify;\"><span style=\"color:#000000;\"><b><a href=\"http:\/\/nonsolomodanews.files.wordpress.com\/2013\/12\/936999_10200138025713551_1995837943_n.jpg\"><img loading=\"lazy\" decoding=\"async\" class=\"alignleft size-medium wp-image-3823\" alt=\"936999_10200138025713551_1995837943_n\" src=\"http:\/\/nonsolomodanews.files.wordpress.com\/2013\/12\/936999_10200138025713551_1995837943_n.jpg?w=300\" width=\"300\" height=\"300\" srcset=\"https:\/\/www.nonsolomodanews.it\/wordpress\/wp-content\/uploads\/2013\/12\/936999_10200138025713551_1995837943_n.jpg 720w, https:\/\/www.nonsolomodanews.it\/wordpress\/wp-content\/uploads\/2013\/12\/936999_10200138025713551_1995837943_n-150x150.jpg 150w, https:\/\/www.nonsolomodanews.it\/wordpress\/wp-content\/uploads\/2013\/12\/936999_10200138025713551_1995837943_n-300x300.jpg 300w\" sizes=\"auto, (max-width: 300px) 100vw, 300px\" \/><\/a>Che cosa cerchi dalla fotografia?<\/b><i> &#8220;Dalla fotografia non cerco nulla; per me e perfetta cosi com&#8217;\u00e8. La fotografia coglie quegli attimi in cui sei triste, felice, mentre piangi&#8230; Senza la fotografia non ci sarebbero i ricordi&#8221;.<\/i><\/span><\/p>\n<p style=\"text-align:justify;\"><span style=\"color:#000000;\"><b>Che cosa cerchi da un fotografo<\/b><i>? &#8220;Che sappia comunicare con la modella. Che non sia solo li per scattare foto e basta secondo me si deve instaurare un bel rapporto dove la modella si possa sentire a proprio agio per far si che le foto escano belle&#8221;.<\/i><\/span><\/p>\n<p style=\"text-align:justify;\"><span style=\"color:#000000;\"><b>Che cosa cercano i fotografi da te?<\/b><i>&#8220;Vogliono sempre che io sia me stessa durante un servizio fotografico&#8221;.<\/i><\/span><\/p>\n<p style=\"text-align:justify;\"><span style=\"color:#000000;\"><b>Quali sono i generi fotografici che preferisci e perch\u00e9? &#8220;<\/b><i>Quando i fotografi mi chiedono che tipo di foto vorresti fare ? Un po&#8217; mi arrabbio (ride) perch\u00e9 dico sei tu il fotografo dimmi tu che foto devo fare poi per\u00f2 penso che posso decidere io e allora amo le foto diverse da solito non s\u00f2 come spiegarlo.. Tipo foto all&#8217;aperto con -20gradi fuori oppure foto con i colori sul viso ecco foto strane e particolari&#8221;.<\/i><\/span><\/p>\n<div id=\"attachment_3820\" style=\"width: 210px\" class=\"wp-caption alignright\"><a href=\"http:\/\/nonsolomodanews.files.wordpress.com\/2013\/12\/267954_4688847419322_2027844349_n.jpg\"><img loading=\"lazy\" decoding=\"async\" aria-describedby=\"caption-attachment-3820\" class=\"size-medium wp-image-3820\" alt=\"Federica Pattacini\" src=\"http:\/\/nonsolomodanews.files.wordpress.com\/2013\/12\/267954_4688847419322_2027844349_n.jpg?w=200\" width=\"200\" height=\"300\" srcset=\"https:\/\/www.nonsolomodanews.it\/wordpress\/wp-content\/uploads\/2013\/12\/267954_4688847419322_2027844349_n.jpg 640w, https:\/\/www.nonsolomodanews.it\/wordpress\/wp-content\/uploads\/2013\/12\/267954_4688847419322_2027844349_n-200x300.jpg 200w\" sizes=\"auto, (max-width: 200px) 100vw, 200px\" \/><\/a><p id=\"caption-attachment-3820\" class=\"wp-caption-text\">Federica Pattacini<\/p><\/div>\n<p style=\"text-align:justify;\"><span style=\"color:#000000;\"><b>Hai qualche aneddoto particolare della tua attivit\u00e0 di fotomodella da raccontare e in modo la tua partecipazione ai concorsi? <\/b><i>&#8220;Oltre a fare servizi fotografici mi chiamano anche a fare delle sfilate se devo essere sincera ho sempre paura quando sfilo perch\u00e9 dentro di me ci sono mille pensieri tipo cosa pensa la gente di me in quel momento.. Se sto camminando bene ecc&#8221;<\/i><\/span><\/p>\n<p style=\"text-align:justify;\"><span style=\"color:#000000;\"><b>Chi \u00e8 nella tua famiglia il tuo primo sostenitore\/sostenitrice?\u00a0<\/b><i>&#8220;Mia mamma di sicuro! se non fosse stato per lei io non sarei nemmeno qui a parlare con voi<\/i><\/span><\/p>\n<p style=\"text-align:justify;\"><span style=\"color:#000000;\"><b>Quando hai iniziato a posare?\u00a0<\/b><i>&#8220;Un anno e mezzo fa per una rivista del mio paese&#8221;.<\/i><\/span><\/p>\n<p style=\"text-align:justify;\"><span style=\"color:#000000;\"><b>Quale progetto fotografico ti piacerebbe realizzare e perch\u00e9? <\/b><i>&#8220;Un sogno che ho da molto tempo sarebbe di posare in abito da sposa. Non s\u00f2 perch\u00e9 ma e una cosa che vorrei fare fortemente. Forse perch\u00e9 vorrei sentirmi una &#8220;Principessa&#8221; come nelle favole almeno per un giorno&#8221;<\/i><\/span><\/p>\n<p style=\"text-align:justify;\"><span style=\"color:#000000;\"><b>Nonsolomodanews cerca di fare realizzare i sogni, ricordatelo.<\/b><\/span><\/p>\n<p style=\"text-align:justify;\"><span style=\"color:#000000;\"><b>Che cosa significa per te &#8220;essere una modella\/fotomodella? <\/b><i>&#8220;Io mi arrabbio quando le persone mi dicono ma tu sei una modella. No! Io non sono una modella. Io sono una persona come tutte che ama la fotografia. Non mi ritengo superiore a nessuno anche se ho questa possibilit\u00e0 dei servizi fotografici.. Per\u00f2 se fossi davvero una modella per me significherebbe girare il mondo conoscere le culture degli altri paesi. Sarebbe bellissimo&#8221;. <\/i><b><\/b><\/span><\/p>\n<div id=\"attachment_3821\" style=\"width: 310px\" class=\"wp-caption alignleft\"><a href=\"http:\/\/nonsolomodanews.files.wordpress.com\/2013\/12\/308634_10200153517940847_1140631854_n.jpg\"><img loading=\"lazy\" decoding=\"async\" aria-describedby=\"caption-attachment-3821\" class=\"size-medium wp-image-3821\" alt=\"Federica Pattacini\" src=\"http:\/\/nonsolomodanews.files.wordpress.com\/2013\/12\/308634_10200153517940847_1140631854_n.jpg?w=300\" width=\"300\" height=\"200\" srcset=\"https:\/\/www.nonsolomodanews.it\/wordpress\/wp-content\/uploads\/2013\/12\/308634_10200153517940847_1140631854_n.jpg 720w, https:\/\/www.nonsolomodanews.it\/wordpress\/wp-content\/uploads\/2013\/12\/308634_10200153517940847_1140631854_n-300x200.jpg 300w\" sizes=\"auto, (max-width: 300px) 100vw, 300px\" \/><\/a><p id=\"caption-attachment-3821\" class=\"wp-caption-text\">Federica Pattacini<\/p><\/div>\n<p style=\"text-align:justify;\"><span style=\"color:#000000;\"><b>Hai frequentato corsi di modeling e portamento?\u00a0<\/b><i>&#8220;No niente di tutto ci\u00f2 ho imparato tutto da sola e guardando dei programmi di moda e riviste&#8221;.<\/i><\/span><\/p>\n<p style=\"text-align:justify;\"><span style=\"color:#000000;\"><b>Pensi che un corso di portamento e posa sarebbe utile per la tua carriera di fotomodella?\u00a0<\/b><i>&#8220;Certo! Mi aiuterebbe a migliorare a parer mio e sempre meglio imparare qualcosa in pi\u00f9 che fare una cosa fatta male&#8221;.<\/i><\/span><\/p>\n<p style=\"text-align:justify;\"><span style=\"color:#000000;\"><b>Cosa fai per mantenerti in forma, ovvero se sei sportiva e se fai qualche sport.\u00a0<\/b><i>&#8220;Ammetto che a me piace mangiare di tutto per\u00f2 chi bella vuole apparire un poco deve soffrire no?:) Io non faccio sport pero vado 3 volte a settimana in palestra&#8221;.<\/i><\/span><\/p>\n<p style=\"text-align:justify;\"><span style=\"color:#000000;\"><b>Hai degli hobby? <\/b><i>&#8220;Si fare foto e stare insieme agli amici&#8221;.<\/i><\/span><\/p>\n<p style=\"text-align:justify;\"><span style=\"color:#000000;\"><b>A livello di cucina, qual \u00e8 il piatto che ti piace di pi\u00f9\u00a0<\/b><i>&#8220;Penne al salmone&#8221; <\/i><b><\/b><\/span><\/p>\n<p style=\"text-align:justify;\"><span style=\"color:#000000;\"><b>Qual \u00e8 il tuo rapporto con il cibo? <\/b><i>&#8220;Perch\u00e9 e un piatto diverso dagli altri per me buonissimo e almeno una volta ogni 10 giorni lo devo mangiare&#8221;. <\/i><b><\/b><\/span><\/p>\n<p style=\"text-align:justify;\"><span style=\"color:#000000;\"><b>Qual \u00e8 il tuo rapporto con il cibo? <\/b><i>&#8220;Il mio rapporto con il cibo eh. Bella domanda.. Ogni giorno e una lotta continua con il mio fisico. Non mi riesco a vedere bella appena vedo una ragazza con un fisico perfetto sto male e mi chiudo in me stessa&#8221;.<\/i><\/span><\/p>\n<div id=\"attachment_3818\" style=\"width: 210px\" class=\"wp-caption alignleft\"><a href=\"http:\/\/nonsolomodanews.files.wordpress.com\/2013\/12\/62694_4838191592833_1066318912_n.jpg\"><img loading=\"lazy\" decoding=\"async\" aria-describedby=\"caption-attachment-3818\" class=\"size-medium wp-image-3818\" alt=\"Federica Pattacini\" src=\"http:\/\/nonsolomodanews.files.wordpress.com\/2013\/12\/62694_4838191592833_1066318912_n.jpg?w=200\" width=\"200\" height=\"300\" srcset=\"https:\/\/www.nonsolomodanews.it\/wordpress\/wp-content\/uploads\/2013\/12\/62694_4838191592833_1066318912_n.jpg 480w, https:\/\/www.nonsolomodanews.it\/wordpress\/wp-content\/uploads\/2013\/12\/62694_4838191592833_1066318912_n-200x300.jpg 200w\" sizes=\"auto, (max-width: 200px) 100vw, 200px\" \/><\/a><p id=\"caption-attachment-3818\" class=\"wp-caption-text\">Federica Pattacini<\/p><\/div>\n<p style=\"text-align:justify;\"><span style=\"color:#000000;\"><b>Perch\u00e9 questo? <\/b><i>&#8220;Perch\u00e9 forse non ho autostima.. Non mi rendo conto di quello che sono e d\u00f2 troppa importanza alle parole della gente&#8221;<\/i><\/span><\/p>\n<p style=\"text-align:justify;\"><span style=\"color:#000000;\"><b>A nostro modesto parere sei molto bella e non dovresti avere sensi di colpa <\/b><i>&#8220;Ti ringrazio per le belle parole&#8221; <\/i><b><\/b><\/span><\/p>\n<p style=\"text-align:justify;\"><span style=\"color:#000000;\"><b>Ti piace il vino e se si, ne hai uno in particolare? <\/b><i>&#8220;No non mi piace il vino&#8221;.<\/i><\/span><\/p>\n<p style=\"text-align:justify;\"><span style=\"color:#000000;\"><b>Quale consiglio daresti a una ragazza che volesse iniziare a fare la modella\/fotomodella? <\/b><i>&#8220;Beh che deve essere se stessa. Non deve mai cercare di apparire qualcosa o qualcuno che non sei perch\u00e9 dalla fotografia poi si nota se un sorriso e sforzato se non si sta bene con stessi stessi e un altro consiglio e quello di crederci. Crederci sempre in quello che si fa&#8221;<\/i><\/span><\/p>\n<p style=\"text-align:justify;\"><span style=\"color:#000000;\"><b>Modella o fotomodella che conosci e alla quale ti ispiri? <\/b><i>&#8220;Il mio idolo ? Beh ce ne sono due una Miranda la famosa modella di Victoria Secrect e l&#8217;altra e Tyra Banks&#8221;.<\/i><\/span><\/p>\n<p style=\"text-align:justify;\"><span style=\"color:#000000;\"><b>Se potessi cambiare citt\u00e0 dove vorresti andare a vivere e perch\u00e9?\u00a0<\/b><i>&#8220;Vorrei andare sicuramente via dall&#8217;Italia per cambiare un po&#8217; aria. Vorrei andare in America e imparare di pi\u00f9 sul mondo della moda e delle sfilate&#8221;.<\/i><\/span><\/p>\n<p style=\"text-align:justify;\"><span style=\"color:#000000;\"><b>Progetti per il futuro?\u00a0<\/b><i>&#8220;Nessuno. Sar\u00e0 proprio il futuro a riservarmi delle sorprese belle o brutte che siano&#8221;.<\/i><\/span><\/p>\n<p style=\"text-align:justify;\"><span style=\"color:#000000;\"><b>Una frase su te stessa che meglio ti rappresenta. <\/b>&#8220;<i>Non ce una frase che mi rappresenta. Per\u00f2 una frase che amo e &lt;&lt;Impara dai tuoi errori&gt;&gt; perch\u00e9 sono quelli che aiutano a migliorare&#8221;<\/i><\/span><\/p>\n<p style=\"text-align:justify;\"><span style=\"color:#000000;\"><i>Grazie Federica\u00a0<\/i><\/span><b><\/b><\/p>\n<p style=\"text-align:center;\"><span style=\"color:#000000;\">I credits delle fotografie appartengono ai relativi fotografi. \u00a0Le fotografie sono state fornite da\u00a0Federica Pattacini \u2013 Tutti i diritti riservati \u2013 Email: nonsolomodanews@gmail.com<\/span><\/p>\n","protected":false},"excerpt":{"rendered":"<p>&nbsp; Nonsolomodanews incontra Federica Pattacini. Federica &egrave; di Reggio Emilia, appassionata di fotografia, le piace mettersi in gioco di fronte all&rsquo;obiettivo. Segno zodiacale scopione, Federica &egrave; molto gelosa di ci&ograve; che le appartiene ma &egrave; anche la ragazza con molti sogni nel cassetto che spera si realizzino. Ciao ti vuoi presentare? &ldquo;Ciao, sono Federica ho 18 e vengo da Reggio Emilia! Sono una ragazza che ama la fotografia ma soprattutto ama stare davanti alla macchina fotografica; non mi reputo una &ldquo;Modella&rdquo; magari lo fossi! Sono solo una come tante che ama fare foto. Sono alta 1.70 e sono una taglia 40\/42 e porto 38\/39 di scarpe e sono mora con gli occhi color marrone chiaro&rdquo;. Come sei di carattere? &ldquo;Devo dire che ci sono lati del mio carattere che non mi piacciono molto! Essendo uno scorpione sono molto gelosa di ci&ograve; che mi appartiene e spesso d&ograve; molto per poi ricevere niente&rdquo;. Che cosa ti piace e che e cosa non ti piace? &ldquo;Mi piace stare con gli amici e amo stare fuori casa mi piace stare all&rsquo;aria aperta sia in estate che in inverno. Una cosa che odio sono le doppie facce&rdquo;. Qual &egrave; il colore preferito?&nbsp;&ldquo;Non ho un [&hellip;]<\/p>\n","protected":false},"author":1,"featured_media":0,"comment_status":"open","ping_status":"open","sticky":false,"template":"","format":"standard","meta":{"rop_custom_images_group":[],"rop_custom_messages_group":[],"rop_publish_now":"initial","rop_publish_now_accounts":[],"rop_publish_now_history":[],"rop_publish_now_status":"pending","footnotes":""},"categories":[16],"tags":[538,585,588,746,1036,1099,1217,1314],"class_list":["post-3814","post","type-post","status-publish","format-standard","hentry","category-articolo","tag-federica-pattacini","tag-fotografia","tag-fotomodella","tag-intervista","tag-modella","tag-nonsolomodanews","tag-reggio-emilia","tag-shooting"],"_links":{"self":[{"href":"https:\/\/www.nonsolomodanews.it\/wordpress\/wp-json\/wp\/v2\/posts\/3814","targetHints":{"allow":["GET"]}}],"collection":[{"href":"https:\/\/www.nonsolomodanews.it\/wordpress\/wp-json\/wp\/v2\/posts"}],"about":[{"href":"https:\/\/www.nonsolomodanews.it\/wordpress\/wp-json\/wp\/v2\/types\/post"}],"author":[{"embeddable":true,"href":"https:\/\/www.nonsolomodanews.it\/wordpress\/wp-json\/wp\/v2\/users\/1"}],"replies":[{"embeddable":true,"href":"https:\/\/www.nonsolomodanews.it\/wordpress\/wp-json\/wp\/v2\/comments?post=3814"}],"version-history":[{"count":0,"href":"https:\/\/www.nonsolomodanews.it\/wordpress\/wp-json\/wp\/v2\/posts\/3814\/revisions"}],"wp:attachment":[{"href":"https:\/\/www.nonsolomodanews.it\/wordpress\/wp-json\/wp\/v2\/media?parent=3814"}],"wp:term":[{"taxonomy":"category","embeddable":true,"href":"https:\/\/www.nonsolomodanews.it\/wordpress\/wp-json\/wp\/v2\/categories?post=3814"},{"taxonomy":"post_tag","embeddable":true,"href":"https:\/\/www.nonsolomodanews.it\/wordpress\/wp-json\/wp\/v2\/tags?post=3814"}],"curies":[{"name":"wp","href":"https:\/\/api.w.org\/{rel}","templated":true}]}}