{"id":3780,"date":"2013-12-14T10:13:28","date_gmt":"2013-12-14T10:13:28","guid":{"rendered":"http:\/\/nonsolomodanews.com\/?p=3780"},"modified":"2013-12-14T10:13:28","modified_gmt":"2013-12-14T10:13:28","slug":"intervista-a-beatrice-cerqueti-giovane-modella-e-indossatrice-di-origini-abruzzesi-dalle-idee-chiare","status":"publish","type":"post","link":"https:\/\/www.nonsolomodanews.it\/wordpress\/intervista-a-beatrice-cerqueti-giovane-modella-e-indossatrice-di-origini-abruzzesi-dalle-idee-chiare\/","title":{"rendered":"Intervista a Beatrice Cerqueti, giovane modella e indossatrice di origini abruzzesi dalle idee chiare."},"content":{"rendered":"<p style=\"text-align:justify;\"><span style=\"color:#000000;\"><strong>\n\t\t<style>\n\t\t\t#gallery-1 {\n\t\t\t\tmargin: auto;\n\t\t\t}\n\t\t\t#gallery-1 .gallery-item {\n\t\t\t\tfloat: left;\n\t\t\t\tmargin-top: 10px;\n\t\t\t\ttext-align: center;\n\t\t\t\twidth: 33%;\n\t\t\t}\n\t\t\t#gallery-1 img {\n\t\t\t\tborder: 2px solid #cfcfcf;\n\t\t\t}\n\t\t\t#gallery-1 .gallery-caption {\n\t\t\t\tmargin-left: 0;\n\t\t\t}\n\t\t\t\/* see gallery_shortcode() in wp-includes\/media.php *\/\n\t\t<\/style>\n\t\t<div id='gallery-1' class='gallery galleryid-3780 gallery-columns-3 gallery-size-thumbnail'><dl class='gallery-item'>\n\t\t\t<dt class='gallery-icon portrait'>\n\t\t\t\t<a href='https:\/\/www.nonsolomodanews.it\/wordpress\/intervista-a-beatrice-cerqueti-giovane-modella-e-indossatrice-di-origini-abruzzesi-dalle-idee-chiare\/1383437_223921704438424_1044366719_n\/'><img loading=\"lazy\" decoding=\"async\" width=\"150\" height=\"150\" src=\"https:\/\/www.nonsolomodanews.it\/wordpress\/wp-content\/uploads\/2013\/12\/1383437_223921704438424_1044366719_n-150x150.jpg\" class=\"attachment-thumbnail size-thumbnail\" alt=\"\" \/><\/a>\n\t\t\t<\/dt><\/dl><dl class='gallery-item'>\n\t\t\t<dt class='gallery-icon portrait'>\n\t\t\t\t<a href='https:\/\/www.nonsolomodanews.it\/wordpress\/intervista-a-beatrice-cerqueti-giovane-modella-e-indossatrice-di-origini-abruzzesi-dalle-idee-chiare\/dsc_0588\/'><img loading=\"lazy\" decoding=\"async\" width=\"150\" height=\"150\" src=\"https:\/\/www.nonsolomodanews.it\/wordpress\/wp-content\/uploads\/2013\/12\/dsc_0588-150x150.jpg\" class=\"attachment-thumbnail size-thumbnail\" alt=\"\" aria-describedby=\"gallery-1-3787\" \/><\/a>\n\t\t\t<\/dt>\n\t\t\t\t<dd class='wp-caption-text gallery-caption' id='gallery-1-3787'>\n\t\t\t\tBeatrice Cerqueti\n\t\t\t\t<\/dd><\/dl><dl class='gallery-item'>\n\t\t\t<dt class='gallery-icon portrait'>\n\t\t\t\t<a href='https:\/\/www.nonsolomodanews.it\/wordpress\/intervista-a-beatrice-cerqueti-giovane-modella-e-indossatrice-di-origini-abruzzesi-dalle-idee-chiare\/dsc_0221\/'><img loading=\"lazy\" decoding=\"async\" width=\"150\" height=\"150\" src=\"https:\/\/www.nonsolomodanews.it\/wordpress\/wp-content\/uploads\/2013\/12\/dsc_0221-150x150.jpg\" class=\"attachment-thumbnail size-thumbnail\" alt=\"\" aria-describedby=\"gallery-1-3786\" \/><\/a>\n\t\t\t<\/dt>\n\t\t\t\t<dd class='wp-caption-text gallery-caption' id='gallery-1-3786'>\n\t\t\t\tBeatrice Cerqueti\n\t\t\t\t<\/dd><\/dl><br style=\"clear: both\" \/><dl class='gallery-item'>\n\t\t\t<dt class='gallery-icon portrait'>\n\t\t\t\t<a href='https:\/\/www.nonsolomodanews.it\/wordpress\/intervista-a-beatrice-cerqueti-giovane-modella-e-indossatrice-di-origini-abruzzesi-dalle-idee-chiare\/dsc_0854\/'><img loading=\"lazy\" decoding=\"async\" width=\"150\" height=\"150\" src=\"https:\/\/www.nonsolomodanews.it\/wordpress\/wp-content\/uploads\/2013\/12\/dsc_0854-150x150.jpg\" class=\"attachment-thumbnail size-thumbnail\" alt=\"\" aria-describedby=\"gallery-1-3788\" \/><\/a>\n\t\t\t<\/dt>\n\t\t\t\t<dd class='wp-caption-text gallery-caption' id='gallery-1-3788'>\n\t\t\t\tBeatrice Cerqueti\n\t\t\t\t<\/dd><\/dl><dl class='gallery-item'>\n\t\t\t<dt class='gallery-icon portrait'>\n\t\t\t\t<a href='https:\/\/www.nonsolomodanews.it\/wordpress\/intervista-a-beatrice-cerqueti-giovane-modella-e-indossatrice-di-origini-abruzzesi-dalle-idee-chiare\/200049_184685365005787_1773278329_n\/'><img loading=\"lazy\" decoding=\"async\" width=\"150\" height=\"150\" src=\"https:\/\/www.nonsolomodanews.it\/wordpress\/wp-content\/uploads\/2013\/12\/200049_184685365005787_1773278329_n-150x150.jpg\" class=\"attachment-thumbnail size-thumbnail\" alt=\"\" aria-describedby=\"gallery-1-3783\" \/><\/a>\n\t\t\t<\/dt>\n\t\t\t\t<dd class='wp-caption-text gallery-caption' id='gallery-1-3783'>\n\t\t\t\tBeatrice Cerqueti\n\t\t\t\t<\/dd><\/dl><dl class='gallery-item'>\n\t\t\t<dt class='gallery-icon portrait'>\n\t\t\t\t<a href='https:\/\/www.nonsolomodanews.it\/wordpress\/intervista-a-beatrice-cerqueti-giovane-modella-e-indossatrice-di-origini-abruzzesi-dalle-idee-chiare\/1469821_672527639445714_1623428769_n-1\/'><img loading=\"lazy\" decoding=\"async\" width=\"150\" height=\"150\" src=\"https:\/\/www.nonsolomodanews.it\/wordpress\/wp-content\/uploads\/2013\/12\/1469821_672527639445714_1623428769_n-1-150x150.jpg\" class=\"attachment-thumbnail size-thumbnail\" alt=\"\" aria-describedby=\"gallery-1-3785\" \/><\/a>\n\t\t\t<\/dt>\n\t\t\t\t<dd class='wp-caption-text gallery-caption' id='gallery-1-3785'>\n\t\t\t\tBeatrice Cerqueti\n\t\t\t\t<\/dd><\/dl><br style=\"clear: both\" \/>\n\t\t<\/div>\n<\/p>\n<p><\/strong><\/span><\/p>\n<p>Nonsolomodanews incontra <strong>Beatrice Cerqueti<\/strong>, una giovane ragazza che desidera entrare nel mondo della Moda. Ringraziamo Beatrice per averci concesso questa intervista e auguriamo ai nostri lettori buona lettura.<\/p>\n<p style=\"text-align:justify;\"><span style=\"color:#000000;\"><b><a href=\"http:\/\/nonsolomodanews.files.wordpress.com\/2013\/12\/1383437_223921704438424_1044366719_n.jpg\"><img loading=\"lazy\" decoding=\"async\" class=\"alignleft size-large wp-image-3784\" alt=\"1383437_223921704438424_1044366719_n\" src=\"http:\/\/nonsolomodanews.files.wordpress.com\/2013\/12\/1383437_223921704438424_1044366719_n.jpg?w=640\" width=\"640\" height=\"764\" srcset=\"https:\/\/www.nonsolomodanews.it\/wordpress\/wp-content\/uploads\/2013\/12\/1383437_223921704438424_1044366719_n.jpg 804w, https:\/\/www.nonsolomodanews.it\/wordpress\/wp-content\/uploads\/2013\/12\/1383437_223921704438424_1044366719_n-251x300.jpg 251w\" sizes=\"auto, (max-width: 640px) 100vw, 640px\" \/><\/a>Ciao Beatrice ti vuoi presentare?<\/b><i> &#8220;Salve mi chiamo Beatrice Cerqueti, sono nata a Chieti il 6 agosto 1996. Le mie misure sono 85 &#8211; 62 &#8211; 90, sono alta 1 metro e 81 cm e porto quaranta di scarpe. Ho gli occhi azzurri\/verdi e i capelli biondi, a caschetto&#8221;.<\/i><\/span><\/p>\n<p style=\"text-align:justify;\"><span style=\"color:#000000;\"><b>Come sei di carattere?<\/b><i> &#8220;Sono una persona abbastanza decisa e tenace e quando voglio qualcosa so applicarmi per raggiungerla&#8221;.<\/i><\/span><\/p>\n<p style=\"text-align:justify;\"><span style=\"color:#000000;\"><b>Sei una persona curiosa?<\/b><i> &#8220;Si, mi interesso a tutto, nei campi pi\u00f9 disparati: dalla letteratura alla scienza alla moda&#8221;.<\/i><\/span><\/p>\n<p style=\"text-align:justify;\">\n<div id=\"attachment_3783\" style=\"width: 182px\" class=\"wp-caption alignleft\"><a href=\"http:\/\/nonsolomodanews.files.wordpress.com\/2013\/12\/200049_184685365005787_1773278329_n.jpg\"><img loading=\"lazy\" decoding=\"async\" aria-describedby=\"caption-attachment-3783\" class=\"size-medium wp-image-3783\" alt=\"Beatrice Cerqueti\" src=\"http:\/\/nonsolomodanews.files.wordpress.com\/2013\/12\/200049_184685365005787_1773278329_n.jpg?w=172\" width=\"172\" height=\"300\" \/><\/a><p id=\"caption-attachment-3783\" class=\"wp-caption-text\">Beatrice Cerqueti<\/p><\/div>\n<p style=\"text-align:justify;\"><span style=\"color:#000000;\"><b style=\"line-height:1.5;\">Qual \u00e8 il tuo colore preferito? <\/b>&#8220;<i style=\"color:#444444;line-height:1.5;\">Il blu&#8221;.<\/i><\/span><\/p>\n<p style=\"text-align:justify;\"><span style=\"color:#000000;\"><b>In una tua fotografia che cosa noti immediatamente?<\/b><i> &#8220;L\u2019espressivit\u00e0 del viso&#8221;.<\/i><\/span><\/p>\n<p style=\"text-align:justify;\"><span style=\"color:#000000;\"><b>Pensi che un buon book fotografico sia importante ai fini lavorativi?<\/b><i> &#8220;Si, penso che sia determinante, perch\u00e9 delle buone foto valorizzano la modella al massimo&#8221;.<\/i><\/span><\/p>\n<p style=\"text-align:justify;\"><span style=\"color:#000000;\"><b>Un fotografo ti ha vista su FB e ti propone di realizzare un book fotografico. Ti dice che ti mette a disposizione uno staff di persone per curarti la persona ed individuare i vestiti da usare per il book. La prima cosa che gli chiedi \u00e8 quanto costa o dove puoi vedere i suoi lavori?<\/b><i> \u00a0&#8220;Dove posso vedere i suoi lavori, prima di tutto&#8221;.<\/i><\/span><\/p>\n<p style=\"text-align:justify;\"><span style=\"color:#000000;\"><b>Quali sono i generi fotografici che preferisci e perch\u00e9?<\/b><i> &#8220;Alta moda, stile Vogue o affini, e foto con uno stile particolare, sempre improntate al fashion senza rinunciare all\u2019eleganza&#8221;.<\/i><\/span><\/p>\n<div id=\"attachment_3788\" style=\"width: 210px\" class=\"wp-caption alignright\"><a href=\"http:\/\/nonsolomodanews.files.wordpress.com\/2013\/12\/dsc_0854.jpg\"><img loading=\"lazy\" decoding=\"async\" aria-describedby=\"caption-attachment-3788\" class=\"size-medium wp-image-3788\" alt=\"Beatrice Cerqueti\" src=\"http:\/\/nonsolomodanews.files.wordpress.com\/2013\/12\/dsc_0854.jpg?w=200\" width=\"200\" height=\"300\" srcset=\"https:\/\/www.nonsolomodanews.it\/wordpress\/wp-content\/uploads\/2013\/12\/dsc_0854.jpg 800w, https:\/\/www.nonsolomodanews.it\/wordpress\/wp-content\/uploads\/2013\/12\/dsc_0854-200x300.jpg 200w, https:\/\/www.nonsolomodanews.it\/wordpress\/wp-content\/uploads\/2013\/12\/dsc_0854-683x1024.jpg 683w\" sizes=\"auto, (max-width: 200px) 100vw, 200px\" \/><\/a><p id=\"caption-attachment-3788\" class=\"wp-caption-text\">Beatrice Cerqueti<\/p><\/div>\n<p style=\"text-align:justify;\"><span style=\"color:#000000;\"><b>Quale progetto fotografico ti piacerebbe realizzare e perch\u00e9?<\/b><i> &#8220;Mi piacerebbe fare servizi fotografici redazionali per grandi riviste, mi piacciono in particolare il genere Dark, Punk o StreetStyle, e sarebbe fantastico fare foto per marchi di questo tipo&#8221;.<\/i><\/span><\/p>\n<p style=\"text-align:justify;\"><span style=\"color:#000000;\"><b>Hai qualche aneddoto particolare della tua attivit\u00e0 di fotomodella da raccontare e in modo la tua partecipazione ai concorsi?<\/b><i> &#8220;Non sempre avevo voglia di partecipare a concorsi o fare sfilate che ti occupano quasi tutta la giornata, ma in questi anni ho cambiato idea: quasi sempre si mangia e si beve bene&#8221;!<\/i><\/span><\/p>\n<p style=\"text-align:justify;\"><span style=\"color:#000000;\"><b>Quando hai iniziato a posare<i>?<\/i><\/b><i> &#8220;Quando avevo circa 15 anni&#8221;.<\/i><\/span><\/p>\n<p style=\"text-align:justify;\"><span style=\"color:#000000;\"><b>Hai frequentato corsi di portamento?<\/b><i> &#8220;Si e mi sono serviti, ma credo di aver imparato di pi\u00f9 con l\u2019esperienza diretta sulle passerelle&#8221;.<\/i><\/span><\/p>\n<p style=\"text-align:justify;\"><span style=\"color:#000000;\"><b>Sei una perfezionista, pignola o sei tollerante con te stessa e con chi lavora per te?<\/b><i> &#8220;Credo che ognuno debba fare il proprio lavoro al meglio, e non tollero chi invece considera i suoi doveri \u201calla buona\u201d. Sia come modella, sia come studentessa, sono abbastanza rigida sotto questo punto di vista&#8221;.<\/i><\/span><\/p>\n<div id=\"attachment_3785\" style=\"width: 212px\" class=\"wp-caption alignright\"><a href=\"http:\/\/nonsolomodanews.files.wordpress.com\/2013\/12\/1469821_672527639445714_1623428769_n-1.jpg\"><img loading=\"lazy\" decoding=\"async\" aria-describedby=\"caption-attachment-3785\" class=\"size-medium wp-image-3785\" alt=\"Beatrice Cerqueti\" src=\"http:\/\/nonsolomodanews.files.wordpress.com\/2013\/12\/1469821_672527639445714_1623428769_n-1.jpg?w=202\" width=\"202\" height=\"300\" srcset=\"https:\/\/www.nonsolomodanews.it\/wordpress\/wp-content\/uploads\/2013\/12\/1469821_672527639445714_1623428769_n-1.jpg 647w, https:\/\/www.nonsolomodanews.it\/wordpress\/wp-content\/uploads\/2013\/12\/1469821_672527639445714_1623428769_n-1-202x300.jpg 202w\" sizes=\"auto, (max-width: 202px) 100vw, 202px\" \/><\/a><p id=\"caption-attachment-3785\" class=\"wp-caption-text\">Beatrice Cerqueti<\/p><\/div>\n<p style=\"text-align:justify;\"><span style=\"color:#000000;\"><b>Pensi che un corso di portamento e posa sarebbe utile per la tua carriera di fotomodella, anche sotto l\u2019aspetto economico?<\/b><i> &#8220;Ora come ora no, perch\u00e9 ho gi\u00e0 un buon portamento e una buona posa e ho gi\u00e0 fatto corsi in passato&#8221;.<\/i><\/span><\/p>\n<p style=\"text-align:justify;\"><span style=\"color:#000000;\"><b>Sei una sportiva?<\/b><i> &#8220;Abbastanza, quando ho tempo&#8221;.<\/i><\/span><\/p>\n<p style=\"text-align:justify;\"><span style=\"color:#000000;\"><b>Quali sono i tuoi hobby?<\/b><i> &#8220;Leggo romanzi e fumetti, scrivo, disegno, e suono il basso elettrico&#8221;.<\/i><\/span><\/p>\n<p style=\"text-align:justify;\"><span style=\"color:#000000;\"><b>Qual \u00e8 il tuo rapporto con il cibo?<\/b><i> &#8220;Non c\u2019\u00e8 un momento della mia vita in cui non abbia avuto fame&#8221;.<\/i><\/span><\/p>\n<p style=\"text-align:justify;\"><span style=\"color:#000000;\"><b>Piatto preferito?<\/b><i> &#8220;Tutti. No, davvero, mi piace quasi tutto, ma se dovessi fare una scelta\u2026lasagne (quelle della nonna)&#8221;.<\/i><\/span><\/p>\n<p style=\"text-align:justify;\"><span style=\"color:#000000;\"><b>Segui alcun regime alimentare? <\/b>&#8220;<i>L\u2019unico regime alimentare che seguo \u00e8 quello dettato dal mio stomaco&#8221;.<\/i><\/span><\/p>\n<p style=\"text-align:justify;\"><span style=\"color:#000000;\"><b>Ti piace il vino?<\/b><i> &#8220;Ovviamente si&#8221;.<\/i><\/span><\/p>\n<div id=\"attachment_3787\" style=\"width: 209px\" class=\"wp-caption alignleft\"><a href=\"http:\/\/nonsolomodanews.files.wordpress.com\/2013\/12\/dsc_0588.jpg\"><img loading=\"lazy\" decoding=\"async\" aria-describedby=\"caption-attachment-3787\" class=\"size-medium wp-image-3787\" alt=\"Beatrice Cerqueti\" src=\"http:\/\/nonsolomodanews.files.wordpress.com\/2013\/12\/dsc_0588.jpg?w=199\" width=\"199\" height=\"300\" srcset=\"https:\/\/www.nonsolomodanews.it\/wordpress\/wp-content\/uploads\/2013\/12\/dsc_0588.jpg 798w, https:\/\/www.nonsolomodanews.it\/wordpress\/wp-content\/uploads\/2013\/12\/dsc_0588-200x300.jpg 200w, https:\/\/www.nonsolomodanews.it\/wordpress\/wp-content\/uploads\/2013\/12\/dsc_0588-681x1024.jpg 681w\" sizes=\"auto, (max-width: 199px) 100vw, 199px\" \/><\/a><p id=\"caption-attachment-3787\" class=\"wp-caption-text\">Beatrice Cerqueti<\/p><\/div>\n<p style=\"text-align:justify;\"><span style=\"color:#000000;\"><b>Ti dico: Barolo, Chianti e Rapital\u00e0 sapresti abbinarli alle regioni di produzione?<\/b><i> &#8220;Piemonte, Toscana, e l\u2019ultimo lo collocherei in qualche regione meridionale\u2026 (Sicilia ndr).&#8221;<\/i><\/span><\/p>\n<p style=\"text-align:justify;\"><span style=\"color:#000000;\"><b>Modella o fotomodella che conosci e alla quale ti ispiri?<\/b><i> &#8220;Cara Delavigne, semplicemente fantastica&#8221;.<\/i><\/span><\/p>\n<p style=\"text-align:justify;\"><span style=\"color:#000000;\"><b>Se potessi cambiare citt\u00e0 dove vorresti andare a vivere e perch\u00e9?<\/b><i> &#8220;Mi piacerebbe spostarmi in tutte le citt\u00e0 del mondo, ma in particolare vorrei vivere in paesi come Cina e Giappone&#8221;.<\/i><\/span><\/p>\n<p style=\"text-align:justify;\"><span style=\"color:#000000;\"><b>Progetti per il futuro?<\/b><i> &#8220;Laurearmi in medicina e scoprire una cura contro l\u2019idiozia umana&#8221;.<\/i><\/span><\/p>\n<p style=\"text-align:justify;\"><span style=\"color:#000000;\"><b>Ultima domanda, qual \u00e8 il tuo rapporto con i denaro? Sei una che spende o sei una parsimoniosa?<\/b><i> &#8220;Spendo solo per quello che serve e che mi piace, sotto questo punto di vista sono abbastanza parsimoniosa&#8221;.<\/i><\/span><\/p>\n<p style=\"text-align:justify;\"><span style=\"color:#000000;\">Grazie Beatrice a nome mio e dei lettori di <strong>Nonsolomodanews<\/strong>!<\/span><\/p>\n<p style=\"text-align:center;\"><span style=\"color:#000000;\">I credits delle fotografie appartengono ai relativi fotografi. \u00a0Le fotografie sono state fornite da\u00a0Beatrice Cerqueti \u2013 Tutti i diritti riservati \u2013 Email: nonsolomodanews@gmail.com<\/span><\/p>\n","protected":false},"excerpt":{"rendered":"<p>Nonsolomodanews incontra Beatrice Cerqueti, una giovane ragazza che desidera entrare nel mondo della Moda. Ringraziamo Beatrice per averci concesso questa intervista e auguriamo ai nostri lettori buona lettura. Ciao Beatrice ti vuoi presentare? &ldquo;Salve mi chiamo Beatrice Cerqueti, sono nata a Chieti il 6 agosto 1996. Le mie misure sono 85 &ndash; 62 &ndash; 90, sono alta 1 metro e 81 cm e porto quaranta di scarpe. Ho gli occhi azzurri\/verdi e i capelli biondi, a caschetto&rdquo;. Come sei di carattere? &ldquo;Sono una persona abbastanza decisa e tenace e quando voglio qualcosa so applicarmi per raggiungerla&rdquo;. Sei una persona curiosa? &ldquo;Si, mi interesso a tutto, nei campi pi&ugrave; disparati: dalla letteratura alla scienza alla moda&rdquo;. Qual &egrave; il tuo colore preferito? &ldquo;Il blu&rdquo;. In una tua fotografia che cosa noti immediatamente? &ldquo;L&rsquo;espressivit&agrave; del viso&rdquo;. Pensi che un buon book fotografico sia importante ai fini lavorativi? &ldquo;Si, penso che sia determinante, perch&eacute; delle buone foto valorizzano la modella al massimo&rdquo;. Un fotografo ti ha vista su FB e ti propone di realizzare un book fotografico. Ti dice che ti mette a disposizione uno staff di persone per curarti la persona ed individuare i vestiti da usare per il book. La prima [&hellip;]<\/p>\n","protected":false},"author":1,"featured_media":0,"comment_status":"open","ping_status":"open","sticky":false,"template":"","format":"standard","meta":{"rop_custom_images_group":[],"rop_custom_messages_group":[],"rop_publish_now":"initial","rop_publish_now_accounts":[],"rop_publish_now_history":[],"rop_publish_now_status":"pending","footnotes":""},"categories":[16],"tags":[237,585,588,746,1036,1099],"class_list":["post-3780","post","type-post","status-publish","format-standard","hentry","category-articolo","tag-beatrice-cerqueti","tag-fotografia","tag-fotomodella","tag-intervista","tag-modella","tag-nonsolomodanews"],"_links":{"self":[{"href":"https:\/\/www.nonsolomodanews.it\/wordpress\/wp-json\/wp\/v2\/posts\/3780","targetHints":{"allow":["GET"]}}],"collection":[{"href":"https:\/\/www.nonsolomodanews.it\/wordpress\/wp-json\/wp\/v2\/posts"}],"about":[{"href":"https:\/\/www.nonsolomodanews.it\/wordpress\/wp-json\/wp\/v2\/types\/post"}],"author":[{"embeddable":true,"href":"https:\/\/www.nonsolomodanews.it\/wordpress\/wp-json\/wp\/v2\/users\/1"}],"replies":[{"embeddable":true,"href":"https:\/\/www.nonsolomodanews.it\/wordpress\/wp-json\/wp\/v2\/comments?post=3780"}],"version-history":[{"count":0,"href":"https:\/\/www.nonsolomodanews.it\/wordpress\/wp-json\/wp\/v2\/posts\/3780\/revisions"}],"wp:attachment":[{"href":"https:\/\/www.nonsolomodanews.it\/wordpress\/wp-json\/wp\/v2\/media?parent=3780"}],"wp:term":[{"taxonomy":"category","embeddable":true,"href":"https:\/\/www.nonsolomodanews.it\/wordpress\/wp-json\/wp\/v2\/categories?post=3780"},{"taxonomy":"post_tag","embeddable":true,"href":"https:\/\/www.nonsolomodanews.it\/wordpress\/wp-json\/wp\/v2\/tags?post=3780"}],"curies":[{"name":"wp","href":"https:\/\/api.w.org\/{rel}","templated":true}]}}