{"id":31794,"date":"2026-04-10T17:38:42","date_gmt":"2026-04-10T17:38:42","guid":{"rendered":"https:\/\/www.nonsolomodanews.it\/wordpress\/?p=31794"},"modified":"2026-04-10T17:38:42","modified_gmt":"2026-04-10T17:38:42","slug":"mostra-arte-e-fotografia-alla-coffee-house-di-palazzo-colonna-arte-e-fotografia-il-dialogo-delle-immagini","status":"publish","type":"post","link":"https:\/\/www.nonsolomodanews.it\/wordpress\/mostra-arte-e-fotografia-alla-coffee-house-di-palazzo-colonna-arte-e-fotografia-il-dialogo-delle-immagini\/","title":{"rendered":"Mostra arte e fotografia alla Coffee House di Palazzo Colonna &#8211; Arte e fotografia: il dialogo delle immagini"},"content":{"rendered":"<div id=\"attachment_31796\" style=\"width: 235px\" class=\"wp-caption alignleft\"><a style=\"color: #000000;\" href=\"https:\/\/www.nonsolomodanews.it\/wordpress\/wp-content\/uploads\/2026\/04\/Anna-Semyannikova3-scaled.jpg\"><img loading=\"lazy\" decoding=\"async\" aria-describedby=\"caption-attachment-31796\" class=\"wp-image-31796 size-medium\" src=\"https:\/\/www.nonsolomodanews.it\/wordpress\/wp-content\/uploads\/2026\/04\/Anna-Semyannikova3-225x300.jpg\" alt=\"\" width=\"225\" height=\"300\" srcset=\"https:\/\/www.nonsolomodanews.it\/wordpress\/wp-content\/uploads\/2026\/04\/Anna-Semyannikova3-225x300.jpg 225w, https:\/\/www.nonsolomodanews.it\/wordpress\/wp-content\/uploads\/2026\/04\/Anna-Semyannikova3-768x1024.jpg 768w, https:\/\/www.nonsolomodanews.it\/wordpress\/wp-content\/uploads\/2026\/04\/Anna-Semyannikova3-1152x1536.jpg 1152w, https:\/\/www.nonsolomodanews.it\/wordpress\/wp-content\/uploads\/2026\/04\/Anna-Semyannikova3-1536x2048.jpg 1536w, https:\/\/www.nonsolomodanews.it\/wordpress\/wp-content\/uploads\/2026\/04\/Anna-Semyannikova3-1080x1440.jpg 1080w, https:\/\/www.nonsolomodanews.it\/wordpress\/wp-content\/uploads\/2026\/04\/Anna-Semyannikova3-scaled.jpg 1920w\" sizes=\"auto, (max-width: 225px) 100vw, 225px\" \/><\/a><p id=\"caption-attachment-31796\" class=\"wp-caption-text\"><span style=\"color: #000000;\">Anna Semyannikova<\/span><\/p><\/div>\n<p><span style=\"color: #000000;\">Nel cuore della Roma pi\u00f9 aristocratica e barocca presso la <strong>Coffee House di Palazzo Colonna<\/strong>, Piazza SS. Apostoli 67, prende forma una mostra intitolata <strong><em>Arte e fotografia: il dialogo delle immagini, <\/em><\/strong>che indaga uno dei rapporti pi\u00f9 affascinanti della storia visiva: quello tra pittura e fotografia. L\u2019esposizione, curata dall\u2019art manager <strong>Michele Crocitto<\/strong>, si terr\u00e0 <strong>venerd\u00ec 10, sabato 11 e domenica 12 aprile 2026 <\/strong>dalle<strong> ore 10,00 alle 19,00<\/strong>. Un dialogo che, se in passato \u00e8 stato segnato da una sottile rivalit\u00e0 &#8211;\u00a0basti pensare a come la fotografia, alla sua nascita, sembrasse mettere in crisi il primato della pittura &#8211; oggi si rivela invece come uno spazio fertile di contaminazione e crescita reciproca. Oggi queste due forme d\u2019arte non si escludono pi\u00f9: si osservano, si attraversano, si completano.<\/span><\/p>\n<p><span style=\"color: #000000;\"><!--more--><\/span><\/p>\n<p><span style=\"color: #000000;\">Michele Crocitto, con la sua idea riunisce artisti di diverse generazioni e visioni, costruisce un ponte tra memoria e contemporaneit\u00e0. Tra i protagonisti spiccano <strong>Giuliano Grittini,<\/strong> maestro della fotografia analogica e figura di riferimento nel panorama artistico italiano. In questa occasione presenta una preview della sua esposizione Roma Ti Amo, includendo la celebre interpretazione di Marilyn Monroe, immagine che si fa simbolo di un\u2019estetica sospesa tra mito e cultura pop.<\/span><\/p>\n<p><span style=\"color: #000000;\">Accanto a lui, la nuova generazione trova voce nel fotografo londinese <strong>Jude Black<\/strong>, la cui ricerca si muove tra sperimentazione visiva e riflessione sull\u2019immagine nel presente. Fulcro concettuale della mostra \u00e8 il progetto Riflessi di Venere, nato dalla collaborazione tra Jude Black e <strong>Anfissa Vass\u00e9<\/strong>.<\/span><\/p>\n<p><span style=\"color: #000000;\">Qui la pittura incontra la fotografia in una dimensione ibrida: il corpo dell\u2019artista non \u00e8 pi\u00f9 soltanto soggetto, ma diventa superficie, materia e linguaggio. Anfissa si trasforma in Venere &#8211; non rappresentata, ma evocata &#8211; attraversata dalla luce, frammentata, quasi dissolta. Le immagini, ambientate tra cavit\u00e0 rocciose e aperture sul mare, richiamano suggestioni arcaiche e rimandi al mito. La sovraesposizione diventa gesto estetico: una \u201cbruciatura\u201d controllata che non cancella, ma apre nuovi livelli di lettura. La figura femminile emerge e scompare, come un\u2019apparizione mai completamente rivelata. A dialogare con queste fotografie, la stessa Anfissa Vass\u00e9 presenta una serie di dipinti che proseguono e amplificano la narrazione, creando un flusso continuo tra gesto pittorico e immagine fotografica. In questo processo, la pittura si configura come riflesso e reinterpretazione dell\u2019immagine fotografica: un\u2019indagine sul modo in cui l\u2019artista percepisce se stessa non solo come autrice, ma come parte integrante dell\u2019opera di un altro artista. Il lavoro diventa cos\u00ec un doppio specchio &#8211; tra fotografia e pittura, tra soggetto e visione &#8211; dove l\u2019identit\u00e0 si dissolve e si ricompone. Questa riflessione si estende in una dimensione performativa: Anfissa Vass\u00e9 realizzer\u00e0 un live painting e body painting su una modella, trasformando il corpo in una superficie viva e in continua trasformazione. Il gesto pittorico, eseguito in tempo reale, render\u00e0 visibile il processo creativo, mettendo in scena il passaggio dall\u2019immagine alla materia.<\/span><\/p>\n<p><span style=\"color: #000000;\">La performance si terr\u00e0 venerd\u00ec 10 aprile alle ore 17:00, negli spazi del Palazzo Colonna, durante l\u2019aperitivo inaugurale del vernissage, offrendo al pubblico un\u2019esperienza immersiva in cui arte, corpo e tempo si incontrano.<\/span><\/p>\n<p><span style=\"color: #000000;\">Il tema della figura femminile attraversa l\u2019intera esposizione, declinandosi in molteplici forme.<\/span><\/p>\n<p><span style=\"color: #000000;\"><strong>Pietro Gottuso<\/strong> propone la serie Ritratti femminili, una riflessione sensibile sull\u2019identit\u00e0 e sulla complessit\u00e0 dell\u2019universo femminile. Parallelamente, <strong>Anna Semyannikova<\/strong> presenta la collezione Soglia, un\u2019indagine sul limite &#8211; tra luce e oscurit\u00e0, tra controllo e desiderio &#8211; dove l\u2019immagine diventa spazio psicologico. <strong>Jude Black<\/strong> (Judeblackphotography) espone inoltre il trittico Tra veglia e vertigine, ambientato in interni domestici che si trasformano in scenari simbolici. Qui la figura femminile perde stabilit\u00e0, oscillando tra presenza e assenza, tra seduzione e sottrazione. La luce non costruisce l\u2019immagine: la consuma. Nel lavoro emerge anche un sottile richiamo a Il Maestro e Margherita di Michail Bulgakov: una tensione tra dimensione mitica e realt\u00e0 contemporanea, tra sacro e profano, dove l\u2019immagine si fa instabile, mai completamente afferrabile.<\/span><\/p>\n<p><span style=\"color: #000000;\">La mostra si completa con una pluralit\u00e0 di voci che arricchiscono il percorso espositivo:<\/span><\/p>\n<p><span style=\"color: #000000;\"><strong>Alex Valenti, Angelika Aks, Armsx, Cinzia Colantoni, Daniela Veronese, Marco Vinci, Paola Luciani Fullbright, Rosella Giorgetti <\/strong>e le sculture di<strong> Andrea Borga. <\/strong>Artisti diversi per linguaggio e sensibilit\u00e0, ma uniti dalla capacit\u00e0 di costruire un mosaico visivo complesso, dove ogni opera diventa parte di una narrazione collettiva. L\u2019evento si inserisce in una visione contemporanea dell\u2019arte come spazio di relazione e collaborazione. Fondamentale il contributo di partner e sponsor, tra cui Ditta G. Poggi since 1825, 4MadeIn, Brand Angie\u2019s, di Angelica La Rosa, che presenta un nuovo progetto, curato da Michele Crocitto, presso il ristorante Angie\u2019s, nato dalla collaborazione tra l\u2019artista Anfissa Vass\u00e9 e la poetessa Angelica La Rosa, L\u2019amaro Bengala di Marco &amp; Nadia Bengala, Brand di Milano Tredici: Tredici. Presente anche il poliambulatorio Imera Medica Curare bene semplicemente, il supporto legale di Romolo Reboa Law, Vignuolo e Art Collection Wine.<\/span><\/p>\n<p>&nbsp;<\/p>\n<p style=\"text-align: center;\"><span style=\"color: #000000;\">Elena Parmegiani<\/span><br \/>\n<span style=\"color: #000000;\">Direttore Eventi Galleria del Cardinale Colonna e Coffee House di Palazzo Colonna<\/span><br \/>\n<span style=\"color: #000000;\"><a style=\"color: #000000;\" href=\"http:\/\/www.galleriadelcardinalecolonna.it\/\">www.galleriadelcardinalecolonna.it<br \/>\n<\/a><a style=\"color: #000000;\" href=\"http:\/\/www.coffeehousecolonna.it\/\">www.coffeehousecolonna.it<br \/>\n<\/a>Tutti i diritti riservati \u00a9 2026 \u2013 Email: nonsolomodanews@gmail.com<style id=\"bwg-style-0\">      #bwg_container1_0 #bwg_container2_0 #bwg_mosaic_thumbnails_div_0 {        width: 100%;        position: relative;        background-color: rgba(255, 255, 255, 0.00);        text-align: center;        justify-content: center;                  margin-left: auto;          margin-right: auto;                    padding-left: 4px;          padding-top: 4px;                }          #bwg_container1_0 #bwg_container2_0 .bwg_mosaic_thumb_spun_0 {        display: block;        position: absolute;\t\t\t\tborder-radius: 0;\t\t\t\tborder: 0px none #CCCCCC;    \t\t    \t\tbackground-color:rgba(0,0,0, 0.30);        -moz-box-sizing: content-box !important;        -webkit-box-sizing: content-box !important;        box-sizing: content-box !important;      }\t\t\t#bwg_container1_0 #bwg_container2_0 .bwg_mosaic_thumb_0 {\t\t\t\tdisplay: block;\t\t\t\t-moz-box-sizing: content-box !important;\t\t\t\t-webkit-box-sizing: content-box !important;\t\t\t\tbox-sizing: content-box !important;\t\t\t\tmargin: 0;\t\t\t\topacity: 1.00;\t\t\t}      #bwg_container1_0 #bwg_container2_0 .bwg_mosaic_thumb_spun_0:hover {        opacity: 1;        backface-visibility: hidden;        -webkit-backface-visibility: hidden;        -moz-backface-visibility: hidden;        -ms-backface-visibility: hidden;        z-index: 102;      }\t      @media only screen and (min-width: 480px) {        #bwg_container1_0 #bwg_container2_0 .bwg_mosaic_thumb_spun_0:hover {          transform: scale(1.1);          -ms-transform: scale(1.1);          -webkit-transform: scale(1.1);        }      }\t      #bwg_container1_0 #bwg_container2_0 .bwg_mosaic_thumbnails_0 {        background-color: rgba(255, 255, 255, 0.00);        font-size: 0;        position: relative;        text-align: center;        display: inline-block;        visibility: hidden;              }\t  \/*image title styles*\/      #bwg_container1_0 #bwg_container2_0 .bwg_mosaic_title_spun1_0,      #bwg_container1_0 #bwg_container2_0 .bwg-mosaic-thumbnails .bwg_ecommerce_spun1_0 {        position: absolute;        display: block;        opacity: 0;        box-sizing: border-box;        text-align: center;\t\t\t\ttop: 50%;\t\t\t\tleft: 50%;\t\t\t\ttransform: translate(-50%, -50%);      }      #bwg_container1_0 #bwg_container2_0 .bwg-mosaic-thumbnails .bwg_mosaic_title_spun2_0,      #bwg_container1_0 #bwg_container2_0 .bwg-mosaic-thumbnails .bwg_ecommerce_spun2_0 {\t\t    color: #CCCCCC;        font-family: segoe ui;        font-size: 16px;        font-weight: bold;        text-shadow: 0px 0px 0px #888888;        vertical-align: middle;        word-wrap: break-word;      }            .bwg_mosaic_play_icon_spun_0 {        display: table;        position: absolute;        left: -10000px;        top: 0px;        opacity: 0;      }      .bwg_mosaic_play_icon_0 {        color: #CCCCCC;        font-size: 32px;        vertical-align: middle;        display: table-cell !important;        z-index: 1;        text-align: center;        margin: 0 auto;      }      #bwg_container1_0 #bwg_container2_0 .bwg_gal_title_0 {        background-color: rgba(0, 0, 0, 0);        color: #323A45;        display: block;        font-family: Ubuntu;        font-size: 16px;        font-weight: bold;        padding: 2px;        text-shadow: ;        text-align: center;      }            @media screen and (max-width: 350px) {      div[class^=\"bwg_mosaic_thumbnails_\"],      span[class^=\"bwg_mosaic_thumb_spun_\"] {      width: 100% !important;      }      img[class^=\"bwg_mosaic_thumb_\"] {      width: 100% !important;      height: auto !important;      margin: 0px auto !important;      }      }      <\/style>    <div id=\"bwg_container1_0\"         class=\"bwg_container bwg_thumbnail bwg_thumbnails_mosaic \"         data-right-click-protection=\"0\"         data-bwg=\"0\"         data-scroll=\"0\"         data-gallery-type=\"thumbnails_mosaic\"         data-gallery-view-type=\"thumbnails_mosaic\"         data-current-url=\"\/wordpress\/wp-json\/wp\/v2\/posts\/31794\"         data-lightbox-url=\"https:\/\/www.nonsolomodanews.it\/wordpress\/wp-admin\/admin-ajax.php?action=GalleryBox&#038;current_view=0&#038;gallery_id=918&#038;tag=0&#038;theme_id=1&#038;shortcode_id=1864&#038;sort_by=filename&#038;order_by=asc&#038;current_url=%2Fwordpress%2Fwp-json%2Fwp%2Fv2%2Fposts%2F31794\"         data-gallery-id=\"918\"         data-popup-width=\"800\"         data-popup-height=\"500\"         data-is-album=\"gallery\"         data-buttons-position=\"bottom\">      <div id=\"bwg_container2_0\">             <div id=\"ajax_loading_0\" class=\"bwg_loading_div_1\">      <div class=\"bwg_loading_div_2\">        <div class=\"bwg_loading_div_3\">          <div id=\"loading_div_0\" class=\"bwg_spider_ajax_loading\">          <\/div>        <\/div>      <\/div>    <\/div>            <form id=\"gal_front_form_0\"              class=\"bwg-hidden\"              method=\"post\"              action=\"#\"              data-current=\"0\"              data-shortcode-id=\"1864\"              data-gallery-type=\"thumbnails_mosaic\"              data-gallery-id=\"918\"              data-tag=\"0\"              data-album-id=\"0\"              data-theme-id=\"1\"              data-ajax-url=\"https:\/\/www.nonsolomodanews.it\/wordpress\/wp-admin\/admin-ajax.php?action=bwg_frontend_data\">          <div id=\"bwg_container3_0\" class=\"bwg-background bwg-background-0\">                <div id=\"bwg_mosaic_thumbnails_div_0\"         class=\"bwg-container-0 bwg-container bwg-mosaic-thumbnails\"         data-bwg=\"0\"         data-mosaic-direction=\"vertical\"         data-resizable=\"0\"         data-width=\"250\"         data-height=\"250\"         data-total-width=\"100\"         data-block-id=\"bwg_thumbnails_mosaic_0\"         data-thumb-padding=\"4\"         data-thumb-border=\"0\"         data-title-margin=\"2px\"         data-image-title=\"none\"         data-play-icon=\"1\"         data-ecommerce-icon=\"none\"         data-gallery-id=\"918\"         data-lightbox-url=\"https:\/\/www.nonsolomodanews.it\/wordpress\/wp-admin\/admin-ajax.php?action=GalleryBox&#038;current_view=0&#038;gallery_id=918&#038;tag=0&#038;theme_id=1&#038;shortcode_id=1864&#038;sort_by=filename&#038;order_by=asc&#038;current_url=%2Fwordpress%2Fwp-json%2Fwp%2Fv2%2Fposts%2F31794\"         data-mosaic-thumb-transition=\"1\"         style=\"visibility: hidden\" >      <div id=\"bwg_thumbnails_mosaic_0\" class=\"bwg_mosaic_thumbnails_0\">                  <a  class=\"bwg-a bwg_lightbox bwg_lightbox_0\" href=\"https:\/\/www.nonsolomodanews.it\/wordpress\/wp-content\/uploads\/photo-gallery\/Arte_e_fotografia\/Anfissa-Vasse.jpg?bwg=1775842678\" data-image-id=\"45358\" data-elementor-open-lightbox=\"no\">          <div class=\"bwg_mosaic_thumb_spun_0 bwg-item0 bwg-mosaic-thumb-span \">            <img decoding=\"async\" class=\"bwg_mosaic_thumb_0 skip-lazy bwg_img_clear bwg_img_custom \"                 id=\"45358\"                 src=\"https:\/\/www.nonsolomodanews.it\/wordpress\/wp-content\/uploads\/photo-gallery\/Arte_e_fotografia\/thumb\/Anfissa-Vasse.jpg?bwg=1775842678\"                 data-src=\"https:\/\/www.nonsolomodanews.it\/wordpress\/wp-content\/uploads\/photo-gallery\/Arte_e_fotografia\/thumb\/Anfissa-Vasse.jpg?bwg=1775842678\"                 data-width=\"300.00\"                 data-height=\"252.00\"                 alt=\"Anfissa-Vasse\"                 title=\"Anfissa-Vasse\" \/>                      <\/div>        <\/a>                <a  class=\"bwg-a bwg_lightbox bwg_lightbox_0\" href=\"https:\/\/www.nonsolomodanews.it\/wordpress\/wp-content\/uploads\/photo-gallery\/Arte_e_fotografia\/Anna-Semyannikova2.jpg?bwg=1775842678\" data-image-id=\"45361\" data-elementor-open-lightbox=\"no\">          <div class=\"bwg_mosaic_thumb_spun_0 bwg-item0 bwg-mosaic-thumb-span \">            <img decoding=\"async\" class=\"bwg_mosaic_thumb_0 skip-lazy bwg_img_clear bwg_img_custom \"                 id=\"45361\"                 src=\"https:\/\/www.nonsolomodanews.it\/wordpress\/wp-content\/uploads\/photo-gallery\/Arte_e_fotografia\/thumb\/Anna-Semyannikova2.jpg?bwg=1775842678\"                 data-src=\"https:\/\/www.nonsolomodanews.it\/wordpress\/wp-content\/uploads\/photo-gallery\/Arte_e_fotografia\/thumb\/Anna-Semyannikova2.jpg?bwg=1775842678\"                 data-width=\"225.00\"                 data-height=\"300.00\"                 alt=\"Anna-Semyannikova2\"                 title=\"Anna-Semyannikova2\" \/>                      <\/div>        <\/a>                <a  class=\"bwg-a bwg_lightbox bwg_lightbox_0\" href=\"https:\/\/www.nonsolomodanews.it\/wordpress\/wp-content\/uploads\/photo-gallery\/Arte_e_fotografia\/Anna-Semyannikova3.jpg?bwg=1775842678\" data-image-id=\"45359\" data-elementor-open-lightbox=\"no\">          <div class=\"bwg_mosaic_thumb_spun_0 bwg-item0 bwg-mosaic-thumb-span \">            <img decoding=\"async\" class=\"bwg_mosaic_thumb_0 skip-lazy bwg_img_clear bwg_img_custom \"                 id=\"45359\"                 src=\"https:\/\/www.nonsolomodanews.it\/wordpress\/wp-content\/uploads\/photo-gallery\/Arte_e_fotografia\/thumb\/Anna-Semyannikova3.jpg?bwg=1775842678\"                 data-src=\"https:\/\/www.nonsolomodanews.it\/wordpress\/wp-content\/uploads\/photo-gallery\/Arte_e_fotografia\/thumb\/Anna-Semyannikova3.jpg?bwg=1775842678\"                 data-width=\"225.00\"                 data-height=\"300.00\"                 alt=\"Anna-Semyannikova3\"                 title=\"Anna-Semyannikova3\" \/>                      <\/div>        <\/a>                <a  class=\"bwg-a bwg_lightbox bwg_lightbox_0\" href=\"https:\/\/www.nonsolomodanews.it\/wordpress\/wp-content\/uploads\/photo-gallery\/Arte_e_fotografia\/Anna-Semyannikova4.jpg?bwg=1775842678\" data-image-id=\"45356\" data-elementor-open-lightbox=\"no\">          <div class=\"bwg_mosaic_thumb_spun_0 bwg-item0 bwg-mosaic-thumb-span \">            <img decoding=\"async\" class=\"bwg_mosaic_thumb_0 skip-lazy bwg_img_clear bwg_img_custom \"                 id=\"45356\"                 src=\"https:\/\/www.nonsolomodanews.it\/wordpress\/wp-content\/uploads\/photo-gallery\/Arte_e_fotografia\/thumb\/Anna-Semyannikova4.jpg?bwg=1775842678\"                 data-src=\"https:\/\/www.nonsolomodanews.it\/wordpress\/wp-content\/uploads\/photo-gallery\/Arte_e_fotografia\/thumb\/Anna-Semyannikova4.jpg?bwg=1775842678\"                 data-width=\"225.00\"                 data-height=\"300.00\"                 alt=\"Anna-Semyannikova4\"                 title=\"Anna-Semyannikova4\" \/>                      <\/div>        <\/a>                <a  class=\"bwg-a bwg_lightbox bwg_lightbox_0\" href=\"https:\/\/www.nonsolomodanews.it\/wordpress\/wp-content\/uploads\/photo-gallery\/Arte_e_fotografia\/Anna-Semyannikova5.jpg?bwg=1775842678\" data-image-id=\"45357\" data-elementor-open-lightbox=\"no\">          <div class=\"bwg_mosaic_thumb_spun_0 bwg-item0 bwg-mosaic-thumb-span \">            <img decoding=\"async\" class=\"bwg_mosaic_thumb_0 skip-lazy bwg_img_clear bwg_img_custom \"                 id=\"45357\"                 src=\"https:\/\/www.nonsolomodanews.it\/wordpress\/wp-content\/uploads\/photo-gallery\/Arte_e_fotografia\/thumb\/Anna-Semyannikova5.jpg?bwg=1775842678\"                 data-src=\"https:\/\/www.nonsolomodanews.it\/wordpress\/wp-content\/uploads\/photo-gallery\/Arte_e_fotografia\/thumb\/Anna-Semyannikova5.jpg?bwg=1775842678\"                 data-width=\"235.00\"                 data-height=\"300.00\"                 alt=\"Anna-Semyannikova5\"                 title=\"Anna-Semyannikova5\" \/>                      <\/div>        <\/a>                <a  class=\"bwg-a bwg_lightbox bwg_lightbox_0\" href=\"https:\/\/www.nonsolomodanews.it\/wordpress\/wp-content\/uploads\/photo-gallery\/Arte_e_fotografia\/Giuliano-Grittini-4_11zon.jpg?bwg=1775842678\" data-image-id=\"45360\" data-elementor-open-lightbox=\"no\">          <div class=\"bwg_mosaic_thumb_spun_0 bwg-item0 bwg-mosaic-thumb-span \">            <img decoding=\"async\" class=\"bwg_mosaic_thumb_0 skip-lazy bwg_img_clear bwg_img_custom \"                 id=\"45360\"                 src=\"https:\/\/www.nonsolomodanews.it\/wordpress\/wp-content\/uploads\/photo-gallery\/Arte_e_fotografia\/thumb\/Giuliano-Grittini-4_11zon.jpg?bwg=1775842678\"                 data-src=\"https:\/\/www.nonsolomodanews.it\/wordpress\/wp-content\/uploads\/photo-gallery\/Arte_e_fotografia\/thumb\/Giuliano-Grittini-4_11zon.jpg?bwg=1775842678\"                 data-width=\"198.00\"                 data-height=\"300.00\"                 alt=\"Giuliano-Grittini-4 11zon\"                 title=\"Giuliano-Grittini-4 11zon\" \/>                      <\/div>        <\/a>                <a  class=\"bwg-a bwg_lightbox bwg_lightbox_0\" href=\"https:\/\/www.nonsolomodanews.it\/wordpress\/wp-content\/uploads\/photo-gallery\/Arte_e_fotografia\/Giuliano-Grittini1_1_11zon.jpg?bwg=1775842678\" data-image-id=\"45362\" data-elementor-open-lightbox=\"no\">          <div class=\"bwg_mosaic_thumb_spun_0 bwg-item0 bwg-mosaic-thumb-span \">            <img decoding=\"async\" class=\"bwg_mosaic_thumb_0 skip-lazy bwg_img_clear bwg_img_custom \"                 id=\"45362\"                 src=\"https:\/\/www.nonsolomodanews.it\/wordpress\/wp-content\/uploads\/photo-gallery\/Arte_e_fotografia\/thumb\/Giuliano-Grittini1_1_11zon.jpg?bwg=1775842678\"                 data-src=\"https:\/\/www.nonsolomodanews.it\/wordpress\/wp-content\/uploads\/photo-gallery\/Arte_e_fotografia\/thumb\/Giuliano-Grittini1_1_11zon.jpg?bwg=1775842678\"                 data-width=\"300.00\"                 data-height=\"300.00\"                 alt=\"Giuliano-Grittini1 1 11zon\"                 title=\"Giuliano-Grittini1 1 11zon\" \/>                      <\/div>        <\/a>                <a  class=\"bwg-a bwg_lightbox bwg_lightbox_0\" href=\"https:\/\/www.nonsolomodanews.it\/wordpress\/wp-content\/uploads\/photo-gallery\/Arte_e_fotografia\/Giuliano-Grittini3_11zon.jpg?bwg=1775842678\" data-image-id=\"45363\" data-elementor-open-lightbox=\"no\">          <div class=\"bwg_mosaic_thumb_spun_0 bwg-item0 bwg-mosaic-thumb-span \">            <img decoding=\"async\" class=\"bwg_mosaic_thumb_0 skip-lazy bwg_img_clear bwg_img_custom \"                 id=\"45363\"                 src=\"https:\/\/www.nonsolomodanews.it\/wordpress\/wp-content\/uploads\/photo-gallery\/Arte_e_fotografia\/thumb\/Giuliano-Grittini3_11zon.jpg?bwg=1775842678\"                 data-src=\"https:\/\/www.nonsolomodanews.it\/wordpress\/wp-content\/uploads\/photo-gallery\/Arte_e_fotografia\/thumb\/Giuliano-Grittini3_11zon.jpg?bwg=1775842678\"                 data-width=\"300.00\"                 data-height=\"300.00\"                 alt=\"Giuliano-Grittini3 11zon\"                 title=\"Giuliano-Grittini3 11zon\" \/>                      <\/div>        <\/a>                <a  class=\"bwg-a bwg_lightbox bwg_lightbox_0\" href=\"https:\/\/www.nonsolomodanews.it\/wordpress\/wp-content\/uploads\/photo-gallery\/Arte_e_fotografia\/Judesblack2.jpg?bwg=1775842678\" data-image-id=\"45364\" data-elementor-open-lightbox=\"no\">          <div class=\"bwg_mosaic_thumb_spun_0 bwg-item0 bwg-mosaic-thumb-span \">            <img decoding=\"async\" class=\"bwg_mosaic_thumb_0 skip-lazy bwg_img_clear bwg_img_custom \"                 id=\"45364\"                 src=\"https:\/\/www.nonsolomodanews.it\/wordpress\/wp-content\/uploads\/photo-gallery\/Arte_e_fotografia\/thumb\/Judesblack2.jpg?bwg=1775842678\"                 data-src=\"https:\/\/www.nonsolomodanews.it\/wordpress\/wp-content\/uploads\/photo-gallery\/Arte_e_fotografia\/thumb\/Judesblack2.jpg?bwg=1775842678\"                 data-width=\"300.00\"                 data-height=\"200.00\"                 alt=\"Judesblack2\"                 title=\"Judesblack2\" \/>                      <\/div>        <\/a>                <a  class=\"bwg-a bwg_lightbox bwg_lightbox_0\" href=\"https:\/\/www.nonsolomodanews.it\/wordpress\/wp-content\/uploads\/photo-gallery\/Arte_e_fotografia\/Judesblack6.jpg?bwg=1775842678\" data-image-id=\"45365\" data-elementor-open-lightbox=\"no\">          <div class=\"bwg_mosaic_thumb_spun_0 bwg-item0 bwg-mosaic-thumb-span \">            <img decoding=\"async\" class=\"bwg_mosaic_thumb_0 skip-lazy bwg_img_clear bwg_img_custom \"                 id=\"45365\"                 src=\"https:\/\/www.nonsolomodanews.it\/wordpress\/wp-content\/uploads\/photo-gallery\/Arte_e_fotografia\/thumb\/Judesblack6.jpg?bwg=1775842678\"                 data-src=\"https:\/\/www.nonsolomodanews.it\/wordpress\/wp-content\/uploads\/photo-gallery\/Arte_e_fotografia\/thumb\/Judesblack6.jpg?bwg=1775842678\"                 data-width=\"210.00\"                 data-height=\"300.00\"                 alt=\"Judesblack6\"                 title=\"Judesblack6\" \/>                      <\/div>        <\/a>                <a  class=\"bwg-a bwg_lightbox bwg_lightbox_0\" href=\"https:\/\/www.nonsolomodanews.it\/wordpress\/wp-content\/uploads\/photo-gallery\/Arte_e_fotografia\/Pietro-Gottuso.jpg?bwg=1775842678\" data-image-id=\"45366\" data-elementor-open-lightbox=\"no\">          <div class=\"bwg_mosaic_thumb_spun_0 bwg-item0 bwg-mosaic-thumb-span \">            <img decoding=\"async\" class=\"bwg_mosaic_thumb_0 skip-lazy bwg_img_clear bwg_img_custom \"                 id=\"45366\"                 src=\"https:\/\/www.nonsolomodanews.it\/wordpress\/wp-content\/uploads\/photo-gallery\/Arte_e_fotografia\/thumb\/Pietro-Gottuso.jpg?bwg=1775842678\"                 data-src=\"https:\/\/www.nonsolomodanews.it\/wordpress\/wp-content\/uploads\/photo-gallery\/Arte_e_fotografia\/thumb\/Pietro-Gottuso.jpg?bwg=1775842678\"                 data-width=\"300.00\"                 data-height=\"248.00\"                 alt=\"Pietro-Gottuso\"                 title=\"Pietro-Gottuso\" \/>                      <\/div>        <\/a>            <\/div>    <\/div>    <style>      \/*pagination styles*\/      #bwg_container1_0 #bwg_container2_0 .tablenav-pages_0 {\t\t\t\ttext-align: center;\t\t\t\tfont-size: 12px;\t\t\t\tfont-family: segoe ui;\t\t\t\tfont-weight: bold;\t\t\t\tcolor: #666666;\t\t\t\tmargin: 6px 0 4px;\t\t\t\tdisplay: block;      }      @media only screen and (max-width : 320px) {      #bwg_container1_0 #bwg_container2_0 .displaying-num_0 {     \t display: none;      }      }      #bwg_container1_0 #bwg_container2_0 .displaying-num_0 {\t\t\t\tfont-size: 12px;\t\t\t\tfont-family: segoe ui;\t\t\t\tfont-weight: bold;\t\t\t\tcolor: #666666;\t\t\t\tmargin-right: 10px;\t\t\t\tvertical-align: middle;      }      #bwg_container1_0 #bwg_container2_0 .paging-input_0 {\t\t\t\tfont-size: 12px;\t\t\t\tfont-family: segoe ui;\t\t\t\tfont-weight: bold;\t\t\t\tcolor: #666666;\t\t\t\tvertical-align: middle;      }      #bwg_container1_0 #bwg_container2_0 .tablenav-pages_0 a.disabled,      #bwg_container1_0 #bwg_container2_0 .tablenav-pages_0 a.disabled:hover,      #bwg_container1_0 #bwg_container2_0 .tablenav-pages_0 a.disabled:focus,\t\t\t#bwg_container1_0 #bwg_container2_0 .tablenav-pages_0 input.bwg_current_page {\t\t\t\tcursor: default;\t\t\t\tcolor: rgba(102, 102, 102, 0.5);      }      #bwg_container1_0 #bwg_container2_0 .tablenav-pages_0 a,      #bwg_container1_0 #bwg_container2_0 .tablenav-pages_0 input.bwg_current_page {\t\t\t\tcursor: pointer;\t\t\t\ttext-align: center;\t\t\t\tfont-size: 12px;\t\t\t\tfont-family: segoe ui;\t\t\t\tfont-weight: bold;\t\t\t\tcolor: #666666;\t\t\t\ttext-decoration: none;\t\t\t\tpadding: 3px 6px;\t\t\t\tmargin: 0;\t\t\t\tborder-radius: 0;\t\t\t\tborder-style: solid;\t\t\t\tborder-width: 1px;\t\t\t\tborder-color: #E3E3E3;\t\t\t\t\t\t\t\tbackground-color: rgba(255, 255, 255, 1.00);\t\t\t\tbox-shadow: 0;\t\t\t\ttransition: all 0.3s ease 0s;-webkit-transition: all 0.3s ease 0s;      }      <\/style>      <span class=\"bwg_nav_cont_0\">              <div class=\"tablenav-pages_0\">                  <\/div>                <input type=\"hidden\" id=\"page_number_0\" name=\"page_number_0\" value=\"1\" \/>      <script type=\"text\/javascript\">        if( jQuery('.bwg_nav_cont_0').length > 1 ) {          jQuery('.bwg_nav_cont_0').first().remove()        }        function spider_page_0(cur, x, y, load_more) {          if (typeof load_more == \"undefined\") {            var load_more = false;          }          if (jQuery(cur).hasClass('disabled')) {            return false;          }          var items_county_0 = 1;          switch (y) {            case 1:              if (x >= items_county_0) {                document.getElementById('page_number_0').value = items_county_0;              }              else {                document.getElementById('page_number_0').value = x + 1;              }              break;            case 2:              document.getElementById('page_number_0').value = items_county_0;              break;            case -1:              if (x == 1) {                document.getElementById('page_number_0').value = 1;              }              else {                document.getElementById('page_number_0').value = x - 1;              }              break;            case -2:              document.getElementById('page_number_0').value = 1;              break;\t\t\t\t\t\tcase 0:              document.getElementById('page_number_0').value = x;              break;            default:              document.getElementById('page_number_0').value = 1;          }          bwg_ajax('gal_front_form_0', '0', 'bwg_thumbnails_mosaic_0', '0', '', 'gallery', 0, '', '', load_more, '', 1);        }                    jQuery('.first-page-0').on('click', function () {              spider_page_0(this, 1, -2, 'numeric');              return false;            });            jQuery('.prev-page-0').on('click', function () {              spider_page_0(this, 1, -1, 'numeric');              return false;            });            jQuery('.next-page-0').on('click', function () {              spider_page_0(this, 1, 1, 'numeric');              return false;            });            jQuery('.last-page-0').on('click', function () {              spider_page_0(this, 1, 2, 'numeric');              return false;            });        \t\t\t\t\/* Change page on input enter. *\/        function bwg_change_page_0( e, that ) {          if (  e.key == 'Enter' ) {            var to_page = parseInt(jQuery(that).val());            var pages_count = jQuery(that).parents(\".pagination-links\").data(\"pages-count\");            var current_url_param = jQuery(that).attr('data-url-info');            if (to_page > pages_count) {              to_page = 1;            }\t \t\t\t\t\t\t\t\t\t\t\t\tspider_page_0(this, to_page, 0, 'numeric');\t\t\t\t\t\t\treturn false;\t\t\t\t\t\t          }          return true;        }        jQuery('.bwg_load_btn_0').on('click', function () {            spider_page_0(this, 1, 1, true);            return false;        });      <\/script>      <\/span>                <\/div>        <\/form>        <style>          #bwg_container1_0 #bwg_container2_0 #spider_popup_overlay_0 {          background-color: #000000;          opacity: 0.70;          }          <\/style>        <div id=\"bwg_spider_popup_loading_0\" class=\"bwg_spider_popup_loading\"><\/div>        <div id=\"spider_popup_overlay_0\" class=\"spider_popup_overlay\" onclick=\"spider_destroypopup(1000)\"><\/div>        <input type=\"hidden\" id=\"bwg_random_seed_0\" value=\"325623785\">                <\/div>    <\/div>    <script>      if (document.readyState === 'complete') {        if( typeof bwg_main_ready == 'function' ) {          if ( jQuery(\"#bwg_container1_0\").height() ) {            bwg_main_ready(jQuery(\"#bwg_container1_0\"));          }        }      } else {        document.addEventListener('DOMContentLoaded', function() {          if( typeof bwg_main_ready == 'function' ) {            if ( jQuery(\"#bwg_container1_0\").height() ) {             bwg_main_ready(jQuery(\"#bwg_container1_0\"));            }          }        });      }    <\/script>    <\/p>\n<p><\/span><\/p>\n<p><span style=\"color: #000000;\">\u200b<\/span><\/p>\n<p>&nbsp;<\/p>\n","protected":false},"excerpt":{"rendered":"<p>Nel cuore della Roma pi&ugrave; aristocratica e barocca presso la Coffee House di Palazzo Colonna, Piazza SS. Apostoli 67, prende forma una mostra intitolata Arte e fotografia: il dialogo delle immagini, che indaga uno dei rapporti pi&ugrave; affascinanti della storia visiva: quello tra pittura e fotografia. L&rsquo;esposizione, curata dall&rsquo;art manager Michele Crocitto, si terr&agrave; venerd&igrave; 10, sabato 11 e domenica 12 aprile 2026 dalle ore 10,00 alle 19,00. Un dialogo che, se in passato &egrave; stato segnato da una sottile rivalit&agrave; &ndash;&nbsp;basti pensare a come la fotografia, alla sua nascita, sembrasse mettere in crisi il primato della pittura &ndash; oggi si rivela invece come uno spazio fertile di contaminazione e crescita reciproca. Oggi queste due forme d&rsquo;arte non si escludono pi&ugrave;: si osservano, si attraversano, si completano.<\/p>\n","protected":false},"author":1,"featured_media":31795,"comment_status":"open","ping_status":"open","sticky":false,"template":"","format":"standard","meta":{"rop_custom_images_group":[],"rop_custom_messages_group":[],"rop_publish_now":"initial","rop_publish_now_accounts":[],"rop_publish_now_history":[],"rop_publish_now_status":"pending","footnotes":""},"categories":[16,10020],"tags":[10831,281,372,10512,1099],"class_list":["post-31794","post","type-post","status-publish","format-standard","has-post-thumbnail","hentry","category-articolo","category-comunicato-stampa","tag-arte-e-fotografia-il-dialogo-delle-immagini","tag-bruno-angelo-porcellana","tag-comunicato-stampa-2","tag-elena-parmegiani","tag-nonsolomodanews"],"_links":{"self":[{"href":"https:\/\/www.nonsolomodanews.it\/wordpress\/wp-json\/wp\/v2\/posts\/31794","targetHints":{"allow":["GET"]}}],"collection":[{"href":"https:\/\/www.nonsolomodanews.it\/wordpress\/wp-json\/wp\/v2\/posts"}],"about":[{"href":"https:\/\/www.nonsolomodanews.it\/wordpress\/wp-json\/wp\/v2\/types\/post"}],"author":[{"embeddable":true,"href":"https:\/\/www.nonsolomodanews.it\/wordpress\/wp-json\/wp\/v2\/users\/1"}],"replies":[{"embeddable":true,"href":"https:\/\/www.nonsolomodanews.it\/wordpress\/wp-json\/wp\/v2\/comments?post=31794"}],"version-history":[{"count":4,"href":"https:\/\/www.nonsolomodanews.it\/wordpress\/wp-json\/wp\/v2\/posts\/31794\/revisions"}],"predecessor-version":[{"id":31801,"href":"https:\/\/www.nonsolomodanews.it\/wordpress\/wp-json\/wp\/v2\/posts\/31794\/revisions\/31801"}],"wp:featuredmedia":[{"embeddable":true,"href":"https:\/\/www.nonsolomodanews.it\/wordpress\/wp-json\/wp\/v2\/media\/31795"}],"wp:attachment":[{"href":"https:\/\/www.nonsolomodanews.it\/wordpress\/wp-json\/wp\/v2\/media?parent=31794"}],"wp:term":[{"taxonomy":"category","embeddable":true,"href":"https:\/\/www.nonsolomodanews.it\/wordpress\/wp-json\/wp\/v2\/categories?post=31794"},{"taxonomy":"post_tag","embeddable":true,"href":"https:\/\/www.nonsolomodanews.it\/wordpress\/wp-json\/wp\/v2\/tags?post=31794"}],"curies":[{"name":"wp","href":"https:\/\/api.w.org\/{rel}","templated":true}]}}