{"id":31707,"date":"2026-04-02T08:28:15","date_gmt":"2026-04-02T08:28:15","guid":{"rendered":"https:\/\/www.nonsolomodanews.it\/wordpress\/?p=31707"},"modified":"2026-04-02T08:28:40","modified_gmt":"2026-04-02T08:28:40","slug":"presentate-a-milano-le-edizioni-2026-di-exposanita-bolognafiere-22-23-e-24-aprile-e-cosmofarma-bolognafiere-8-9-e-10-maggio","status":"publish","type":"post","link":"https:\/\/www.nonsolomodanews.it\/wordpress\/presentate-a-milano-le-edizioni-2026-di-exposanita-bolognafiere-22-23-e-24-aprile-e-cosmofarma-bolognafiere-8-9-e-10-maggio\/","title":{"rendered":"Presentate a Milano le edizioni 2026 di EXPOSANIT\u00c0 &#8211; BolognaFiere 22, 23 e 24 aprile E COSMOFARMA &#8211; BolognaFiere 8, 9 e 10 maggio"},"content":{"rendered":"<div id=\"attachment_31709\" style=\"width: 310px\" class=\"wp-caption alignleft\"><a style=\"color: #000000;\" href=\"https:\/\/www.nonsolomodanews.it\/wordpress\/wp-content\/uploads\/2026\/04\/foto-per-sito-CF2026-2.png\"><img loading=\"lazy\" decoding=\"async\" aria-describedby=\"caption-attachment-31709\" class=\"wp-image-31709 size-medium\" src=\"https:\/\/www.nonsolomodanews.it\/wordpress\/wp-content\/uploads\/2026\/04\/foto-per-sito-CF2026-2-300x191.png\" alt=\"\" width=\"300\" height=\"191\" srcset=\"https:\/\/www.nonsolomodanews.it\/wordpress\/wp-content\/uploads\/2026\/04\/foto-per-sito-CF2026-2-300x191.png 300w, https:\/\/www.nonsolomodanews.it\/wordpress\/wp-content\/uploads\/2026\/04\/foto-per-sito-CF2026-2-1024x652.png 1024w, https:\/\/www.nonsolomodanews.it\/wordpress\/wp-content\/uploads\/2026\/04\/foto-per-sito-CF2026-2-768x489.png 768w, https:\/\/www.nonsolomodanews.it\/wordpress\/wp-content\/uploads\/2026\/04\/foto-per-sito-CF2026-2-1080x687.png 1080w, https:\/\/www.nonsolomodanews.it\/wordpress\/wp-content\/uploads\/2026\/04\/foto-per-sito-CF2026-2.png 1238w\" sizes=\"auto, (max-width: 300px) 100vw, 300px\" \/><\/a><p id=\"caption-attachment-31709\" class=\"wp-caption-text\"><span style=\"color: #000000;\">Conferenza Stampa<\/span><\/p><\/div>\n<p><span style=\"color: #000000;\"><em>Milano, 31 marzo 2026<\/em>\u00a0\u2013 Sono state presentate oggi a\u00a0<strong>Milano,<\/strong>\u00a0nella\u00a0<strong>Torre PwC,<\/strong>\u00a0le edizioni 2026 di\u00a0<strong>Exposanit\u00e0 e Cosmofarma Exhibition,<\/strong>\u00a0le pi\u00f9 autorevoli manifestazioni in ambito salute, in grado di offrire un\u2019analisi dettagliata del mondo della sanit\u00e0 e della farmacia. I rispettivi programmi scientifici offriranno infatti, a un pubblico di esperti, e non solo, numerose occasioni di approfondimento e conoscenza, dello stato di salute, delle criticit\u00e0 e delle possibili soluzioni di due settori fondamentali per l\u2019intero sistema Paese.<\/span><\/p>\n<p><span style=\"color: #000000;\"><!--more--><\/span><\/p>\n<p><span style=\"color: #000000;\"><strong>Exposanit\u00e0,<\/strong>\u00a0la biennale dedicata al panorama sanitario e sociosanitario, si svolger\u00e0 a\u00a0<strong>BolognaFiere dal 22 al 24 aprile. Planning Solutions\u00a0<\/strong>\u00e8 il tema scelto: ci si concentrer\u00e0 sul ruolo imprescindibile delle nuove tecnologie per la tenuta del Servizio sanitario nazionale e delle risorse umane che restano determinati per assicurare qualit\u00e0 ed efficienza. Sono gi\u00e0 in programma oltre 200 convegni e workshop, 16 iniziative speciali, 5 saloni tematici (hospital, horus, diagnostica, sanit\u00e0 digitale e terza et\u00e0); 350 le aziende previste.<\/span><\/p>\n<p><span style=\"color: #000000;\"><strong>Cosmofarma Exhibition,\u00a0<\/strong>evento annuale dedicato al mondo della farmacia, dell\u2019health care e del beauty care, si svolger\u00e0 invece, sempre a\u00a0<strong>BolognaFiere, dall\u20198 al 10 maggio. Regeneration\/NewGeneration \u00e8 il suo focus: dal concetto di rigenerazione come atto di rinnovamento, al confronto tra generazioni di farmacisti, fino all\u2019apporto delle nuove tecnologie, con l\u2019obiettivo di affrontare le sfide della farmacia del futuro e di un settore di mercato che \u00e8 uno dei pi\u00f9 importanti in Italia. Il programma scientifico conta oltre 100 convegni e pi\u00f9 di 300 relatori, circa 400 le aziende presenti.<\/strong><\/span><\/p>\n<p><span style=\"color: #000000;\">Ad aprire la conferenza stampa\u00a0<strong>Alessandra De La Ville Sur Illon<\/strong>,\u00a0<strong>direzione personale, Affari Legali e Societari BolognaFiere<\/strong>:\u00a0<em>\u201cExposanit\u00e0 e Cosmofarma rappresentano due piattaforme complementari attraverso cui BolognaFiere con Bos interpreta l\u2019evoluzione del sistema salute, mettendo in connessione filiere, competenze e innovazione. Da un lato, Exposanit\u00e0 affronta le grandi sfide della sostenibilit\u00e0 del Servizio Sanitario Nazionale, valorizzando il contributo delle tecnologie, dei professionisti e dei modelli organizzativi; dall\u2019altro, Cosmofarma interpreta la trasformazione della farmacia, sempre pi\u00f9 presidio territoriale di salute e punto di riferimento per le comunit\u00e0. In un contesto caratterizzato da profondi cambiamenti demografici, sociali e tecnologici, il nostro ruolo \u00e8 quello di costruire ecosistemi di confronto e sviluppo che favoriscano l\u2019integrazione tra pubblico e privato, tra industria e servizi, tra esperienza e nuove generazioni. BolognaFiere si conferma cos\u00ec hub internazionale capace di abilitare innovazione, generare valore per le imprese e contribuire concretamente all\u2019evoluzione del sistema sanitario e sociosanitario.\u201d<\/em><\/span><\/p>\n<p><span style=\"color: #000000;\"><strong>Andrea Fortuna<\/strong>,\u00a0<strong>partner PwC Italia, Healthcare Pharmaceuticals &amp; Life Sciences Leader<\/strong>, nella sua presentazione introduttiva, ha poi specificato:\u00a0<em>\u201cSecondo la PwC CEO Survey, i CEO italiani del settore della salute vedono il cambiamento tecnologico come la principale minaccia ma anche opportunit\u00e0 per la competitivit\u00e0, e considerano come loro prima preoccupazione la rapidit\u00e0 con cui stanno trasformando le proprie aziende per tenere il passo con l\u2019innovazione digitale e le opportunit\u00e0 offerte dall&#8217;intelligenza artificiale (IA). L\u2019 IA in sanit\u00e0 \u00e8 gi\u00e0 realt\u00e0, ma la sua adozione resta limitata e spesso ancora sperimentale, con benefici economici ancora insoddisfacenti, frenata non solo da aspetti tecnologici ma soprattutto da fattori organizzativi e da carenza di competenze. Integrare visione strategica, governance, tecnologia e competenze diventa quindi essenziale per far entrare strutturalmente e in modo diffuso IA e innovazione nei processi sanitari sia clinici sia amministrativi, supportare l\u2019attivit\u00e0 dei professionisti, migliorare la cura e i servizi per i pazienti, nonch\u00e9 essere una leva di sostenibilit\u00e0 del sistema sanitario.\u201d<\/em><\/span><\/p>\n<p><span style=\"color: #000000;\">I lavori sono poi proseguiti entrando nel vivo del comparto della Sanit\u00e0 e della Farmacia, il primo dei quali introdotto dal\u00a0<strong>past president AISIS<\/strong>\u00a0<strong>Alberto Ronchi,<\/strong>\u00a0che ha aperto una riflessione sul futuro del settore dopo la stagione caratterizzata dai fondi del Pnrr:\u00a0<em>\u201cIl Pnrr \u00e8 stata una importante occasione per le strutture sanitarie pubbliche per recuperare terreno e innovare con soluzioni di sanit\u00e0 digitale. \u00c8 stato per\u00f2 anche uno sforzo molto contenuto nel tempo che ha creato difficolt\u00e0 di implementazione sia sul fronte delle strutture sia dei partner industriali. Si apre ora una fase di consolidamento e maturazione, che deve necessariamente coinvolgere anche il mondo privato accreditato e non, il cui contributo all&#8217;ecosistema digitale \u00e8 fondamentale\u201d.<\/em><\/span><\/p>\n<p><span style=\"color: #000000;\"><strong>Claudio Garbelli,<\/strong>\u00a0<strong>coordinatore gruppo di lavoro nazionale<\/strong>\u00a0<strong>ANMDO \u201cOspedale che vaccina\u201d,\u00a0<\/strong>ha invece sottolineato<strong><em>:\u00a0\u201c<\/em><\/strong><em>A Exposanit\u00e0, porteremo tra le altre cose due temi fondamentali per la sostenibilit\u00e0 e il futuro del sistema: il primo, che verr\u00e0 presentato tramite un position paper dedicato, \u00e8 quello di una strategia vaccinale integrata per la prevenzione di influenza, Covid-19, pneumococco e Rsv. Il secondo tema \u00e8 quello della sanificazione e disinfezione ambientale nelle strutture sanitarie e socio-assistenziali: un pilastro fondamentale per la sicurezza delle cure e strumento indispensabile per la prevenzione delle infezioni correlate all\u2019assistenza<\/em>.\u201d<\/span><\/p>\n<p><span style=\"color: #000000;\"><strong>Barbara Mangiacavalli<\/strong>,\u00a0<strong>presidente<\/strong>\u00a0<strong>FNOPI,\u00a0<\/strong>ha poi aggiunto: \u201c<em>Il tema della digitalizzazione, al centro di questa edizione, \u00e8 molto caro alla FNOPI, che gi\u00e0 dal 2023 si \u00e8 espressa con un position paper in merito. Nel documento si evidenzia la necessit\u00e0 di evolvere i sistemi di cura sfruttando la tecnologia e la progettazione delle tecnologie digitali a beneficio delle persone assistite e dei professionisti. Occorre lavorare per colmare le fragilit\u00e0 dei cittadini nell\u2019ottica di una risposta ai bisogni di salute sempre pi\u00f9 prossima. Di sanit\u00e0 digitale e benessere dei professionisti parleremo nei due convegni organizzati dagli OPI dell\u2019Emilia-Romagna il 22 e 23 aprile e per la prima volta, insieme alla Federazione, per tutta la durata della fiera, sar\u00e0 presente la Fondazione Infermieri, nata su impulso della FNOPI e dedicata allo sviluppo scientifico, culturale e sociale delle professioni infermieristiche in Italia<\/em>\u201d.<\/span><\/p>\n<p><span style=\"color: #000000;\">La sessione dedicata alla farmacia \u00e8 stata aperta dal\u00a0<strong>presidente<\/strong>\u00a0<strong>FOFI<\/strong>,\u00a0<strong>Andrea Mandelli,\u00a0<\/strong>che ha ricordato come\u00a0<em>\u201cCosmofarma sia una manifestazione sempre molto attesa dalla comunit\u00e0 dei farmacisti: un\u2019occasione di incontro, confronto e arricchimento per tutta la professione, per riflettere insieme sulle tematiche pi\u00f9 attuali legate al ruolo del farmacista all\u2019interno del sistema salute<\/em>\u201d, ha dichiarato il presidente della Federazione degli Ordini dei Farmacisti Italiani. \u201c<em>Il claim di questa edizione, Regeneration \u2013 NewGeneration, riflette il senso pi\u00f9 profondo della nostra professione: una comunit\u00e0 che affonda le proprie radici in una tradizione solida e riconosciuta, ma che \u00e8 al tempo stesso capace di rinnovarsi, evolvere e trasmettere valore alle nuove generazioni. Dalla tre giorni di Cosmofarma ci aspettiamo spunti di riflessione importanti per continuare a proiettare lo sguardo al futuro e valorizzare una professione sempre pi\u00f9 vicina ai bisogni di salute dei cittadini<\/em>\u201d.\u201d<\/span><\/p>\n<p><span style=\"color: #000000;\">Sulla stessa linea, il\u00a0<strong>presidente nazionale di<\/strong>\u00a0<strong>Federfarma<\/strong>,\u00a0<strong>Marco Cossolo:\u00a0<\/strong>\u201c<em>Il claim di questa edizione di Cosmofarma, Regeneration\/NewGeneration, coglie una delle principali peculiarit\u00e0 della farmacia di comunit\u00e0, profondamente radicata sul territorio e capace di rinnovarsi per rispondere con tempestivit\u00e0 ed efficienza alle esigenze di salute e benessere di una popolazione sempre pi\u00f9 longeva. Con la stabilizzazione dei servizi la rete delle farmacie italiane consolida le proprie radici nel Servizio sanitario nazionale e si dirama, proprio come l\u2019albero-simbolo di quest\u2019anno, per portare il farmaco e i servizi sul territorio, vicino al cittadino, favorendo un equo accesso alla salute. Cosmofarma si conferma un momento ricco di spunti di riflessione su questi importanti temi grazie alle numerose opportunit\u00e0 di confronto con Istituzioni, stakeholder, Associazioni e altri operatori sanitari<\/em>\u201d.<\/span><\/p>\n<p><span style=\"color: #000000;\"><strong>Luigi D\u2019Ambrosio Lettieri<\/strong>,\u00a0<strong>presidente della<\/strong>\u00a0<strong>Fondazione Francesco Cannav\u00f2<\/strong>, in coerenza con la propria missione, ha rinnovato il proprio impegno nel sostenere la crescita scientifica e tecnico-professionale dei farmacisti, contribuendo a consolidare un modello di farmacia sempre pi\u00f9 orientato alla qualit\u00e0 delle prestazioni, all\u2019appropriatezza e alla centralit\u00e0 del paziente, per poi aggiungere: \u201c<em>In un sistema sanitario che evolve verso modelli assistenziali sempre pi\u00f9 territoriali e integrati, il farmacista \u00e8 chiamato a svolgere un ruolo sempre pi\u00f9 qualificato e responsabile. Cosmofarma 2026 rappresenta un momento utile per consolidare una visione comune e rafforzare le competenze necessarie ad affrontare il futuro della professione e il processo di evoluzione della governance sanitaria\u201d<\/em>.<\/span><\/p>\n<p><span style=\"color: #000000;\">Infine, il messaggio inviato da\u00a0<strong>Eugenio Leopardi<\/strong>,\u00a0<strong>presidente<\/strong>\u00a0<strong>Utifar,<\/strong>\u00a0ha sottolineato l\u2019importanza dello switch fra una generazione e l\u2019altra, perfettamente in linea con il claim della manifestazione di quest\u2019anno: \u201c<em>Come Utifar guardiamo alla ventinovesima edizione di Cosmofarma come a un momento chiave per riflettere sul futuro della professione. Il tema Regeneration\/NewGeneration interpreta con lucidit\u00e0 un passaggio che non \u00e8 solo anagrafico, ma profondamente culturale e organizzativo: la farmacia \u00e8 chiamata a rinnovarsi, senza perdere il valore della propria storia. Il nostro impegno \u00e8 accompagnare questa transizione, valorizzando il patrimonio di competenze costruito nel tempo e sostenendo una nuova generazione di farmacisti sempre pi\u00f9 protagonista nella sanit\u00e0 territoriale e nella farmacia dei servizi. Cosmofarma, in questo senso, rappresenta il luogo ideale dove questa evoluzione pu\u00f2 essere condivisa e discussa<\/em>\u201d.<\/span><\/p>\n<p><span style=\"color: #000000;\"><strong>Ivo A. Nardella<\/strong>,\u00a0<strong>presidente e AD Gruppo Tecniche Nuove,\u00a0<\/strong>ha sottolineato l\u2019importanza di una corretta informazione in ambito sanitario e farmaceutico<strong>:\u00a0<\/strong>\u201c<em>Oggi il tema del paziente informato rappresenta una sfida cruciale che va affrontata con attenzione e responsabilit\u00e0. Se da un lato l\u2019accesso diffuso alle informazioni sanitarie attraverso strumenti digitali offre nuove opportunit\u00e0 di consapevolezza, dall\u2019altro pone interrogativi importanti sulla qualit\u00e0 e sull\u2019affidabilit\u00e0 delle fonti consultate. Non sempre, infatti, \u00e8 possibile verificare l\u2019origine delle informazioni a cui il paziente accede, n\u00e9 il livello di validazione scientifica dei contenuti. Gran parte della letteratura medico-scientifica \u00e8 regolamentata e spesso non immediatamente accessibile al pubblico, con il rischio che circolino informazioni parziali, semplificate o non certificate. Per questo motivo, \u00e8 fondamentale accompagnare i cittadini in un percorso di educazione alla corretta informazione, promuovendo una maggiore consapevolezza sull\u2019importanza delle fonti. \u00c8 necessario ribadire che non tutto ci\u00f2 che si trova online o sui dispositivi mobili pu\u00f2 essere considerato attendibile. Diventa quindi prioritario investire nella formazione dell\u2019utente finale \u2014 pazienti di tutte le et\u00e0, inclusi quelli meno giovani ma sempre pi\u00f9 digitalizzati \u2014 fornendo strumenti utili per orientarsi tra le informazioni disponibili, riconoscere le fonti autorevoli e sviluppare un approccio critico e informato. Solo attraverso un impegno condiviso tra istituzioni, professionisti sanitari e cittadini sar\u00e0 possibile trasformare l\u2019accesso all\u2019informazione in un reale valore per la salute pubblica<\/em>\u201d.<\/span><\/p>\n<p><span style=\"color: #000000;\">La presentazione di Exposanit\u00e0 e Cosmofarma \u00e8 entrata nel vivo con l\u2019intervento di\u00a0<strong>Marilena Pavarelli, project manager di Exposanit\u00e0<\/strong>: \u201c<em>Ci siamo lasciati due anni fa con il claim di Exposanit\u00e0 2024 che recitava \u2018Ci sta a cuore chi cura\u2019. Reduci dalla pandemia volevamo soprattutto rafforzare l\u2019idea che senza un capitale umano formato, appassionato e dedicato alla cura, i servizi sanitari e sociosanitari non reggono. Il claim 2026 \u00e8 Planning Solutions, ossia trovare soluzioni, soprattutto grazie alle nuove tecnologie. Siamo consapevoli che le nuove tecnologie rappresentano una delle chiavi di volta in grado di raggiungere le soluzioni sia per il mondo della sanit\u00e0, sia per il mondo del socio-sanitario. Sono ancora tanti i punti critici che dobbiamo affrontare per avere veramente una sanit\u00e0 efficace. La sostenibilit\u00e0 economica, la necessit\u00e0 di avvicinarsi a cittadini che hanno esigenze di salute sempre pi\u00f9 nuove e complesse, oltre che raggiungere una sempre pi\u00f9 funzionale organizzazione territoriale. Di tutto questo parleremo ad Exposanit\u00e0 2026, senza ovviamente trascurare il ruolo fondamentale del capitale umano<\/em>.\u201d<\/span><\/p>\n<p><span style=\"color: #000000;\">Per Cosmofarma<strong>, Francesca Ferilli, AD e direttore generale BOS,\u00a0<\/strong>impossibilitata a partecipare in presenza, con un collegamento da remoto ha voluto portare i suoi saluti a tutti e i suoi ringraziamenti, prima di passare la parola a\u00a0<strong>Roberto Valente, consigliere delegato BOS:\u00a0<\/strong>\u201c<em>L\u2019obiettivo di Cosmofarma \u00e8 da sempre quello di essere un punto di riferimento per la comunit\u00e0 dei farmacisti e in generale per il mondo della farmacia. Per corrispondere a questo obiettivo ci impegniamo a individuare argomenti nuovi, capaci di creare interesse, e stimolare crescita e sviluppo. Con il claim dell\u2019edizione 2026 di Cosmofarma, Regeneration\/NewGeneration, intendiamo focalizzare l\u2019attenzione sul passaggio generazionale, un tema molto sentito in farmacia. Ci sta a cuore lo sviluppo e il futuro della farmacia e condividiamo questo valore con una grande comunit\u00e0 di farmacisti, che da sempre segue con interesse i lavori di Cosmofarma. Il concetto di Re\/New esprime bene la necessit\u00e0 di rinnovamento e innovazione perch\u00e9, come dico sempre, non si pu\u00f2 guidare un\u2019auto guardando lo specchietto retrovisore. Il mondo cambia, bisogna stare al passo del cambiamento<\/em>\u201d.<\/span><\/p>\n<p><span style=\"color: #000000;\">Infine, spazio \u00e8 stato dedicato al mercato dei cosmetici e al retail farmaceutico, con al centro sempre la farmacia, sempre pi\u00f9 orientata ai servizi al cittadino:\u00a0<em>\u201cLa farmacia si conferma un punto di riferimento imprescindibile per i consumatori di cosmetici, come attestano i dati del 2025: con un valore di oltre 2,2 miliardi di euro e una crescita del 2,5%, questo canale si consolida al secondo posto nel mercato beauty in Italia \u2013<\/em>\u00a0ha illustrato\u00a0<strong>Luigi Corvi,<\/strong>\u00a0<strong>presidente del<\/strong>\u00a0<strong>Gruppo Cosmetici in Farmacia di Cosmetica Italia\u2013 Associazione nazionale imprese cosmetiche \u2013<\/strong><em>. La domanda si concentra in particolare sui prodotti per la cura di viso e corpo, inclusi i solari. Questo successo ribadisce il ruolo della farmacia come presidio sul territorio per rispondere a esigenze specifiche di salute, protezione e benessere attraverso un\u2019offerta che punta su innovazione e altissima qualit\u00e0\u201d<\/em>.<\/span><\/p>\n<p><span style=\"color: #000000;\">Mentre\u00a0<strong>Claudia Rocco, senior director, Offering &amp; Operations IQVIA Italia<\/strong>\u00a0ha evidenziato la crescita del mercato e la crescente centralit\u00e0 della farmacia come punto di riferimento:\u00a0<em>\u201cNel 2025 il mercato retail farmaceutico italiano cresce del 4% a valore, spinto da mix e aumento dei prezzi. La farmacia rafforza il proprio ruolo centrale nel sistema salute grazie alla crescita del farmaco etico e all\u2019innovazione terapeutica. Anche i consumatori mostrano aspettative crescenti nei confronti della stessa, chiamata a evolvere nella direzione di vero e proprio hub di salute, offrendo consulenza, servizi e prossimit\u00e0 territoriale.\u201d<\/em><\/span><\/p>\n<p><span style=\"color: #000000;\">Comunicato Stampa<\/span><\/p>\n<p style=\"text-align: center;\"><span style=\"color: #000000;\">Tutti i diritti riservati \u00a9 2026 \u2013 Email: nonsolomodanews@gmail.com<\/span><\/p>\n","protected":false},"excerpt":{"rendered":"<p>Milano, 31 marzo 2026&nbsp;&ndash; Sono state presentate oggi a&nbsp;Milano,&nbsp;nella&nbsp;Torre PwC,&nbsp;le edizioni 2026 di&nbsp;Exposanit&agrave; e Cosmofarma Exhibition,&nbsp;le pi&ugrave; autorevoli manifestazioni in ambito salute, in grado di offrire un&rsquo;analisi dettagliata del mondo della sanit&agrave; e della farmacia. I rispettivi programmi scientifici offriranno infatti, a un pubblico di esperti, e non solo, numerose occasioni di approfondimento e conoscenza, dello stato di salute, delle criticit&agrave; e delle possibili soluzioni di due settori fondamentali per l&rsquo;intero sistema Paese.<\/p>\n","protected":false},"author":1,"featured_media":31708,"comment_status":"open","ping_status":"open","sticky":false,"template":"","format":"standard","meta":{"rop_custom_images_group":[],"rop_custom_messages_group":[],"rop_publish_now":"initial","rop_publish_now_accounts":[],"rop_publish_now_history":[],"rop_publish_now_status":"pending","footnotes":""},"categories":[10020],"tags":[281,372,384,10804,1099],"class_list":["post-31707","post","type-post","status-publish","format-standard","has-post-thumbnail","hentry","category-comunicato-stampa","tag-bruno-angelo-porcellana","tag-comunicato-stampa-2","tag-cosmofarma","tag-exposanita","tag-nonsolomodanews"],"_links":{"self":[{"href":"https:\/\/www.nonsolomodanews.it\/wordpress\/wp-json\/wp\/v2\/posts\/31707","targetHints":{"allow":["GET"]}}],"collection":[{"href":"https:\/\/www.nonsolomodanews.it\/wordpress\/wp-json\/wp\/v2\/posts"}],"about":[{"href":"https:\/\/www.nonsolomodanews.it\/wordpress\/wp-json\/wp\/v2\/types\/post"}],"author":[{"embeddable":true,"href":"https:\/\/www.nonsolomodanews.it\/wordpress\/wp-json\/wp\/v2\/users\/1"}],"replies":[{"embeddable":true,"href":"https:\/\/www.nonsolomodanews.it\/wordpress\/wp-json\/wp\/v2\/comments?post=31707"}],"version-history":[{"count":3,"href":"https:\/\/www.nonsolomodanews.it\/wordpress\/wp-json\/wp\/v2\/posts\/31707\/revisions"}],"predecessor-version":[{"id":31712,"href":"https:\/\/www.nonsolomodanews.it\/wordpress\/wp-json\/wp\/v2\/posts\/31707\/revisions\/31712"}],"wp:featuredmedia":[{"embeddable":true,"href":"https:\/\/www.nonsolomodanews.it\/wordpress\/wp-json\/wp\/v2\/media\/31708"}],"wp:attachment":[{"href":"https:\/\/www.nonsolomodanews.it\/wordpress\/wp-json\/wp\/v2\/media?parent=31707"}],"wp:term":[{"taxonomy":"category","embeddable":true,"href":"https:\/\/www.nonsolomodanews.it\/wordpress\/wp-json\/wp\/v2\/categories?post=31707"},{"taxonomy":"post_tag","embeddable":true,"href":"https:\/\/www.nonsolomodanews.it\/wordpress\/wp-json\/wp\/v2\/tags?post=31707"}],"curies":[{"name":"wp","href":"https:\/\/api.w.org\/{rel}","templated":true}]}}