{"id":31415,"date":"2026-02-19T06:40:42","date_gmt":"2026-02-19T06:40:42","guid":{"rendered":"https:\/\/www.nonsolomodanews.it\/wordpress\/?p=31415"},"modified":"2026-02-19T06:40:42","modified_gmt":"2026-02-19T06:40:42","slug":"martine-diop-bullo-e-la-maria-del-carnevale-2026","status":"publish","type":"post","link":"https:\/\/www.nonsolomodanews.it\/wordpress\/martine-diop-bullo-e-la-maria-del-carnevale-2026\/","title":{"rendered":"Martine Diop Bullo \u00e8 la Maria del Carnevale 2026"},"content":{"rendered":"<div id=\"attachment_31416\" style=\"width: 210px\" class=\"wp-caption alignleft\"><a href=\"https:\/\/www.nonsolomodanews.it\/wordpress\/wp-content\/uploads\/2026\/02\/6M20784_Low.jpg\"><img loading=\"lazy\" decoding=\"async\" aria-describedby=\"caption-attachment-31416\" class=\"wp-image-31416 size-medium\" src=\"https:\/\/www.nonsolomodanews.it\/wordpress\/wp-content\/uploads\/2026\/02\/6M20784_Low-200x300.jpg\" alt=\"\" width=\"200\" height=\"300\" srcset=\"https:\/\/www.nonsolomodanews.it\/wordpress\/wp-content\/uploads\/2026\/02\/6M20784_Low-200x300.jpg 200w, https:\/\/www.nonsolomodanews.it\/wordpress\/wp-content\/uploads\/2026\/02\/6M20784_Low-683x1024.jpg 683w, https:\/\/www.nonsolomodanews.it\/wordpress\/wp-content\/uploads\/2026\/02\/6M20784_Low-768x1152.jpg 768w, https:\/\/www.nonsolomodanews.it\/wordpress\/wp-content\/uploads\/2026\/02\/6M20784_Low-1024x1536.jpg 1024w, https:\/\/www.nonsolomodanews.it\/wordpress\/wp-content\/uploads\/2026\/02\/6M20784_Low-1080x1620.jpg 1080w, https:\/\/www.nonsolomodanews.it\/wordpress\/wp-content\/uploads\/2026\/02\/6M20784_Low.jpg 1365w\" sizes=\"auto, (max-width: 200px) 100vw, 200px\" \/><\/a><p id=\"caption-attachment-31416\" class=\"wp-caption-text\">Martine Diop Bullo<\/p><\/div>\n<p><em>Venezia, 17 febbraio 2026<\/em>. Martine Diop Bullo \u00e8 la <a href=\"https:\/\/www.nonsolomodanews.it\/wordpress\/carnevale-di-venezia-2026-svelate-le-12-marie-custodi-di-bellezza-talento-e-tradizione\/\">Maria del Carnevale 2026<\/a>. La giovane \u00e8 stata eletta ieri sera al termine della Cena di Gala ospitata nelle sale Apollinee del Teatro La Fenice di Venezia e condotta da Maurice Agosti.<\/p>\n<p><!--more--><\/p>\n<p>Martine ha 18 anni ed \u00e8 di Mestre. Studia Digital Management a Ca\u2019 Foscari e le piace viaggiare; a breve torner\u00e0 in Cina, luogo da lei amato. Ha praticato danza per molti anni e le giornate passate durante il Carnevale le hanno regalato gioia e felicit\u00e0.<\/p>\n<p>\u201cMi sono iscritta al concorso da sola per provare delle emozioni legate alla mia citt\u00e0. Mia mamma e mia nonna mi hanno da subito appoggiata e saranno loro che chiamer\u00f2 subito per condividere questa gioia. Ringrazio tutte le mie compagne di viaggio e chi ci ha aiutato in questo percorso&#8221; ha spiegato Martine a margine della premiazione.<\/p>\n<p>A decretare il successo di Martine Diop Bullo come vincitrice della rievocazione storica riportata in auge da Bruno Tosi nel 1999 e giunta quest\u2019anno alla sua 28esima edizione \u00e8 stato il voto dei giurati che il 31 gennaio scorso avevano gi\u00e0 scelto le 12 Marie tra una cinquantina di aspiranti provenienti da tutta la Citt\u00e0 metropolitana di Venezia.<\/p>\n<p>A portare i saluti istituzionali del sindaco Luigi Brugnaro \u00e8 intervenuto il consigliere delegato alla Tutela delle Tradizioni Giovanni Giusto: \u201cLa Festa delle Marie non \u00e8 soltanto una rievocazione storica, ma un ponte tra passato e futuro. Portare avanti questa tradizione significa custodire la nostra identit\u00e0 e trasmetterla alle nuove generazioni. Ogni anno, attraverso l\u2019entusiasmo e la partecipazione delle ragazze, rinnoviamo un patrimonio che appartiene a tutta la comunit\u00e0 e che continua a raccontare la forza e il valore delle donne nella storia di Venezia\u201d. Presenti alla cerimonia anche il vicesindaco Sergio Vallotto e la presidente del Consiglio Comunale Ermelinda Damiano.<\/p>\n<p>Alla serata &#8211; arricchita dalle voci del pianista e baritono Raffaello Bellavista e dal soprano Alessia Pintossi &#8211; erano presenti anche i rappresentanti di istituzioni civili e Militari della Citt\u00e0 di Venezia.<\/p>\n<p>Ad incoronare la Maria del Carnevale 2026, assieme alla patron Maria Grazia Bortolato, \u00e8 stata Elena Sofia Cesca, Maria del 2025, che ha cos\u00ec ceduto la simbolica corona realizzata dallo scultore veneziano Giorgio Bortoli, alla nuova reginetta della rievocazione storica delle Marie.<\/p>\n<p>Tra le 12 Marie \u00e8 stata premiata come Maria del Gazzettino, espressione del voto dei lettori dello storico quotidiano, Azzurra Galvan, modellista ed arredatrice. Nata a Venezia, vive a Marcon e ha 27 anni: \u201cSono felice oggi come lo sono stata quando mi hanno selezionato\u201d ha commentato dal palco della Fenice.<\/p>\n<p>Oggi, marted\u00ec Grasso, ultimo giorno di Carnevale alle ore 16 Martine verr\u00e0 presentata al pubblico del Carnevale di Venezia dal palco di piazza San Marco e indosser\u00e0 un costume realizzato per l&#8217;occasione da Francesco Briggi dell&#8217;Atelier Pietro Longhi ispirato al tema del Carnevale 2026 \u201cOlympus \u2013 Alle origini del gioco\u201d.<\/p>\n<p>Il Carnevale di Venezia \u00e8 promosso dal Comune di Venezia insieme a Vela spa. Il programma completo e tutti gli aggiornamenti sono disponibili su <strong>www.carnevale.venezia.it<\/strong> e sui <strong>canali social ufficiali del Carnevale di Venezia<\/strong>.<\/p>\n<p style=\"text-align: center;\"><b>Comunicato Stampa e foto a cura Ufficio Stampa Carnevale di Venezia<br \/>\n<\/b>Tutti i diritti riservati \u00a9 2026 \u2013 Email:\u00a0<a href=\"mailto:nonsolomodanews@gmail.com\">nonsolomodanews@gmail.com<\/a><\/p>\n","protected":false},"excerpt":{"rendered":"<p>Venezia, 17 febbraio 2026. Martine Diop Bullo &egrave; la Maria del Carnevale 2026. La giovane &egrave; stata eletta ieri sera al termine della Cena di Gala ospitata nelle sale Apollinee del Teatro La Fenice di Venezia e condotta da Maurice Agosti.<\/p>\n","protected":false},"author":1,"featured_media":31417,"comment_status":"open","ping_status":"open","sticky":false,"template":"","format":"standard","meta":{"rop_custom_images_group":[],"rop_custom_messages_group":[],"rop_publish_now":"initial","rop_publish_now_accounts":[],"rop_publish_now_history":[],"rop_publish_now_status":"pending","footnotes":""},"categories":[10020],"tags":[281,2830,372,10752,1099],"class_list":["post-31415","post","type-post","status-publish","format-standard","has-post-thumbnail","hentry","category-comunicato-stampa","tag-bruno-angelo-porcellana","tag-carnevale-di-venezia","tag-comunicato-stampa-2","tag-martine-diop-bullo","tag-nonsolomodanews"],"_links":{"self":[{"href":"https:\/\/www.nonsolomodanews.it\/wordpress\/wp-json\/wp\/v2\/posts\/31415","targetHints":{"allow":["GET"]}}],"collection":[{"href":"https:\/\/www.nonsolomodanews.it\/wordpress\/wp-json\/wp\/v2\/posts"}],"about":[{"href":"https:\/\/www.nonsolomodanews.it\/wordpress\/wp-json\/wp\/v2\/types\/post"}],"author":[{"embeddable":true,"href":"https:\/\/www.nonsolomodanews.it\/wordpress\/wp-json\/wp\/v2\/users\/1"}],"replies":[{"embeddable":true,"href":"https:\/\/www.nonsolomodanews.it\/wordpress\/wp-json\/wp\/v2\/comments?post=31415"}],"version-history":[{"count":2,"href":"https:\/\/www.nonsolomodanews.it\/wordpress\/wp-json\/wp\/v2\/posts\/31415\/revisions"}],"predecessor-version":[{"id":31419,"href":"https:\/\/www.nonsolomodanews.it\/wordpress\/wp-json\/wp\/v2\/posts\/31415\/revisions\/31419"}],"wp:featuredmedia":[{"embeddable":true,"href":"https:\/\/www.nonsolomodanews.it\/wordpress\/wp-json\/wp\/v2\/media\/31417"}],"wp:attachment":[{"href":"https:\/\/www.nonsolomodanews.it\/wordpress\/wp-json\/wp\/v2\/media?parent=31415"}],"wp:term":[{"taxonomy":"category","embeddable":true,"href":"https:\/\/www.nonsolomodanews.it\/wordpress\/wp-json\/wp\/v2\/categories?post=31415"},{"taxonomy":"post_tag","embeddable":true,"href":"https:\/\/www.nonsolomodanews.it\/wordpress\/wp-json\/wp\/v2\/tags?post=31415"}],"curies":[{"name":"wp","href":"https:\/\/api.w.org\/{rel}","templated":true}]}}