{"id":31348,"date":"2026-02-07T09:54:24","date_gmt":"2026-02-07T09:54:24","guid":{"rendered":"https:\/\/www.nonsolomodanews.it\/wordpress\/?p=31348"},"modified":"2026-02-07T09:54:24","modified_gmt":"2026-02-07T09:54:24","slug":"emozioni-e-tradizione-il-primo-approccio-di-davide-ferri-nuovo-direttore-artistico-di-artefiera-49","status":"publish","type":"post","link":"https:\/\/www.nonsolomodanews.it\/wordpress\/emozioni-e-tradizione-il-primo-approccio-di-davide-ferri-nuovo-direttore-artistico-di-artefiera-49\/","title":{"rendered":"Emozioni e Tradizione: Il primo approccio di Davide Ferri, nuovo direttore artistico di Artefiera 49"},"content":{"rendered":"<div id=\"attachment_31349\" style=\"width: 310px\" class=\"wp-caption alignleft\"><a style=\"color: #000000;\" href=\"https:\/\/www.nonsolomodanews.it\/wordpress\/wp-content\/uploads\/2026\/02\/IMG_5456-scaled.jpeg\"><img loading=\"lazy\" decoding=\"async\" aria-describedby=\"caption-attachment-31349\" class=\"wp-image-31349 size-medium\" src=\"https:\/\/www.nonsolomodanews.it\/wordpress\/wp-content\/uploads\/2026\/02\/IMG_5456-300x169.jpeg\" alt=\"\" width=\"300\" height=\"169\" srcset=\"https:\/\/www.nonsolomodanews.it\/wordpress\/wp-content\/uploads\/2026\/02\/IMG_5456-300x169.jpeg 300w, https:\/\/www.nonsolomodanews.it\/wordpress\/wp-content\/uploads\/2026\/02\/IMG_5456-1024x576.jpeg 1024w, https:\/\/www.nonsolomodanews.it\/wordpress\/wp-content\/uploads\/2026\/02\/IMG_5456-768x432.jpeg 768w, https:\/\/www.nonsolomodanews.it\/wordpress\/wp-content\/uploads\/2026\/02\/IMG_5456-1536x864.jpeg 1536w, https:\/\/www.nonsolomodanews.it\/wordpress\/wp-content\/uploads\/2026\/02\/IMG_5456-2048x1152.jpeg 2048w, https:\/\/www.nonsolomodanews.it\/wordpress\/wp-content\/uploads\/2026\/02\/IMG_5456-1080x608.jpeg 1080w\" sizes=\"auto, (max-width: 300px) 100vw, 300px\" \/><\/a><p id=\"caption-attachment-31349\" class=\"wp-caption-text\"><\/span> <span style=\"color: #000000;\">Davide Ferri<\/span><\/p><\/div>\n<p>Davide Ferri \u00e8 il nuovo direttore artistico di Artefiera 49. Una eredit\u00e0 importante quella che il nuovo direttore riceve da Simone Menegoi. Alla presenza della Sottosegretaria di Stato al Ministero della Cultura <strong>Lucia Borgonzoni<\/strong>, del presidente di Bologna Fiere, <strong>Gianpiero Calzolari<\/strong> e dell&#8217;assessore alla Cultura del Comune di Bologna, <strong>Daniele Del Pozzo<\/strong>, il neo direttore ha presentato la &#8220;sua&#8221; Artefiera nel primo incontro pubblico con il nuovo incarico.\u00a0 Dobbiamo ricordare ai lettori che Davide Ferri non \u00e8 un neofita della manifestazione essendo stato in passato curatore di una nuova sezione come Pittura 21.<\/p>\n<p><!--more--><\/p>\n<p><span style=\"color: #000000;\">Un caloroso benvenuto apre il discorso del nuovo direttore artistico di <strong>Artefiera,<\/strong> <strong>Davide Ferri<\/strong>, che condivide le emozioni vissute durante la sua prima conferenza stampa in questo ruolo. L\u2019entusiasmo che lo accompagna fin dall\u2019inizio della preparazione per questa edizione \u00e8 palpabile e costante. L\u2019incarico di dirigere una manifestazione di tale rilievo significa immergersi in una storia lunga e tangibile, percepibile ogni giorno negli spazi che la ospitano. Fondata nel 1974, Artefiera si svolge in sedi storiche come le torri di Kenzo Tanghe e l\u2019ex Galleria Nazionale d\u2019Arte Moderna, offrendo un patrimonio che affonda le sue radici negli anni Settanta. <\/span><span style=\"color: #000000;\">Nonostante la residenza a Roma e le origini forlivesi, il direttore artistico ha sempre nutrito un legame speciale con Artefiera, la prima fiera d\u2019arte contemporanea frequentata in giovent\u00f9. Questo senso di familiarit\u00e0 e affetto \u00e8 condiviso anche dai visitatori, dalle gallerie e dai collezionisti, che trasmettono un calore unico a chi oggi guida la manifestazione. Secondo il direttore, tale atmosfera rappresenta un tratto distintivo di Artefiera, un elemento di cui andare fieri.<\/span><br \/>\n<span style=\"color: #000000;\">La direzione di Artefiera comporta il confronto con una storia che pu\u00f2 generare timore per il suo peso, ma che al tempo stesso suscita entusiasmo, soprattutto in una fase di evidente miglioramento riconosciuta da molti. Questo progresso si deve in larga parte all\u2019eccellente lavoro dei predecessori, in particolare <strong>Simone Menegoi<\/strong> e il direttore operativo <strong>Enea Righi<\/strong>, il cui supporto continua a essere prezioso.<\/span><br \/>\n<span style=\"color: #000000;\">Negli ultimi sei anni, durante i quali il direttore artistico ha curato nuove sezioni della fiera (come Pittura 21), ha avuto modo di osservare da vicino il ritorno delle gallerie pi\u00f9 prestigiose e il rafforzamento della scena artistica italiana. Per questi motivi, la sua direzione si ispira alla continuit\u00e0, mantenendo il focus sull\u2019arte italiana e sulle gallerie capaci di rappresentare sia il panorama nazionale che quello internazionale.<\/span><br \/>\n<span style=\"color: #000000;\">Spesso si definisce Artefiera come una \u201cfesta\u201d, desiderando che sia una vera celebrazione delle gallerie italiane. L\u2019edizione attuale \u00e8 arricchita da ritorni prestigiosi, nuovi ingressi e una scena di gallerie di recente fondazione che ampliano l\u2019offerta all\u2019insegna della ricerca e dell\u2019innovazione.<\/span><br \/>\n<span style=\"color: #000000;\">Pur condividendo tutte le scelte con lo staff, il direttore artistico ha voluto portare in fiera parte della propria esperienza maturata nelle sezioni curate. In questa edizione, la disposizione delle sezioni \u00e8 stata ripensata: il percorso parte dal padiglione 26, dedicato al \u201cmoderno\u201d, con la nuova sezione \u201cVentesimo pi\u00f9\u201d curata da <strong>Alberto Salvadori,<\/strong> che riflette la versatilit\u00e0 e la libert\u00e0 del collezionismo contemporaneo.<\/span><br \/>\n<span style=\"color: #000000;\">La sezione \u201cMultipli\u201d, ora affidata a <strong>Lorenzo Gigotti<\/strong>, rappresenta un punto di riferimento per il nuovo collezionismo, avvicinando grafica d\u2019arte, libri d\u2019artista, oggetti di design e offrendo nuova vitalit\u00e0 all\u2019insieme. Nel padiglione 25, Marta Papini cura la sezione \u201cFotografia e dintorni\u201d, concepita quasi come una mostra, mentre Michele d\u2019Aurizio prosegue per il secondo anno con la sezione \u201cProspettiva\u201d, dedicata alle gallerie di recente fondazione. La sezione \u201cPittura 21\u201d, inaugurata dal direttore stesso, \u00e8 ora affidata a Ilaria Gianni, e rappresenta un\u2019importante sfida nel contesto dell\u2019attuale attenzione verso la pittura.<\/span><\/p>\n<div id=\"attachment_31352\" style=\"width: 235px\" class=\"wp-caption alignleft\"><a href=\"https:\/\/www.nonsolomodanews.it\/wordpress\/wp-content\/uploads\/2026\/02\/IMG_5411.jpeg\"><img loading=\"lazy\" decoding=\"async\" aria-describedby=\"caption-attachment-31352\" class=\"size-medium wp-image-31352\" src=\"https:\/\/www.nonsolomodanews.it\/wordpress\/wp-content\/uploads\/2026\/02\/IMG_5411-225x300.jpeg\" alt=\"\" width=\"225\" height=\"300\" srcset=\"https:\/\/www.nonsolomodanews.it\/wordpress\/wp-content\/uploads\/2026\/02\/IMG_5411-225x300.jpeg 225w, https:\/\/www.nonsolomodanews.it\/wordpress\/wp-content\/uploads\/2026\/02\/IMG_5411-768x1024.jpeg 768w, https:\/\/www.nonsolomodanews.it\/wordpress\/wp-content\/uploads\/2026\/02\/IMG_5411-1152x1536.jpeg 1152w, https:\/\/www.nonsolomodanews.it\/wordpress\/wp-content\/uploads\/2026\/02\/IMG_5411-1080x1440.jpeg 1080w, https:\/\/www.nonsolomodanews.it\/wordpress\/wp-content\/uploads\/2026\/02\/IMG_5411.jpeg 1536w\" sizes=\"auto, (max-width: 225px) 100vw, 225px\" \/><\/a><p id=\"caption-attachment-31352\" class=\"wp-caption-text\">\u201cPreludio\u201d di Marcello Maloberti<\/p><\/div>\n<p><span style=\"color: #000000;\">All\u2019ingresso della fiera accoglie i visitatori l\u2019installazione \u201cPreludio\u201d di Marcello Maloberti. Prosegue anche la collaborazione con Fondazione Furla: la performance, curata quest\u2019anno da Bruno Roccasalba, vede protagonista l\u2019artista francese di origini iraniane<strong> Shalise Namani<\/strong> nel padiglione dell\u2019Esprit Nouveau.<\/span><br \/>\n<span style=\"color: #000000;\">Un ulteriore elemento distintivo della fiera \u00e8 la sezione editoria, che accoglie i visitatori con il \u201cBook Talk\u201d, spazio dedicato al dialogo sui libri d\u2019arte insieme ad autori e artisti. Importante \u00e8 anche la novit\u00e0 del Fondo Bologna Fiere, pensato come ulteriore strumento di valorizzazione.<\/span><br \/>\n<span style=\"color: #000000;\">L\u2019accoglienza \u00e8 un aspetto particolarmente caro al direttore artistico: la fiera deve risultare sempre pi\u00f9 calda, coinvolgente e, se possibile, anche simpatica, non solo interessante. Il percorso interno ed esterno \u00e8 stato pensato proprio per coinvolgere il pubblico a 360 gradi.<\/span><br \/>\n<span style=\"color: #000000;\">Nel presentare Artefiera, il direttore conclude richiamando il titolo scelto: \u201c<strong>Cosa sar\u00e0<\/strong>\u201d. Un titolo che richiama la celebre canzone di <strong>Lucio Dalla<\/strong> del 1979, ma che qui vuole simboleggiare l\u2019inizio di un nuovo ciclo e invitare a interrogarsi sul futuro delle fiere d\u2019arte. Nonostante le sfide di un\u2019epoca complessa come quella attuale, ritiene fondamentale continuare a innovare e a migliorare, senza mai dare nulla per scontato.<\/span><br \/>\n<span style=\"color: #000000;\">Il direttore artistico esprime gratitudine verso tutti coloro che hanno sostenuto la Commissione d\u2019Artista, in particolare Marcello Maloberti. Un ringraziamento speciale va al main sponsor Bper, che anche quest\u2019anno affianca Artefiera, confermando un concreto impegno a favore della cultura. Al termine, passa la parola a Sabrina Bianchi, responsabile del brand e del patrimonio culturale di Bper.<\/span><\/p>\n<p><span style=\"color: #000000;\"><a style=\"color: #000000;\" href=\"https:\/\/www.instagram.com\/brunoangeloporcellana\/\">Bruno Angelo Porcellana<\/a><\/span><\/p>\n<p style=\"text-align: center;\">\n<span style=\"color: #000000;\">Tutti i diritti riservati \u00a9 2026 \u2013 Email: nonsolomodanews@gmail.com<\/span><\/p>\n<p>&nbsp;<\/p>\n","protected":false},"excerpt":{"rendered":"<p>Davide Ferri &egrave; il nuovo direttore artistico di Artefiera 49. Una eredit&agrave; importante quella che il nuovo direttore riceve da Simone Menegoi. Alla presenza della Sottosegretaria di Stato al Ministero della Cultura Lucia Borgonzoni, del presidente di Bologna Fiere, Gianpiero Calzolari e dell&rsquo;assessore alla Cultura del Comune di Bologna, Daniele Del Pozzo, il neo direttore ha presentato la &ldquo;sua&rdquo; Artefiera nel primo incontro pubblico con il nuovo incarico.&nbsp; Dobbiamo ricordare ai lettori che Davide Ferri non &egrave; un neofita della manifestazione essendo stato in passato curatore di una nuova sezione come Pittura 21.<\/p>\n","protected":false},"author":1,"featured_media":31351,"comment_status":"open","ping_status":"open","sticky":false,"template":"","format":"standard","meta":{"rop_custom_images_group":[],"rop_custom_messages_group":[],"rop_publish_now":"initial","rop_publish_now_accounts":[],"rop_publish_now_history":[],"rop_publish_now_status":"pending","footnotes":""},"categories":[16],"tags":[1775,262,281,9544,1099],"class_list":["post-31348","post","type-post","status-publish","format-standard","has-post-thumbnail","hentry","category-articolo","tag-artefiera","tag-bologna","tag-bruno-angelo-porcellana","tag-davide-ferri","tag-nonsolomodanews"],"_links":{"self":[{"href":"https:\/\/www.nonsolomodanews.it\/wordpress\/wp-json\/wp\/v2\/posts\/31348","targetHints":{"allow":["GET"]}}],"collection":[{"href":"https:\/\/www.nonsolomodanews.it\/wordpress\/wp-json\/wp\/v2\/posts"}],"about":[{"href":"https:\/\/www.nonsolomodanews.it\/wordpress\/wp-json\/wp\/v2\/types\/post"}],"author":[{"embeddable":true,"href":"https:\/\/www.nonsolomodanews.it\/wordpress\/wp-json\/wp\/v2\/users\/1"}],"replies":[{"embeddable":true,"href":"https:\/\/www.nonsolomodanews.it\/wordpress\/wp-json\/wp\/v2\/comments?post=31348"}],"version-history":[{"count":3,"href":"https:\/\/www.nonsolomodanews.it\/wordpress\/wp-json\/wp\/v2\/posts\/31348\/revisions"}],"predecessor-version":[{"id":31354,"href":"https:\/\/www.nonsolomodanews.it\/wordpress\/wp-json\/wp\/v2\/posts\/31348\/revisions\/31354"}],"wp:featuredmedia":[{"embeddable":true,"href":"https:\/\/www.nonsolomodanews.it\/wordpress\/wp-json\/wp\/v2\/media\/31351"}],"wp:attachment":[{"href":"https:\/\/www.nonsolomodanews.it\/wordpress\/wp-json\/wp\/v2\/media?parent=31348"}],"wp:term":[{"taxonomy":"category","embeddable":true,"href":"https:\/\/www.nonsolomodanews.it\/wordpress\/wp-json\/wp\/v2\/categories?post=31348"},{"taxonomy":"post_tag","embeddable":true,"href":"https:\/\/www.nonsolomodanews.it\/wordpress\/wp-json\/wp\/v2\/tags?post=31348"}],"curies":[{"name":"wp","href":"https:\/\/api.w.org\/{rel}","templated":true}]}}