{"id":31263,"date":"2026-01-29T15:56:30","date_gmt":"2026-01-29T15:56:30","guid":{"rendered":"https:\/\/www.nonsolomodanews.it\/wordpress\/?p=31263"},"modified":"2026-01-29T15:56:30","modified_gmt":"2026-01-29T15:56:30","slug":"larte-del-conquistare-napoleone-a-palazzo-pepoli-campogrande","status":"publish","type":"post","link":"https:\/\/www.nonsolomodanews.it\/wordpress\/larte-del-conquistare-napoleone-a-palazzo-pepoli-campogrande\/","title":{"rendered":"L&#8217;arte del conquistare &#8211; Napoleone a Palazzo Pepoli Campogrande"},"content":{"rendered":"<p><a href=\"https:\/\/www.nonsolomodanews.it\/wordpress\/wp-content\/uploads\/2026\/01\/IMG_5004-scaled.jpeg\"><img loading=\"lazy\" decoding=\"async\" class=\"size-medium wp-image-31265 alignleft\" src=\"https:\/\/www.nonsolomodanews.it\/wordpress\/wp-content\/uploads\/2026\/01\/IMG_5004-300x169.jpeg\" alt=\"\" width=\"300\" height=\"169\" srcset=\"https:\/\/www.nonsolomodanews.it\/wordpress\/wp-content\/uploads\/2026\/01\/IMG_5004-300x169.jpeg 300w, https:\/\/www.nonsolomodanews.it\/wordpress\/wp-content\/uploads\/2026\/01\/IMG_5004-1024x576.jpeg 1024w, https:\/\/www.nonsolomodanews.it\/wordpress\/wp-content\/uploads\/2026\/01\/IMG_5004-768x432.jpeg 768w, https:\/\/www.nonsolomodanews.it\/wordpress\/wp-content\/uploads\/2026\/01\/IMG_5004-1536x864.jpeg 1536w, https:\/\/www.nonsolomodanews.it\/wordpress\/wp-content\/uploads\/2026\/01\/IMG_5004-2048x1152.jpeg 2048w, https:\/\/www.nonsolomodanews.it\/wordpress\/wp-content\/uploads\/2026\/01\/IMG_5004-1080x608.jpeg 1080w\" sizes=\"auto, (max-width: 300px) 100vw, 300px\" \/><\/a>E&#8217; stata presentata durante una conferenza stampa, tenutasi nella sala degli specchi del palazzo Pepoli Campogrande, la mostra &#8220;L&#8217;arte del conquistare &#8211; Napoleone a Palazzo Pepoli Campogrande&#8221;.<br \/>\nLa conferenza stampa \u00e8 stata tenuta dalla padrona di casa, <strong>Daniela Campogrande<\/strong> e dal curatore della mostra <strong>Giancarlo Graziani<\/strong><\/p>\n<p><!--more--><\/p>\n<p>La mostra, inserita nel programma di Art City Bologna, aprir\u00e0 al pubblico il giorno 29 gennaio 2026 e si concluder\u00e0\u00a0il giorno 28 febbraio 2026<br \/>\n<strong>Art City Bologna<\/strong> \u00e8 da sempre un appuntamento immancabile per <strong>Campogrande Concept<\/strong> che, in collaborazione con <strong>Geko Gold ARTE<\/strong>, quest&#8217;anno presenta un progetto dedicato agli amanti dell&#8217;Arte<br \/>\nLa mostra si sviluppa come viaggio attraverso un&#8217;eredit\u00e0 artistica nascosta, immaginando una collezione privata di opere italiane finalmente visibile al pubblico.<br \/>\nPer Art City le sale dell&#8217;ala privata di Palazzo Pepoli Campogrande accoglieranno una selezione di dipinti della Quadreria Villa San Martino aventi per tema &#8220;Napoleone e le sue citt\u00e0&#8221; con ritratti dell&#8217;Imperatore e vedute di Parigi, Venezia e Milano.<br \/>\nNella Sala degli Specchi i ritratti del Grande Corso a cavallo ed in meditazione prima della battaglia saranno accompagnati da quello di Napoleone III, l&#8217;altro Imperatore Bonaparte ideatore della Parigi che conosciamo.<br \/>\nLe pareti della Sala dei Putti accoglieranno scorci di Parigi, la citt\u00e0 fatale per l&#8217;ascesa e la caduta di Napoleone, mentre nella Sala Macram\u00e8 si potranno ammirare opere dedicate a Venezia, la citt\u00e0 simbolo della caduta dell&#8217;Ancien Regime da parte delle Aquile bonapartiste e nei salottini Milano, citt\u00e0 in cui fu incoronato Re d&#8217;Italia.<br \/>\nQuindi se ai tempi in cui Napoleone fu ospite a Palazzo, forse qualche &#8220;ricordo&#8221; era stato sottratto, questa volta ritorna per riportare le opere a lui pi\u00f9 care, con ben 60 quadri !<br \/>\nQuesto &#8220;what if storico&#8221; invita lo spettatore a confrontarsi con la possibilit\u00e0 di un passato alternativo: cosa accadrebbe se tesori d&#8217;arte conservati gelosamente tornassero a dialogare tra loro, superando confini geografici e culturali? La mostra trasforma la riservatezza in esperienza collettiva, restituendo al pubblico la bellezza di opere che, fino ad oggi, erano state patrimonio di pochi. Ogni quadro diventa testimone di un&#8217;eredit\u00e0 segreta, offrendo l&#8217;opportunit\u00e0 di scoprire connessioni inattese tra due grandi tradizioni artistiche e di vivere un&#8217;esperienza unica di contemplazione e stupore.<br \/>\nMa la domanda inevitabile \u00e8: perch\u00e9 dedicare una mostra alla Quadreria Villa San Martino?<br \/>\nLa presenza di una selezione di opere della Quadreria nelle sale di Palazzo Campogrande a Bologna vuole costituire un documento di studio per la maggior conoscenza di una personalit\u00e0 che ha modellato trenta anni della storia della Repubblica Italiana come politico e statista ed ancor di pi\u00f9 la comunicazione come imprenditore, Silvio Berlusconi.<br \/>\nL&#8217;iniziativa \u00e8 anche un omaggio a Luca Beatrice, prematuramente e sfortunatamente scomparso, che con la Biennale ha avuto un rapporto non sempre semplice e che ha analizzato con lucidit\u00e0 ed acutezza ci\u00f2 che Berlusconi, ed il suo operare in vari campi, ha dato alla produzione artistica ipotizzandone il rapporto con esponenti celebrati del Contemporaneo come Vanessa Beecroft e Maurizio Cattelan, tra gli altri.<br \/>\nLa Quadreria di Villa San Martino trova una perfetta spiegazione in questa frase di Oscar Wilde &#8220;L&#8217;Arte stessa \u00e8 in realt\u00e0 una forma di esagerazione&#8221;.<br \/>\nNel suo saggio &#8220;Nati sotto il Biscione. L&#8217;Arte ai tempi di Silvio Berlusconi&#8221; Luca Beatrice, coordinatore insieme a Beatrice Buscaroli del Padiglione Italia per la 53\u00b0 edizione della Biennale d&#8217;Arte di Venezia, esamina il ruolo che ha avuto Silvio Berlusconi nell&#8217;evoluzione artistica da quando \u00e8 &#8220;entrato in campo&#8221; fino al 2015, anno di pubblicazione del testo.<br \/>\nL&#8217;influenza del Cavaliere \u00e8 stata esercitata non solo direttamente attraverso la sua attivit\u00e0 di editore e di innovatore del comparto radiotelevisivo ma anche, e soprattutto, indirettamente con l&#8217;attivit\u00e0 politica e l&#8217;esposizione personale che certamente hanno lasciato un segno nel costume nazionale, che prosegue anche oggi.<br \/>\nQuesta sua personalissima cifra si \u00e8 riflessa naturalmente nell&#8217;attivit\u00e0 collezionistica che ha esercitato dal 1970 al periodo finale dell&#8217;esistenza terrena, con un crescendo rossiniano che lo ha portato a creare una collezione di oltre 25.000 beni d&#8217;Arte, in una unica miscellanea di epoche e di generi accomunati dal gusto che la tradizione vuole per &#8220;bello&#8221;, di discendenza classica.<br \/>\nVittorio Sgarbi riporta che Berlusconi alla vista di questo insieme esclamava rivolto a lui &#8220;Che meraviglia, la pi\u00f9 grande raccolta del Mondo&#8221;.<br \/>\nE questo certamente riconduce la sua attivit\u00e0 collezionistica, scevra da ogni snobismo intellettuale, alla tradizione antica dei grandi committenti che hanno incaricato schiere di artisti di realizzare pitture e sculture per arredare dimore e fare doni e non certo per creare musei, pratica che \u00e8 sorta solo in epoca moderna.<br \/>\nLa Quadreria Villa San Martino \u00e8 stata formata, in gran parte, con acquisti effettuati direttamente da Berlusconi su impulso, per la propria soddisfazione,<br \/>\nsenza alcun consiglio di esperti e soprattutto in assenza totale di un interesse economico e per un ritorno di immagine, come troppo spesso \u00e8 per molti per cui l&#8217;Arte \u00e8 solo un mero strumento di speculazione e\/o di marketing.<br \/>\nEd \u00e8 qui l&#8217;interesse della raccolta, perch\u00e9 racconta un aspetto inedito di una persona che \u00e8 stata descritta in ogni modo, spesso a sproposito per chiari motivi di opportunit\u00e0.<br \/>\nAlla 54\u00b0 Biennale d&#8217;Arte di Venezia Sgarbi cur\u00f2 il Padiglione Italia &#8211; in cui Luca Beatrice fu responsabile della Mostra &#8220;Sign off design&#8221; &#8211; che defini &#8220;la prima Biennale democratica&#8221; per la presenza di tanti artisti e di altrettante opere ed \u00e8 in questa direzione che va cercata la chiave per la comprensione dell&#8217; &#8220;azione artistica&#8221; di Berlusconi, un uomo libero da ogni condizionamento delle lobbies artistiche, che comprava ci\u00f2 che gli piaceva, che lo appagava guardandola e passeggiando dentro di essa in compagnia od in solitudine, con certamente un disegno pensato che \u00e8 rimasto incompiuto.<br \/>\nGrazie a Geko Gold Arte questa Collezione potr\u00e0 essere ammirata dal pubblico, dagli amanti dell&#8217;arte che non deve essere necessariamente altisonante, ma soddisfare spesso un desiderio, un sogno, una semplice esigenza o un senso di appartenenza.<br \/>\nDa Bologna, concluso il periodo espositivo, partir\u00e0 in collaborazione con Campogrande Concept un percorso di esposizioni per tutto il territorio nazionale, passando negli spazi del Museo Navale in concomitanza della Biennale di Venezia, dall&#8217;amata Napoli per poi tornare a Bologna per un altro grande evento espositivo dedicato alle sculture, riproponendo il tema dei Giardini all&#8217;Italiana nella splendida cornice di 02Farm ed a seguire altre tappe che saranno a breve rese ufficiali.<br \/>\nCuratore: Giancarlo Graziani<br \/>\nOrganizzazione e Promozione: Campogrande Concept per Geko Gold Arte Daniela Campogrande 3357681559 &#8211; info@campograndeconcept.it<br \/>\nUfficio Stampa : Alessandra Lepri &#8211; 3397136857<br \/>\nINFO MOSTRA:<br \/>\nOPENING 29 GENNAIO 2026 DALLE ORE 18,30 ALLE 20,00<br \/>\nFINISSAGE 28 FEBBRAIO 2026 ALLE ORE 18,30 ALLE 20,00<br \/>\nORARI: LUN\/VEN 15,30\/19,00<br \/>\nVISITE GUIDATE E WEEK END SOLO SU PRENOTAZIONE<br \/>\nART CITY WHITE NIGHT : dalle 10,30 alle 13,30 &#8211; dalle 15,30 alle 24,00<\/p>\n<p style=\"text-align: center;\">Tutti i diritti riservati \u00a9 2026\u2013 Email: nonsolomodanews@gmail.com<\/p>\n<p>&nbsp;<\/p>\n","protected":false},"excerpt":{"rendered":"<p>E&rsquo; stata presentata durante una conferenza stampa, tenutasi nella sala degli specchi del palazzo Pepoli Campogrande, la mostra &ldquo;L&rsquo;arte del conquistare &ndash; Napoleone a Palazzo Pepoli Campogrande&rdquo;. La conferenza stampa &egrave; stata tenuta dalla padrona di casa, Daniela Campogrande e dal curatore della mostra Giancarlo Graziani<\/p>\n","protected":false},"author":1,"featured_media":31266,"comment_status":"open","ping_status":"open","sticky":false,"template":"","format":"standard","meta":{"rop_custom_images_group":[],"rop_custom_messages_group":[],"rop_publish_now":"initial","rop_publish_now_accounts":[],"rop_publish_now_history":[],"rop_publish_now_status":"pending","footnotes":""},"categories":[10020],"tags":[2491,10026,9502,10727,10728,10731,10730],"class_list":["post-31263","post","type-post","status-publish","format-standard","has-post-thumbnail","hentry","category-comunicato-stampa","tag-alessandra-lepri","tag-art-city-bologna","tag-campogrande-concept","tag-daniela-campogrande","tag-giancarlo-graziani","tag-quadreria-san-martino","tag-silvio-berlusconi"],"_links":{"self":[{"href":"https:\/\/www.nonsolomodanews.it\/wordpress\/wp-json\/wp\/v2\/posts\/31263","targetHints":{"allow":["GET"]}}],"collection":[{"href":"https:\/\/www.nonsolomodanews.it\/wordpress\/wp-json\/wp\/v2\/posts"}],"about":[{"href":"https:\/\/www.nonsolomodanews.it\/wordpress\/wp-json\/wp\/v2\/types\/post"}],"author":[{"embeddable":true,"href":"https:\/\/www.nonsolomodanews.it\/wordpress\/wp-json\/wp\/v2\/users\/1"}],"replies":[{"embeddable":true,"href":"https:\/\/www.nonsolomodanews.it\/wordpress\/wp-json\/wp\/v2\/comments?post=31263"}],"version-history":[{"count":3,"href":"https:\/\/www.nonsolomodanews.it\/wordpress\/wp-json\/wp\/v2\/posts\/31263\/revisions"}],"predecessor-version":[{"id":31268,"href":"https:\/\/www.nonsolomodanews.it\/wordpress\/wp-json\/wp\/v2\/posts\/31263\/revisions\/31268"}],"wp:featuredmedia":[{"embeddable":true,"href":"https:\/\/www.nonsolomodanews.it\/wordpress\/wp-json\/wp\/v2\/media\/31266"}],"wp:attachment":[{"href":"https:\/\/www.nonsolomodanews.it\/wordpress\/wp-json\/wp\/v2\/media?parent=31263"}],"wp:term":[{"taxonomy":"category","embeddable":true,"href":"https:\/\/www.nonsolomodanews.it\/wordpress\/wp-json\/wp\/v2\/categories?post=31263"},{"taxonomy":"post_tag","embeddable":true,"href":"https:\/\/www.nonsolomodanews.it\/wordpress\/wp-json\/wp\/v2\/tags?post=31263"}],"curies":[{"name":"wp","href":"https:\/\/api.w.org\/{rel}","templated":true}]}}