{"id":31218,"date":"2026-01-26T16:44:48","date_gmt":"2026-01-26T16:44:48","guid":{"rendered":"https:\/\/www.nonsolomodanews.it\/wordpress\/?p=31218"},"modified":"2026-01-26T16:44:48","modified_gmt":"2026-01-26T16:44:48","slug":"sigep-rimini-quando-leccellenza-italiana-diventa-linguaggio-globale","status":"publish","type":"post","link":"https:\/\/www.nonsolomodanews.it\/wordpress\/sigep-rimini-quando-leccellenza-italiana-diventa-linguaggio-globale\/","title":{"rendered":"SIGEP Rimini: quando l\u2019eccellenza italiana diventa linguaggio globale"},"content":{"rendered":"<div><a href=\"https:\/\/www.nonsolomodanews.it\/wordpress\/wp-content\/uploads\/2026\/01\/19012026-DSC_0713.jpg\"><img loading=\"lazy\" decoding=\"async\" class=\"size-medium wp-image-31219 alignleft\" src=\"https:\/\/www.nonsolomodanews.it\/wordpress\/wp-content\/uploads\/2026\/01\/19012026-DSC_0713-200x300.jpg\" alt=\"\" width=\"200\" height=\"300\" srcset=\"https:\/\/www.nonsolomodanews.it\/wordpress\/wp-content\/uploads\/2026\/01\/19012026-DSC_0713-200x300.jpg 200w, https:\/\/www.nonsolomodanews.it\/wordpress\/wp-content\/uploads\/2026\/01\/19012026-DSC_0713-684x1024.jpg 684w, https:\/\/www.nonsolomodanews.it\/wordpress\/wp-content\/uploads\/2026\/01\/19012026-DSC_0713-768x1151.jpg 768w, https:\/\/www.nonsolomodanews.it\/wordpress\/wp-content\/uploads\/2026\/01\/19012026-DSC_0713-1025x1536.jpg 1025w, https:\/\/www.nonsolomodanews.it\/wordpress\/wp-content\/uploads\/2026\/01\/19012026-DSC_0713-1080x1618.jpg 1080w, https:\/\/www.nonsolomodanews.it\/wordpress\/wp-content\/uploads\/2026\/01\/19012026-DSC_0713.jpg 1367w\" sizes=\"auto, (max-width: 200px) 100vw, 200px\" \/><\/a>Si \u00e8 conclusa marted\u00ec 20 gennaio 2026 a Rimini un\u2019altra edizione di SIGEP, la manifestazione internazionale di riferimento per il mondo del gelato artigianale, della pasticceria, della panificazione e del caff\u00e8. Un appuntamento che, anno dopo anno, conferma una verit\u00e0 semplice ma potente: quando l\u2019Italia fa bene le cose che le appartengono, il mondo ascolta&#8230;<\/p>\n<\/div>\n<div><\/div>\n<p><!--more--><\/p>\n<div>\n<p>I numeri e la provenienza dei visitatori parlano chiaro. SIGEP non \u00e8 pi\u00f9 solo una fiera italiana \u201cben fatta\u201d, ma una piattaforma globale dove operatori, buyer, professionisti e aziende da ogni continente si incontrano per confrontarsi, stringere accordi, osservare trend e intercettare innovazione. Rimini, per alcuni giorni, diventa un crocevia internazionale in cui si parlano decine di lingue, ma si condivide un unico vocabolario: qualit\u00e0, competenza, artigianalit\u00e0 evoluta.<\/p>\n<p>Al centro di tutto restano le eccellenze del Made in Italy. Gelato artigianale, lievitati, pasticceria e caff\u00e8 non sono semplici prodotti: sono cultura materiale, saper fare tramandato e continuamente rinnovato. SIGEP riesce a mostrare come tradizione e tecnologia non siano in contraddizione, ma alleate. Ricette storiche convivono con macchinari sempre pi\u00f9 precisi, ingredienti selezionati dialogano con processi sostenibili, creativit\u00e0 e rigore tecnico procedono insieme.<\/p>\n<p>Accanto agli stand e alle novit\u00e0 di prodotto, la fiera \u00e8 anche un grande spazio di confronto professionale. Competizioni, dimostrazioni dal vivo, talk e workshop rendono evidente un punto spesso sottovalutato: l\u2019artigianato di alto livello non \u00e8 improvvisazione, ma studio, metodo e aggiornamento continuo. \u00c8 questo che rende l\u2019offerta italiana credibile agli occhi dei mercati internazionali.<\/p>\n<p>Il tutto avviene in un contesto che amplifica il valore dell\u2019esperienza: la Romagna. Rimini e il suo territorio sanno accogliere. Non \u00e8 solo una questione di logistica o strutture ricettive, ma di attitudine. Chi arriva a SIGEP trova una fiera efficiente e, fuori dai padiglioni, un territorio abituato da decenni al turismo internazionale, capace di unire professionalit\u00e0 e calore umano. Un elemento che non fa notizia, ma fa la differenza.<\/p>\n<p>SIGEP si conferma cos\u00ec molto pi\u00f9 di una fiera di settore. \u00c8 una vetrina credibile dell\u2019Italia che funziona, che non vive di nostalgia ma di competenza, che sa esportare non solo prodotti ma modelli, stili e visioni. Un luogo dove il \u201csaper fare italiano\u201d smette di essere uno slogan e diventa esperienza concreta, misurabile, condivisa.<\/p>\n<p>E forse \u00e8 proprio questo il messaggio pi\u00f9 forte che arriva da Rimini: l\u2019internazionalit\u00e0 non cancella l\u2019identit\u00e0. Quando \u00e8 solida, la rende semplicemente pi\u00f9 visibile.<\/p><\/div>\n<div>\n<p><strong>Simone Martini<\/strong><\/p>\n<p style=\"text-align: center;\"><strong>Photo Credit Bruno Angelo Porcellana\u00a0<\/strong><br \/>\nTutti i diritti riservati \u00a9 2026\u2013 Email: nonsolomodanews@gmail.com<\/p>\n<\/div>\n","protected":false},"excerpt":{"rendered":"<p>Si &egrave; conclusa marted&igrave; 20 gennaio 2026 a Rimini un&rsquo;altra edizione di SIGEP, la manifestazione internazionale di riferimento per il mondo del gelato artigianale, della pasticceria, della panificazione e del caff&egrave;. Un appuntamento che, anno dopo anno, conferma una verit&agrave; semplice ma potente: quando l&rsquo;Italia fa bene le cose che le appartengono, il mondo ascolta&hellip;<\/p>\n","protected":false},"author":1,"featured_media":31220,"comment_status":"open","ping_status":"open","sticky":false,"template":"","format":"standard","meta":{"rop_custom_images_group":[],"rop_custom_messages_group":[],"rop_publish_now":"initial","rop_publish_now_accounts":[],"rop_publish_now_history":[],"rop_publish_now_status":"pending","footnotes":""},"categories":[16,10016],"tags":[281,1099,1228,2172,9764],"class_list":["post-31218","post","type-post","status-publish","format-standard","has-post-thumbnail","hentry","category-articolo","category-fiere","tag-bruno-angelo-porcellana","tag-nonsolomodanews","tag-rimini","tag-sigep","tag-simone-martini"],"_links":{"self":[{"href":"https:\/\/www.nonsolomodanews.it\/wordpress\/wp-json\/wp\/v2\/posts\/31218","targetHints":{"allow":["GET"]}}],"collection":[{"href":"https:\/\/www.nonsolomodanews.it\/wordpress\/wp-json\/wp\/v2\/posts"}],"about":[{"href":"https:\/\/www.nonsolomodanews.it\/wordpress\/wp-json\/wp\/v2\/types\/post"}],"author":[{"embeddable":true,"href":"https:\/\/www.nonsolomodanews.it\/wordpress\/wp-json\/wp\/v2\/users\/1"}],"replies":[{"embeddable":true,"href":"https:\/\/www.nonsolomodanews.it\/wordpress\/wp-json\/wp\/v2\/comments?post=31218"}],"version-history":[{"count":4,"href":"https:\/\/www.nonsolomodanews.it\/wordpress\/wp-json\/wp\/v2\/posts\/31218\/revisions"}],"predecessor-version":[{"id":31238,"href":"https:\/\/www.nonsolomodanews.it\/wordpress\/wp-json\/wp\/v2\/posts\/31218\/revisions\/31238"}],"wp:featuredmedia":[{"embeddable":true,"href":"https:\/\/www.nonsolomodanews.it\/wordpress\/wp-json\/wp\/v2\/media\/31220"}],"wp:attachment":[{"href":"https:\/\/www.nonsolomodanews.it\/wordpress\/wp-json\/wp\/v2\/media?parent=31218"}],"wp:term":[{"taxonomy":"category","embeddable":true,"href":"https:\/\/www.nonsolomodanews.it\/wordpress\/wp-json\/wp\/v2\/categories?post=31218"},{"taxonomy":"post_tag","embeddable":true,"href":"https:\/\/www.nonsolomodanews.it\/wordpress\/wp-json\/wp\/v2\/tags?post=31218"}],"curies":[{"name":"wp","href":"https:\/\/api.w.org\/{rel}","templated":true}]}}