{"id":307,"date":"2013-05-05T00:10:32","date_gmt":"2013-05-05T00:10:32","guid":{"rendered":"http:\/\/nonsolomodanews.wordpress.com\/?p=307"},"modified":"2013-05-05T00:10:32","modified_gmt":"2013-05-05T00:10:32","slug":"307-2","status":"publish","type":"post","link":"https:\/\/www.nonsolomodanews.it\/wordpress\/307-2\/","title":{"rendered":"Intervista alla piemontese Elena Dresti, una modella e fotomodella senza grilli per la testa."},"content":{"rendered":"<p style=\"text-align:justify;\"><span style=\"color:#000000;\">Incontriamo <b>Elena Dresti,<\/b><\/span><\/p>\n<div id=\"attachment_318\" style=\"width: 610px\" class=\"wp-caption alignright\"><a href=\"http:\/\/nonsolomodanews.wordpress.com\/2013\/05\/05\/307\/480190_4604580720456_785023774_n\/\" rel=\"attachment wp-att-318\"><img loading=\"lazy\" decoding=\"async\" aria-describedby=\"caption-attachment-318\" class=\"size-full wp-image-318\" alt=\"Elena Dresti\" src=\"http:\/\/nonsolomodanews.files.wordpress.com\/2013\/05\/480190_4604580720456_785023774_n.jpg\" width=\"600\" height=\"900\" srcset=\"https:\/\/www.nonsolomodanews.it\/wordpress\/wp-content\/uploads\/2013\/05\/480190_4604580720456_785023774_n.jpg 600w, https:\/\/www.nonsolomodanews.it\/wordpress\/wp-content\/uploads\/2013\/05\/480190_4604580720456_785023774_n-200x300.jpg 200w\" sizes=\"auto, (max-width: 600px) 100vw, 600px\" \/><\/a><p id=\"caption-attachment-318\" class=\"wp-caption-text\">Elena Dresti<\/p><\/div>\n<p style=\"text-align:justify;\"><span style=\"color:#000000;\">\u00a0giovanissima modella\/fotomodella piemontese, e in modo particolare della provincia \u201cGranda\u201d come viene definita la provincia di Cuneo. Si definisce una ragazza molto atletica e studiosa e che nel tempo libero fa la bagnina. Frequenta il Liceo delle Scienze Sociali a indirizzo sportivo a Cuneo. Ha studiato recitazione e ha partecipato a vari concorsi di bellezza ottenendo degli ottimi risultati che l\u2019hanno stimolata ad insistere su questa strada e concedere questa intervista, in esclusiva, per Nonsolomodanews <\/span><\/p>\n<p style=\"text-align:justify;\"><b>Ciao Elena grazie per averci incontrato, ti vuoi presentare ai nostri lettori? <\/b><br \/>\n<em><span style=\"color:#000000;\">\u201cMi chiamo Elena Dresti, ho quasi 18 anni essendo nata ad ottobre del 1995, e abito a Narzole in provincia di Cuneo\u201d<\/span><\/em><\/p>\n<p style=\"text-align:justify;\"><b>Quando hai iniziato a sfilare? <\/b><br \/>\n<span style=\"color:#000000;\"><i>\u201cHo iniziato a sfilare nel 2012 grazie ad una mia amica che mi ha trascinato ad un concorso di <\/i><em>bellezza. Da li \u00e8 iniziata la mia &#8220;piccola cariera&#8221; di modella. Grazie a questo concorso mi sono fatta trascinare ad<\/em> <i>altri e adesso non ne posso pi\u00f9 fare a meno\u201d.<\/i><\/span><\/p>\n<p style=\"text-align:justify;\"><strong><span style=\"color:#000000;\">Chi in famiglia ti ha pi\u00f9 sostenuto in questa tua scelta di fare la modella\/fotomodella?<br \/>\n<\/span><\/strong><em><span style=\"color:#000000;\">&#8220;In questa mia scelta mi hanno sostenuto tutti e due i miei genitori, se devo essere sincera pap\u00e0 ha creduto in me fin da subito, mamma invece era un po&#8217; pi\u00f9 pessimista ma lei \u00e8 cos\u00ec probabilmente lo fa per non crearmi illusioni\u201d.<\/span><\/em><\/p>\n<p><strong><span style=\"color:#000000;\">Le tue caratteristiche fisiche?<\/span><\/strong><br \/>\n<em><span style=\"color:#000000;\">\u201cSono alta 176 cm. ho una taglia 40. Le misure sono 91 (seno) 65 (vita) 85 (fianchi) occhi azzurri e i capelli biondi\u201d.<\/span><\/em><\/p>\n<div id=\"attachment_321\" style=\"width: 550px\" class=\"wp-caption alignnone\"><a href=\"http:\/\/nonsolomodanews.files.wordpress.com\/2013\/05\/555208_310650772389719_183522387_n.jpg\"><img loading=\"lazy\" decoding=\"async\" aria-describedby=\"caption-attachment-321\" class=\"size-full wp-image-321 \" alt=\"Elena Dresti  \" src=\"http:\/\/nonsolomodanews.files.wordpress.com\/2013\/05\/555208_310650772389719_183522387_n.jpg\" width=\"540\" height=\"720\" srcset=\"https:\/\/www.nonsolomodanews.it\/wordpress\/wp-content\/uploads\/2013\/05\/555208_310650772389719_183522387_n.jpg 540w, https:\/\/www.nonsolomodanews.it\/wordpress\/wp-content\/uploads\/2013\/05\/555208_310650772389719_183522387_n-225x300.jpg 225w\" sizes=\"auto, (max-width: 540px) 100vw, 540px\" \/><\/a><p id=\"caption-attachment-321\" class=\"wp-caption-text\">Elena Dresti<\/p><\/div>\n<p style=\"text-align:justify;\"><b>Che cosa apprezzi di pi\u00f9 di te, a livello fisico?<\/b><br \/>\n<i><span style=\"color:#000000;\">\u201cIo sono gelosissima dei miei capelli forse sono la cosa che amo di pi\u00f9 insieme al viso.<\/span><\/i><\/p>\n<p style=\"text-align:justify;\"><b>E quello che apprezzi di meno?<\/b><br \/>\n<i><span style=\"color:#000000;\">\u201cQuello che apprezzo di meno sono le mie gambe, le vedo troppo grosse.<\/span><\/i><\/p>\n<p style=\"text-align:justify;\"><b>Sei una ragazza che sicuramente non passa inosservata. Special modo quando metti i tacchi. Il fatto di essere alta e avere i \u201cnumeri\u201d lo vedi come un vantaggio o svantaggio?<\/b><br \/>\n<i><span style=\"color:#000000;\">\u201cPer me essere alta \u00e8 un vantaggio perch\u00e8 mi permette di fare delle cose che persone pi\u00f9 basse di me non possono fare. Ma nello stesso tempo \u00e8 uno svantaggio perch\u00e8 quando esco non metto quasi mai i tacchi mentre le mie amiche si e io sono comunque sempre pi\u00f9 alta di loro\u201d.<\/span><\/i><\/p>\n<p style=\"text-align:justify;\"><b>Sei fidanzata?<\/b><br \/>\n<span style=\"color:#000000;\"><i>\u201cSi sono fidanzata con un ragazzo stupendo\u201d.<\/i><b><\/b><\/span><\/p>\n<p style=\"text-align:justify;\"><b>Oltre a sfilare e fare fotografie, che cosa ti piace fare? <\/b><br \/>\n<i><span style=\"color:#000000;\">\u201cAmo moltissimo la recitazione, infatti ho frequentato per due anni un corso a Cuneo e da due anni faccio parte della compagnia teatrale Onlus Harold Haupwood di Cherasco\u201d.<\/span><\/i><\/p>\n<div id=\"attachment_315\" style=\"width: 650px\" class=\"wp-caption alignright\"><a href=\"http:\/\/nonsolomodanews.files.wordpress.com\/2013\/05\/386373_4554390392030_308105647_n.jpg\"><img loading=\"lazy\" decoding=\"async\" aria-describedby=\"caption-attachment-315\" class=\"size-full wp-image-315\" alt=\"Elena Dresti \" src=\"http:\/\/nonsolomodanews.files.wordpress.com\/2013\/05\/386373_4554390392030_308105647_n.jpg\" width=\"640\" height=\"424\" srcset=\"https:\/\/www.nonsolomodanews.it\/wordpress\/wp-content\/uploads\/2013\/05\/386373_4554390392030_308105647_n.jpg 960w, https:\/\/www.nonsolomodanews.it\/wordpress\/wp-content\/uploads\/2013\/05\/386373_4554390392030_308105647_n-300x199.jpg 300w\" sizes=\"auto, (max-width: 640px) 100vw, 640px\" \/><\/a><p id=\"caption-attachment-315\" class=\"wp-caption-text\">Elena Dresti<\/p><\/div>\n<p style=\"text-align:justify;\"><b>Ci vuoi raccontare la tua esperienza nel campo delle sfilate e della moda? <\/b><br \/>\n<i><span style=\"color:#000000;\">\u201cLavoro occasionalmente come hostess presso l\u2019agenzia 360\u00b0 di Cherasco, ho partecipato a due provini cinematografici al Cineporto di Torino, di recente ho fatto diversi servizi fotografici, sfilate e ho partecipato a dei concorsi di bellezza\u201d.<\/span><\/i><\/p>\n<p style=\"text-align:justify;\"><b>Concorsi di bellezza? Ce ne vuoi parlare? <\/b><br \/>\n<i><span style=\"color:#000000;\">Ho vinto \u201cMiss la Riviera\u201d a Riva Ligure (SV) e \u201cMiss comuni fioriti\u201d a san Michele di Mondov\u00ec (CN). Ho partecipato alla semi-finale internazionale di \u201cNew Model Today\u201d e alla finale nazionale de \u201cLa pi\u00f9 bella delle miss\u201d. In oltre negli ultimi mesi ho vinto altre sei fasce. Recentemente sono arrivata 3 al concorso &#8220;Miss Oltreoceano&#8221; e ad agosto andr\u00f2 a fare la finale Nazionale a Sciacca (PA) in Sicilia rappresentando il Piemonte\u201d.<\/span><\/i><\/p>\n<p style=\"text-align:justify;\"><b>Ci vuoi parlare delle tue recenti esperienze lavorative come fotomodella nelle quali ti hanno visto protagonista? <\/b><br \/>\n&#8220;Sono stata ragazza copertina della rivista \u201cIl Faro\u201d di luglio\/agosto 2012. Ho fatto il mese di ottobre per il calendario di \u201cFiordimiss\u201d di Cisano sul Neva (SV) e a<i>d ottobre ho partecipato al Ballo delle Debuttanti di Roma\u201d.<\/i><\/p>\n<p style=\"text-align:justify;\"><b><a href=\"http:\/\/nonsolomodanews.files.wordpress.com\/2013\/05\/12014_363487340439395_950399513_n.jpg\"><img loading=\"lazy\" decoding=\"async\" class=\"alignright size-full wp-image-311\" alt=\"12014_363487340439395_950399513_n\" src=\"http:\/\/nonsolomodanews.files.wordpress.com\/2013\/05\/12014_363487340439395_950399513_n.jpg\" width=\"640\" height=\"958\" srcset=\"https:\/\/www.nonsolomodanews.it\/wordpress\/wp-content\/uploads\/2013\/05\/12014_363487340439395_950399513_n.jpg 641w, https:\/\/www.nonsolomodanews.it\/wordpress\/wp-content\/uploads\/2013\/05\/12014_363487340439395_950399513_n-200x300.jpg 200w\" sizes=\"auto, (max-width: 640px) 100vw, 640px\" \/><\/a>Cosa significa partecipare al ballo delle debuttanti? Come sei stata scelta? <\/b><br \/>\n<i><span style=\"color:#000000;\">\u201cPartecipare al Gran Ballo Viennese delle Debuttanti di Roma \u00e8 un sogno che ogni ragazza dovrebbe avere la possibilit\u00e0 di vivere almeno una volta nella vita. Questo ballo, sembra strano, ma mi ha cambiato la vita. Ho conosciuto delle persone fantastiche e poi gli ufficiali sono&#8230; Speciali! Hanno un modo di fare, di parlare, di comportarsi, di porsi con gli altri che mi ha colpito, cosa che non dovrebbe succedere perch\u00e8 tutti i ragazzi dovrebbero essere cos\u00ec. <\/span><\/i><i><span style=\"color:#000000;\">Per partecipare al ballo \u00e8 necessario scrivere una lettera motivazionale, compilare un foglio che ti dicono loro e allegare due foto.<\/span><\/i><br \/>\n<i><span style=\"color:#000000;\">Come sono stata scelta non lo so perch\u00e8 ero forse l&#8217;unica ragazza k non aveva mai partecipato ad un corso di danza quindi io sono la prova che qualsiasi ragazza ci pu\u00f2 provare. <\/span><\/i><i><span style=\"color:#000000;\">Si pu\u00f2 partecipare al ballo dai 16 ai 23 anni ma purtroppo a volte nn si viene scelte al primo tentativo. Io fortunatamente sono stata scelta subito, la prima volta\u201d.<\/span><\/i><\/p>\n<p style=\"text-align:justify;\"><b>Sei una ragazza che sogna ad occhi aperti oppure sei consapevole del periodo in cui viviamo?<\/b><br \/>\n<i><span style=\"color:#000000;\">\u201cIo sono una grande sognatrice ma cerco sempre di non confondere i sogni con la realt\u00e0 perch\u00e8 questo pu\u00f2 portare a delle delusioni\u201d.<\/span><\/i><\/p>\n<p style=\"text-align:justify;\"><b>Pensi che la vita di fotomodella\/modella possa essere il lavoro per tutta la tua vita?<\/b><br \/>\n<i><span style=\"color:#000000;\">\u201cSecondo me fare la modella\/fotomodella \u00e8 un sogno che non pu\u00f2 durare per sempre\u201d.<\/span><\/i><\/p>\n<div id=\"attachment_313\" style=\"width: 597px\" class=\"wp-caption alignright\"><a href=\"http:\/\/nonsolomodanews.files.wordpress.com\/2013\/05\/150108_355461394575323_533031670_n.jpg\"><img loading=\"lazy\" decoding=\"async\" aria-describedby=\"caption-attachment-313\" class=\"size-full wp-image-313\" alt=\"Elena Dresti\" src=\"http:\/\/nonsolomodanews.files.wordpress.com\/2013\/05\/150108_355461394575323_533031670_n.jpg\" width=\"587\" height=\"884\" srcset=\"https:\/\/www.nonsolomodanews.it\/wordpress\/wp-content\/uploads\/2013\/05\/150108_355461394575323_533031670_n.jpg 587w, https:\/\/www.nonsolomodanews.it\/wordpress\/wp-content\/uploads\/2013\/05\/150108_355461394575323_533031670_n-199x300.jpg 199w\" sizes=\"auto, (max-width: 587px) 100vw, 587px\" \/><\/a><p id=\"caption-attachment-313\" class=\"wp-caption-text\">Elena Dresti<\/p><\/div>\n<p style=\"text-align:justify;\"><b>Cosa vorresti fare quando terminerai la carriera nell\u2019ambito della bellezza?<\/b><br \/>\n<i><span style=\"color:#000000;\">\u201cPurtroppo non ho ancora scelto a che universit\u00e0 iscrivermi quindi appena la mia cariera finir\u00e0 mi dedicher\u00f2 a ci\u00f2 per cui ho studiato. Io attualmente sono una bagnina e mi piacerebbe lavorare nel settore sportivo\u201d.<\/span><\/i><\/p>\n<p style=\"text-align:justify;\"><span style=\"color:#000000;\">Grazie Elena per la tua cortesia e disponibilit\u00e0 a nome mio e dei lettori di Nonsolomodanews.<\/span><\/p>\n<address><strong>\u00a9 RIPRODUZIONE RISERVATA\u00a0&#8211;\u00a0I credits delle fotografie appartengono ai relativi fotografi.<\/strong><\/address>\n","protected":false},"excerpt":{"rendered":"<p>Incontriamo Elena Dresti, &nbsp;giovanissima modella\/fotomodella piemontese, e in modo particolare della provincia &ldquo;Granda&rdquo; come viene definita la provincia di Cuneo. Si definisce una ragazza molto atletica e studiosa e che nel tempo libero fa la bagnina. Frequenta il Liceo delle Scienze Sociali a indirizzo sportivo a Cuneo. Ha studiato recitazione e ha partecipato a vari concorsi di bellezza ottenendo degli ottimi risultati che l&rsquo;hanno stimolata ad insistere su questa strada e concedere questa intervista, in esclusiva, per Nonsolomodanews Ciao Elena grazie per averci incontrato, ti vuoi presentare ai nostri lettori? &ldquo;Mi chiamo Elena Dresti, ho quasi 18 anni essendo nata ad ottobre del 1995, e abito a Narzole in provincia di Cuneo&rdquo; Quando hai iniziato a sfilare? &ldquo;Ho iniziato a sfilare nel 2012 grazie ad una mia amica che mi ha trascinato ad un concorso di bellezza. Da li &egrave; iniziata la mia &ldquo;piccola cariera&rdquo; di modella. Grazie a questo concorso mi sono fatta trascinare ad altri e adesso non ne posso pi&ugrave; fare a meno&rdquo;. Chi in famiglia ti ha pi&ugrave; sostenuto in questa tua scelta di fare la modella\/fotomodella? &ldquo;In questa mia scelta mi hanno sostenuto tutti e due i miei genitori, se devo essere sincera pap&agrave; ha [&hellip;]<\/p>\n","protected":false},"author":1,"featured_media":318,"comment_status":"open","ping_status":"open","sticky":false,"template":"","format":"standard","meta":{"rop_custom_images_group":[],"rop_custom_messages_group":[],"rop_publish_now":"initial","rop_publish_now_accounts":[],"rop_publish_now_history":[],"rop_publish_now_status":"pending","footnotes":""},"categories":[16],"tags":[227,407,466,566,588,718,746,1023,1099,216,218],"class_list":["post-307","post","type-post","status-publish","format-standard","has-post-thumbnail","hentry","category-articolo","tag-ballo-delle-debuttanti","tag-cuneo","tag-elena-dresti","tag-fiordimiss","tag-fotomodella","tag-harold-haupwood-di-cherasco","tag-intervista","tag-miss-oltreoceano","tag-nonsolomodanews","tag-miss-la-riviera","tag-new-model-today"],"_links":{"self":[{"href":"https:\/\/www.nonsolomodanews.it\/wordpress\/wp-json\/wp\/v2\/posts\/307","targetHints":{"allow":["GET"]}}],"collection":[{"href":"https:\/\/www.nonsolomodanews.it\/wordpress\/wp-json\/wp\/v2\/posts"}],"about":[{"href":"https:\/\/www.nonsolomodanews.it\/wordpress\/wp-json\/wp\/v2\/types\/post"}],"author":[{"embeddable":true,"href":"https:\/\/www.nonsolomodanews.it\/wordpress\/wp-json\/wp\/v2\/users\/1"}],"replies":[{"embeddable":true,"href":"https:\/\/www.nonsolomodanews.it\/wordpress\/wp-json\/wp\/v2\/comments?post=307"}],"version-history":[{"count":0,"href":"https:\/\/www.nonsolomodanews.it\/wordpress\/wp-json\/wp\/v2\/posts\/307\/revisions"}],"wp:featuredmedia":[{"embeddable":true,"href":"https:\/\/www.nonsolomodanews.it\/wordpress\/wp-json\/wp\/v2\/media\/318"}],"wp:attachment":[{"href":"https:\/\/www.nonsolomodanews.it\/wordpress\/wp-json\/wp\/v2\/media?parent=307"}],"wp:term":[{"taxonomy":"category","embeddable":true,"href":"https:\/\/www.nonsolomodanews.it\/wordpress\/wp-json\/wp\/v2\/categories?post=307"},{"taxonomy":"post_tag","embeddable":true,"href":"https:\/\/www.nonsolomodanews.it\/wordpress\/wp-json\/wp\/v2\/tags?post=307"}],"curies":[{"name":"wp","href":"https:\/\/api.w.org\/{rel}","templated":true}]}}