{"id":30597,"date":"2025-10-26T11:35:18","date_gmt":"2025-10-26T11:35:18","guid":{"rendered":"https:\/\/www.nonsolomodanews.it\/wordpress\/?p=30597"},"modified":"2025-10-26T11:35:18","modified_gmt":"2025-10-26T11:35:18","slug":"martina-mengia-venere-nonsolomodanews-2025","status":"publish","type":"post","link":"https:\/\/www.nonsolomodanews.it\/wordpress\/martina-mengia-venere-nonsolomodanews-2025\/","title":{"rendered":"Martina Mengia, Venere Nonsolomodanews 2025"},"content":{"rendered":"<p><span style=\"color: #000000;\"><strong><a style=\"color: #000000;\" href=\"https:\/\/www.nonsolomodanews.it\/wordpress\/wp-content\/uploads\/2025\/10\/Martina-Mengia-005.jpg\"><img loading=\"lazy\" decoding=\"async\" class=\"wp-image-30608 size-medium alignleft\" src=\"https:\/\/www.nonsolomodanews.it\/wordpress\/wp-content\/uploads\/2025\/10\/Martina-Mengia-005-240x300.jpg\" alt=\"\" width=\"240\" height=\"300\" srcset=\"https:\/\/www.nonsolomodanews.it\/wordpress\/wp-content\/uploads\/2025\/10\/Martina-Mengia-005-240x300.jpg 240w, https:\/\/www.nonsolomodanews.it\/wordpress\/wp-content\/uploads\/2025\/10\/Martina-Mengia-005-819x1024.jpg 819w, https:\/\/www.nonsolomodanews.it\/wordpress\/wp-content\/uploads\/2025\/10\/Martina-Mengia-005-768x960.jpg 768w, https:\/\/www.nonsolomodanews.it\/wordpress\/wp-content\/uploads\/2025\/10\/Martina-Mengia-005.jpg 1080w\" sizes=\"auto, (max-width: 240px) 100vw, 240px\" \/><\/a>Nonsolomodanews<\/strong>\u00a0ha il piacere di presentare ai propri lettori le concorrenti, vincitrici di fascia, che hanno partecipato alla finale nazionale del concorso\u00a0<a style=\"color: #000000;\" href=\"https:\/\/www.nonsolomodanews.it\/wordpress\/denise-martino-vince-la-finale-regionale-regione-calabria-del-concorso-venere-ditalia\/\"><strong>Venere d\u2019Italia<\/strong>\u00a0<\/a>del patron Pietro Cortese, che si \u00e8 svolto nell\u2019incantevole cornice dell\u2019hotel Costa Elisabeth nel suggestivo borgo di Cir\u00f2 (KR).\u00a0 Oggi abbiamo il piacere di presentare la vincitrice della fascia del nostro web magazine <strong><a style=\"color: #000000;\" href=\"https:\/\/www.instagram.com\/_martinamengia_\/\">Martina Mengia<\/a>, Venere Nonsolomodanews 2025<\/strong>. Ringraziamo Siria per averci concesso questa intervista e auguriamo ai lettori di Nonsolomodanews buona lettura.<strong><br \/>\n<\/strong><\/span><\/p>\n<p><span style=\"color: #000000;\"><strong>Ti vuoi presentare? <\/strong>\u201cMi chiamo Martina Mengia, ho 17 anni e sono nata il 15 novembre 2007 a Larino (CB). Attualmente risiedo a Campobasso, in Molise. Sono alta 165 cm, ho gli occhi verdi, i capelli biondi, e le mie misure sono: seno 80, vita 65 e fianchi 85. Porto il numero di scarpe 38\u201d.<\/span><\/p>\n<p><span style=\"color: #000000;\"><strong>Complimenti per avere conquistato la fascia Venere Nonsolomodanews 2025 <\/strong>\u201cGrazie mille per i complimenti! Vincere la fascia di Venere Nonsolomodanews 2025 \u00e8 stata un\u2019emozione grandissima, un traguardo che non dimenticher\u00f2 mai\u201d.<\/span><\/p>\n<p><span style=\"color: #000000;\"><strong>Hai un episodio\/aneddoto curioso che ti \u00e8 capitato durante la finale che ci vuoi raccontare? <\/strong>\u201cUn episodio curioso durante la finale? Quando hanno annunciato le prime 15 e hanno nominato il numero 12 non mi ero accorta che avevano chiamato proprio me. Ero talmente incredula che io a mia volta ho chiamato il numero 12 per vedere chi fosse, poi guardo il mio numero e ricollego che la numero 12 ero proprio io. In quel momento allora ho fatto una corsetta veloce per le scale, rischiando anche di cadere, e sono uscita sul palco sorridente e ancora incredula di essere rientrata nelle top 15\u201d.<\/span><\/p>\n<p><span style=\"color: #000000;\"><strong>Ci dici in due parole le emozioni che hai provato partecipando al concorso? <\/strong>\u00a0\u201cPartecipare al concorso \u00e8 stato un mix di emozioni: entusiasmo, adrenalina e tanta gratitudine\u201d.<\/span><\/p>\n<p><span style=\"color: #000000;\"><strong>Come sei giunta alla finale nazionale, qual \u00e8 stato il percorso? <\/strong>\u201cSono arrivata alla finale nazionale grazie a un vero e proprio percorso di crescita personale iniziato nel 2022 con Venere d\u2019Italia. Quell\u2019anno ho conquistato la fascia di Venere TV Molise, nel 2023 quella di Venere Moda Molise e nel 2025 Venere Spettacolo Molise, che mi ha permesso di accedere alla finale e vincere la fascia nazionale di Venere Nonsolomodanews\u201d.<\/span><\/p>\n<p><span style=\"color: #000000;\"><strong>Sulla base delle tue esperienze, consiglieresti ad una ragazza di partecipare ai concorsi di bellezza?<\/strong> \u201cAssolutamente s\u00ec, consiglierei a una ragazza di partecipare a un concorso di bellezza perch\u00e9 \u00e8 un\u2019esperienza che ti aiuta a crescere, a credere di pi\u00f9 in te stessa e a metterti alla prova, imparando anche a valorizzarti e ad accettarti\u201d.<\/span><\/p>\n<p><span style=\"color: #000000;\"><strong>Come sei di carattere?<\/strong> \u201cSono una ragazza solare, determinata e curiosa. Mi piace mettermi in gioco e affrontare le sfide con il sorriso\u201d.<\/span><\/p>\n<p><span style=\"color: #000000;\"><strong>Sei una persona ambiziosa?<\/strong> \u201cS\u00ec, sono una persona ambiziosa. Quando mi pongo un obiettivo, cerco sempre di raggiungerlo con impegno e passione\u201d.<\/span><\/p>\n<p><span style=\"color: #000000;\"><strong>Sei una scout e fai volontariato. Ci racconti il tuo impegno civile?<\/strong> \u00a0\u201cEssere scout e fare volontariato mi ha insegnato molto: rispetto, solidariet\u00e0 e spirito di servizio. Mi piace dedicare parte del mio tempo agli altri, perch\u00e9 credo che ogni piccolo gesto possa fare la differenza\u201d.<\/span><\/p>\n<p><span style=\"color: #000000;\"><strong>Sei una sportiva e fai arrampicata. Che differenza c\u2019\u00e8 tra l\u2019arrampicata normale e quella sportiva?<\/strong> \u201cL\u2019arrampicata sportiva \u00e8 diversa da quella normale perch\u00e9 richiede una preparazione tecnica e fisica specifica. Non si tratta solo di salire una parete ma di una vera sfida, superare i propri limiti, mantenendo concentrazione e controllo del corpo. \u00c8 uno sport che unisce forza e mente\u201d.<\/span><\/p>\n<p><span style=\"color: #000000;\"><strong>Fai attivit\u00e0 fisica per mantenere il tuo corpo?<\/strong> \u201cS\u00ec, faccio attivit\u00e0 fisica regolarmente per mantenermi in forma: oltre all\u2019arrampicata, amo camminare, correre e soprattutto fare trekking nella natura\u201d.<\/span><\/p>\n<p><span style=\"color: #000000;\"><strong>Qual \u00e8 il tuo punto forte del tuo aspetto fisico?<\/strong> &#8220;Il mio punto forte sono gli occhi: sono di un colore particolare, sono profondi e unici e poi riescono a trasmettere ci\u00f2 che provo, anche senza parlare\u201d.<\/span><\/p>\n<p><span style=\"color: #000000;\"><strong>Stai attenta all\u2019alimentazione? <\/strong>\u201cSto attenta all\u2019alimentazione, ma senza privarmi troppo. Credo che mangiare equilibrato e sano sia la chiave di tutto\u201d.<\/span><\/p>\n<p><span style=\"color: #000000;\"><strong>Qual \u00e8 il tuo rapporto con la carne in generale?<\/strong> \u201cMangio carne, ma con moderazione. Mi piace variare e alternare con pesce e verdure\u201d.<\/span><\/p>\n<p><span style=\"color: #000000;\"><strong>Carne bianca o rossa?<\/strong> \u201cPreferisco la carne rossa, come si fa a dire di no a una buona tagliata di carne?\u201d<\/span><\/p>\n<p><span style=\"color: #000000;\"><strong>Piatto preferito?<\/strong> \u201cIl mio piatto preferito sembrer\u00e0 strano ma sono i tortellini in brodo, riescono a darmi la sensazione di casa\u201d<\/span><\/p>\n<p><span style=\"color: #000000;\"><strong>Qual \u00e8 il colore preferito?<\/strong> \u201cIl mio colore preferito \u00e8 il bianco, rappresenta eleganza, luce, calma e semplicit\u00e0\u201d.<\/span><\/p>\n<p><span style=\"color: #000000;\"><strong>Che cosa \u00e8 per te la femminilit\u00e0?<\/strong> \u201cPer me la femminilit\u00e0 \u00e8 autenticit\u00e0. Non dipende da come ci si veste o da come ci si mostra, ma da ci\u00f2 che si trasmette: la capacit\u00e0 di amare, di comprendere e di affrontare la vita con forza, eleganza e determinazione\u201d.<\/span><\/p>\n<p><span style=\"color: #000000;\"><strong>Pensi che presentarti davanti al pubblico in costume possa ledere la tua femminilit\u00e0?<\/strong> \u201cCredo che mostrarsi in costume non leda la femminilit\u00e0, ma riconosco che non \u00e8 sempre facile. Nei concorsi di bellezza fa parte della valutazione e penso sia giusto affrontarlo con serenit\u00e0 perch\u00e9 rappresenta anche sicurezza e consapevolezza di s\u00e9. Ci sono persone fiere del proprio corpo e altre che stanno ancora imparando ad accettarsi, ma l\u2019importante \u00e8 sentirsi a proprio agio, che il costume sia intero o a due pezzi. Credo inoltre che, per rispetto e parit\u00e0, i costumi debbano essere uguali per tutte le concorrenti\u201d.<\/span><\/p>\n<p><span style=\"color: #000000;\"><strong>Quando hai iniziato a partecipare a concorsi di bellezza? <\/strong>\u201cHo iniziato a partecipare ai concorsi di bellezza nel 2022, quando avevo solo 14 anni. All\u2019inizio ero un po\u2019 timida e impacciata ma col tempo ho imparato a vivere la passerella come un momento di libert\u00e0 e divertimento\u201d.<\/span><\/p>\n<p><span style=\"color: #000000;\"><strong>Cosa vuol dire per te essere fotogenica?<\/strong> \u201cEssere fotogenica, per me, significa saper trasmettere emozioni attraverso una foto, non solo essere \u2018bella\u2019 ma anche autentica\u201d.<\/span><\/p>\n<p><span style=\"color: #000000;\"><strong>Che cosa \u00e8 per te lo charm di una donna?<\/strong> \u201cPer me lo charm \u00e8 qualcosa che ti rimane dentro, un\u2019emozione che una persona riesce a trasmettere solo con la sua presenza. Pu\u00f2 essere uno sguardo, un sorriso o una personalit\u00e0 forte che lascia il segno. \u00c8 quel fascino naturale che non si impone, ma che si fa ricordare\u201d.<\/span><\/p>\n<p><span style=\"color: #000000;\"><strong>Ti ricordi la prima volta?<\/strong> \u201cLa prima volta che ho sfilato? Ricordo che ero molto tesa essendo che sarebbe stata anche la prima volta che camminavo sui tacchi. Ancora oggi ricordo la location, l\u2019esterno di un ristorante con giardino e purtroppo anche con delle scale, \u00e8 stata forse una delle passerelle pi\u00f9 lunghe e difficili fino ad ora. Ero davvero molto contenta di partecipare perch\u00e9 era un\u2019esperienza nuova ma soprattutto perch\u00e8 nei giorni precedenti sia mia madre che mia zia si erano divertite a organizzare tutto nei minimi dettagli\u201d.<\/span><\/p>\n<p><span style=\"color: #000000;\"><strong>Segui la moda?<\/strong> \u201cS\u00ec, abbastanza. Mi piace guardare le sfilate e i cataloghi di moda, mi diverto a scoprire nuovi stili e abbinamenti\u201d.<\/span><\/p>\n<p><span style=\"color: #000000;\"><strong>Che cos&#8217;\u00e8 per te la moda?<\/strong> \u201cPer me la moda non significa soltanto seguire le tendenze ma \u00e8 un modo per raccontarsi. Attraverso ci\u00f2 che indossi puoi comunicare emozioni, stati d\u2019animo e parte della tua personalit\u00e0\u201d.<\/span><\/p>\n<p><span style=\"color: #000000;\"><strong>Hai una modella che conosci e alla quale ti ispiri?<\/strong> \u201cMi ispiro a diverse modelle, ma ce n\u2019\u00e8 una che mi \u00e8 rimasta impressa: Coco Rocha. L\u2019ho scoperta durante un corso di modeling che ho frequentato e mi ha colpito per la sua unicit\u00e0 nelle pose e per la capacit\u00e0 di trasmettere emozioni in ogni scatto\u201d.<\/span><\/p>\n<p><span style=\"color: #000000;\"><strong>Questo \u00e8 il tuo campo. <\/strong><strong>Facebook, Instagram e Tik Tok. <\/strong><strong>Quali di questi tre social usi di pi\u00f9? <\/strong>\u201cUso principalmente Instagram: cerco di rendere il mio profilo un biglietto da visita per agenzie, fotografi e negozi. Pubblico shooting, collaborazioni, esperienze nell\u2019ambito della moda e naturalmente ci metto anche un po\u2019 della mia personalit\u00e0 quindi le mie passioni e i miei viaggi\u201d.<\/span><\/p>\n<p><span style=\"color: #000000;\"><strong>Quali sono i generi fotografici che preferisci e perch\u00e9?<\/strong> \u201cMi piacciono molto i ritratti e la fotografia fashion. Nei ritratti amo il modo in cui si riesce a raccontare una persona attraverso uno sguardo, mentre nel fashion mi affascina la parte artistica e dinamica che valorizza la moda e la personalit\u00e0 di chi posa\u201d.<\/span><\/p>\n<p><span style=\"color: #000000;\"><strong>Hai un progetto fotografico ti piacerebbe realizzare?<\/strong> \u201cVorrei creare un progetto fotografico che unisca la mia passione per il viaggio con quella per la fotografia. Mi piacerebbe raccontare il mondo indossando abiti tipici dei luoghi che visito, per mostrare come la moda possa diventare un ponte tra culture diverse\u201d.<\/span><\/p>\n<p><span style=\"color: #000000;\"><strong>Qual \u00e8 l&#8217;accessorio che non ti stacchi mai quando esci?<\/strong> \u201cL\u2019accessorio che non mi stacco mai \u00e8 una collana regalata da mia sorella che trovo elegante e perfetta per ogni occasione\u201d.<\/span><\/p>\n<p><span style=\"color: #000000;\"><strong>Ultima domanda, hai qualche persona in particolare da ringraziare per la tua partecipazione al concorso Venere d\u2019Italia?<\/strong> \u201cVorrei ringraziare la mia famiglia per il loro sostegno costante, mia zia e Monica Mastrantonio (ex agente regionale di Venere) che mi hanno fatto scoprire il mondo dei concorsi di bellezza, e Antonio Mustillo, il nostro agente regionale perch\u00e9 mette tanta passione in quello che fa. Si impegna sempre al massimo e ci trasmette entusiasmo. Tiene moltissimo a noi ragazze, ci tutela e ci accompagna con attenzione in tutto il nostro percorso\u201d.<\/span><\/p>\n<p><span style=\"color: #000000;\"><a style=\"color: #000000;\" href=\"https:\/\/www.instagram.com\/brunoangeloporcellana\/\">Bruno Angelo Porcellana<\/a><\/span><\/p>\n<p style=\"text-align: center;\"><span style=\"color: #000000;\">Le fotografie sono state fornite da Martina Mengia e\u00a0 da Venere d\u2019Italia \u2013I credits delle fotografie appartengono ai relativi fotografi<\/span><br \/>\n<span style=\"color: #000000;\">Tutti i diritti riservati \u00a9 2025 \u2013 Email: nonsolomodanews@gmail.com<style id=\"bwg-style-0\">      #bwg_container1_0 #bwg_container2_0 #bwg_mosaic_thumbnails_div_0 {        width: 100%;        position: relative;        background-color: rgba(255, 255, 255, 0.00);        text-align: center;        justify-content: center;                  margin-left: auto;          margin-right: auto;                    padding-left: 4px;          padding-top: 4px;                }          #bwg_container1_0 #bwg_container2_0 .bwg_mosaic_thumb_spun_0 {        display: block;        position: absolute;\t\t\t\tborder-radius: 0;\t\t\t\tborder: 0px none #CCCCCC;    \t\t    \t\tbackground-color:rgba(0,0,0, 0.30);        -moz-box-sizing: content-box !important;        -webkit-box-sizing: content-box !important;        box-sizing: content-box !important;      }\t\t\t#bwg_container1_0 #bwg_container2_0 .bwg_mosaic_thumb_0 {\t\t\t\tdisplay: block;\t\t\t\t-moz-box-sizing: content-box !important;\t\t\t\t-webkit-box-sizing: content-box !important;\t\t\t\tbox-sizing: content-box !important;\t\t\t\tmargin: 0;\t\t\t\topacity: 1.00;\t\t\t}      #bwg_container1_0 #bwg_container2_0 .bwg_mosaic_thumb_spun_0:hover {        opacity: 1;        backface-visibility: hidden;        -webkit-backface-visibility: hidden;        -moz-backface-visibility: hidden;        -ms-backface-visibility: hidden;        z-index: 102;      }\t      @media only screen and (min-width: 480px) {        #bwg_container1_0 #bwg_container2_0 .bwg_mosaic_thumb_spun_0:hover {          transform: scale(1.1);          -ms-transform: scale(1.1);          -webkit-transform: scale(1.1);        }      }\t      #bwg_container1_0 #bwg_container2_0 .bwg_mosaic_thumbnails_0 {        background-color: rgba(255, 255, 255, 0.00);        font-size: 0;        position: relative;        text-align: center;        display: inline-block;        visibility: hidden;              }\t  \/*image title styles*\/      #bwg_container1_0 #bwg_container2_0 .bwg_mosaic_title_spun1_0,      #bwg_container1_0 #bwg_container2_0 .bwg-mosaic-thumbnails .bwg_ecommerce_spun1_0 {        position: absolute;        display: block;        opacity: 0;        box-sizing: border-box;        text-align: center;\t\t\t\ttop: 50%;\t\t\t\tleft: 50%;\t\t\t\ttransform: translate(-50%, -50%);      }      #bwg_container1_0 #bwg_container2_0 .bwg-mosaic-thumbnails .bwg_mosaic_title_spun2_0,      #bwg_container1_0 #bwg_container2_0 .bwg-mosaic-thumbnails .bwg_ecommerce_spun2_0 {\t\t    color: #CCCCCC;        font-family: segoe ui;        font-size: 16px;        font-weight: bold;        text-shadow: 0px 0px 0px #888888;        vertical-align: middle;        word-wrap: break-word;      }            .bwg_mosaic_play_icon_spun_0 {        display: table;        position: absolute;        left: -10000px;        top: 0px;        opacity: 0;      }      .bwg_mosaic_play_icon_0 {        color: #CCCCCC;        font-size: 32px;        vertical-align: middle;        display: table-cell !important;        z-index: 1;        text-align: center;        margin: 0 auto;      }      #bwg_container1_0 #bwg_container2_0 .bwg_gal_title_0 {        background-color: rgba(0, 0, 0, 0);        color: #323A45;        display: block;        font-family: Ubuntu;        font-size: 16px;        font-weight: bold;        padding: 2px;        text-shadow: ;        text-align: center;      }            @media screen and (max-width: 350px) {      div[class^=\"bwg_mosaic_thumbnails_\"],      span[class^=\"bwg_mosaic_thumb_spun_\"] {      width: 100% !important;      }      img[class^=\"bwg_mosaic_thumb_\"] {      width: 100% !important;      height: auto !important;      margin: 0px auto !important;      }      }      <\/style>    <div id=\"bwg_container1_0\"         class=\"bwg_container bwg_thumbnail bwg_thumbnails_mosaic \"         data-right-click-protection=\"0\"         data-bwg=\"0\"         data-scroll=\"0\"         data-gallery-type=\"thumbnails_mosaic\"         data-gallery-view-type=\"thumbnails_mosaic\"         data-current-url=\"\/wordpress\/wp-json\/wp\/v2\/posts\/30597\"         data-lightbox-url=\"https:\/\/www.nonsolomodanews.it\/wordpress\/wp-admin\/admin-ajax.php?action=GalleryBox&#038;current_view=0&#038;gallery_id=894&#038;tag=0&#038;theme_id=1&#038;shortcode_id=1818&#038;sort_by=filename&#038;order_by=asc&#038;current_url=%2Fwordpress%2Fwp-json%2Fwp%2Fv2%2Fposts%2F30597\"         data-gallery-id=\"894\"         data-popup-width=\"800\"         data-popup-height=\"500\"         data-is-album=\"gallery\"         data-buttons-position=\"bottom\">      <div id=\"bwg_container2_0\">             <div id=\"ajax_loading_0\" class=\"bwg_loading_div_1\">      <div class=\"bwg_loading_div_2\">        <div class=\"bwg_loading_div_3\">          <div id=\"loading_div_0\" class=\"bwg_spider_ajax_loading\">          <\/div>        <\/div>      <\/div>    <\/div>            <form id=\"gal_front_form_0\"              class=\"bwg-hidden\"              method=\"post\"              action=\"#\"              data-current=\"0\"              data-shortcode-id=\"1818\"              data-gallery-type=\"thumbnails_mosaic\"              data-gallery-id=\"894\"              data-tag=\"0\"              data-album-id=\"0\"              data-theme-id=\"1\"              data-ajax-url=\"https:\/\/www.nonsolomodanews.it\/wordpress\/wp-admin\/admin-ajax.php?action=bwg_frontend_data\">          <div id=\"bwg_container3_0\" class=\"bwg-background bwg-background-0\">                <div id=\"bwg_mosaic_thumbnails_div_0\"         class=\"bwg-container-0 bwg-container bwg-mosaic-thumbnails\"         data-bwg=\"0\"         data-mosaic-direction=\"vertical\"         data-resizable=\"0\"         data-width=\"250\"         data-height=\"250\"         data-total-width=\"100\"         data-block-id=\"bwg_thumbnails_mosaic_0\"         data-thumb-padding=\"4\"         data-thumb-border=\"0\"         data-title-margin=\"2px\"         data-image-title=\"none\"         data-play-icon=\"1\"         data-ecommerce-icon=\"none\"         data-gallery-id=\"894\"         data-lightbox-url=\"https:\/\/www.nonsolomodanews.it\/wordpress\/wp-admin\/admin-ajax.php?action=GalleryBox&#038;current_view=0&#038;gallery_id=894&#038;tag=0&#038;theme_id=1&#038;shortcode_id=1818&#038;sort_by=filename&#038;order_by=asc&#038;current_url=%2Fwordpress%2Fwp-json%2Fwp%2Fv2%2Fposts%2F30597\"         data-mosaic-thumb-transition=\"1\"         style=\"visibility: hidden\" >      <div id=\"bwg_thumbnails_mosaic_0\" class=\"bwg_mosaic_thumbnails_0\">                  <a  class=\"bwg-a bwg_lightbox bwg_lightbox_0\" href=\"https:\/\/www.nonsolomodanews.it\/wordpress\/wp-content\/uploads\/photo-gallery\/Martina_Mengia\/Martina-Mengia-001.jpg?bwg=1761478390\" data-image-id=\"44383\" data-elementor-open-lightbox=\"no\">          <div class=\"bwg_mosaic_thumb_spun_0 bwg-item0 bwg-mosaic-thumb-span \">            <img decoding=\"async\" class=\"bwg_mosaic_thumb_0 skip-lazy bwg_img_clear bwg_img_custom \"                 id=\"44383\"                 src=\"https:\/\/www.nonsolomodanews.it\/wordpress\/wp-content\/uploads\/photo-gallery\/Martina_Mengia\/thumb\/Martina-Mengia-001.jpg?bwg=1761478390\"                 data-src=\"https:\/\/www.nonsolomodanews.it\/wordpress\/wp-content\/uploads\/photo-gallery\/Martina_Mengia\/thumb\/Martina-Mengia-001.jpg?bwg=1761478390\"                 data-width=\"300.00\"                 data-height=\"158.00\"                 alt=\"Martina-Mengia-001\"                 title=\"Martina-Mengia-001\" \/>                      <\/div>        <\/a>                <a  class=\"bwg-a bwg_lightbox bwg_lightbox_0\" href=\"https:\/\/www.nonsolomodanews.it\/wordpress\/wp-content\/uploads\/photo-gallery\/Martina_Mengia\/Martina-Mengia-002.jpg?bwg=1761478390\" data-image-id=\"44386\" data-elementor-open-lightbox=\"no\">          <div class=\"bwg_mosaic_thumb_spun_0 bwg-item0 bwg-mosaic-thumb-span \">            <img decoding=\"async\" class=\"bwg_mosaic_thumb_0 skip-lazy bwg_img_clear bwg_img_custom \"                 id=\"44386\"                 src=\"https:\/\/www.nonsolomodanews.it\/wordpress\/wp-content\/uploads\/photo-gallery\/Martina_Mengia\/thumb\/Martina-Mengia-002.jpg?bwg=1761478390\"                 data-src=\"https:\/\/www.nonsolomodanews.it\/wordpress\/wp-content\/uploads\/photo-gallery\/Martina_Mengia\/thumb\/Martina-Mengia-002.jpg?bwg=1761478390\"                 data-width=\"200.00\"                 data-height=\"300.00\"                 alt=\"Martina-Mengia-002\"                 title=\"Martina-Mengia-002\" \/>                      <\/div>        <\/a>                <a  class=\"bwg-a bwg_lightbox bwg_lightbox_0\" href=\"https:\/\/www.nonsolomodanews.it\/wordpress\/wp-content\/uploads\/photo-gallery\/Martina_Mengia\/Martina-Mengia-003.jpg?bwg=1761478390\" data-image-id=\"44385\" data-elementor-open-lightbox=\"no\">          <div class=\"bwg_mosaic_thumb_spun_0 bwg-item0 bwg-mosaic-thumb-span \">            <img decoding=\"async\" class=\"bwg_mosaic_thumb_0 skip-lazy bwg_img_clear bwg_img_custom \"                 id=\"44385\"                 src=\"https:\/\/www.nonsolomodanews.it\/wordpress\/wp-content\/uploads\/photo-gallery\/Martina_Mengia\/thumb\/Martina-Mengia-003.jpg?bwg=1761478390\"                 data-src=\"https:\/\/www.nonsolomodanews.it\/wordpress\/wp-content\/uploads\/photo-gallery\/Martina_Mengia\/thumb\/Martina-Mengia-003.jpg?bwg=1761478390\"                 data-width=\"198.00\"                 data-height=\"300.00\"                 alt=\"Martina-Mengia-003\"                 title=\"Martina-Mengia-003\" \/>                      <\/div>        <\/a>                <a  class=\"bwg-a bwg_lightbox bwg_lightbox_0\" href=\"https:\/\/www.nonsolomodanews.it\/wordpress\/wp-content\/uploads\/photo-gallery\/Martina_Mengia\/Martina-Mengia-004.jpg?bwg=1761478390\" data-image-id=\"44387\" data-elementor-open-lightbox=\"no\">          <div class=\"bwg_mosaic_thumb_spun_0 bwg-item0 bwg-mosaic-thumb-span \">            <img decoding=\"async\" class=\"bwg_mosaic_thumb_0 skip-lazy bwg_img_clear bwg_img_custom \"                 id=\"44387\"                 src=\"https:\/\/www.nonsolomodanews.it\/wordpress\/wp-content\/uploads\/photo-gallery\/Martina_Mengia\/thumb\/Martina-Mengia-004.jpg?bwg=1761478390\"                 data-src=\"https:\/\/www.nonsolomodanews.it\/wordpress\/wp-content\/uploads\/photo-gallery\/Martina_Mengia\/thumb\/Martina-Mengia-004.jpg?bwg=1761478390\"                 data-width=\"206.00\"                 data-height=\"300.00\"                 alt=\"Martina-Mengia-004\"                 title=\"Martina-Mengia-004\" \/>                      <\/div>        <\/a>                <a  class=\"bwg-a bwg_lightbox bwg_lightbox_0\" href=\"https:\/\/www.nonsolomodanews.it\/wordpress\/wp-content\/uploads\/photo-gallery\/Martina_Mengia\/Martina-Mengia-005.jpg?bwg=1761478390\" data-image-id=\"44384\" data-elementor-open-lightbox=\"no\">          <div class=\"bwg_mosaic_thumb_spun_0 bwg-item0 bwg-mosaic-thumb-span \">            <img decoding=\"async\" class=\"bwg_mosaic_thumb_0 skip-lazy bwg_img_clear bwg_img_custom \"                 id=\"44384\"                 src=\"https:\/\/www.nonsolomodanews.it\/wordpress\/wp-content\/uploads\/photo-gallery\/Martina_Mengia\/thumb\/Martina-Mengia-005.jpg?bwg=1761478390\"                 data-src=\"https:\/\/www.nonsolomodanews.it\/wordpress\/wp-content\/uploads\/photo-gallery\/Martina_Mengia\/thumb\/Martina-Mengia-005.jpg?bwg=1761478390\"                 data-width=\"240.00\"                 data-height=\"300.00\"                 alt=\"Martina-Mengia-005\"                 title=\"Martina-Mengia-005\" \/>                      <\/div>        <\/a>                <a  class=\"bwg-a bwg_lightbox bwg_lightbox_0\" href=\"https:\/\/www.nonsolomodanews.it\/wordpress\/wp-content\/uploads\/photo-gallery\/Martina_Mengia\/Martina-Mengia-006.jpg?bwg=1761478390\" data-image-id=\"44388\" data-elementor-open-lightbox=\"no\">          <div class=\"bwg_mosaic_thumb_spun_0 bwg-item0 bwg-mosaic-thumb-span \">            <img decoding=\"async\" class=\"bwg_mosaic_thumb_0 skip-lazy bwg_img_clear bwg_img_custom \"                 id=\"44388\"                 src=\"https:\/\/www.nonsolomodanews.it\/wordpress\/wp-content\/uploads\/photo-gallery\/Martina_Mengia\/thumb\/Martina-Mengia-006.jpg?bwg=1761478390\"                 data-src=\"https:\/\/www.nonsolomodanews.it\/wordpress\/wp-content\/uploads\/photo-gallery\/Martina_Mengia\/thumb\/Martina-Mengia-006.jpg?bwg=1761478390\"                 data-width=\"240.00\"                 data-height=\"300.00\"                 alt=\"Martina-Mengia-006\"                 title=\"Martina-Mengia-006\" \/>                      <\/div>        <\/a>                <a  class=\"bwg-a bwg_lightbox bwg_lightbox_0\" href=\"https:\/\/www.nonsolomodanews.it\/wordpress\/wp-content\/uploads\/photo-gallery\/Martina_Mengia\/Martina-Mengia-007.jpg?bwg=1761478390\" data-image-id=\"44391\" data-elementor-open-lightbox=\"no\">          <div class=\"bwg_mosaic_thumb_spun_0 bwg-item0 bwg-mosaic-thumb-span \">            <img decoding=\"async\" class=\"bwg_mosaic_thumb_0 skip-lazy bwg_img_clear bwg_img_custom \"                 id=\"44391\"                 src=\"https:\/\/www.nonsolomodanews.it\/wordpress\/wp-content\/uploads\/photo-gallery\/Martina_Mengia\/thumb\/Martina-Mengia-007.jpg?bwg=1761478390\"                 data-src=\"https:\/\/www.nonsolomodanews.it\/wordpress\/wp-content\/uploads\/photo-gallery\/Martina_Mengia\/thumb\/Martina-Mengia-007.jpg?bwg=1761478390\"                 data-width=\"200.00\"                 data-height=\"300.00\"                 alt=\"Martina-Mengia-007\"                 title=\"Martina-Mengia-007\" \/>                      <\/div>        <\/a>                <a  class=\"bwg-a bwg_lightbox bwg_lightbox_0\" href=\"https:\/\/www.nonsolomodanews.it\/wordpress\/wp-content\/uploads\/photo-gallery\/Martina_Mengia\/Martina-Mengia-008.jpg?bwg=1761478390\" data-image-id=\"44389\" data-elementor-open-lightbox=\"no\">          <div class=\"bwg_mosaic_thumb_spun_0 bwg-item0 bwg-mosaic-thumb-span \">            <img decoding=\"async\" class=\"bwg_mosaic_thumb_0 skip-lazy bwg_img_clear bwg_img_custom \"                 id=\"44389\"                 src=\"https:\/\/www.nonsolomodanews.it\/wordpress\/wp-content\/uploads\/photo-gallery\/Martina_Mengia\/thumb\/Martina-Mengia-008.jpg?bwg=1761478390\"                 data-src=\"https:\/\/www.nonsolomodanews.it\/wordpress\/wp-content\/uploads\/photo-gallery\/Martina_Mengia\/thumb\/Martina-Mengia-008.jpg?bwg=1761478390\"                 data-width=\"300.00\"                 data-height=\"190.00\"                 alt=\"Martina-Mengia-008\"                 title=\"Martina-Mengia-008\" \/>                      <\/div>        <\/a>                <a  class=\"bwg-a bwg_lightbox bwg_lightbox_0\" href=\"https:\/\/www.nonsolomodanews.it\/wordpress\/wp-content\/uploads\/photo-gallery\/Martina_Mengia\/Martina-Mengia-009.jpg?bwg=1761478390\" data-image-id=\"44390\" data-elementor-open-lightbox=\"no\">          <div class=\"bwg_mosaic_thumb_spun_0 bwg-item0 bwg-mosaic-thumb-span \">            <img decoding=\"async\" class=\"bwg_mosaic_thumb_0 skip-lazy bwg_img_clear bwg_img_custom \"                 id=\"44390\"                 src=\"https:\/\/www.nonsolomodanews.it\/wordpress\/wp-content\/uploads\/photo-gallery\/Martina_Mengia\/thumb\/Martina-Mengia-009.jpg?bwg=1761478390\"                 data-src=\"https:\/\/www.nonsolomodanews.it\/wordpress\/wp-content\/uploads\/photo-gallery\/Martina_Mengia\/thumb\/Martina-Mengia-009.jpg?bwg=1761478390\"                 data-width=\"195.00\"                 data-height=\"300.00\"                 alt=\"Martina-Mengia-009\"                 title=\"Martina-Mengia-009\" \/>                      <\/div>        <\/a>                <a  class=\"bwg-a bwg_lightbox bwg_lightbox_0\" href=\"https:\/\/www.nonsolomodanews.it\/wordpress\/wp-content\/uploads\/photo-gallery\/Martina_Mengia\/Martina-Mengia-010.jpg?bwg=1761478390\" data-image-id=\"44392\" data-elementor-open-lightbox=\"no\">          <div class=\"bwg_mosaic_thumb_spun_0 bwg-item0 bwg-mosaic-thumb-span \">            <img decoding=\"async\" class=\"bwg_mosaic_thumb_0 skip-lazy bwg_img_clear bwg_img_custom \"                 id=\"44392\"                 src=\"https:\/\/www.nonsolomodanews.it\/wordpress\/wp-content\/uploads\/photo-gallery\/Martina_Mengia\/thumb\/Martina-Mengia-010.jpg?bwg=1761478390\"                 data-src=\"https:\/\/www.nonsolomodanews.it\/wordpress\/wp-content\/uploads\/photo-gallery\/Martina_Mengia\/thumb\/Martina-Mengia-010.jpg?bwg=1761478390\"                 data-width=\"225.00\"                 data-height=\"300.00\"                 alt=\"Martina-Mengia-010\"                 title=\"Martina-Mengia-010\" \/>                      <\/div>        <\/a>                <a  class=\"bwg-a bwg_lightbox bwg_lightbox_0\" href=\"https:\/\/www.nonsolomodanews.it\/wordpress\/wp-content\/uploads\/photo-gallery\/Martina_Mengia\/Martina-Mengia-011.jpg?bwg=1761478390\" data-image-id=\"44393\" data-elementor-open-lightbox=\"no\">          <div class=\"bwg_mosaic_thumb_spun_0 bwg-item0 bwg-mosaic-thumb-span \">            <img decoding=\"async\" class=\"bwg_mosaic_thumb_0 skip-lazy bwg_img_clear bwg_img_custom \"                 id=\"44393\"                 src=\"https:\/\/www.nonsolomodanews.it\/wordpress\/wp-content\/uploads\/photo-gallery\/Martina_Mengia\/thumb\/Martina-Mengia-011.jpg?bwg=1761478390\"                 data-src=\"https:\/\/www.nonsolomodanews.it\/wordpress\/wp-content\/uploads\/photo-gallery\/Martina_Mengia\/thumb\/Martina-Mengia-011.jpg?bwg=1761478390\"                 data-width=\"200.00\"                 data-height=\"300.00\"                 alt=\"Martina-Mengia-011\"                 title=\"Martina-Mengia-011\" \/>                      <\/div>        <\/a>                <a  class=\"bwg-a bwg_lightbox bwg_lightbox_0\" href=\"https:\/\/www.nonsolomodanews.it\/wordpress\/wp-content\/uploads\/photo-gallery\/Martina_Mengia\/Martina-Mengia-012.jpg?bwg=1761478390\" data-image-id=\"44394\" data-elementor-open-lightbox=\"no\">          <div class=\"bwg_mosaic_thumb_spun_0 bwg-item0 bwg-mosaic-thumb-span \">            <img decoding=\"async\" class=\"bwg_mosaic_thumb_0 skip-lazy bwg_img_clear bwg_img_custom \"                 id=\"44394\"                 src=\"https:\/\/www.nonsolomodanews.it\/wordpress\/wp-content\/uploads\/photo-gallery\/Martina_Mengia\/thumb\/Martina-Mengia-012.jpg?bwg=1761478390\"                 data-src=\"https:\/\/www.nonsolomodanews.it\/wordpress\/wp-content\/uploads\/photo-gallery\/Martina_Mengia\/thumb\/Martina-Mengia-012.jpg?bwg=1761478390\"                 data-width=\"167.00\"                 data-height=\"300.00\"                 alt=\"Martina-Mengia-012\"                 title=\"Martina-Mengia-012\" \/>                      <\/div>        <\/a>                <a  class=\"bwg-a bwg_lightbox bwg_lightbox_0\" href=\"https:\/\/www.nonsolomodanews.it\/wordpress\/wp-content\/uploads\/photo-gallery\/Martina_Mengia\/Martina-Mengia-013.jpg?bwg=1761478390\" data-image-id=\"44395\" data-elementor-open-lightbox=\"no\">          <div class=\"bwg_mosaic_thumb_spun_0 bwg-item0 bwg-mosaic-thumb-span \">            <img decoding=\"async\" class=\"bwg_mosaic_thumb_0 skip-lazy bwg_img_clear bwg_img_custom \"                 id=\"44395\"                 src=\"https:\/\/www.nonsolomodanews.it\/wordpress\/wp-content\/uploads\/photo-gallery\/Martina_Mengia\/thumb\/Martina-Mengia-013.jpg?bwg=1761478390\"                 data-src=\"https:\/\/www.nonsolomodanews.it\/wordpress\/wp-content\/uploads\/photo-gallery\/Martina_Mengia\/thumb\/Martina-Mengia-013.jpg?bwg=1761478390\"                 data-width=\"166.00\"                 data-height=\"300.00\"                 alt=\"Martina-Mengia-013\"                 title=\"Martina-Mengia-013\" \/>                      <\/div>        <\/a>                <a  class=\"bwg-a bwg_lightbox bwg_lightbox_0\" href=\"https:\/\/www.nonsolomodanews.it\/wordpress\/wp-content\/uploads\/photo-gallery\/Martina_Mengia\/Martina-Mengia-014.jpg?bwg=1761478390\" data-image-id=\"44396\" data-elementor-open-lightbox=\"no\">          <div class=\"bwg_mosaic_thumb_spun_0 bwg-item0 bwg-mosaic-thumb-span \">            <img decoding=\"async\" class=\"bwg_mosaic_thumb_0 skip-lazy bwg_img_clear bwg_img_custom \"                 id=\"44396\"                 src=\"https:\/\/www.nonsolomodanews.it\/wordpress\/wp-content\/uploads\/photo-gallery\/Martina_Mengia\/thumb\/Martina-Mengia-014.jpg?bwg=1761478390\"                 data-src=\"https:\/\/www.nonsolomodanews.it\/wordpress\/wp-content\/uploads\/photo-gallery\/Martina_Mengia\/thumb\/Martina-Mengia-014.jpg?bwg=1761478390\"                 data-width=\"225.00\"                 data-height=\"300.00\"                 alt=\"Martina-Mengia-014\"                 title=\"Martina-Mengia-014\" \/>                      <\/div>        <\/a>                <a  class=\"bwg-a bwg_lightbox bwg_lightbox_0\" href=\"https:\/\/www.nonsolomodanews.it\/wordpress\/wp-content\/uploads\/photo-gallery\/Martina_Mengia\/Martina-Mengia-015.jpg?bwg=1761478390\" data-image-id=\"44397\" data-elementor-open-lightbox=\"no\">          <div class=\"bwg_mosaic_thumb_spun_0 bwg-item0 bwg-mosaic-thumb-span \">            <img decoding=\"async\" class=\"bwg_mosaic_thumb_0 skip-lazy bwg_img_clear bwg_img_custom \"                 id=\"44397\"                 src=\"https:\/\/www.nonsolomodanews.it\/wordpress\/wp-content\/uploads\/photo-gallery\/Martina_Mengia\/thumb\/Martina-Mengia-015.jpg?bwg=1761478390\"                 data-src=\"https:\/\/www.nonsolomodanews.it\/wordpress\/wp-content\/uploads\/photo-gallery\/Martina_Mengia\/thumb\/Martina-Mengia-015.jpg?bwg=1761478390\"                 data-width=\"200.00\"                 data-height=\"300.00\"                 alt=\"Martina-Mengia-015\"                 title=\"Martina-Mengia-015\" \/>                      <\/div>        <\/a>                <a  class=\"bwg-a bwg_lightbox bwg_lightbox_0\" href=\"https:\/\/www.nonsolomodanews.it\/wordpress\/wp-content\/uploads\/photo-gallery\/Martina_Mengia\/Martina-Mengia-016.jpg?bwg=1761478390\" data-image-id=\"44398\" data-elementor-open-lightbox=\"no\">          <div class=\"bwg_mosaic_thumb_spun_0 bwg-item0 bwg-mosaic-thumb-span \">            <img decoding=\"async\" class=\"bwg_mosaic_thumb_0 skip-lazy bwg_img_clear bwg_img_custom \"                 id=\"44398\"                 src=\"https:\/\/www.nonsolomodanews.it\/wordpress\/wp-content\/uploads\/photo-gallery\/Martina_Mengia\/thumb\/Martina-Mengia-016.jpg?bwg=1761478390\"                 data-src=\"https:\/\/www.nonsolomodanews.it\/wordpress\/wp-content\/uploads\/photo-gallery\/Martina_Mengia\/thumb\/Martina-Mengia-016.jpg?bwg=1761478390\"                 data-width=\"200.00\"                 data-height=\"300.00\"                 alt=\"Martina-Mengia-016\"                 title=\"Martina-Mengia-016\" \/>                      <\/div>        <\/a>                <a  class=\"bwg-a bwg_lightbox bwg_lightbox_0\" href=\"https:\/\/www.nonsolomodanews.it\/wordpress\/wp-content\/uploads\/photo-gallery\/Martina_Mengia\/Martina-Mengia-017.jpg?bwg=1761478390\" data-image-id=\"44400\" data-elementor-open-lightbox=\"no\">          <div class=\"bwg_mosaic_thumb_spun_0 bwg-item0 bwg-mosaic-thumb-span \">            <img decoding=\"async\" class=\"bwg_mosaic_thumb_0 skip-lazy bwg_img_clear bwg_img_custom \"                 id=\"44400\"                 src=\"https:\/\/www.nonsolomodanews.it\/wordpress\/wp-content\/uploads\/photo-gallery\/Martina_Mengia\/thumb\/Martina-Mengia-017.jpg?bwg=1761478390\"                 data-src=\"https:\/\/www.nonsolomodanews.it\/wordpress\/wp-content\/uploads\/photo-gallery\/Martina_Mengia\/thumb\/Martina-Mengia-017.jpg?bwg=1761478390\"                 data-width=\"194.00\"                 data-height=\"300.00\"                 alt=\"Martina-Mengia-017\"                 title=\"Martina-Mengia-017\" \/>                      <\/div>        <\/a>                <a  class=\"bwg-a bwg_lightbox bwg_lightbox_0\" href=\"https:\/\/www.nonsolomodanews.it\/wordpress\/wp-content\/uploads\/photo-gallery\/Martina_Mengia\/Martina-Mengia-018.jpg?bwg=1761478390\" data-image-id=\"44399\" data-elementor-open-lightbox=\"no\">          <div class=\"bwg_mosaic_thumb_spun_0 bwg-item0 bwg-mosaic-thumb-span \">            <img decoding=\"async\" class=\"bwg_mosaic_thumb_0 skip-lazy bwg_img_clear bwg_img_custom \"                 id=\"44399\"                 src=\"https:\/\/www.nonsolomodanews.it\/wordpress\/wp-content\/uploads\/photo-gallery\/Martina_Mengia\/thumb\/Martina-Mengia-018.jpg?bwg=1761478390\"                 data-src=\"https:\/\/www.nonsolomodanews.it\/wordpress\/wp-content\/uploads\/photo-gallery\/Martina_Mengia\/thumb\/Martina-Mengia-018.jpg?bwg=1761478390\"                 data-width=\"199.00\"                 data-height=\"300.00\"                 alt=\"Martina-Mengia-018\"                 title=\"Martina-Mengia-018\" \/>                      <\/div>        <\/a>                <a  class=\"bwg-a bwg_lightbox bwg_lightbox_0\" href=\"https:\/\/www.nonsolomodanews.it\/wordpress\/wp-content\/uploads\/photo-gallery\/Martina_Mengia\/Martina-Mengia-019.jpg?bwg=1761478390\" data-image-id=\"44401\" data-elementor-open-lightbox=\"no\">          <div class=\"bwg_mosaic_thumb_spun_0 bwg-item0 bwg-mosaic-thumb-span \">            <img decoding=\"async\" class=\"bwg_mosaic_thumb_0 skip-lazy bwg_img_clear bwg_img_custom \"                 id=\"44401\"                 src=\"https:\/\/www.nonsolomodanews.it\/wordpress\/wp-content\/uploads\/photo-gallery\/Martina_Mengia\/thumb\/Martina-Mengia-019.jpg?bwg=1761478390\"                 data-src=\"https:\/\/www.nonsolomodanews.it\/wordpress\/wp-content\/uploads\/photo-gallery\/Martina_Mengia\/thumb\/Martina-Mengia-019.jpg?bwg=1761478390\"                 data-width=\"202.00\"                 data-height=\"300.00\"                 alt=\"Martina-Mengia-019\"                 title=\"Martina-Mengia-019\" \/>                      <\/div>        <\/a>                <a  class=\"bwg-a bwg_lightbox bwg_lightbox_0\" href=\"https:\/\/www.nonsolomodanews.it\/wordpress\/wp-content\/uploads\/photo-gallery\/Martina_Mengia\/Martina-Mengia-020.jpg?bwg=1761478390\" data-image-id=\"44402\" data-elementor-open-lightbox=\"no\">          <div class=\"bwg_mosaic_thumb_spun_0 bwg-item0 bwg-mosaic-thumb-span \">            <img decoding=\"async\" class=\"bwg_mosaic_thumb_0 skip-lazy bwg_img_clear bwg_img_custom \"                 id=\"44402\"                 src=\"https:\/\/www.nonsolomodanews.it\/wordpress\/wp-content\/uploads\/photo-gallery\/Martina_Mengia\/thumb\/Martina-Mengia-020.jpg?bwg=1761478390\"                 data-src=\"https:\/\/www.nonsolomodanews.it\/wordpress\/wp-content\/uploads\/photo-gallery\/Martina_Mengia\/thumb\/Martina-Mengia-020.jpg?bwg=1761478390\"                 data-width=\"241.00\"                 data-height=\"300.00\"                 alt=\"Martina-Mengia-020\"                 title=\"Martina-Mengia-020\" \/>                      <\/div>        <\/a>                <a  class=\"bwg-a bwg_lightbox bwg_lightbox_0\" href=\"https:\/\/www.nonsolomodanews.it\/wordpress\/wp-content\/uploads\/photo-gallery\/Martina_Mengia\/Martina-Mengia-021.jpeg?bwg=1761478390\" data-image-id=\"44403\" data-elementor-open-lightbox=\"no\">          <div class=\"bwg_mosaic_thumb_spun_0 bwg-item0 bwg-mosaic-thumb-span \">            <img decoding=\"async\" class=\"bwg_mosaic_thumb_0 skip-lazy bwg_img_clear bwg_img_custom \"                 id=\"44403\"                 src=\"https:\/\/www.nonsolomodanews.it\/wordpress\/wp-content\/uploads\/photo-gallery\/Martina_Mengia\/thumb\/Martina-Mengia-021.jpeg?bwg=1761478390\"                 data-src=\"https:\/\/www.nonsolomodanews.it\/wordpress\/wp-content\/uploads\/photo-gallery\/Martina_Mengia\/thumb\/Martina-Mengia-021.jpeg?bwg=1761478390\"                 data-width=\"200.00\"                 data-height=\"300.00\"                 alt=\"Martina-Mengia-021\"                 title=\"Martina-Mengia-021\" \/>                      <\/div>        <\/a>                <a  class=\"bwg-a bwg_lightbox bwg_lightbox_0\" href=\"https:\/\/www.nonsolomodanews.it\/wordpress\/wp-content\/uploads\/photo-gallery\/Martina_Mengia\/Martina-Mengia-022.jpg?bwg=1761478390\" data-image-id=\"44404\" data-elementor-open-lightbox=\"no\">          <div class=\"bwg_mosaic_thumb_spun_0 bwg-item0 bwg-mosaic-thumb-span \">            <img decoding=\"async\" class=\"bwg_mosaic_thumb_0 skip-lazy bwg_img_clear bwg_img_custom \"                 id=\"44404\"                 src=\"https:\/\/www.nonsolomodanews.it\/wordpress\/wp-content\/uploads\/photo-gallery\/Martina_Mengia\/thumb\/Martina-Mengia-022.jpg?bwg=1761478390\"                 data-src=\"https:\/\/www.nonsolomodanews.it\/wordpress\/wp-content\/uploads\/photo-gallery\/Martina_Mengia\/thumb\/Martina-Mengia-022.jpg?bwg=1761478390\"                 data-width=\"200.00\"                 data-height=\"300.00\"                 alt=\"Martina-Mengia-022\"                 title=\"Martina-Mengia-022\" \/>                      <\/div>        <\/a>                <a  class=\"bwg-a bwg_lightbox bwg_lightbox_0\" href=\"https:\/\/www.nonsolomodanews.it\/wordpress\/wp-content\/uploads\/photo-gallery\/Martina_Mengia\/Martina-Mengia-023.jpg?bwg=1761478390\" data-image-id=\"44405\" data-elementor-open-lightbox=\"no\">          <div class=\"bwg_mosaic_thumb_spun_0 bwg-item0 bwg-mosaic-thumb-span \">            <img decoding=\"async\" class=\"bwg_mosaic_thumb_0 skip-lazy bwg_img_clear bwg_img_custom \"                 id=\"44405\"                 src=\"https:\/\/www.nonsolomodanews.it\/wordpress\/wp-content\/uploads\/photo-gallery\/Martina_Mengia\/thumb\/Martina-Mengia-023.jpg?bwg=1761478390\"                 data-src=\"https:\/\/www.nonsolomodanews.it\/wordpress\/wp-content\/uploads\/photo-gallery\/Martina_Mengia\/thumb\/Martina-Mengia-023.jpg?bwg=1761478390\"                 data-width=\"300.00\"                 data-height=\"200.00\"                 alt=\"Martina-Mengia-023\"                 title=\"Martina-Mengia-023\" \/>                      <\/div>        <\/a>            <\/div>    <\/div>    <style>      \/*pagination styles*\/      #bwg_container1_0 #bwg_container2_0 .tablenav-pages_0 {\t\t\t\ttext-align: center;\t\t\t\tfont-size: 12px;\t\t\t\tfont-family: segoe ui;\t\t\t\tfont-weight: bold;\t\t\t\tcolor: #666666;\t\t\t\tmargin: 6px 0 4px;\t\t\t\tdisplay: block;      }      @media only screen and (max-width : 320px) {      #bwg_container1_0 #bwg_container2_0 .displaying-num_0 {     \t display: none;      }      }      #bwg_container1_0 #bwg_container2_0 .displaying-num_0 {\t\t\t\tfont-size: 12px;\t\t\t\tfont-family: segoe ui;\t\t\t\tfont-weight: bold;\t\t\t\tcolor: #666666;\t\t\t\tmargin-right: 10px;\t\t\t\tvertical-align: middle;      }      #bwg_container1_0 #bwg_container2_0 .paging-input_0 {\t\t\t\tfont-size: 12px;\t\t\t\tfont-family: segoe ui;\t\t\t\tfont-weight: bold;\t\t\t\tcolor: #666666;\t\t\t\tvertical-align: middle;      }      #bwg_container1_0 #bwg_container2_0 .tablenav-pages_0 a.disabled,      #bwg_container1_0 #bwg_container2_0 .tablenav-pages_0 a.disabled:hover,      #bwg_container1_0 #bwg_container2_0 .tablenav-pages_0 a.disabled:focus,\t\t\t#bwg_container1_0 #bwg_container2_0 .tablenav-pages_0 input.bwg_current_page {\t\t\t\tcursor: default;\t\t\t\tcolor: rgba(102, 102, 102, 0.5);      }      #bwg_container1_0 #bwg_container2_0 .tablenav-pages_0 a,      #bwg_container1_0 #bwg_container2_0 .tablenav-pages_0 input.bwg_current_page {\t\t\t\tcursor: pointer;\t\t\t\ttext-align: center;\t\t\t\tfont-size: 12px;\t\t\t\tfont-family: segoe ui;\t\t\t\tfont-weight: bold;\t\t\t\tcolor: #666666;\t\t\t\ttext-decoration: none;\t\t\t\tpadding: 3px 6px;\t\t\t\tmargin: 0;\t\t\t\tborder-radius: 0;\t\t\t\tborder-style: solid;\t\t\t\tborder-width: 1px;\t\t\t\tborder-color: #E3E3E3;\t\t\t\t\t\t\t\tbackground-color: rgba(255, 255, 255, 1.00);\t\t\t\tbox-shadow: 0;\t\t\t\ttransition: all 0.3s ease 0s;-webkit-transition: all 0.3s ease 0s;      }      <\/style>      <span class=\"bwg_nav_cont_0\">              <div class=\"tablenav-pages_0\">                  <\/div>                <input type=\"hidden\" id=\"page_number_0\" name=\"page_number_0\" value=\"1\" \/>      <script type=\"text\/javascript\">        if( jQuery('.bwg_nav_cont_0').length > 1 ) {          jQuery('.bwg_nav_cont_0').first().remove()        }        function spider_page_0(cur, x, y, load_more) {          if (typeof load_more == \"undefined\") {            var load_more = false;          }          if (jQuery(cur).hasClass('disabled')) {            return false;          }          var items_county_0 = 1;          switch (y) {            case 1:              if (x >= items_county_0) {                document.getElementById('page_number_0').value = items_county_0;              }              else {                document.getElementById('page_number_0').value = x + 1;              }              break;            case 2:              document.getElementById('page_number_0').value = items_county_0;              break;            case -1:              if (x == 1) {                document.getElementById('page_number_0').value = 1;              }              else {                document.getElementById('page_number_0').value = x - 1;              }              break;            case -2:              document.getElementById('page_number_0').value = 1;              break;\t\t\t\t\t\tcase 0:              document.getElementById('page_number_0').value = x;              break;            default:              document.getElementById('page_number_0').value = 1;          }          bwg_ajax('gal_front_form_0', '0', 'bwg_thumbnails_mosaic_0', '0', '', 'gallery', 0, '', '', load_more, '', 1);        }                    jQuery('.first-page-0').on('click', function () {              spider_page_0(this, 1, -2, 'numeric');              return false;            });            jQuery('.prev-page-0').on('click', function () {              spider_page_0(this, 1, -1, 'numeric');              return false;            });            jQuery('.next-page-0').on('click', function () {              spider_page_0(this, 1, 1, 'numeric');              return false;            });            jQuery('.last-page-0').on('click', function () {              spider_page_0(this, 1, 2, 'numeric');              return false;            });        \t\t\t\t\/* Change page on input enter. *\/        function bwg_change_page_0( e, that ) {          if (  e.key == 'Enter' ) {            var to_page = parseInt(jQuery(that).val());            var pages_count = jQuery(that).parents(\".pagination-links\").data(\"pages-count\");            var current_url_param = jQuery(that).attr('data-url-info');            if (to_page > pages_count) {              to_page = 1;            }\t \t\t\t\t\t\t\t\t\t\t\t\tspider_page_0(this, to_page, 0, 'numeric');\t\t\t\t\t\t\treturn false;\t\t\t\t\t\t          }          return true;        }        jQuery('.bwg_load_btn_0').on('click', function () {            spider_page_0(this, 1, 1, true);            return false;        });      <\/script>      <\/span>                <\/div>        <\/form>        <style>          #bwg_container1_0 #bwg_container2_0 #spider_popup_overlay_0 {          background-color: #000000;          opacity: 0.70;          }          <\/style>        <div id=\"bwg_spider_popup_loading_0\" class=\"bwg_spider_popup_loading\"><\/div>        <div id=\"spider_popup_overlay_0\" class=\"spider_popup_overlay\" onclick=\"spider_destroypopup(1000)\"><\/div>        <input type=\"hidden\" id=\"bwg_random_seed_0\" value=\"413614055\">                <\/div>    <\/div>    <script>      if (document.readyState === 'complete') {        if( typeof bwg_main_ready == 'function' ) {          if ( jQuery(\"#bwg_container1_0\").height() ) {            bwg_main_ready(jQuery(\"#bwg_container1_0\"));          }        }      } else {        document.addEventListener('DOMContentLoaded', function() {          if( typeof bwg_main_ready == 'function' ) {            if ( jQuery(\"#bwg_container1_0\").height() ) {             bwg_main_ready(jQuery(\"#bwg_container1_0\"));            }          }        });      }    <\/script>    <\/p>\n<p><\/span><\/p>\n","protected":false},"excerpt":{"rendered":"<p>Nonsolomodanews&nbsp;ha il piacere di presentare ai propri lettori le concorrenti, vincitrici di fascia, che hanno partecipato alla finale nazionale del concorso&nbsp;Venere d&rsquo;Italia&nbsp;del patron Pietro Cortese, che si &egrave; svolto nell&rsquo;incantevole cornice dell&rsquo;hotel Costa Elisabeth nel suggestivo borgo di Cir&ograve; (KR).&nbsp; Oggi abbiamo il piacere di presentare la vincitrice della fascia del nostro web magazine Martina Mengia, Venere Nonsolomodanews 2025. Ringraziamo Siria per averci concesso questa intervista e auguriamo ai lettori di Nonsolomodanews buona lettura. Ti vuoi presentare? &ldquo;Mi chiamo Martina Mengia, ho 17 anni e sono nata il 15 novembre 2007 a Larino (CB). Attualmente risiedo a Campobasso, in Molise. Sono alta 165 cm, ho gli occhi verdi, i capelli biondi, e le mie misure sono: seno 80, vita 65 e fianchi 85. Porto il numero di scarpe 38&rdquo;. Complimenti per avere conquistato la fascia Venere Nonsolomodanews 2025 &ldquo;Grazie mille per i complimenti! Vincere la fascia di Venere Nonsolomodanews 2025 &egrave; stata un&rsquo;emozione grandissima, un traguardo che non dimenticher&ograve; mai&rdquo;. Hai un episodio\/aneddoto curioso che ti &egrave; capitato durante la finale che ci vuoi raccontare? &ldquo;Un episodio curioso durante la finale? Quando hanno annunciato le prime 15 e hanno nominato il numero 12 non mi ero accorta che avevano chiamato [&hellip;]<\/p>\n","protected":false},"author":1,"featured_media":30606,"comment_status":"open","ping_status":"open","sticky":false,"template":"","format":"standard","meta":{"rop_custom_images_group":[],"rop_custom_messages_group":[],"rop_publish_now":"initial","rop_publish_now_accounts":[],"rop_publish_now_history":[],"rop_publish_now_status":"pending","footnotes":""},"categories":[10014,10066],"tags":[9996,281,746,10604,1036,2074,1099,1162,1605],"class_list":["post-30597","post","type-post","status-publish","format-standard","has-post-thumbnail","hentry","category-intervista","category-venere-ditalia","tag-antonio-mustillo","tag-bruno-angelo-porcellana","tag-intervista","tag-martina-mengia","tag-modella","tag-molise","tag-nonsolomodanews","tag-pietro-cortese","tag-venere-ditalia"],"_links":{"self":[{"href":"https:\/\/www.nonsolomodanews.it\/wordpress\/wp-json\/wp\/v2\/posts\/30597","targetHints":{"allow":["GET"]}}],"collection":[{"href":"https:\/\/www.nonsolomodanews.it\/wordpress\/wp-json\/wp\/v2\/posts"}],"about":[{"href":"https:\/\/www.nonsolomodanews.it\/wordpress\/wp-json\/wp\/v2\/types\/post"}],"author":[{"embeddable":true,"href":"https:\/\/www.nonsolomodanews.it\/wordpress\/wp-json\/wp\/v2\/users\/1"}],"replies":[{"embeddable":true,"href":"https:\/\/www.nonsolomodanews.it\/wordpress\/wp-json\/wp\/v2\/comments?post=30597"}],"version-history":[{"count":7,"href":"https:\/\/www.nonsolomodanews.it\/wordpress\/wp-json\/wp\/v2\/posts\/30597\/revisions"}],"predecessor-version":[{"id":30611,"href":"https:\/\/www.nonsolomodanews.it\/wordpress\/wp-json\/wp\/v2\/posts\/30597\/revisions\/30611"}],"wp:featuredmedia":[{"embeddable":true,"href":"https:\/\/www.nonsolomodanews.it\/wordpress\/wp-json\/wp\/v2\/media\/30606"}],"wp:attachment":[{"href":"https:\/\/www.nonsolomodanews.it\/wordpress\/wp-json\/wp\/v2\/media?parent=30597"}],"wp:term":[{"taxonomy":"category","embeddable":true,"href":"https:\/\/www.nonsolomodanews.it\/wordpress\/wp-json\/wp\/v2\/categories?post=30597"},{"taxonomy":"post_tag","embeddable":true,"href":"https:\/\/www.nonsolomodanews.it\/wordpress\/wp-json\/wp\/v2\/tags?post=30597"}],"curies":[{"name":"wp","href":"https:\/\/api.w.org\/{rel}","templated":true}]}}