{"id":30371,"date":"2025-10-14T08:28:49","date_gmt":"2025-10-14T08:28:49","guid":{"rendered":"https:\/\/www.nonsolomodanews.it\/wordpress\/?p=30371"},"modified":"2025-10-15T09:07:52","modified_gmt":"2025-10-15T09:07:52","slug":"concorso-venere-ditalia-2025-marta-dadamo-venere-social","status":"publish","type":"post","link":"https:\/\/www.nonsolomodanews.it\/wordpress\/concorso-venere-ditalia-2025-marta-dadamo-venere-social\/","title":{"rendered":"Concorso Venere d&#8217;Italia 2025, Marta D&#8217;Adamo, Venere Social"},"content":{"rendered":"<div id=\"attachment_30372\" style=\"width: 212px\" class=\"wp-caption alignleft\"><a style=\"color: #000000;\" href=\"https:\/\/www.nonsolomodanews.it\/wordpress\/wp-content\/uploads\/2025\/10\/Marta-DAdamo-003.jpeg\"><img loading=\"lazy\" decoding=\"async\" aria-describedby=\"caption-attachment-30372\" class=\"wp-image-30372 size-medium\" src=\"https:\/\/www.nonsolomodanews.it\/wordpress\/wp-content\/uploads\/2025\/10\/Marta-DAdamo-003-202x300.jpeg\" alt=\"\" width=\"202\" height=\"300\" srcset=\"https:\/\/www.nonsolomodanews.it\/wordpress\/wp-content\/uploads\/2025\/10\/Marta-DAdamo-003-202x300.jpeg 202w, https:\/\/www.nonsolomodanews.it\/wordpress\/wp-content\/uploads\/2025\/10\/Marta-DAdamo-003-689x1024.jpeg 689w, https:\/\/www.nonsolomodanews.it\/wordpress\/wp-content\/uploads\/2025\/10\/Marta-DAdamo-003-768x1142.jpeg 768w, https:\/\/www.nonsolomodanews.it\/wordpress\/wp-content\/uploads\/2025\/10\/Marta-DAdamo-003-1033x1536.jpeg 1033w, https:\/\/www.nonsolomodanews.it\/wordpress\/wp-content\/uploads\/2025\/10\/Marta-DAdamo-003-1080x1606.jpeg 1080w, https:\/\/www.nonsolomodanews.it\/wordpress\/wp-content\/uploads\/2025\/10\/Marta-DAdamo-003.jpeg 1179w\" sizes=\"auto, (max-width: 202px) 100vw, 202px\" \/><\/a><p id=\"caption-attachment-30372\" class=\"wp-caption-text\"><span style=\"color: #000000;\">Marta D\u2019Adamo &#8211; Ph. Giuseppe Sinopoli<\/span><\/p><\/div>\n<p><span style=\"color: #000000;\"><strong>Nonsolomodanews\u00a0<\/strong>ha il piacere di presentare ai propri lettori le concorrenti, vincitrici di fascia, che hanno partecipato alla finale nazionale del concorso\u00a0<a style=\"color: #000000;\" href=\"https:\/\/www.nonsolomodanews.it\/wordpress\/denise-martino-vince-la-finale-regionale-regione-calabria-del-concorso-venere-ditalia\/\">Venere d\u2019Italia\u00a0<\/a>del patron Pietro Cortese, che si \u00e8 svolto nell\u2019incantevole cornice dell\u2019hotel Costa Elisabeth nel suggestivo borgo di Cir\u00f2 (KR).\u00a0 <\/span><\/p>\n<p><span style=\"color: #000000;\">E\u2019 il turno di <strong><a style=\"color: #000000;\" href=\"https:\/\/www.instagram.com\/dadamo_marta\/\">Marta D&#8217;Adamo<\/a>, Venere Social 2025<\/strong>. Ringraziamo Marta per averci concesso questa intervista e auguriamo ai lettori di Nonsolomodanews buona lettura.<\/span><\/p>\n<p><!--more--><\/p>\n<p><span style=\"color: #000000;\"><strong>Ti vuoi presentare? <\/strong>\u201cMi chiamo Marta D\u2019Adamo, sono alta 169 cm, seno 89 cm, vita 62 cm, fianchi 82. Ho gli occhi celesti, i capelli biondi e il mio numero di scarpe \u00e9 38. Vivo in Puglia in provincia di Brindisi, risiedo in un piccolo paesino chiamato Carovigno&#8221;.<\/span><\/p>\n<p><span style=\"color: #000000;\"><strong>Complimenti per avere conquistato la fascia Venere Social 2025. <\/strong><\/span><\/p>\n<p><span style=\"color: #000000;\"><strong>Cosa significa essere social nel 2025?<\/strong> \u201cEssere social nel 2025 significa essere presenti e attivi sui social media, ma non solo. Significa anche essere autentici, creativi e capaci di connettersi con gli altri in modo significativo. Come modella e vincitrice della fascia &#8220;Venere Social 2025&#8243;, posso dire che essere social oggi significa essere capace di creare contenuti che ispirano e coinvolgono il pubblico&#8221;.<\/span><\/p>\n<p><span style=\"color: #000000;\">I social media sono diventati un laboratorio creativo dove i brand possono sperimentare con tono, umorismo e autenticit\u00e0. E noi, come modelle, siamo al centro di questo processo. Il pubblico vuole vedere contenuti autentici e trasparenti, non solo messaggi promozionali. I brand stanno diventando pi\u00f9 creativi e coraggiosi, sperimentando con nuovi formati e contenuti. L\u2019AI sta rivoluzionando la creazione di contenuti e l&#8217;engagement sui social media. I brand stanno costruendo comunit\u00e0 nei commenti e interagendo con il pubblico in modo pi\u00f9 significativo. Essere social nel 2025 significa anche essere consapevoli dell&#8217;impatto che i nostri contenuti hanno sul pubblico e sulla societ\u00e0. Significa essere responsabili e usare la nostra influenza per promuovere messaggi positivi e inclusivi\u201d.<\/span><\/p>\n<p><span style=\"color: #000000;\"><strong>Hai un episodio\/aneddoto curioso che ti \u00e8 capitato durante la finale che ci vuoi raccontare?<\/strong> \u201cDurante la finale un aneddoto molto divertente a cui ho avuto la fortuna di partecipare \u00e9 il dopo festa. Tornati in hotel insieme a tutte le ragazze della puglia abbiamo ballato per tutta la notte, facendoci scherzi, raccontandoci di noi\u2026 fino ad arrivare al momento pi\u00f9 divertente di quei giorni. Durante la notte siamo rimaste tutte insieme nella mia camera ad un certo punto tra una risata e l\u2019altra io insieme a due ragazze siamo rimaste chiuse fuori la camera, avevamo paura di svegliare le ragazze che dormivano siamo state circa 10 minuti fuori, questo \u00e9 stato il momento pi\u00f9 iconico di sempre\u201d.<\/span><\/p>\n<p><span style=\"color: #000000;\"><strong>Ci dici in due parole le emozioni che hai provato partecipando al concorso?<\/strong> \u201cEccitazione: il momento in cui sali sul palco, ti senti al centro dell&#8217;attenzione e sai che stai rappresentando te stessa e le altre donne italiane. Orgoglio: quando ricevi la fascia di Venere Social 2025, ti senti orgogliosa di te stessa e di aver rappresentato la bellezza e la cultura italiana in modo eccellente. Queste sono le due parole significative che descrivono le mie emozioni provate in quei magnifici giorni del concorso\u201d.<\/span><\/p>\n<p><span style=\"color: #000000;\"><strong>Che cosa \u00e8 per te la Simpatia?<\/strong> \u201cLa simpatia \u00e8 un valore importante per me, che mi aiuta a creare connessioni significative e a costruire relazioni positive con gli altri\u201d.<\/span><\/p>\n<p><span style=\"color: #000000;\"><strong>Come sei giunta alla finale nazionale, qual \u00e8 stato il percorso?<\/strong> \u201cIl mio percorso \u00e9 iniziato completamente per \u201cgioco\u201d facendo un casting per partecipare all\u2019evento \u201cPremio Delfino\u201d inizialmente non credevo in messa e non potevo minimamente pensare di arrivare a tutto ci\u00f2. Dopo la prima sfilata della mia vita, mi contattato il presentatore di quella serata invitandomi a partecipare ad una sfilata qualche giorno dopo, da l\u00ec ho fatto altre sue sfilate fino ad arrivare all\u2019ultima dove sono arrivata alla finale nazionale. Quando mi hanno comunicato che ero arrivata in finale nazione non potevo crederci era davvero surreale per me, passati alcuni giorni finalmente iniziavo a realizzare tutto ci\u00f2 ed ero super felice ed entusiasta di partecipare al concorso nazionale e di vivere un\u2019esperienza che \u00e9 stata indimenticabile\u201d.<\/span><\/p>\n<p><span style=\"color: #000000;\"><strong>Sulla base delle tue esperienze, consiglieresti ad una ragazza di partecipare ai concorsi di bellezza?<\/strong> \u201cSi, sulla base delle mie esperienze consiglierei ad una ragazza di partecipare ai concorsi di bellezza ma dandogli un consiglio: &#8220;Sii te stessa, autentica e unica! Non cercare di essere qualcuno che non sei, perch\u00e9 la vera bellezza viene dall&#8217;interno. Sii fiduciosa, sorridi e mostra la tua personalit\u00e0. Ricorda che il concorso non \u00e8 solo una gara di bellezza, ma anche un&#8217;opportunit\u00e0 per crescere, imparare e connettersi con altre persone. Sii gentile, rispettosa e umile, e ricorda che la vera vittoria \u00e8 essere te stessa e sentirsi bene con te stessa\u201d.<\/span><\/p>\n<p><span style=\"color: #000000;\"><strong>Come sei di carattere?<\/strong> \u201cDeterminata: sono una persona che sa cosa vuole e lavora sodo per raggiungere i suoi obiettivi.<\/span><br \/>\n<span style=\"color: #000000;\">Positiva: cerco sempre di vedere il lato positivo delle cose e di mantenere un atteggiamento ottimista.<\/span><br \/>\n<span style=\"color: #000000;\">Creativa: amo esprimere me stessa attraverso la moda, la fotografia e l&#8217;arte in generale.<\/span><br \/>\n<span style=\"color: #000000;\">Empatica: cerco di capire gli altri e di essere sensibile alle loro esigenze e sentimenti.<\/span><br \/>\n<span style=\"color: #000000;\">Autentica: sono una persona che ama essere se stessa, senza filtri o finzioni.<\/span><br \/>\n<span style=\"color: #000000;\">Passionale: amo ci\u00f2 che faccio e mi impegno al massimo per raggiungere i miei obiettivi.<\/span><br \/>\n<span style=\"color: #000000;\">Curiosa: amo imparare nuove cose e scoprire nuovi mondi.<\/span><br \/>\n<span style=\"color: #000000;\">Spiritosa: amo ridere e scherzare con gli altri, e cerco di mantenere un&#8217;atmosfera leggera e divertente. In generale, sono una persona che ama vivere la vita con passione e entusiasmo, e che cerca di essere sempre s\u00e9 stessa e di esprimere la sua autenticit\u00e0\u201d.<\/span><\/p>\n<p><span style=\"color: #000000;\"><strong>Sei una persona ambiziosa?<\/strong> \u201cHo sempre cercato di spingere me stessa a raggiungere nuovi obiettivi e a migliorare costantemente. L&#8217;ambizione \u00e8 una caratteristica importante per me, perch\u00e9 mi aiuta a stabilire obiettivi chiari e a lavorare verso di essi, mi aiuta a crescere professionalmente e a raggiungere nuovi traguardi nella mia carriera di modella, mi aiuta a ispirare gli altri con la mia passione e la mia determinazione. Cerco di rimanere umile e di non dimenticare le mie radici, cerco di essere grata per le opportunit\u00e0 che ho avuto e per le persone che mi hanno aiutato, cerco di mantenere un equilibrio tra la mia vita professionale e la mia vita personale. L\u2019ambizione \u00e8 una parte importante della mia personalit\u00e0, ma cerco di bilanciarla con altri valori importanti per me\u201d.<\/span><\/p>\n<p><span style=\"color: #000000;\"><strong>Hai degli hobby?<\/strong> \u201cS\u00ec, ho diversi hobby che amo molto! La danza \u00e8 uno di questi, mi aiuta a esprimere me stessa e a mantenermi in forma. Inoltre, mi piace fare i capelli e truccare le mie amiche, \u00e8 un modo per aiutarle a sentirsi belle e sicure. Amo anche passare del tempo con i miei cuginetti e le mie sorelle, giocare con loro \u00e8 sempre divertente e mi aiuta a mantenere un legame forte con la famiglia. E, naturalmente, amo semplicemente passare del tempo con la mia famiglia e la mia migliore amica\u201d.<\/span><\/p>\n<p><span style=\"color: #000000;\"><strong>Cosa vuol dire per te essere fotogenica?<\/strong> \u201cEssere fotogenica per me, significa avere la capacit\u00e0 di apparire bene davanti alla macchina fotografica, di esprimere emozioni e di trasmettere un messaggio attraverso le immagini. Essere fotogenica non significa solo avere un bel viso o un corpo perfetto, ma anche avere la capacit\u00e0 di essere in grado di esprimere diverse emozioni e sentimenti attraverso le espressioni del viso e del corpo, essere in grado di posare in modo naturale e spontaneo, senza apparire forzata o innaturale, essere in grado di lavorare con la luce e di utilizzarla a proprio vantaggio per creare immagini interessanti e dinamiche, essere in grado di adattarsi a diversi stili e temi, e di essere versatile nelle proprie espressioni e pose. Per me, essere fotogenica significa anche: avere la fiducia necessaria per esprimere s\u00e9 stessi e per sentirsi a proprio agio davanti alla macchina fotografica; essere in grado di essere s\u00e9 stessi, senza cercare di essere qualcuno che non si \u00e8; essere in grado di divertirsi e di godersi l&#8217;esperienza di essere fotografati. Essere fotogenica per me significa essere in grado di esprimere s\u00e9 stessi e di trasmettere un messaggio attraverso le immagini, in modo naturale e spontaneo\u201d.<\/span><\/p>\n<p><span style=\"color: #000000;\"><strong>Fai attivit\u00e0 fisica per mantenere il tuo corpo?<\/strong> \u201cS\u00ec, cerco di mantenere il mio corpo in forma attraverso diverse attivit\u00e0 fisiche. La danza \u00e8 una delle mie preferite, mi aiuta a esprimere me stessa e a mantenermi agile e flessibile. Inoltre, vado a correre regolarmente per migliorare la mia resistenza e la mia salute cardiovascolare. E, naturalmente, vado anche in palestra per rafforzare i miei muscoli e migliorare la mia forma fisica generale. \u00c8 un ottimo modo per mantenermi energica e motivata!\u201d<\/span><\/p>\n<p><span style=\"color: #000000;\"><strong>Qual \u00e8 il tuo punto forte del tuo aspetto fisico?<\/strong> \u201cIl mio punto forte? Direi che sono i miei occhi! Hanno un colore celeste intenso con un tocco di giallo all&#8217;interno, che li rende davvero unici e espressivi. Mi piace pensare che siano una delle mie caratteristiche pi\u00f9 distintive e che aggiungano un tocco di personalit\u00e0 al mio aspetto\u201d.<\/span><\/p>\n<p><span style=\"color: #000000;\"><strong>Stai attenta all\u2019alimentazione?<\/strong> \u201cS\u00ec, cerco di essere consapevole della mia alimentazione, anche se non seguo una dieta specifica. Il mio metabolismo \u00e8 un po&#8217; particolare, quindi devo stare attenta a non esagerare con i cibi pi\u00f9 calorici per evitare di prendere peso. Cerco di bilanciare i miei pasti con frutta, verdura e proteine magre, e di evitare gli eccessi per mantenere il mio peso forma\u201d.<\/span><\/p>\n<p><span style=\"color: #000000;\"><strong>Qual \u00e8 il tuo rapporto con la carne in generale?<\/strong> \u201cIl mio rapporto con la carne&#8230; Direi che \u00e8 abbastanza equilibrato! Non sono una grande amante della carne, ma non la evito completamente. Cerco di consumarla in moderazione, e preferendo metodi di cottura pi\u00f9 salutari come la griglia o il forno\u201d.<\/span><\/p>\n<p><span style=\"color: #000000;\"><strong>Carne bianca o rossa?<\/strong> \u201cMangio entrambe ma preferisco la carne rossa\u201d.<\/span><\/p>\n<p><span style=\"color: #000000;\"><strong>Piatto preferito?<\/strong> \u201cIl mio piatto preferito sono rigorosamente le lasagne al forno della nonna\u201d.<\/span><\/p>\n<p><span style=\"color: #000000;\"><strong>Qual \u00e8 il colore preferito?<\/strong> \u201cIl mio colore preferito se riguarda l\u2019abbigliamento \u00e9 rigorosamente il nero invece se parliamo di colore preferito in generale \u00e9 il celeste\u201d.<\/span><\/p>\n<p><span style=\"color: #000000;\"><strong>Che cosa \u00e8 per te la femminilit\u00e0?<\/strong> \u201cLa femminilit\u00e0&#8230; Per me, \u00e8 un concetto molto personale e soggettivo. Direi che la femminilit\u00e0 \u00e8 una combinazione di caratteristiche, atteggiamenti e valori che mi fanno sentire me stessa e mi permettono di esprimere la mia identit\u00e0 di donna. Per me, la femminilit\u00e0 significa: essere in grado di muoversi con eleganza e grazia, sia fisicamente che mentalmente, essere forte e resiliente, capace di affrontare le sfide della vita con coraggio e determinazione, essere in grado di connettersi con gli altri, di capire e condividere le loro emozioni, essere se stessa, senza paura di esprimere le proprie opinioni e di seguire le proprie passioni. La femminilit\u00e0 non \u00e8 solo un aspetto esteriore, ma anche un atteggiamento interiore. \u00c8 un modo di essere, di pensare e di vivere la propria vita con consapevolezza e intenzionalit\u00e0. Per me, la femminilit\u00e0 \u00e8 anche un processo di scoperta e di crescita, un percorso di auto-conoscenza e di auto-accettazione. \u00c8 un modo di celebrare la mia identit\u00e0 di donna e di condividere la mia unicit\u00e0 con il mondo\u201d.<\/span><\/p>\n<p><span style=\"color: #000000;\"><strong>Pensi che presentarti davanti al pubblico in costume possa ledere la tua femminilit\u00e0?<\/strong> \u201cNo, assolutamente no! Anzi, penso che presentarmi davanti al pubblico in costume sia un modo per esprimere la mia femminilit\u00e0 e la mia sensualit\u00e0 in modo consapevole e controllato. Come modella ho imparato a sentirmi a mio agio nel mio corpo e a esprimere la mia femminilit\u00e0 in modo autentico e naturale. Il costume \u00e8 un modo per me di mostrare la mia bellezza e la mia sensualit\u00e0, senza essere troppo esplicito o volgare. Penso che la femminilit\u00e0 sia anche una questione di fiducia e di autostima, e presentarmi in costume mi aiuta a rafforzare queste qualit\u00e0. Mi sento forte e sicura di me, e questo mi permette di esprimere la mia femminilit\u00e0 in modo autentico e naturale. Inoltre, penso che il pubblico apprezzi la mia capacit\u00e0 di esprimere la mia femminilit\u00e0 in modo elegante e sofisticato, e questo mi motiva a continuare a lavorare su me stessa e a migliorare la mia immagine\u201d.<\/span><\/p>\n<p><span style=\"color: #000000;\"><strong>Quando hai iniziato a partecipare a concorsi di bellezza? <\/strong>\u201cHo iniziato a partecipare ai concorsi di bellezza a luglio 2025 precisamente il 30 luglio 20205 e la mia prima sfilata \u00e9 stato il 16 agosto 2025\u201d.<\/span><\/p>\n<p><span style=\"color: #000000;\"><strong>Ti ricordi la prima volta?<\/strong> \u201cSi, mi ricordo perfettamente la prima volta, ero molto agitata ma allo stesso tempo contenta. Avevo paura di sbagliare qualcosa ma alla fine \u00e8 andata benissimo. Non mi aspettavo che alla prima sfilata della mia vita potessi vincere una fascia e invece, si , l\u2019ho vinta ed ero super fiera di me.<\/span><\/p>\n<p><span style=\"color: #000000;\"><strong>Segui la moda? <\/strong>&#8220;S\u00ec, seguo la moda! Come modella, \u00e8 importante per me stare al passo con le ultime tendenze e stilemi. Mi piace seguire le sfilate di moda, leggere le riviste di moda e osservare cosa indossano le altre modelle e influencer. Cerco di essere sempre aggiornata sulle ultime novit\u00e0 della moda e di incorporare elementi di stile contemporaneo nel mio look personale. Mi piace sperimentare con diversi stili e tendenze, ma anche rimanere fedele al mio stile personale e alla mia identit\u00e0. La moda \u00e8 un modo per me di esprimere la mia creativit\u00e0 e la mia personalit\u00e0, e mi piace pensare che il mio stile sia un riflesso della mia individualit\u00e0 e della mia femminilit\u00e0\u201d.<\/span><\/p>\n<p><span style=\"color: #000000;\"><strong>Tu segui la moda. Che cos&#8217;\u00e8 per te la moda?<\/strong> \u201cLa moda! Per me, la moda \u00e8 un modo di esprimere s\u00e9 stessi, di comunicare la propria personalit\u00e0 e il proprio stile. \u00c8 un linguaggio universale che pu\u00f2 essere interpretato in molti modi diversi. La moda \u00e8 anche un&#8217;arte, un modo di creare e di innovare, di sperimentare con colori, forme e texture. \u00c8 un settore in continua evoluzione, che riflette i cambiamenti della societ\u00e0 e della cultura. Per me, la moda \u00e8 anche un modo di sentirsi bene con s\u00e9 stessi, di aumentare la propria autostima e la propria fiducia. Quando indosso un abito che mi fa sentire bella e sicura, mi sento come se potessi conquistare il mondo! La moda per me \u00e8 anche un modo di raccontare una storia, di esprimere la propria identit\u00e0 e la propria cultura. \u00c8 un modo di connettersi con gli altri, di condividere passioni e interessi. La moda per me \u00e8 un&#8217;espressione di s\u00e9 stessi, un modo di vivere e di essere. \u00c8 un&#8217;arte, un linguaggio, un modo di comunicare e di connettersi con gli altri\u201d.<\/span><\/p>\n<p><span style=\"color: #000000;\"><strong>Hai una modella che conosci e alla quale ti ispiri?<\/strong> \u201cS\u00ec, ho una modella che ammiro molto e alla quale mi ispiro: Gigi Hadid! Gigi \u00e8 una modella incredibile, con un look unico e una personalit\u00e0 forte e carismatica. Mi piace il suo stile, la sua eleganza e la sua capacit\u00e0 di lavorare con diversi stili e tendenze. Mi ispiro a lei per la sua professionalit\u00e0 e la sua dedizione al lavoro. \u00c8 una modella che ha lavorato sodo per arrivare dove \u00e8 oggi, e la sua passione e la sua energia sono davvero ispiratrici. Inoltre, mi piace il suo approccio alla moda e alla bellezza. Gigi \u00e8 una modella che non ha paura di essere s\u00e9 stessa e di esprimere la propria personalit\u00e0 attraverso la moda. \u00c8 un esempio di come si possa essere una donna forte e sicura, e allo stesso tempo elegante e femminile. Gigi \u00e8 una vera e propria icona della moda, e mi sento fortunata di poterla prendere come modello di ispirazione!\u201d<\/span><\/p>\n<p><span style=\"color: #000000;\"><strong>Questo \u00e8 il tuo campo. <\/strong><strong>Facebook, Instagram e Tik Tok. <\/strong><strong>Quali di questi tre social usi di pi\u00f9? <\/strong>\u201cS\u00ec, i social media sono il mio campo! Tra Facebook, Instagram e TikTok, direi che uso di pi\u00f9 Instagram! Instagram \u00e8 il mio social preferito perch\u00e9 \u00e8 una piattaforma visiva che mi permette di condividere la mia passione per la moda e la bellezza in modo molto efficace. Mi piace pubblicare foto e video che mostrano il mio stile e la mia personalit\u00e0, e interagire con i miei follower che condividono i miei interessi. Inoltre, Instagram \u00e8 un ottimo strumento per me per promuovere il mio lavoro come modella e per connettersi con altri professionisti del settore. \u00c8 un modo per me di costruire la mia immagine e di raggiungere un pubblico pi\u00f9 ampio. TikTok \u00e8 anche un social che mi piace molto, perch\u00e9 \u00e8 un modo divertente e creativo di esprimere me stessa e di condividere contenuti pi\u00f9 leggeri e umoristici. Ma se dovessi scegliere uno, direi che Instagram \u00e8 il mio preferito!\u201d<\/span><\/p>\n<p><span style=\"color: #000000;\"><strong>Quali sono i generi fotografici che preferisci e perch\u00e9?<\/strong> \u201cI miei generi fotografici preferiti sono la fotografia di moda e la fotografia glamour. Mi piacciono perch\u00e9 mi permettono di esprimere la mia creativit\u00e0 e la mia personalit\u00e0. Mi piace lavorare con fotografi e stilisti per creare immagini belle e significative.<\/span><br \/>\n<span style=\"color: #000000;\">Amo questi generi perch\u00e9:<\/span><br \/>\n<span style=\"color: #000000;\">&#8211; Mi fanno sentire creativa e personale<\/span><br \/>\n<span style=\"color: #000000;\">&#8211; Mi danno l&#8217;opportunit\u00e0 di lavorare con professionisti<\/span><br \/>\n<span style=\"color: #000000;\">&#8211; Mi permettono di creare immagini belle e significative<\/span><br \/>\n<span style=\"color: #000000;\">&#8211; Mi fanno sperimentare con diversi stili e tendenze\u201d.<\/span><\/p>\n<p><span style=\"color: #000000;\"><strong>Hai un progetto fotografico ti piacerebbe realizzare?<\/strong> &#8220;S\u00ec, ho un progetto fotografico che mi piacerebbe realizzare! Mi piacerebbe creare un progetto fotografico intitolato &lt;&lt;Eleganza Notturna&gt;&gt;. L&#8217;idea \u00e8 di creare un servizio fotografico che catturi l&#8217;eleganza ed il fascino della notte. Vorrei lavorare con un fotografo e uno stilista per creare immagini che siano sofisticate, utilizzando luci e ombre per creare un&#8217;atmosfera misteriosa e ammaliante.<br \/>\nIl progetto si svolgerebbe in una location notturna, come una spiaggia di sera o un ristorante di lusso, e vorrei utilizzare abiti e accessori che siano sia eleganti che suggestivi.<br \/>\nL&#8217;obiettivo \u00e8 di creare un progetto fotografico che sia bello e significativo, che catturi l&#8217;essenza della notte e la mia personalit\u00e0 come modella.<br \/>\nSpero di poter realizzare questo progetto presto!\u201d<\/span><\/p>\n<p><span style=\"color: #000000;\"><strong>Qual \u00e8 l&#8217;accessorio che non ti stacchi mai quando esci?<\/strong> \u201cL&#8217;accessorio che non mi stacco mai quando esco \u00e8 la mia collana del battesimo! Amo questa collana perch\u00e9 \u00e8 un regalo speciale di mio zio, ricevuto il giorno del mio battesimo. \u00c8 un simbolo della mia infanzia e della mia famiglia, e mi ricorda sempre di loro. La collana \u00e8 un classico, con un design semplice ma elegante, e si abbina perfettamente a qualsiasi outfit. \u00c8 un accessorio che mi fa sentire sicura e elegante, e mi d\u00e0 un tocco di femminilit\u00e0 e di grazia. Inoltre, la collana ha un valore sentimentale molto grande per me; quindi, la indosso sempre come un simbolo della mia identit\u00e0 e della mia storia. \u00c8 un accessorio che mi fa sentire completa e pronta per qualsiasi occasione; quindi, non me la stacco mai quando esco!\u201d<\/span><\/p>\n<p><span style=\"color: #000000;\"><strong>Ultima domanda, hai qualche persona in particolare da ringraziare per la tua partecipazione al concorso Venere d\u2019Italia?<\/strong> \u201cRingrazio tutto lo staff del concorso Venere d&#8217;Italia, in particolare Alessandro che mi ha guidato dal primo giorno e mi ha trasmesso molta sicurezza. Un ringraziamento va anche a Giuseppe Stigliano e tutto il suo staff che hanno coordinato in modo impeccabile la seconda serata. Ma devo dire che su tutti posso spendere solo parole positive. Vorrei ringraziare anche le ragazze che erano con me al concorso, sono state un grande supporto e hanno reso l&#8217;esperienza ancora pi\u00f9 speciale. E ovviamente, ringrazio la mia famiglia che mi ha sempre sostenuto e incoraggiato, e la mia migliore amica che mi ha dato tanto conforto e mi ha aiutato a superare i momenti difficili. Sono stati tutti fondamentali per me e non sarei qui senza di loro!\u201d<\/span><\/p>\n<p><strong>In bocca al lupo per il tuo futuro e grazie per averci concesso questa intervista.<\/strong><\/p>\n<p><span style=\"color: #000000;\"><a style=\"color: #000000;\" href=\"https:\/\/www.instagram.com\/brunoangeloporcellana\/\">Bruno Angelo Porcellana<\/a><\/span><\/p>\n<p style=\"text-align: center;\"><span style=\"color: #000000;\">Le fotografie sono state fornite da Marta D&#8217;Adamo e\u00a0 da Venere d\u2019Italia \u2013I credits delle fotografie appartengono ai relativi fotografi<\/span><br \/>\n<span style=\"color: #000000;\">Tutti i diritti riservati \u00a9 2025 \u2013 Email: nonsolomodanews@gmail.com<style id=\"bwg-style-0\">      #bwg_container1_0 #bwg_container2_0 #bwg_mosaic_thumbnails_div_0 {        width: 100%;        position: relative;        background-color: rgba(255, 255, 255, 0.00);        text-align: center;        justify-content: center;                  margin-left: auto;          margin-right: auto;                    padding-left: 4px;          padding-top: 4px;                }          #bwg_container1_0 #bwg_container2_0 .bwg_mosaic_thumb_spun_0 {        display: block;        position: absolute;\t\t\t\tborder-radius: 0;\t\t\t\tborder: 0px none #CCCCCC;    \t\t    \t\tbackground-color:rgba(0,0,0, 0.30);        -moz-box-sizing: content-box !important;        -webkit-box-sizing: content-box !important;        box-sizing: content-box !important;      }\t\t\t#bwg_container1_0 #bwg_container2_0 .bwg_mosaic_thumb_0 {\t\t\t\tdisplay: block;\t\t\t\t-moz-box-sizing: content-box !important;\t\t\t\t-webkit-box-sizing: content-box !important;\t\t\t\tbox-sizing: content-box !important;\t\t\t\tmargin: 0;\t\t\t\topacity: 1.00;\t\t\t}      #bwg_container1_0 #bwg_container2_0 .bwg_mosaic_thumb_spun_0:hover {        opacity: 1;        backface-visibility: hidden;        -webkit-backface-visibility: hidden;        -moz-backface-visibility: hidden;        -ms-backface-visibility: hidden;        z-index: 102;      }\t      @media only screen and (min-width: 480px) {        #bwg_container1_0 #bwg_container2_0 .bwg_mosaic_thumb_spun_0:hover {          transform: scale(1.1);          -ms-transform: scale(1.1);          -webkit-transform: scale(1.1);        }      }\t      #bwg_container1_0 #bwg_container2_0 .bwg_mosaic_thumbnails_0 {        background-color: rgba(255, 255, 255, 0.00);        font-size: 0;        position: relative;        text-align: center;        display: inline-block;        visibility: hidden;              }\t  \/*image title styles*\/      #bwg_container1_0 #bwg_container2_0 .bwg_mosaic_title_spun1_0,      #bwg_container1_0 #bwg_container2_0 .bwg-mosaic-thumbnails .bwg_ecommerce_spun1_0 {        position: absolute;        display: block;        opacity: 0;        box-sizing: border-box;        text-align: center;\t\t\t\ttop: 50%;\t\t\t\tleft: 50%;\t\t\t\ttransform: translate(-50%, -50%);      }      #bwg_container1_0 #bwg_container2_0 .bwg-mosaic-thumbnails .bwg_mosaic_title_spun2_0,      #bwg_container1_0 #bwg_container2_0 .bwg-mosaic-thumbnails .bwg_ecommerce_spun2_0 {\t\t    color: #CCCCCC;        font-family: segoe ui;        font-size: 16px;        font-weight: bold;        text-shadow: 0px 0px 0px #888888;        vertical-align: middle;        word-wrap: break-word;      }            .bwg_mosaic_play_icon_spun_0 {        display: table;        position: absolute;        left: -10000px;        top: 0px;        opacity: 0;      }      .bwg_mosaic_play_icon_0 {        color: #CCCCCC;        font-size: 32px;        vertical-align: middle;        display: table-cell !important;        z-index: 1;        text-align: center;        margin: 0 auto;      }      #bwg_container1_0 #bwg_container2_0 .bwg_gal_title_0 {        background-color: rgba(0, 0, 0, 0);        color: #323A45;        display: block;        font-family: Ubuntu;        font-size: 16px;        font-weight: bold;        padding: 2px;        text-shadow: ;        text-align: center;      }            @media screen and (max-width: 350px) {      div[class^=\"bwg_mosaic_thumbnails_\"],      span[class^=\"bwg_mosaic_thumb_spun_\"] {      width: 100% !important;      }      img[class^=\"bwg_mosaic_thumb_\"] {      width: 100% !important;      height: auto !important;      margin: 0px auto !important;      }      }      <\/style>    <div id=\"bwg_container1_0\"         class=\"bwg_container bwg_thumbnail bwg_thumbnails_mosaic \"         data-right-click-protection=\"0\"         data-bwg=\"0\"         data-scroll=\"0\"         data-gallery-type=\"thumbnails_mosaic\"         data-gallery-view-type=\"thumbnails_mosaic\"         data-current-url=\"\/wordpress\/wp-json\/wp\/v2\/posts\/30371\"         data-lightbox-url=\"https:\/\/www.nonsolomodanews.it\/wordpress\/wp-admin\/admin-ajax.php?action=GalleryBox&#038;current_view=0&#038;gallery_id=881&#038;tag=0&#038;theme_id=1&#038;shortcode_id=1794&#038;sort_by=filename&#038;order_by=asc&#038;current_url=%2Fwordpress%2Fwp-json%2Fwp%2Fv2%2Fposts%2F30371\"         data-gallery-id=\"881\"         data-popup-width=\"800\"         data-popup-height=\"500\"         data-is-album=\"gallery\"         data-buttons-position=\"bottom\">      <div id=\"bwg_container2_0\">             <div id=\"ajax_loading_0\" class=\"bwg_loading_div_1\">      <div class=\"bwg_loading_div_2\">        <div class=\"bwg_loading_div_3\">          <div id=\"loading_div_0\" class=\"bwg_spider_ajax_loading\">          <\/div>        <\/div>      <\/div>    <\/div>            <form id=\"gal_front_form_0\"              class=\"bwg-hidden\"              method=\"post\"              action=\"#\"              data-current=\"0\"              data-shortcode-id=\"1794\"              data-gallery-type=\"thumbnails_mosaic\"              data-gallery-id=\"881\"              data-tag=\"0\"              data-album-id=\"0\"              data-theme-id=\"1\"              data-ajax-url=\"https:\/\/www.nonsolomodanews.it\/wordpress\/wp-admin\/admin-ajax.php?action=bwg_frontend_data\">          <div id=\"bwg_container3_0\" class=\"bwg-background bwg-background-0\">                <div id=\"bwg_mosaic_thumbnails_div_0\"         class=\"bwg-container-0 bwg-container bwg-mosaic-thumbnails\"         data-bwg=\"0\"         data-mosaic-direction=\"vertical\"         data-resizable=\"0\"         data-width=\"250\"         data-height=\"250\"         data-total-width=\"100\"         data-block-id=\"bwg_thumbnails_mosaic_0\"         data-thumb-padding=\"4\"         data-thumb-border=\"0\"         data-title-margin=\"2px\"         data-image-title=\"none\"         data-play-icon=\"1\"         data-ecommerce-icon=\"none\"         data-gallery-id=\"881\"         data-lightbox-url=\"https:\/\/www.nonsolomodanews.it\/wordpress\/wp-admin\/admin-ajax.php?action=GalleryBox&#038;current_view=0&#038;gallery_id=881&#038;tag=0&#038;theme_id=1&#038;shortcode_id=1794&#038;sort_by=filename&#038;order_by=asc&#038;current_url=%2Fwordpress%2Fwp-json%2Fwp%2Fv2%2Fposts%2F30371\"         data-mosaic-thumb-transition=\"1\"         style=\"visibility: hidden\" >      <div id=\"bwg_thumbnails_mosaic_0\" class=\"bwg_mosaic_thumbnails_0\">                  <a  class=\"bwg-a bwg_lightbox bwg_lightbox_0\" href=\"https:\/\/www.nonsolomodanews.it\/wordpress\/wp-content\/uploads\/photo-gallery\/Marta_DAdamo\/Marta-DAdamo-001.jpg?bwg=1760306210\" data-image-id=\"44180\" data-elementor-open-lightbox=\"no\">          <div class=\"bwg_mosaic_thumb_spun_0 bwg-item0 bwg-mosaic-thumb-span \">            <img decoding=\"async\" class=\"bwg_mosaic_thumb_0 skip-lazy bwg_img_clear bwg_img_custom \"                 id=\"44180\"                 src=\"https:\/\/www.nonsolomodanews.it\/wordpress\/wp-content\/uploads\/photo-gallery\/Marta_DAdamo\/thumb\/Marta-DAdamo-001.jpg?bwg=1760306210\"                 data-src=\"https:\/\/www.nonsolomodanews.it\/wordpress\/wp-content\/uploads\/photo-gallery\/Marta_DAdamo\/thumb\/Marta-DAdamo-001.jpg?bwg=1760306210\"                 data-width=\"200.00\"                 data-height=\"300.00\"                 alt=\"Marta-DAdamo-001\"                 title=\"Marta-DAdamo-001\" \/>                      <\/div>        <\/a>                <a  class=\"bwg-a bwg_lightbox bwg_lightbox_0\" href=\"https:\/\/www.nonsolomodanews.it\/wordpress\/wp-content\/uploads\/photo-gallery\/Marta_DAdamo\/Marta-DAdamo-002.jpg?bwg=1760306210\" data-image-id=\"44184\" data-elementor-open-lightbox=\"no\">          <div class=\"bwg_mosaic_thumb_spun_0 bwg-item0 bwg-mosaic-thumb-span \">            <img decoding=\"async\" class=\"bwg_mosaic_thumb_0 skip-lazy bwg_img_clear bwg_img_custom \"                 id=\"44184\"                 src=\"https:\/\/www.nonsolomodanews.it\/wordpress\/wp-content\/uploads\/photo-gallery\/Marta_DAdamo\/thumb\/Marta-DAdamo-002.jpg?bwg=1760306210\"                 data-src=\"https:\/\/www.nonsolomodanews.it\/wordpress\/wp-content\/uploads\/photo-gallery\/Marta_DAdamo\/thumb\/Marta-DAdamo-002.jpg?bwg=1760306210\"                 data-width=\"224.00\"                 data-height=\"300.00\"                 alt=\"Marta-DAdamo-002\"                 title=\"Marta-DAdamo-002\" \/>                      <\/div>        <\/a>                <a  class=\"bwg-a bwg_lightbox bwg_lightbox_0\" href=\"https:\/\/www.nonsolomodanews.it\/wordpress\/wp-content\/uploads\/photo-gallery\/Marta_DAdamo\/Marta-DAdamo-003.jpeg?bwg=1760306210\" data-image-id=\"44179\" data-elementor-open-lightbox=\"no\">          <div class=\"bwg_mosaic_thumb_spun_0 bwg-item0 bwg-mosaic-thumb-span \">            <img decoding=\"async\" class=\"bwg_mosaic_thumb_0 skip-lazy bwg_img_clear bwg_img_custom \"                 id=\"44179\"                 src=\"https:\/\/www.nonsolomodanews.it\/wordpress\/wp-content\/uploads\/photo-gallery\/Marta_DAdamo\/thumb\/Marta-DAdamo-003.jpeg?bwg=1760306210\"                 data-src=\"https:\/\/www.nonsolomodanews.it\/wordpress\/wp-content\/uploads\/photo-gallery\/Marta_DAdamo\/thumb\/Marta-DAdamo-003.jpeg?bwg=1760306210\"                 data-width=\"202.00\"                 data-height=\"300.00\"                 alt=\"Marta-DAdamo-003\"                 title=\"Marta-DAdamo-003\" \/>                      <\/div>        <\/a>                <a  class=\"bwg-a bwg_lightbox bwg_lightbox_0\" href=\"https:\/\/www.nonsolomodanews.it\/wordpress\/wp-content\/uploads\/photo-gallery\/Marta_DAdamo\/Marta-DAdamo-004.jpeg?bwg=1760306210\" data-image-id=\"44178\" data-elementor-open-lightbox=\"no\">          <div class=\"bwg_mosaic_thumb_spun_0 bwg-item0 bwg-mosaic-thumb-span \">            <img decoding=\"async\" class=\"bwg_mosaic_thumb_0 skip-lazy bwg_img_clear bwg_img_custom \"                 id=\"44178\"                 src=\"https:\/\/www.nonsolomodanews.it\/wordpress\/wp-content\/uploads\/photo-gallery\/Marta_DAdamo\/thumb\/Marta-DAdamo-004.jpeg?bwg=1760306210\"                 data-src=\"https:\/\/www.nonsolomodanews.it\/wordpress\/wp-content\/uploads\/photo-gallery\/Marta_DAdamo\/thumb\/Marta-DAdamo-004.jpeg?bwg=1760306210\"                 data-width=\"300.00\"                 data-height=\"196.00\"                 alt=\"Marta-DAdamo-004\"                 title=\"Marta-DAdamo-004\" \/>                      <\/div>        <\/a>                <a  class=\"bwg-a bwg_lightbox bwg_lightbox_0\" href=\"https:\/\/www.nonsolomodanews.it\/wordpress\/wp-content\/uploads\/photo-gallery\/Marta_DAdamo\/Marta-DAdamo-005.jpeg?bwg=1760306210\" data-image-id=\"44187\" data-elementor-open-lightbox=\"no\">          <div class=\"bwg_mosaic_thumb_spun_0 bwg-item0 bwg-mosaic-thumb-span \">            <img decoding=\"async\" class=\"bwg_mosaic_thumb_0 skip-lazy bwg_img_clear bwg_img_custom \"                 id=\"44187\"                 src=\"https:\/\/www.nonsolomodanews.it\/wordpress\/wp-content\/uploads\/photo-gallery\/Marta_DAdamo\/thumb\/Marta-DAdamo-005.jpeg?bwg=1760306210\"                 data-src=\"https:\/\/www.nonsolomodanews.it\/wordpress\/wp-content\/uploads\/photo-gallery\/Marta_DAdamo\/thumb\/Marta-DAdamo-005.jpeg?bwg=1760306210\"                 data-width=\"225.00\"                 data-height=\"300.00\"                 alt=\"Marta-DAdamo-005\"                 title=\"Marta-DAdamo-005\" \/>                      <\/div>        <\/a>                <a  class=\"bwg-a bwg_lightbox bwg_lightbox_0\" href=\"https:\/\/www.nonsolomodanews.it\/wordpress\/wp-content\/uploads\/photo-gallery\/Marta_DAdamo\/Marta-DAdamo-006.jpeg?bwg=1760306210\" data-image-id=\"44182\" data-elementor-open-lightbox=\"no\">          <div class=\"bwg_mosaic_thumb_spun_0 bwg-item0 bwg-mosaic-thumb-span \">            <img decoding=\"async\" class=\"bwg_mosaic_thumb_0 skip-lazy bwg_img_clear bwg_img_custom \"                 id=\"44182\"                 src=\"https:\/\/www.nonsolomodanews.it\/wordpress\/wp-content\/uploads\/photo-gallery\/Marta_DAdamo\/thumb\/Marta-DAdamo-006.jpeg?bwg=1760306210\"                 data-src=\"https:\/\/www.nonsolomodanews.it\/wordpress\/wp-content\/uploads\/photo-gallery\/Marta_DAdamo\/thumb\/Marta-DAdamo-006.jpeg?bwg=1760306210\"                 data-width=\"201.00\"                 data-height=\"300.00\"                 alt=\"Marta-DAdamo-006\"                 title=\"Marta-DAdamo-006\" \/>                      <\/div>        <\/a>                <a  class=\"bwg-a bwg_lightbox bwg_lightbox_0\" href=\"https:\/\/www.nonsolomodanews.it\/wordpress\/wp-content\/uploads\/photo-gallery\/Marta_DAdamo\/Marta-DAdamo-007.jpeg?bwg=1760306210\" data-image-id=\"44181\" data-elementor-open-lightbox=\"no\">          <div class=\"bwg_mosaic_thumb_spun_0 bwg-item0 bwg-mosaic-thumb-span \">            <img decoding=\"async\" class=\"bwg_mosaic_thumb_0 skip-lazy bwg_img_clear bwg_img_custom \"                 id=\"44181\"                 src=\"https:\/\/www.nonsolomodanews.it\/wordpress\/wp-content\/uploads\/photo-gallery\/Marta_DAdamo\/thumb\/Marta-DAdamo-007.jpeg?bwg=1760306210\"                 data-src=\"https:\/\/www.nonsolomodanews.it\/wordpress\/wp-content\/uploads\/photo-gallery\/Marta_DAdamo\/thumb\/Marta-DAdamo-007.jpeg?bwg=1760306210\"                 data-width=\"300.00\"                 data-height=\"200.00\"                 alt=\"Marta-DAdamo-007\"                 title=\"Marta-DAdamo-007\" \/>                      <\/div>        <\/a>                <a  class=\"bwg-a bwg_lightbox bwg_lightbox_0\" href=\"https:\/\/www.nonsolomodanews.it\/wordpress\/wp-content\/uploads\/photo-gallery\/Marta_DAdamo\/Marta-DAdamo-008.jpeg?bwg=1760306210\" data-image-id=\"44183\" data-elementor-open-lightbox=\"no\">          <div class=\"bwg_mosaic_thumb_spun_0 bwg-item0 bwg-mosaic-thumb-span \">            <img decoding=\"async\" class=\"bwg_mosaic_thumb_0 skip-lazy bwg_img_clear bwg_img_custom \"                 id=\"44183\"                 src=\"https:\/\/www.nonsolomodanews.it\/wordpress\/wp-content\/uploads\/photo-gallery\/Marta_DAdamo\/thumb\/Marta-DAdamo-008.jpeg?bwg=1760306210\"                 data-src=\"https:\/\/www.nonsolomodanews.it\/wordpress\/wp-content\/uploads\/photo-gallery\/Marta_DAdamo\/thumb\/Marta-DAdamo-008.jpeg?bwg=1760306210\"                 data-width=\"300.00\"                 data-height=\"196.00\"                 alt=\"Marta-DAdamo-008\"                 title=\"Marta-DAdamo-008\" \/>                      <\/div>        <\/a>                <a  class=\"bwg-a bwg_lightbox bwg_lightbox_0\" href=\"https:\/\/www.nonsolomodanews.it\/wordpress\/wp-content\/uploads\/photo-gallery\/Marta_DAdamo\/Marta-DAdamo-009.jpeg?bwg=1760306210\" data-image-id=\"44185\" data-elementor-open-lightbox=\"no\">          <div class=\"bwg_mosaic_thumb_spun_0 bwg-item0 bwg-mosaic-thumb-span \">            <img decoding=\"async\" class=\"bwg_mosaic_thumb_0 skip-lazy bwg_img_clear bwg_img_custom \"                 id=\"44185\"                 src=\"https:\/\/www.nonsolomodanews.it\/wordpress\/wp-content\/uploads\/photo-gallery\/Marta_DAdamo\/thumb\/Marta-DAdamo-009.jpeg?bwg=1760306210\"                 data-src=\"https:\/\/www.nonsolomodanews.it\/wordpress\/wp-content\/uploads\/photo-gallery\/Marta_DAdamo\/thumb\/Marta-DAdamo-009.jpeg?bwg=1760306210\"                 data-width=\"200.00\"                 data-height=\"300.00\"                 alt=\"Marta-DAdamo-009\"                 title=\"Marta-DAdamo-009\" \/>                      <\/div>        <\/a>                <a  class=\"bwg-a bwg_lightbox bwg_lightbox_0\" href=\"https:\/\/www.nonsolomodanews.it\/wordpress\/wp-content\/uploads\/photo-gallery\/Marta_DAdamo\/Marta-DAdamo-010.jpg?bwg=1760306210\" data-image-id=\"44186\" data-elementor-open-lightbox=\"no\">          <div class=\"bwg_mosaic_thumb_spun_0 bwg-item0 bwg-mosaic-thumb-span \">            <img decoding=\"async\" class=\"bwg_mosaic_thumb_0 skip-lazy bwg_img_clear bwg_img_custom \"                 id=\"44186\"                 src=\"https:\/\/www.nonsolomodanews.it\/wordpress\/wp-content\/uploads\/photo-gallery\/Marta_DAdamo\/thumb\/Marta-DAdamo-010.jpg?bwg=1760306210\"                 data-src=\"https:\/\/www.nonsolomodanews.it\/wordpress\/wp-content\/uploads\/photo-gallery\/Marta_DAdamo\/thumb\/Marta-DAdamo-010.jpg?bwg=1760306210\"                 data-width=\"300.00\"                 data-height=\"144.00\"                 alt=\"Marta-DAdamo-010\"                 title=\"Marta-DAdamo-010\" \/>                      <\/div>        <\/a>            <\/div>    <\/div>    <style>      \/*pagination styles*\/      #bwg_container1_0 #bwg_container2_0 .tablenav-pages_0 {\t\t\t\ttext-align: center;\t\t\t\tfont-size: 12px;\t\t\t\tfont-family: segoe ui;\t\t\t\tfont-weight: bold;\t\t\t\tcolor: #666666;\t\t\t\tmargin: 6px 0 4px;\t\t\t\tdisplay: block;      }      @media only screen and (max-width : 320px) {      #bwg_container1_0 #bwg_container2_0 .displaying-num_0 {     \t display: none;      }      }      #bwg_container1_0 #bwg_container2_0 .displaying-num_0 {\t\t\t\tfont-size: 12px;\t\t\t\tfont-family: segoe ui;\t\t\t\tfont-weight: bold;\t\t\t\tcolor: #666666;\t\t\t\tmargin-right: 10px;\t\t\t\tvertical-align: middle;      }      #bwg_container1_0 #bwg_container2_0 .paging-input_0 {\t\t\t\tfont-size: 12px;\t\t\t\tfont-family: segoe ui;\t\t\t\tfont-weight: bold;\t\t\t\tcolor: #666666;\t\t\t\tvertical-align: middle;      }      #bwg_container1_0 #bwg_container2_0 .tablenav-pages_0 a.disabled,      #bwg_container1_0 #bwg_container2_0 .tablenav-pages_0 a.disabled:hover,      #bwg_container1_0 #bwg_container2_0 .tablenav-pages_0 a.disabled:focus,\t\t\t#bwg_container1_0 #bwg_container2_0 .tablenav-pages_0 input.bwg_current_page {\t\t\t\tcursor: default;\t\t\t\tcolor: rgba(102, 102, 102, 0.5);      }      #bwg_container1_0 #bwg_container2_0 .tablenav-pages_0 a,      #bwg_container1_0 #bwg_container2_0 .tablenav-pages_0 input.bwg_current_page {\t\t\t\tcursor: pointer;\t\t\t\ttext-align: center;\t\t\t\tfont-size: 12px;\t\t\t\tfont-family: segoe ui;\t\t\t\tfont-weight: bold;\t\t\t\tcolor: #666666;\t\t\t\ttext-decoration: none;\t\t\t\tpadding: 3px 6px;\t\t\t\tmargin: 0;\t\t\t\tborder-radius: 0;\t\t\t\tborder-style: solid;\t\t\t\tborder-width: 1px;\t\t\t\tborder-color: #E3E3E3;\t\t\t\t\t\t\t\tbackground-color: rgba(255, 255, 255, 1.00);\t\t\t\tbox-shadow: 0;\t\t\t\ttransition: all 0.3s ease 0s;-webkit-transition: all 0.3s ease 0s;      }      <\/style>      <span class=\"bwg_nav_cont_0\">              <div class=\"tablenav-pages_0\">                  <\/div>                <input type=\"hidden\" id=\"page_number_0\" name=\"page_number_0\" value=\"1\" \/>      <script type=\"text\/javascript\">        if( jQuery('.bwg_nav_cont_0').length > 1 ) {          jQuery('.bwg_nav_cont_0').first().remove()        }        function spider_page_0(cur, x, y, load_more) {          if (typeof load_more == \"undefined\") {            var load_more = false;          }          if (jQuery(cur).hasClass('disabled')) {            return false;          }          var items_county_0 = 1;          switch (y) {            case 1:              if (x >= items_county_0) {                document.getElementById('page_number_0').value = items_county_0;              }              else {                document.getElementById('page_number_0').value = x + 1;              }              break;            case 2:              document.getElementById('page_number_0').value = items_county_0;              break;            case -1:              if (x == 1) {                document.getElementById('page_number_0').value = 1;              }              else {                document.getElementById('page_number_0').value = x - 1;              }              break;            case -2:              document.getElementById('page_number_0').value = 1;              break;\t\t\t\t\t\tcase 0:              document.getElementById('page_number_0').value = x;              break;            default:              document.getElementById('page_number_0').value = 1;          }          bwg_ajax('gal_front_form_0', '0', 'bwg_thumbnails_mosaic_0', '0', '', 'gallery', 0, '', '', load_more, '', 1);        }                    jQuery('.first-page-0').on('click', function () {              spider_page_0(this, 1, -2, 'numeric');              return false;            });            jQuery('.prev-page-0').on('click', function () {              spider_page_0(this, 1, -1, 'numeric');              return false;            });            jQuery('.next-page-0').on('click', function () {              spider_page_0(this, 1, 1, 'numeric');              return false;            });            jQuery('.last-page-0').on('click', function () {              spider_page_0(this, 1, 2, 'numeric');              return false;            });        \t\t\t\t\/* Change page on input enter. *\/        function bwg_change_page_0( e, that ) {          if (  e.key == 'Enter' ) {            var to_page = parseInt(jQuery(that).val());            var pages_count = jQuery(that).parents(\".pagination-links\").data(\"pages-count\");            var current_url_param = jQuery(that).attr('data-url-info');            if (to_page > pages_count) {              to_page = 1;            }\t \t\t\t\t\t\t\t\t\t\t\t\tspider_page_0(this, to_page, 0, 'numeric');\t\t\t\t\t\t\treturn false;\t\t\t\t\t\t          }          return true;        }        jQuery('.bwg_load_btn_0').on('click', function () {            spider_page_0(this, 1, 1, true);            return false;        });      <\/script>      <\/span>                <\/div>        <\/form>        <style>          #bwg_container1_0 #bwg_container2_0 #spider_popup_overlay_0 {          background-color: #000000;          opacity: 0.70;          }          <\/style>        <div id=\"bwg_spider_popup_loading_0\" class=\"bwg_spider_popup_loading\"><\/div>        <div id=\"spider_popup_overlay_0\" class=\"spider_popup_overlay\" onclick=\"spider_destroypopup(1000)\"><\/div>        <input type=\"hidden\" id=\"bwg_random_seed_0\" value=\"1521066827\">                <\/div>    <\/div>    <script>      if (document.readyState === 'complete') {        if( typeof bwg_main_ready == 'function' ) {          if ( jQuery(\"#bwg_container1_0\").height() ) {            bwg_main_ready(jQuery(\"#bwg_container1_0\"));          }        }      } else {        document.addEventListener('DOMContentLoaded', function() {          if( typeof bwg_main_ready == 'function' ) {            if ( jQuery(\"#bwg_container1_0\").height() ) {             bwg_main_ready(jQuery(\"#bwg_container1_0\"));            }          }        });      }    <\/script>    <\/p>\n<p><\/span><\/p>\n<p>&nbsp;<\/p>\n<p>&nbsp;<\/p>\n<p>&nbsp;<\/p>\n<p>&nbsp;<\/p>\n<p>&nbsp;<\/p>\n<p>&nbsp;<\/p>\n<p>&nbsp;<\/p>\n<p>&nbsp;<\/p>\n","protected":false},"excerpt":{"rendered":"<p>Nonsolomodanews&nbsp;ha il piacere di presentare ai propri lettori le concorrenti, vincitrici di fascia, che hanno partecipato alla finale nazionale del concorso&nbsp;Venere d&rsquo;Italia&nbsp;del patron Pietro Cortese, che si &egrave; svolto nell&rsquo;incantevole cornice dell&rsquo;hotel Costa Elisabeth nel suggestivo borgo di Cir&ograve; (KR).&nbsp; E&rsquo; il turno di Marta D&rsquo;Adamo, Venere Social 2025. Ringraziamo Marta per averci concesso questa intervista e auguriamo ai lettori di Nonsolomodanews buona lettura.<\/p>\n","protected":false},"author":1,"featured_media":30375,"comment_status":"open","ping_status":"open","sticky":false,"template":"","format":"standard","meta":{"rop_custom_images_group":[],"rop_custom_messages_group":[],"rop_publish_now":"initial","rop_publish_now_accounts":[],"rop_publish_now_history":[],"rop_publish_now_status":"pending","footnotes":""},"categories":[10014,10066],"tags":[281,10508,10507,1099,1162,1195],"class_list":["post-30371","post","type-post","status-publish","format-standard","has-post-thumbnail","hentry","category-intervista","category-venere-ditalia","tag-bruno-angelo-porcellana","tag-carovigno","tag-marta-dadamo","tag-nonsolomodanews","tag-pietro-cortese","tag-puglia"],"_links":{"self":[{"href":"https:\/\/www.nonsolomodanews.it\/wordpress\/wp-json\/wp\/v2\/posts\/30371","targetHints":{"allow":["GET"]}}],"collection":[{"href":"https:\/\/www.nonsolomodanews.it\/wordpress\/wp-json\/wp\/v2\/posts"}],"about":[{"href":"https:\/\/www.nonsolomodanews.it\/wordpress\/wp-json\/wp\/v2\/types\/post"}],"author":[{"embeddable":true,"href":"https:\/\/www.nonsolomodanews.it\/wordpress\/wp-json\/wp\/v2\/users\/1"}],"replies":[{"embeddable":true,"href":"https:\/\/www.nonsolomodanews.it\/wordpress\/wp-json\/wp\/v2\/comments?post=30371"}],"version-history":[{"count":12,"href":"https:\/\/www.nonsolomodanews.it\/wordpress\/wp-json\/wp\/v2\/posts\/30371\/revisions"}],"predecessor-version":[{"id":30449,"href":"https:\/\/www.nonsolomodanews.it\/wordpress\/wp-json\/wp\/v2\/posts\/30371\/revisions\/30449"}],"wp:featuredmedia":[{"embeddable":true,"href":"https:\/\/www.nonsolomodanews.it\/wordpress\/wp-json\/wp\/v2\/media\/30375"}],"wp:attachment":[{"href":"https:\/\/www.nonsolomodanews.it\/wordpress\/wp-json\/wp\/v2\/media?parent=30371"}],"wp:term":[{"taxonomy":"category","embeddable":true,"href":"https:\/\/www.nonsolomodanews.it\/wordpress\/wp-json\/wp\/v2\/categories?post=30371"},{"taxonomy":"post_tag","embeddable":true,"href":"https:\/\/www.nonsolomodanews.it\/wordpress\/wp-json\/wp\/v2\/tags?post=30371"}],"curies":[{"name":"wp","href":"https:\/\/api.w.org\/{rel}","templated":true}]}}