{"id":30067,"date":"2025-09-10T22:03:41","date_gmt":"2025-09-10T22:03:41","guid":{"rendered":"https:\/\/www.nonsolomodanews.it\/wordpress\/?p=30067"},"modified":"2025-09-10T22:03:41","modified_gmt":"2025-09-10T22:03:41","slug":"valentina-poltronieri-in-una-sei-giorni-dove-la-moda-italiana-ha-brillato-sotto-il-sole-di-dubai","status":"publish","type":"post","link":"https:\/\/www.nonsolomodanews.it\/wordpress\/valentina-poltronieri-in-una-sei-giorni-dove-la-moda-italiana-ha-brillato-sotto-il-sole-di-dubai\/","title":{"rendered":"Valentina Poltronieri in una sei giorni dove la moda italiana ha brillato sotto il sole di Dubai"},"content":{"rendered":"<div id=\"attachment_30054\" style=\"width: 210px\" class=\"wp-caption alignleft\"><a style=\"color: #000000;\" href=\"https:\/\/www.nonsolomodanews.it\/wordpress\/wp-content\/uploads\/2025\/09\/Poltronieri-S26-025-scaled.jpg\"><img loading=\"lazy\" decoding=\"async\" aria-describedby=\"caption-attachment-30054\" class=\"wp-image-30054 size-medium\" src=\"https:\/\/www.nonsolomodanews.it\/wordpress\/wp-content\/uploads\/2025\/09\/Poltronieri-S26-025-200x300.jpg\" alt=\"\" width=\"200\" height=\"300\" srcset=\"https:\/\/www.nonsolomodanews.it\/wordpress\/wp-content\/uploads\/2025\/09\/Poltronieri-S26-025-200x300.jpg 200w, https:\/\/www.nonsolomodanews.it\/wordpress\/wp-content\/uploads\/2025\/09\/Poltronieri-S26-025-683x1024.jpg 683w, https:\/\/www.nonsolomodanews.it\/wordpress\/wp-content\/uploads\/2025\/09\/Poltronieri-S26-025-768x1152.jpg 768w, https:\/\/www.nonsolomodanews.it\/wordpress\/wp-content\/uploads\/2025\/09\/Poltronieri-S26-025-1024x1536.jpg 1024w, https:\/\/www.nonsolomodanews.it\/wordpress\/wp-content\/uploads\/2025\/09\/Poltronieri-S26-025-1365x2048.jpg 1365w, https:\/\/www.nonsolomodanews.it\/wordpress\/wp-content\/uploads\/2025\/09\/Poltronieri-S26-025-1080x1620.jpg 1080w, https:\/\/www.nonsolomodanews.it\/wordpress\/wp-content\/uploads\/2025\/09\/Poltronieri-S26-025-scaled.jpg 1707w\" sizes=\"auto, (max-width: 200px) 100vw, 200px\" \/><\/a><p id=\"caption-attachment-30054\" class=\"wp-caption-text\"><span style=\"color: #000000;\">La Fashion Designer Valentina Poltronieri<\/span><\/p><\/div>\n<p><span style=\"color: #000000;\"><strong>Dubai<\/strong> non \u00e8 solo la capitale degli Emirati Arabi Uniti ma \u00e8 un luogo che ha avuto una crescita inarrestabile negli ultimi 30 anni. Oggi \u00e8 molto facile raggiungere Dubai con la compagnia di volo Emirates con voli che partono da vari aeroporti italiani. La prima volta che ci arrivai ero di passaggio per andare in Pakistan, poi, avendo avuto l&#8217;opportunit\u00e0 di vivere da quelle parti del mondo per pi\u00f9 di tre anni, Dubai divenne per me e la mia famiglia la Disneyland del\u00a0 Medio Oriente dove ci potevo trovare di tutto, anche la neve alla Mall delle Emirates. A Dubai ci sono tornato pi\u00f9 volte ma questa \u00e8 storia e interessa il giusto. Quello che a noi interessa di Nonsolomodanews \u00e8 di presentare l&#8217;esperienza vissuta negli Emirati da parte di <strong>Valentina Poltronieri<\/strong> e per questo il nostro magazine ha chiesto alla giovanissima fashion designer italiana, che ci onoriamo di avere come amica e che si sta affermando nel mondo della moda, di raccontare ai nostri lettori le sensazioni dell&#8217;esperienza vissuta a Dubai durante la Dubai Fashion Week.\u00a0<\/span><\/p>\n<p><span style=\"color: #000000;\"><!--more--><\/span><\/p>\n<p><span style=\"color: #000000;\"><strong>SEI GIORNI. Sei giorni intensi che mi hanno portata in una dimensione completamente nuova, dove la moda italiana ha brillato sotto il sole di Dubai.<\/strong><\/span><\/p>\n<p><span style=\"color: #000000;\">Il 30 agosto, quando l&#8217;aereo ha toccato il suolo di questa grandissima citt\u00e0, sapevo che stava per iniziare un\u2019esperienza davvero indimenticabile. I primi due giorni sono volati tra fitting, prove trucco, musica e quei momenti di calma apparente. Una mezza giornata libera per respirare la citt\u00e0, per sentirne il ritmo, prima del momento tanto atteso.<\/span><\/p>\n<p><span style=\"color: #000000;\">Il 2 settembre, la cena al The Lana Hotel \u00e8 stata molto pi\u00f9 di un semplice evento. circondata dal Console e da tutti i supporter che ci hanno accompagnato in questa avventura, ho avuto l\u2019onore di essere una dei designer a rappresentare l\u2019Italia. E poi lei, la mia Barbie, esposta in tutta la sua bellezza, rivederla \u00e8 stato emozionante, sapendo che il suo viaggio continuer\u00e0 in Brasile e India, portando un pezzo del mio cuore in giro per il mondo.<\/span><\/p>\n<p><span style=\"color: #000000;\">Il 3 settembre, sveglia all\u2019alba, finalmente era arrivato il grande giorno. Entrare nella mia stanza e vedere il mio nome, il mio spazio, i miei abiti disposti con cura &#8211; \u00e8 stata un&#8217;emozione indescrivibile. Era reale, era mio, era il momento.<\/span><\/p>\n<p><span style=\"color: #000000;\">Le prove generali dello show sono state cruciali per capire come presentare tutto al meglio, come far dialogare video e musica in perfetta armonia. Alle 18:00, quando le modelle hanno iniziato a prepararsi (con il mitico ritardo che ormai fa parte del folklore della moda), l&#8217;energia backstage era palpabile.<\/span><\/p>\n<p><span style=\"color: #000000;\">Ma prima del grande momento, c&#8217;era lo showroom dedicato esclusivamente all&#8217;Italia. Dalle 13:00 alle 15:00, tra le varie esposizioni c\u2019era la mia collezione <strong>Spring Summer 26 \u201cECHOES of Silence\u201d<\/strong> che ho presentato a giornalisti, buyer e a gente curiosa. \u00c8 stato bello avere la possibilit\u00e0 di vedere, sentire l&#8217;apprezzamento genuino per il &#8220;Made in Italy\u201d, questi sono i momenti che rendono tutto il duro lavoro prezioso.<\/span><\/p>\n<p><span style=\"color: #000000;\">Quando alle 19:00 si sono aperte le porte per &#8220;Moda Italiana&#8221;, il mondo \u00e8 cambiato. Dal backstage ho assistito a momenti magici che rimarranno per sempre impressi nella memoria. La frenesia del cambio abiti, l&#8217;energia elettrizzante che pervade tutto quando sai che l\u00e0 fuori c&#8217;\u00e8 un pubblico che aspetta solo te.<\/span><\/p>\n<p><span style=\"color: #000000;\">La doppia uscita ha creato momenti di panico, momenti \u00a0di pura adrenalina. Il cambio perfetto, la corsa, il respiro trattenuto, e poi&#8230; la perfezione.<\/span><\/p>\n<p><span style=\"color: #000000;\">E poi \u00e8 arrivato il mio momento. Stranamente rilassata, sono uscita e ho preso il mio pubblico, il mio spazio. In quell&#8217;istante magico, tutto il resto \u00e8 scomparso: esistevamo solo io, le mie creazioni e quella connessione invisibile ma potentissima con chi ci guardava.<\/span><\/p>\n<p><span style=\"color: #000000;\">Il ritorno nella mia room \u00e8 stato magico. L&#8217;applauso spontaneo di tutte le modelle, il nostro urlo di felicit\u00e0. Ce l\u2019avevamo fatta!!<\/span><\/p>\n<p><span style=\"color: #000000;\">Sono rimasta per vedere un&#8217;altra sfilata, ma poco dopo siamo stati presi per le varie interviste. Confesso che quello \u00e8 stato il momento in cui mi sono sentita pi\u00f9 agitata di tutta la settimana. Parlare della propria arte, spiegarla, renderla comprensibile \u00e8 sempre una sfida, soprattutto quando le emozioni sono cos\u00ec intense.<\/span><\/p>\n<p><span style=\"color: #000000;\">La serata, per\u00f2, non era finita. La cena da Mr Chow con il gruppo di Elle Arabia \u00e8 stato il finale perfetto di una giornata gi\u00e0 indimenticabile. Arrivando in ritardo, (il limite \u00e8 sempre una costante nella moda), ma trovare quel tavolo dove ero l&#8217;unica italiana insieme ad altri designer internazionali \u00e8 stato un onore e una grande responsabilit\u00e0.<\/span><\/p>\n<p><span style=\"color: #000000;\">Il networking con persone di varie nazioni, la possibilit\u00e0 di raccontare la nostra storia, di condividere visioni e sogni con colleghi da tutto il mondo. E poi la presenza della direttrice di Elle Arabia, Valia Taha e di <a style=\"color: #000000;\" href=\"https:\/\/en.wikipedia.org\/wiki\/Jacob_Abrian\">Jacob Abrian<\/a> \u00a0dell&#8217;<a style=\"color: #000000;\" title=\"Arab Fashion Council\" href=\"https:\/\/en.wikipedia.org\/wiki\/Arab_Fashion_Council\">Arab Fashion Council<\/a> sono state la ciliegina sulla torta di tutta questa esperienza.<\/span><\/p>\n<p><span style=\"color: #000000;\">Mentre chiudo questo racconto, sento la necessit\u00e0 di ringraziare tutti coloro che hanno reso possibile questa magia. Ogni persona che ho incontrato, ogni sorriso ricevuto, ogni applauso sentito tutto ha contribuito a creare un&#8217;esperienza che va oltre la semplice partecipazione a un evento di moda.<\/span><\/p>\n<p><span style=\"color: #000000;\">ANFAO, Camera Nazionale della Moda Italiana, Confapi Uniontessile, Confartigianato Moda, Confartigianato Orafi, CNA Federmoda, CNA Orafi, Confindustria Accessori Moda, Confindustria FEDERORAFI, Confindustria Moda &#8211; Federazione Tessile e Moda e Altagamma.\u00a0 Organizzazione del DFW,\u00a0<\/span><\/p>\n<p><span style=\"color: #000000;\">GRAZIE.<\/span><\/p>\n<p><span style=\"color: #000000;\">Dubai mi ha regalato sei giorni intensi, sei giorni che non dimenticher\u00f2, e io sono orgogliosa di averne fatto parte.<\/span><\/p>\n<p><span style=\"color: #000000;\">La valigia \u00e8 ormai disfatta, gli abiti sono tornati al loro posto, ma l&#8217;emozione rimane.<\/span><\/p>\n<p><span style=\"color: #000000;\">Sono onorata di aver potuto partecipare alla Dubai Fashion Week, sono elettrizzata di vedere cosa il futuro ha in serbo per me.<\/span><\/p>\n<p><span style=\"color: #000000;\">Grazie ancora per tutto.<\/span><\/p>\n<p><span style=\"color: #000000;\">Valentina Poltronieri<\/span><\/p>\n<p style=\"text-align: center;\"><span style=\"color: #000000;\">Le foto sono state fornite da Valentina Poltronieri \u2013 I crediti delle fotografie appartengono ai relativi fotografi<\/span><br \/>\n<span style=\"color: #000000;\">Tutti i diritti riservati \u00a9 2025\u2013 Email: nonsolomodanews@gmail.com<div style=\"width:100%\"><div class=\"wd_error\"><p><strong>Nessuna galleria selezionata o \u00e8 stata eliminata.<\/strong><\/p><\/div><\/div><\/p>\n<p><\/span><\/p>\n<p>&nbsp;<\/p>\n<p>&nbsp;<\/p>\n<p>&nbsp;<\/p>\n","protected":false},"excerpt":{"rendered":"<p>Dubai non &egrave; solo la capitale degli Emirati Arabi Uniti ma &egrave; un luogo che ha avuto una crescita inarrestabile negli ultimi 30 anni. Oggi &egrave; molto facile raggiungere Dubai con la compagnia di volo Emirates con voli che partono da vari aeroporti italiani. La prima volta che ci arrivai ero di passaggio per andare in Pakistan, poi, avendo avuto l&rsquo;opportunit&agrave; di vivere da quelle parti del mondo per pi&ugrave; di tre anni, Dubai divenne per me e la mia famiglia la Disneyland del&nbsp; Medio Oriente dove ci potevo trovare di tutto, anche la neve alla Mall delle Emirates. A Dubai ci sono tornato pi&ugrave; volte ma questa &egrave; storia e interessa il giusto. Quello che a noi interessa di Nonsolomodanews &egrave; di presentare l&rsquo;esperienza vissuta negli Emirati da parte di Valentina Poltronieri e per questo il nostro magazine ha chiesto alla giovanissima fashion designer italiana, che ci onoriamo di avere come amica e che si sta affermando nel mondo della moda, di raccontare ai nostri lettori le sensazioni dell&rsquo;esperienza vissuta a Dubai durante la Dubai Fashion Week.&nbsp;<\/p>\n","protected":false},"author":1,"featured_media":30064,"comment_status":"open","ping_status":"open","sticky":false,"template":"","format":"standard","meta":{"rop_custom_images_group":[],"rop_custom_messages_group":[],"rop_publish_now":"initial","rop_publish_now_accounts":[],"rop_publish_now_history":[],"rop_publish_now_status":"pending","footnotes":""},"categories":[16],"tags":[9807,281,10447,10446,1099,9250,2432],"class_list":["post-30067","post","type-post","status-publish","format-standard","has-post-thumbnail","hentry","category-articolo","tag-antonio-franceschini","tag-bruno-angelo-porcellana","tag-consolato-generale-ditalia-a-dubai","tag-dubai-fashion-week","tag-nonsolomodanews","tag-roberto-corbelli","tag-valentina-poltronieri"],"_links":{"self":[{"href":"https:\/\/www.nonsolomodanews.it\/wordpress\/wp-json\/wp\/v2\/posts\/30067","targetHints":{"allow":["GET"]}}],"collection":[{"href":"https:\/\/www.nonsolomodanews.it\/wordpress\/wp-json\/wp\/v2\/posts"}],"about":[{"href":"https:\/\/www.nonsolomodanews.it\/wordpress\/wp-json\/wp\/v2\/types\/post"}],"author":[{"embeddable":true,"href":"https:\/\/www.nonsolomodanews.it\/wordpress\/wp-json\/wp\/v2\/users\/1"}],"replies":[{"embeddable":true,"href":"https:\/\/www.nonsolomodanews.it\/wordpress\/wp-json\/wp\/v2\/comments?post=30067"}],"version-history":[{"count":1,"href":"https:\/\/www.nonsolomodanews.it\/wordpress\/wp-json\/wp\/v2\/posts\/30067\/revisions"}],"predecessor-version":[{"id":30068,"href":"https:\/\/www.nonsolomodanews.it\/wordpress\/wp-json\/wp\/v2\/posts\/30067\/revisions\/30068"}],"wp:featuredmedia":[{"embeddable":true,"href":"https:\/\/www.nonsolomodanews.it\/wordpress\/wp-json\/wp\/v2\/media\/30064"}],"wp:attachment":[{"href":"https:\/\/www.nonsolomodanews.it\/wordpress\/wp-json\/wp\/v2\/media?parent=30067"}],"wp:term":[{"taxonomy":"category","embeddable":true,"href":"https:\/\/www.nonsolomodanews.it\/wordpress\/wp-json\/wp\/v2\/categories?post=30067"},{"taxonomy":"post_tag","embeddable":true,"href":"https:\/\/www.nonsolomodanews.it\/wordpress\/wp-json\/wp\/v2\/tags?post=30067"}],"curies":[{"name":"wp","href":"https:\/\/api.w.org\/{rel}","templated":true}]}}