{"id":29541,"date":"2025-06-16T14:17:16","date_gmt":"2025-06-16T14:17:16","guid":{"rendered":"https:\/\/www.nonsolomodanews.it\/wordpress\/?p=29541"},"modified":"2025-06-16T14:17:16","modified_gmt":"2025-06-16T14:17:16","slug":"pitti-immagine-uomo-presenta-niccolo-pasqualetti-guest-designer-di-pitti-uomo-108","status":"publish","type":"post","link":"https:\/\/www.nonsolomodanews.it\/wordpress\/pitti-immagine-uomo-presenta-niccolo-pasqualetti-guest-designer-di-pitti-uomo-108\/","title":{"rendered":"Pitti Immagine Uomo  presenta Niccol\u00f2 Pasqualetti  Guest Designer di Pitti Uomo 108"},"content":{"rendered":"<p><span style=\"color: #000000;\"><a style=\"color: #000000;\" href=\"https:\/\/www.nonsolomodanews.it\/wordpress\/wp-content\/uploads\/2025\/06\/01-PITTI-IMMAGINE-UOMO-1.jpg\"><img loading=\"lazy\" decoding=\"async\" class=\"size-medium wp-image-29542 alignleft\" src=\"https:\/\/www.nonsolomodanews.it\/wordpress\/wp-content\/uploads\/2025\/06\/01-PITTI-IMMAGINE-UOMO-1-300x300.jpg\" alt=\"\" width=\"300\" height=\"300\" srcset=\"https:\/\/www.nonsolomodanews.it\/wordpress\/wp-content\/uploads\/2025\/06\/01-PITTI-IMMAGINE-UOMO-1-300x300.jpg 300w, https:\/\/www.nonsolomodanews.it\/wordpress\/wp-content\/uploads\/2025\/06\/01-PITTI-IMMAGINE-UOMO-1-1024x1024.jpg 1024w, https:\/\/www.nonsolomodanews.it\/wordpress\/wp-content\/uploads\/2025\/06\/01-PITTI-IMMAGINE-UOMO-1-150x150.jpg 150w, https:\/\/www.nonsolomodanews.it\/wordpress\/wp-content\/uploads\/2025\/06\/01-PITTI-IMMAGINE-UOMO-1-768x768.jpg 768w, https:\/\/www.nonsolomodanews.it\/wordpress\/wp-content\/uploads\/2025\/06\/01-PITTI-IMMAGINE-UOMO-1-1080x1080.jpg 1080w, https:\/\/www.nonsolomodanews.it\/wordpress\/wp-content\/uploads\/2025\/06\/01-PITTI-IMMAGINE-UOMO-1.jpg 1250w\" sizes=\"auto, (max-width: 300px) 100vw, 300px\" \/><\/a>A giugno, l\u2019edizione <strong>108<\/strong> di <strong>Pitti Immagine Uomo<\/strong> (Firenze, Fortezza da Basso, 17-20 giugno 2025) guarda con interesse ai territori della ricerca stilistica e della sperimentazione fashion, valorizzando una creativit\u00e0 che emana eclettismo e proiezione al futuro.<\/span><\/p>\n<p><span style=\"color: #000000;\"><!--more--><\/span><\/p>\n<p><span style=\"color: #000000;\">Proseguono gli annunci del programma di eventi speciali: <strong><em>Guest Designer<\/em> <\/strong>di questa edizione sar\u00e0<strong> Niccol\u00f2 Pasqualetti<\/strong>, il giovane stilista toscano \u2013 gi\u00e0 finalista al LVMH Prize 2024 \u2013 accreditato come una delle voci pi\u00f9 talentuose della nuova scena globale. Da Parigi \u2013 dove sfila nel calendario ufficiale della Fashion Week \u2013 Niccol\u00f2 Pasqualetti porter\u00e0 a Firenze il suo stile e la sua visione. Nei giorni di Pitti Uomo, una sfilata-evento far\u00e0 da cornice esclusiva al debutto della menswear collection.<\/span><\/p>\n<p><span style=\"color: #000000;\">\u201cUn po\u2019 come Jean Arp, che ha ispirato il suo lavoro di gioielleria, Niccol\u00f2 Pasqualetti inventa con i suoi capi nuove forme di realt\u00e0 sperimentando materiali diversi. Partendo dai codici sartoriali del guardaroba italiano, reinterpretati in modo audace, Niccol\u00f2 d\u00e0 vita a collezioni dove passato e presente, maschile e femminile, classico e contemporaneo, convivono in modo assolutamente originale e organico\u201d, <strong>dice Francesca Tacconi, Special Events Coordinator di Pitti Immagine<\/strong>.<\/span><br \/>\n<span style=\"color: #000000;\">\u201c\u00c8 stato dunque semplice farsi contagiare dal linguaggio riconoscibile e dalla ricca complessit\u00e0 di riferimenti e messaggi. Il tutto armonizzato e risolto da scelte design sempre ragionate, palpabili in ogni singolo capo. Ma a farci sentire a casa sarebbe bastata l\u2019eleganza sottotraccia del suo background italiano, silenzioso custode di radici e storie, di tracce artigiane ed expertise.<\/span><\/p>\n<p><span style=\"color: #000000;\">Siamo elettrizzati all\u2019idea di celebrare, a Firenze, il fresco e inarrestabile talento di un toscano doc capace di unire, in un colpo d\u2019occhio, sofisticatezza estetica e libert\u00e0 espressiva. Non vediamo l\u2019ora di sapere tutto dell\u2019evento che ha immaginato per Pitti Uomo e il suo pubblico, certi che sapr\u00e0 generare emozioni e stupore.\u201d<\/span><\/p>\n<p><span style=\"color: #000000;\">\u201cPer me ha un grande valore essere stato invitato a sfilare a questa stagione di Pitti Immagine Uomo, che ho sempre considerato sinonimo di rigore nel realizzare e dare significato agli abiti. Essendo nato vicino a Firenze, sono particolarmente grato di questa opportunit\u00e0 di poter tornare e presentare qui il mio lavoro. I codici dell&#8217;abbigliamento maschile da sempre influenzano il mio desiderio di precisione, di creare dettagli espressivi e di esprimere una certa libert\u00e0 nel vestire. Ho una grande voglia di far evolvere questi codici pur rimanendovi fedele.\u201d <strong>\u2013 Niccol\u00f2 Pasqualetti<\/strong><\/span><\/p>\n<p><span style=\"color: #000000;\"><strong>Profilo di Niccol\u00f2 Pasqualetti<\/strong><\/span><\/p>\n<p><span style=\"color: #000000;\">Classe 1994, Niccol\u00f2 Pasqualetti si forma allo Iuav di Venezia, in Belgio e presso la fashion house The Row di New York. A Londra consegue il master in womenswear presso la Central Saint Martins, a Parigi lavora nell\u2019ufficio stile di Loewe. Nel 2021, anno in cui lancia il suo marchio eponimo, Niccol\u00f2 Pasqualetti riceve il Premio Franca Sozzani; successivamente si aggiudica il Camera Moda Fashion Trust, edizione 2023 e 2024. Nel 2024 \u00e8 finalista al LVMH Prize. Oggi vive e lavora tra Parigi e la sua Toscana, dove realizza le proprie collezioni avvalendosi dell\u2019expertise di artigiani locali.<\/span><\/p>\n<p><span style=\"color: #000000;\"><strong>Tra i riconoscimenti ricevuti:<\/strong><\/span><br \/>\n<span style=\"color: #000000;\">F\u00e9d\u00e9ration de la Haute Couture et de la Mode: dal 2023 entra nel calendario ufficiale delle sfilate.<\/span><br \/>\n<span style=\"color: #000000;\">Camera Moda Fashion Trust: viene premiato nelle annate 2023 e 2024.<\/span><br \/>\n<span style=\"color: #000000;\">Alta Roma: \u00e8 insignito del Franca Sozzani Award for Who is on Next 2021.<\/span><br \/>\n<span style=\"color: #000000;\">LVMH Prize: arriva semifinalista all&#8217;edizione 2022 e finalista nel 2024.<\/span><\/p>\n<p><span style=\"color: #000000;\">Nella immagine in evidenza, a cura di Pitti Immagine Uomo, <a style=\"color: #000000;\" href=\"https:\/\/www.instagram.com\/niccolopasqualetti\/\">Niccol\u00f2 Pasqualett<\/a>i<\/span><\/p>\n<p><span style=\"color: #000000;\">Comunicato stampa<\/span><\/p>\n<p style=\"text-align: center;\">\n<span style=\"color: #000000;\">Tutti i diritti riservati \u00a9 2025 \u2013 Email: nonsolomodanews@gmail.com<\/span><\/p>\n<p>&nbsp;<\/p>\n","protected":false},"excerpt":{"rendered":"<p>A giugno, l&rsquo;edizione 108 di Pitti Immagine Uomo (Firenze, Fortezza da Basso, 17-20 giugno 2025) guarda con interesse ai territori della ricerca stilistica e della sperimentazione fashion, valorizzando una creativit&agrave; che emana eclettismo e proiezione al futuro.<\/p>\n","protected":false},"author":1,"featured_media":29543,"comment_status":"open","ping_status":"open","sticky":false,"template":"","format":"standard","meta":{"rop_custom_images_group":[],"rop_custom_messages_group":[],"rop_publish_now":"initial","rop_publish_now_accounts":[],"rop_publish_now_history":[],"rop_publish_now_status":"pending","footnotes":""},"categories":[10016,10318],"tags":[281,372,676,10321,1099,10319,10320],"class_list":["post-29541","post","type-post","status-publish","format-standard","has-post-thumbnail","hentry","category-fiere","category-pitti-immagine-uomo","tag-bruno-angelo-porcellana","tag-comunicato-stampa-2","tag-giugno","tag-niccolo-pasqualetti","tag-nonsolomodanews","tag-pitti-immagine-uomo","tag-pitti-uomo-108"],"_links":{"self":[{"href":"https:\/\/www.nonsolomodanews.it\/wordpress\/wp-json\/wp\/v2\/posts\/29541","targetHints":{"allow":["GET"]}}],"collection":[{"href":"https:\/\/www.nonsolomodanews.it\/wordpress\/wp-json\/wp\/v2\/posts"}],"about":[{"href":"https:\/\/www.nonsolomodanews.it\/wordpress\/wp-json\/wp\/v2\/types\/post"}],"author":[{"embeddable":true,"href":"https:\/\/www.nonsolomodanews.it\/wordpress\/wp-json\/wp\/v2\/users\/1"}],"replies":[{"embeddable":true,"href":"https:\/\/www.nonsolomodanews.it\/wordpress\/wp-json\/wp\/v2\/comments?post=29541"}],"version-history":[{"count":2,"href":"https:\/\/www.nonsolomodanews.it\/wordpress\/wp-json\/wp\/v2\/posts\/29541\/revisions"}],"predecessor-version":[{"id":29545,"href":"https:\/\/www.nonsolomodanews.it\/wordpress\/wp-json\/wp\/v2\/posts\/29541\/revisions\/29545"}],"wp:featuredmedia":[{"embeddable":true,"href":"https:\/\/www.nonsolomodanews.it\/wordpress\/wp-json\/wp\/v2\/media\/29543"}],"wp:attachment":[{"href":"https:\/\/www.nonsolomodanews.it\/wordpress\/wp-json\/wp\/v2\/media?parent=29541"}],"wp:term":[{"taxonomy":"category","embeddable":true,"href":"https:\/\/www.nonsolomodanews.it\/wordpress\/wp-json\/wp\/v2\/categories?post=29541"},{"taxonomy":"post_tag","embeddable":true,"href":"https:\/\/www.nonsolomodanews.it\/wordpress\/wp-json\/wp\/v2\/tags?post=29541"}],"curies":[{"name":"wp","href":"https:\/\/api.w.org\/{rel}","templated":true}]}}