{"id":29362,"date":"2025-05-16T15:27:48","date_gmt":"2025-05-16T15:27:48","guid":{"rendered":"https:\/\/www.nonsolomodanews.it\/wordpress\/?p=29362"},"modified":"2025-05-16T15:35:31","modified_gmt":"2025-05-16T15:35:31","slug":"nonsolomodanews-a-potenza-per-la-partenza-della-tappa-6-tappa-del-giro-ditalia-n-108","status":"publish","type":"post","link":"https:\/\/www.nonsolomodanews.it\/wordpress\/nonsolomodanews-a-potenza-per-la-partenza-della-tappa-6-tappa-del-giro-ditalia-n-108\/","title":{"rendered":"Nonsolomodanews a Potenza per la partenza della tappa 6^ tappa del Giro d&#8217;Italia n. 108.\u00a0"},"content":{"rendered":"<div id=\"attachment_29365\" style=\"width: 310px\" class=\"wp-caption alignleft\"><a href=\"https:\/\/www.nonsolomodanews.it\/wordpress\/wp-content\/uploads\/2025\/05\/MP307371.jpg\"><img loading=\"lazy\" decoding=\"async\" aria-describedby=\"caption-attachment-29365\" class=\"size-medium wp-image-29365\" src=\"https:\/\/www.nonsolomodanews.it\/wordpress\/wp-content\/uploads\/2025\/05\/MP307371-300x200.jpg\" alt=\"\" width=\"300\" height=\"200\" srcset=\"https:\/\/www.nonsolomodanews.it\/wordpress\/wp-content\/uploads\/2025\/05\/MP307371-300x200.jpg 300w, https:\/\/www.nonsolomodanews.it\/wordpress\/wp-content\/uploads\/2025\/05\/MP307371-1024x682.jpg 1024w, https:\/\/www.nonsolomodanews.it\/wordpress\/wp-content\/uploads\/2025\/05\/MP307371-768x512.jpg 768w, https:\/\/www.nonsolomodanews.it\/wordpress\/wp-content\/uploads\/2025\/05\/MP307371-1536x1024.jpg 1536w, https:\/\/www.nonsolomodanews.it\/wordpress\/wp-content\/uploads\/2025\/05\/MP307371-1080x720.jpg 1080w, https:\/\/www.nonsolomodanews.it\/wordpress\/wp-content\/uploads\/2025\/05\/MP307371.jpg 2015w\" sizes=\"auto, (max-width: 300px) 100vw, 300px\" \/><\/a><p id=\"caption-attachment-29365\" class=\"wp-caption-text\">Flag for the start of the race during the stage 6 of the Giro d\u2019Italia from Potenza to Napoli, Italy &#8211; Thursday, May 15, 2025. Sport &#8211; cycling. (Photo by<br \/>Massimo Paolone\/LaPresse)<\/p><\/div>\n<p>Il Giro d&#8217;Italia in Basilicata \u00e8 di casa e il color rosa \u00e8 il colore predominante delle zone dove passa il Giro d&#8217;Italia. Negli ultimi 15 anni, il Giro d&#8217;Italia ha attraversato la Basilicata diverse volte, con tappe che hanno coinvolto citt\u00e0 come Matera e Potenza. Il capoluogo di regione ha ospitato il Giro per la 30\u00aa volta, considerando arrivi e partenze dal 1929.<\/p>\n<p><!--more--><\/p>\n<p>Dal Garibaldi del Giro d&#8217;Italia (Il Garibaldi &#8211; definizione coniata da Nando Martellini &#8211; contiene tutte le informazioni della Corsa Rosa, descrive le citt\u00e0 di tappa, e d\u00e0 le informazioni dettagliate del percorso compresi gli orari di passaggio previsti per ogni tappa.), su Potenza scrive &#8220;Capoluogo di regione pi\u00f9 alto d\u2019Italia (819 metri s.l.m.), Potenza \u00e8 costruita su pi\u00f9 livelli collegati da diverse gradinate e dalla rete di scale mobili pi\u00f9 lunga d\u2019Europa. La principale chiesa del centro storico \u00e8 la cattedrale di San Gerardo. Nella centrale piazza Pagano si trovano la chiesa di San Francesco, il teatro Francesco Stabile e l\u2019ottocentesco Palazzo del Governo, mentre su piazza Matteotti si affacciano il Palazzo di Citt\u00e0 e il tempietto di San Gerardo La Porta&#8221;.\u00a0 A quanto riportato dal Garibaldi, aggiungiamo che di recente \u00e8 stata restaurata e data alla citt\u00e0 di Potenza la un antico monumento costruito nel\u00a0secolo IX\u00a0d.C., facente parte del non pi\u00f9 esistente\u00a0castello cittadino. Torre Guevara\u00a0 \u00e8 diventata un must, per quanto riguarda gli scatti fotografici iconici della citt\u00e0 di Potenza, dal 2024.<\/p>\n<p>La partenza o l&#8217;arrivo di una tappa del giro d&#8217;Italia \u00e8 una grande festa. Grandi sono gli investimenti che vengono fatti per rendere al meglio le strade dove i ciclisti professionisti delle varie squadre passano con le loro due ruote. Per la due giorni lucana sono state riasfaltate con un investimento della Regione Basilicata da 3,5 milioni di euro, comprensivi di 300 mila euro destinati all\u2019abbellimento dei luoghi interessati dal tracciato e all\u2019accoglienza dei partecipanti. Nel capoluogo lucano \u2013 con 60 operatori di Polizia locale e 150 volontari di Protezione civile \u2013 sono state chiuse le scuole e alunni in strada per partecipare attivamente allo spettacolo che ha animato il piazzale antistante gli uffici regionali prima della tappa da Potenza a Napoli.<\/p>\n<p>\u201cDa gennaio \u2013 ha dichiarato il sindaco di Potenza, <strong>Vincenzo Telesca<\/strong>, che ha dato il via alla frazione Potenza-Napoli \u2013 il Comitato tappa ha organizzato al meglio questo passaggio lento per far conoscere la nostra citt\u00e0 e farla apprezzare e consentire agli stessi cittadini di avvicinarsi a una esperienza emozionante con questo mondo\u201d.<\/p>\n<p><strong>Nonsolomodanews <\/strong>pur non essendo un magazine dedicato allo sport ma che saltuariamente dedica spazio a notizie sportive<strong>, <\/strong>ha potuto presenziare alla partenza della tappa di Potenza con Adriano Bevilacqua, collaboratore di Nonsolomodanews, grande appassionato di ciclismo.<\/p>\n<p><a href=\"https:\/\/www.nonsolomodanews.it\/wordpress\/wp-content\/uploads\/2025\/05\/WhatsApp-Image-2025-05-16-at-12.34.05.jpeg\"><img loading=\"lazy\" decoding=\"async\" class=\"size-medium wp-image-29366 aligncenter\" src=\"https:\/\/www.nonsolomodanews.it\/wordpress\/wp-content\/uploads\/2025\/05\/WhatsApp-Image-2025-05-16-at-12.34.05-225x300.jpeg\" alt=\"\" width=\"225\" height=\"300\" srcset=\"https:\/\/www.nonsolomodanews.it\/wordpress\/wp-content\/uploads\/2025\/05\/WhatsApp-Image-2025-05-16-at-12.34.05-225x300.jpeg 225w, https:\/\/www.nonsolomodanews.it\/wordpress\/wp-content\/uploads\/2025\/05\/WhatsApp-Image-2025-05-16-at-12.34.05-768x1024.jpeg 768w, https:\/\/www.nonsolomodanews.it\/wordpress\/wp-content\/uploads\/2025\/05\/WhatsApp-Image-2025-05-16-at-12.34.05-1152x1536.jpeg 1152w, https:\/\/www.nonsolomodanews.it\/wordpress\/wp-content\/uploads\/2025\/05\/WhatsApp-Image-2025-05-16-at-12.34.05-1080x1440.jpeg 1080w, https:\/\/www.nonsolomodanews.it\/wordpress\/wp-content\/uploads\/2025\/05\/WhatsApp-Image-2025-05-16-at-12.34.05.jpeg 1200w\" sizes=\"auto, (max-width: 225px) 100vw, 225px\" \/><\/a> <a href=\"https:\/\/www.nonsolomodanews.it\/wordpress\/wp-content\/uploads\/2025\/05\/fee6a537-3743-49a8-9414-651839b921cf-copia.jpg\"><img loading=\"lazy\" decoding=\"async\" class=\"size-medium wp-image-29368 aligncenter\" src=\"https:\/\/www.nonsolomodanews.it\/wordpress\/wp-content\/uploads\/2025\/05\/fee6a537-3743-49a8-9414-651839b921cf-copia-300x225.jpg\" alt=\"\" width=\"300\" height=\"225\" srcset=\"https:\/\/www.nonsolomodanews.it\/wordpress\/wp-content\/uploads\/2025\/05\/fee6a537-3743-49a8-9414-651839b921cf-copia-300x225.jpg 300w, https:\/\/www.nonsolomodanews.it\/wordpress\/wp-content\/uploads\/2025\/05\/fee6a537-3743-49a8-9414-651839b921cf-copia-1024x768.jpg 1024w, https:\/\/www.nonsolomodanews.it\/wordpress\/wp-content\/uploads\/2025\/05\/fee6a537-3743-49a8-9414-651839b921cf-copia-768x576.jpg 768w, https:\/\/www.nonsolomodanews.it\/wordpress\/wp-content\/uploads\/2025\/05\/fee6a537-3743-49a8-9414-651839b921cf-copia-1536x1152.jpg 1536w, https:\/\/www.nonsolomodanews.it\/wordpress\/wp-content\/uploads\/2025\/05\/fee6a537-3743-49a8-9414-651839b921cf-copia-1080x810.jpg 1080w, https:\/\/www.nonsolomodanews.it\/wordpress\/wp-content\/uploads\/2025\/05\/fee6a537-3743-49a8-9414-651839b921cf-copia.jpg 2048w\" sizes=\"auto, (max-width: 300px) 100vw, 300px\" \/><\/a><a href=\"https:\/\/www.nonsolomodanews.it\/wordpress\/wp-content\/uploads\/2025\/05\/72170319-0365-48cb-8cf5-72fdf37a8bba-copia.jpg\"><img loading=\"lazy\" decoding=\"async\" class=\"size-medium wp-image-29367 aligncenter\" src=\"https:\/\/www.nonsolomodanews.it\/wordpress\/wp-content\/uploads\/2025\/05\/72170319-0365-48cb-8cf5-72fdf37a8bba-copia-225x300.jpg\" alt=\"\" width=\"225\" height=\"300\" srcset=\"https:\/\/www.nonsolomodanews.it\/wordpress\/wp-content\/uploads\/2025\/05\/72170319-0365-48cb-8cf5-72fdf37a8bba-copia-225x300.jpg 225w, https:\/\/www.nonsolomodanews.it\/wordpress\/wp-content\/uploads\/2025\/05\/72170319-0365-48cb-8cf5-72fdf37a8bba-copia-768x1024.jpg 768w, https:\/\/www.nonsolomodanews.it\/wordpress\/wp-content\/uploads\/2025\/05\/72170319-0365-48cb-8cf5-72fdf37a8bba-copia-1152x1536.jpg 1152w, https:\/\/www.nonsolomodanews.it\/wordpress\/wp-content\/uploads\/2025\/05\/72170319-0365-48cb-8cf5-72fdf37a8bba-copia-1080x1440.jpg 1080w, https:\/\/www.nonsolomodanews.it\/wordpress\/wp-content\/uploads\/2025\/05\/72170319-0365-48cb-8cf5-72fdf37a8bba-copia.jpg 1536w\" sizes=\"auto, (max-width: 225px) 100vw, 225px\" \/><\/a> <a href=\"https:\/\/www.nonsolomodanews.it\/wordpress\/wp-content\/uploads\/2025\/05\/1aeb1813-5689-4de3-98f2-485df686e60d.jpeg\"><img loading=\"lazy\" decoding=\"async\" class=\"size-medium wp-image-29369 aligncenter\" src=\"https:\/\/www.nonsolomodanews.it\/wordpress\/wp-content\/uploads\/2025\/05\/1aeb1813-5689-4de3-98f2-485df686e60d-300x225.jpeg\" alt=\"\" width=\"300\" height=\"225\" srcset=\"https:\/\/www.nonsolomodanews.it\/wordpress\/wp-content\/uploads\/2025\/05\/1aeb1813-5689-4de3-98f2-485df686e60d-300x225.jpeg 300w, https:\/\/www.nonsolomodanews.it\/wordpress\/wp-content\/uploads\/2025\/05\/1aeb1813-5689-4de3-98f2-485df686e60d-1024x768.jpeg 1024w, https:\/\/www.nonsolomodanews.it\/wordpress\/wp-content\/uploads\/2025\/05\/1aeb1813-5689-4de3-98f2-485df686e60d-768x576.jpeg 768w, https:\/\/www.nonsolomodanews.it\/wordpress\/wp-content\/uploads\/2025\/05\/1aeb1813-5689-4de3-98f2-485df686e60d-1536x1152.jpeg 1536w, https:\/\/www.nonsolomodanews.it\/wordpress\/wp-content\/uploads\/2025\/05\/1aeb1813-5689-4de3-98f2-485df686e60d-1080x810.jpeg 1080w, https:\/\/www.nonsolomodanews.it\/wordpress\/wp-content\/uploads\/2025\/05\/1aeb1813-5689-4de3-98f2-485df686e60d.jpeg 2048w\" sizes=\"auto, (max-width: 300px) 100vw, 300px\" \/><\/a><\/p>\n<p>Infatti, grazie a FINECO, uno degli sponsor del <strong>Team Polti Visit Malta<\/strong>, rappresentato dal consulente finanziario FINECO\u00a0<strong>Giuseppe Grisolia<\/strong>\u00a0e dalla dott.ssa <strong>Rosa Bruno<\/strong>, coordinatrice FINECO Potenza, il nostro collaboratore <strong>Adriano Bevilacqua<\/strong> ha potuto accedere all&#8217;area hospitality Puccini dove ha interagito con i ciclisti e visto le operazioni che si fanno prima della partenza, in questo caso della tappa 6^ tappa del Giro d&#8217;Italia n. 108 da Potenza a Napoli di 223 Km, la pi\u00f9 lunga tappa del giro del 2025.<\/p>\n<p>Grazie ad <strong>Adriano Bevilacqua <\/strong>se Nonsolomodanews \u00e8 stata presente all&#8217;edizione 108 del Giro d&#8217;Italia.<\/p>\n<p>Bruno Angelo Porcellana<\/p>\n<p style=\"text-align: center;\">Foto dell&#8217;immagine in evidenza La Presse. Le altre sono state fornite da Adriano Bevilacqua e Giuseppe Grisolia<\/p>\n<p style=\"text-align: center;\">Tutti i diritti riservati \u00a9 2025 \u2013 Email:\u00a0<a href=\"mailto:nonsolomodanews@gmail.com\">nonsolomodanews@gmail.com<\/a><\/p>\n<p><iframe loading=\"lazy\" title=\"150525  Giro d&#039;Italia - Nonsolomodanews a Potenza\" width=\"1080\" height=\"810\" src=\"https:\/\/www.youtube.com\/embed\/ijXhP8ZmmAs?feature=oembed\" frameborder=\"0\" allow=\"accelerometer; autoplay; clipboard-write; encrypted-media; gyroscope; picture-in-picture; web-share\" referrerpolicy=\"strict-origin-when-cross-origin\" allowfullscreen><\/iframe><\/p>\n<p>&nbsp;<\/p>\n<p>&nbsp;<\/p>\n<p>&nbsp;<\/p>\n<p>&nbsp;<\/p>\n","protected":false},"excerpt":{"rendered":"<p>Il Giro d&rsquo;Italia in Basilicata &egrave; di casa e il color rosa &egrave; il colore predominante delle zone dove passa il Giro d&rsquo;Italia. Negli ultimi 15 anni, il Giro d&rsquo;Italia ha attraversato la Basilicata diverse volte, con tappe che hanno coinvolto citt&agrave; come Matera e Potenza. Il capoluogo di regione ha ospitato il Giro per la 30&ordf; volta, considerando arrivi e partenze dal 1929.<\/p>\n","protected":false},"author":1,"featured_media":29363,"comment_status":"open","ping_status":"open","sticky":false,"template":"","format":"standard","meta":{"rop_custom_images_group":[],"rop_custom_messages_group":[],"rop_publish_now":"initial","rop_publish_now_accounts":[],"rop_publish_now_history":[],"rop_publish_now_status":"pending","footnotes":""},"categories":[16],"tags":[7552,281,10295,2840,8796,1099,2632,10296],"class_list":["post-29362","post","type-post","status-publish","format-standard","has-post-thumbnail","hentry","category-articolo","tag-adriano-bevilacqua","tag-bruno-angelo-porcellana","tag-fineco","tag-giro-ditalia","tag-giuseppe-grisolia","tag-nonsolomodanews","tag-potenza","tag-vincenzo-telesca"],"_links":{"self":[{"href":"https:\/\/www.nonsolomodanews.it\/wordpress\/wp-json\/wp\/v2\/posts\/29362","targetHints":{"allow":["GET"]}}],"collection":[{"href":"https:\/\/www.nonsolomodanews.it\/wordpress\/wp-json\/wp\/v2\/posts"}],"about":[{"href":"https:\/\/www.nonsolomodanews.it\/wordpress\/wp-json\/wp\/v2\/types\/post"}],"author":[{"embeddable":true,"href":"https:\/\/www.nonsolomodanews.it\/wordpress\/wp-json\/wp\/v2\/users\/1"}],"replies":[{"embeddable":true,"href":"https:\/\/www.nonsolomodanews.it\/wordpress\/wp-json\/wp\/v2\/comments?post=29362"}],"version-history":[{"count":7,"href":"https:\/\/www.nonsolomodanews.it\/wordpress\/wp-json\/wp\/v2\/posts\/29362\/revisions"}],"predecessor-version":[{"id":29376,"href":"https:\/\/www.nonsolomodanews.it\/wordpress\/wp-json\/wp\/v2\/posts\/29362\/revisions\/29376"}],"wp:featuredmedia":[{"embeddable":true,"href":"https:\/\/www.nonsolomodanews.it\/wordpress\/wp-json\/wp\/v2\/media\/29363"}],"wp:attachment":[{"href":"https:\/\/www.nonsolomodanews.it\/wordpress\/wp-json\/wp\/v2\/media?parent=29362"}],"wp:term":[{"taxonomy":"category","embeddable":true,"href":"https:\/\/www.nonsolomodanews.it\/wordpress\/wp-json\/wp\/v2\/categories?post=29362"},{"taxonomy":"post_tag","embeddable":true,"href":"https:\/\/www.nonsolomodanews.it\/wordpress\/wp-json\/wp\/v2\/tags?post=29362"}],"curies":[{"name":"wp","href":"https:\/\/api.w.org\/{rel}","templated":true}]}}