{"id":29333,"date":"2025-05-13T16:15:51","date_gmt":"2025-05-13T16:15:51","guid":{"rendered":"https:\/\/www.nonsolomodanews.it\/wordpress\/?p=29333"},"modified":"2025-05-13T16:15:51","modified_gmt":"2025-05-13T16:15:51","slug":"vapitaly-numero-di-operatori-in-crescita-per-la-prima-edizione-bolognese-della-fiera-dedicata-al-vaping","status":"publish","type":"post","link":"https:\/\/www.nonsolomodanews.it\/wordpress\/vapitaly-numero-di-operatori-in-crescita-per-la-prima-edizione-bolognese-della-fiera-dedicata-al-vaping\/","title":{"rendered":"VAPITALY: NUMERO DI OPERATORI IN CRESCITA PER LA PRIMA EDIZIONE BOLOGNESE DELLA FIERA DEDICATA AL VAPING"},"content":{"rendered":"<p><strong><a href=\"https:\/\/www.nonsolomodanews.it\/wordpress\/wp-content\/uploads\/2025\/05\/10052025-DSC_8900.jpg\"><img loading=\"lazy\" decoding=\"async\" class=\"size-medium wp-image-29334 alignleft\" src=\"https:\/\/www.nonsolomodanews.it\/wordpress\/wp-content\/uploads\/2025\/05\/10052025-DSC_8900-200x300.jpg\" alt=\"\" width=\"200\" height=\"300\" srcset=\"https:\/\/www.nonsolomodanews.it\/wordpress\/wp-content\/uploads\/2025\/05\/10052025-DSC_8900-200x300.jpg 200w, https:\/\/www.nonsolomodanews.it\/wordpress\/wp-content\/uploads\/2025\/05\/10052025-DSC_8900-684x1024.jpg 684w, https:\/\/www.nonsolomodanews.it\/wordpress\/wp-content\/uploads\/2025\/05\/10052025-DSC_8900-768x1151.jpg 768w, https:\/\/www.nonsolomodanews.it\/wordpress\/wp-content\/uploads\/2025\/05\/10052025-DSC_8900-1025x1536.jpg 1025w, https:\/\/www.nonsolomodanews.it\/wordpress\/wp-content\/uploads\/2025\/05\/10052025-DSC_8900-1080x1618.jpg 1080w, https:\/\/www.nonsolomodanews.it\/wordpress\/wp-content\/uploads\/2025\/05\/10052025-DSC_8900.jpg 1367w\" sizes=\"auto, (max-width: 200px) 100vw, 200px\" \/><\/a><span style=\"color: #000000;\">Si \u00e8 chiusa la 9^ edizione della prima Fiera italiana dedicata al mondo delle e-cig <\/span><\/strong><span style=\"color: #000000;\"><strong>ospitata da BolognaFiere dopo 8 edizioni a Verona.<\/strong><\/span><br \/>\n<span style=\"color: #000000;\"><strong>Soddisfazione per l\u2019incremento degli operatori che hanno visitato il Padiglione 18 per conoscere tutte le novit\u00e0 di un settore in costante evoluzione.<\/strong><\/span><br \/>\n<span style=\"color: #000000;\"><u>\u00a0<\/u><strong><u>Appuntamento a maggio 2026<\/u><\/strong><\/span><\/p>\n<p><span style=\"color: #000000;\"><!--more--><\/span><\/p>\n<p><span style=\"color: #000000;\">Bologna, 12 maggio 2025 \u2013 <strong>Si \u00e8 chiusa oggi<\/strong>, con il <strong>convegno <\/strong>aperto dagli Onorevoli <strong>Virginio Merola e Marco Lisei <\/strong>sulle normative e i futuri scenari nazionali ed europei sulle sigarette elettroniche e i liquidi da inalazione, la <strong>9\u00b0 edizione di Vapitaly<\/strong>, la <strong>prima fiera italiana dedicata al mondo del vaping <\/strong>ospitata, dopo le prime 8 edizioni a Verona, da <strong>BolognaFiere<\/strong>. Sul palco assieme al Presidente di Vapitaly Mos\u00e8 Giacomello, Virginio Merola e Marco Lisei hanno illustrato lo <strong>stato dell\u2019arte del legislatore su un mercato in costante evoluzione<\/strong>, sia per quanto concerne lo sviluppo del prodotto che per quel che riguarda la sua regolamentazione. <em>\u201cL\u2019arrivo di una nuova Fiera in citt\u00e0 \u00e8 sempre motivo di orgoglio, tanto pi\u00f9 per un ex Sindaco <\/em>\u2013 ha commentato Virginio Merola, che dal 2022 \u00e8 componente della VI Commissione Finanze come capogruppo per il PD. <strong>\u2013 Attualmente la Commissione sta svolgendo un\u2019indagine conoscitiva sul mondo in continua evoluzione delle Fiere per riuscire ad arrivare a un quadro normativo e a procedure uniformi, garanzia importante sia per gli operatori che per i consumatori finali, soprattutto quando si tratta di un settore, come quello delle sigarette elettroniche, in costante cambiamento e interessato da importanti investimenti per l\u2019innovazione dei prodotti\u201d<\/strong>. Un settore ancora \u201cnuovo\u201d, secondo il Senatore Marco Lisei, che ha fatto enormi passi avanti in qualit\u00e0 e sicurezza dei prodotti, anche in virt\u00f9 della rigidit\u00e0 di normative e controlli cui \u00e8 sottoposto.<\/span><\/p>\n<p><span style=\"color: #000000;\">Soddisfazione \u00e8 stata espressa dal Presidente di Vapitaly <strong>Mos\u00e8 Giacomello<\/strong>, che ha scelto il \u201csalto\u201d a Bologna in virt\u00f9 della centralit\u00e0 e posizione strategica della sede bolognese sulle rotte nazionali e internazionali: <em>\u201cuna scelta che \u00e8 stata premiante, per l\u2019aumento del numero di operatori che hanno scelto, in questi tre giorni, di visitare gli stand: abbiamo avuto oltre 5mila presenze, di cui il 60% di operatori contro il 30% circa dello scorso anno. Con circa 50 espositori presenti e migliaia di prodotti a catalogo, di cui oltre 600 acquistabili presso lo shop che, per la prima volta, ha consentito al pubblico di acquistare direttamente le proposte degli espositori, Vapitaly si conferma ancora una volta come punto di riferimento imprescindibile per il mondo delle e-cig, un settore in costante aumento, con circa 1 milione e mezzo di utilizzatori nel nostro Paese e un valore di mercato di oltre 750 milioni di euro\u201d<\/em>. Il Convegno di sabato 11 a cura di <strong>CoEHAR \u2013 Centro di Ricerca internazionale per la Riduzione del danno da fumo <\/strong>istituito nel 2018 all\u2019interno del <strong>Dipartimento di Medicina Clinica e sperimentale dell\u2019Universit\u00e0 degli Studi di Catania<\/strong>, ha fatto il punto sulla ricerca medica circa i dispositivi elettronici e il loro impatto sulla salute. <em>\u201cCinque diversi studi internazionali hanno dimostrato una tossicit\u00e0 minore del 95% rispetto alle sigarette tradizionali <\/em>\u2013 ha spiegato il <strong>Direttore Scientifico del CoEHAR Giovanni Li Volti<\/strong>. <em>\u2013 Sono risultati incoraggianti, che speriamo di continuare a confermare con le ricerche attualmente in corso e quelle che intraprenderemo\u201d.<\/em><\/span><\/p>\n<p><span style=\"color: #000000;\">\u201cSiamo molto soddisfatti dell\u2019ingresso di Vapitaly nel calendario fieristico di BolognaFiere &#8211; dichiara <strong>Antonio Bruzzone, Ceo di BolognaFiere<\/strong>. &#8211; La prima edizione bolognese ha confermato il valore e le potenzialit\u00e0 di questa manifestazione, sia per la qualit\u00e0 dell\u2019offerta espositiva sia per la risposta degli operatori professionali. Insieme all\u2019organizzatore, continueremo a lavorare, per offrire agli operatori del vaping, uno spazio autorevole di confronto, aggiornamento e business.\u201d<\/span><\/p>\n<p><span style=\"color: #000000;\">Appuntamento a maggio 2026 con la edizione numero 10.<\/span><\/p>\n<p style=\"text-align: center;\"><span style=\"color: #000000;\"><u>Ufficio stampa MEC&amp;Partners per Vapitaly<br \/>\n<\/u>Tutti i diritti riservati \u00a9 2025 \u2013 Email:\u00a0<a style=\"color: #000000;\" href=\"mailto:nonsolomodanews@gmail.com\">nonsolomodanews@gmail.com<\/a><\/span><\/p>\n<p>&nbsp;<\/p>\n<p><iframe loading=\"lazy\" title=\"Vapitaly 2025 classic\" width=\"1080\" height=\"608\" src=\"https:\/\/www.youtube.com\/embed\/NMt8F4dg0bQ?feature=oembed\" frameborder=\"0\" allow=\"accelerometer; autoplay; clipboard-write; encrypted-media; gyroscope; picture-in-picture; web-share\" referrerpolicy=\"strict-origin-when-cross-origin\" allowfullscreen><\/iframe><\/p>\n","protected":false},"excerpt":{"rendered":"<p>Si &egrave; chiusa la 9^ edizione della prima Fiera italiana dedicata al mondo delle e-cig ospitata da BolognaFiere dopo 8 edizioni a Verona. Soddisfazione per l&rsquo;incremento degli operatori che hanno visitato il Padiglione 18 per conoscere tutte le novit&agrave; di un settore in costante evoluzione. &nbsp;Appuntamento a maggio 2026<\/p>\n","protected":false},"author":1,"featured_media":29335,"comment_status":"open","ping_status":"open","sticky":false,"template":"","format":"standard","meta":{"rop_custom_images_group":[],"rop_custom_messages_group":[],"rop_publish_now":"initial","rop_publish_now_accounts":[],"rop_publish_now_history":[],"rop_publish_now_status":"pending","footnotes":""},"categories":[10020,10234],"tags":[281,372,1099,10238],"class_list":["post-29333","post","type-post","status-publish","format-standard","has-post-thumbnail","hentry","category-comunicato-stampa","category-vaping","tag-bruno-angelo-porcellana","tag-comunicato-stampa-2","tag-nonsolomodanews","tag-vapitaly"],"_links":{"self":[{"href":"https:\/\/www.nonsolomodanews.it\/wordpress\/wp-json\/wp\/v2\/posts\/29333","targetHints":{"allow":["GET"]}}],"collection":[{"href":"https:\/\/www.nonsolomodanews.it\/wordpress\/wp-json\/wp\/v2\/posts"}],"about":[{"href":"https:\/\/www.nonsolomodanews.it\/wordpress\/wp-json\/wp\/v2\/types\/post"}],"author":[{"embeddable":true,"href":"https:\/\/www.nonsolomodanews.it\/wordpress\/wp-json\/wp\/v2\/users\/1"}],"replies":[{"embeddable":true,"href":"https:\/\/www.nonsolomodanews.it\/wordpress\/wp-json\/wp\/v2\/comments?post=29333"}],"version-history":[{"count":2,"href":"https:\/\/www.nonsolomodanews.it\/wordpress\/wp-json\/wp\/v2\/posts\/29333\/revisions"}],"predecessor-version":[{"id":29337,"href":"https:\/\/www.nonsolomodanews.it\/wordpress\/wp-json\/wp\/v2\/posts\/29333\/revisions\/29337"}],"wp:featuredmedia":[{"embeddable":true,"href":"https:\/\/www.nonsolomodanews.it\/wordpress\/wp-json\/wp\/v2\/media\/29335"}],"wp:attachment":[{"href":"https:\/\/www.nonsolomodanews.it\/wordpress\/wp-json\/wp\/v2\/media?parent=29333"}],"wp:term":[{"taxonomy":"category","embeddable":true,"href":"https:\/\/www.nonsolomodanews.it\/wordpress\/wp-json\/wp\/v2\/categories?post=29333"},{"taxonomy":"post_tag","embeddable":true,"href":"https:\/\/www.nonsolomodanews.it\/wordpress\/wp-json\/wp\/v2\/tags?post=29333"}],"curies":[{"name":"wp","href":"https:\/\/api.w.org\/{rel}","templated":true}]}}