{"id":29305,"date":"2025-05-10T06:51:12","date_gmt":"2025-05-10T06:51:12","guid":{"rendered":"https:\/\/www.nonsolomodanews.it\/wordpress\/?p=29305"},"modified":"2025-05-10T06:51:12","modified_gmt":"2025-05-10T06:51:12","slug":"vapitaly-dal-10-al-12-maggio-a-bolognafiere-la-prima-fiera-dedicata-al-vaping","status":"publish","type":"post","link":"https:\/\/www.nonsolomodanews.it\/wordpress\/vapitaly-dal-10-al-12-maggio-a-bolognafiere-la-prima-fiera-dedicata-al-vaping\/","title":{"rendered":"Vapitaly, dal 10 al 12 maggio a BolognaFiere, la prima fiera dedicata al vaping"},"content":{"rendered":"<p><span style=\"color: #000000;\"><strong><a style=\"color: #000000;\" href=\"https:\/\/www.nonsolomodanews.it\/wordpress\/wp-content\/uploads\/2025\/05\/logo-site.png\"><img loading=\"lazy\" decoding=\"async\" class=\"size-medium wp-image-29307 alignleft\" src=\"https:\/\/www.nonsolomodanews.it\/wordpress\/wp-content\/uploads\/2025\/05\/logo-site-300x148.png\" alt=\"\" width=\"300\" height=\"148\" srcset=\"https:\/\/www.nonsolomodanews.it\/wordpress\/wp-content\/uploads\/2025\/05\/logo-site-300x148.png 300w, https:\/\/www.nonsolomodanews.it\/wordpress\/wp-content\/uploads\/2025\/05\/logo-site-768x378.png 768w, https:\/\/www.nonsolomodanews.it\/wordpress\/wp-content\/uploads\/2025\/05\/logo-site.png 780w\" sizes=\"auto, (max-width: 300px) 100vw, 300px\" \/><\/a>Vapitaly ha una nuova casa<\/strong>: dopo 8 anni a Verona\u00a0<strong>approda infatti a Bologna<\/strong>\u00a0la\u00a0<strong>prima Fiera italiana dedicata al vaping<\/strong>.\u00a0<strong>Appuntamento dal 10 al 12 maggio<\/strong>\u00a0al\u00a0<strong>Padiglione 18 di\u00a0BolognaFiere<\/strong>, su un\u2019area di 12 mila metri quadrati che accoglier\u00e0 un\u2019edizione ancora pi\u00f9 ricca e innovativa delle precedenti, con una\u00a0<strong>spiccata vocazione internazionale<\/strong>\u00a0\u2013 delle circa 50<strong>\u00a0aziende espositrici<\/strong>, che presentano oltre 100 brand,\u00a0<strong>un quarto sono straniere<\/strong>\u00a0&#8211; grazie anche all\u2019accordo con BolognaFiere China.<\/span><\/p>\n<p><span style=\"color: #000000;\"><!--more--><\/span><\/p>\n<p><span style=\"color: #000000;\">La centralit\u00e0 e la posizione strategica della sede bolognese sulle rotte nazionali e internazionali, grazie all\u2019Alta Velocit\u00e0 e all\u2019Aeroporto, sono stati i fattori determinanti per la scelta della nuova venue:\u00a0<em>\u201cVapitaly \u00e8 diventata la pi\u00f9 importante fiera italiana del comparto e una delle maggiori a livello internazionale \u2013<\/em>\u00a0dice il Presidente della manifestazione\u00a0<strong>Mos\u00e9 Giacomello<\/strong>\u00a0<em>&#8211; e questa nostra nuova sfida a Bologna non pu\u00f2 che essere un\u2019opportunit\u00e0 di crescita e di incontro con un nuovo pubblico con una rinnovata versione della manifestazione\u201d.\u00a0<\/em><\/span><\/p>\n<p><span style=\"color: #000000;\"><strong>In Italia sono 1,5 milioni gli utilizzatori di device elettronici per il vaping<\/strong>, con un mercato del valore di\u00a0<strong>oltre 750 milioni di euro<\/strong>\u00a0in costante crescita: sono sempre di pi\u00f9 coloro che scelgono i dispositivi elettronici, con o senza nicotina, abbandonando la tradizionale sigaretta di tabacco, con un impatto minore sulla salute come dimostrato dagli Istituti di sanit\u00e0 inglesi e francesi. Significativi sono i risultati raggiunti dalla ricerca \u201c<em>Comparison of the chemical composition of aerosols from heated tobacco products, electronic cigarettes and tobacco cigarettes and their toxic impacts on the human bronchial epithelial BEAS-2B cells<\/em>\u201c effettuata dal team guidato dal professor Romain Dusautoir dell\u2019Istituto Pasteur di Lille, che ha analizzato i livelli di carbonile e idrocarburi policiclici aromatici (IPA)\u00a0nelle emissioni di una sigaretta standard, nel fumo del riscaldatore Iqos e in tre dispositivi di svapo, dimostrando come \u201cfatto 100 il danno di una sigaretta tradizionale, i riscaldatori di tabacco sono dannosi 23 mentre le sigarette elettroniche sono dannose 1\u201d.<\/span><\/p>\n<p><span style=\"color: #000000;\">L\u2019obiettivo dell\u2019edizione 2025 di Vapitaly \u00e8 quello di\u00a0aprire al pubblico di utilizzatori dei dispositivi per il vaping dando l\u2019opportunit\u00e0 agli espositori di fare branding verso un nuovo pubblico, sia nazionale che internazionale.\u00a0<strong>Nelle giornate di sabato 10 e domenica 11 maggio porte aperte ai visitatori<\/strong>\u00a0maggiorenni (dalle ore 10.00 alle ore 18.00) che potranno conoscere tutte le novit\u00e0 del mercato: al centro della giornata di\u00a0<strong>domenica<\/strong>\u00a0anche il\u00a0<strong>focus sulle ultime evidenze scientifiche nel convegno<\/strong>\u00a0a cura di\u00a0<strong>CoEHAR \u2013 Centro di Ricerca internazionale per la Riduzione del danno da fumo<\/strong>\u00a0istituito nel 2018 all\u2019interno del\u00a0<strong>Dipartimento di Medicina Clinica e sperimentale dell\u2019Universit\u00e0 degli Studi di Catania<\/strong>, che vedr\u00e0 la partecipazione del Direttore Scientifico\u00a0<strong>Prof. Giovanni Li Volti<\/strong>\u00a0con un intervento su\u00a0<strong>e-cig e sistema nervoso<\/strong>, della dott.ssa Giusy La Rosa che illustrer\u00e0 i recenti studi sulla\u00a0<strong>salute dentale e l\u2019uso di e-cig<\/strong>\u00a0e del Prof. Massimo Caruso che illustrer\u00e0 le attivit\u00e0 del Centro dedicate ai pi\u00f9 giovani. La giornata di chiusura di luned\u00ec 12 sar\u00e0 dedicata, come di consueto, al confronto tra gli operatori del settore e con i rappresentanti dell\u2019Agenzia delle Dogane e dei Monopoli. Nella giornata di\u00a0<strong>luned\u00ec<\/strong>\u00a012 (dalle ore 10.00 alle ore 14.00) Vapitaly sar\u00e0 aperta invece ai soli operatori del settore.<\/span><\/p>\n<p><span style=\"color: #000000;\"><strong>Novit\u00e0 della 9\u00b0 edizione<\/strong>\u00a0\u00e8 l\u2019apertura al pubblico, all\u2019interno della Fiera, di uno\u00a0<strong>store dedicato alla vendita al pubblico dei prodotti esposti<\/strong>, dai device ai liquidi e aromi, che dovranno essere \u2013 come tutti i prodotti esposti \u2013 in regola con le normative vigenti e provvisti di contrassegno fiscale nel caso di PLI\/PLA.\u00a0<strong>Uno dei principali danni per il settore \u00e8 costituito da dispositivi e accessori illegali<\/strong>, che hanno conseguenze impattanti sulla salute degli utilizzatori: ne \u00e8 testimonianza il lancio della campagna shock del produttore Ripple+, che denuncia la presenza di ingredienti dannosi e tossine, incluso il piombo, nelle e-cig illegali. Lo store in Fiera rester\u00e0 poi aperto anche in occasione di altri eventi.<\/span><\/p>\n<p><span style=\"color: #000000;\"><em>\u201cSiamo molto soddisfatti dell\u2019inserimento in calendario di questo evento leader in Europa per il mercato del vaping &#8211;\u00a0<\/em>dichiara\u00a0<strong>Antonio Bruzzone, Ceo di BolognaFiere<\/strong>.\u00a0<em>&#8211; Ancora una volta Bologna dimostra la propria attrattivit\u00e0 nei confronti degli organizzatori fieristici per la propria centralit\u00e0 geografica, per il quartiere grande, efficiente e a vocazione internazionale, vicino al centro storico, all\u2019alta velocit\u00e0 e all\u2019Aeroporto Internazionale Marconi\u201d.\u00a0<\/em><\/span><\/p>\n<p><span style=\"color: #000000;\"><em>\u00abAccogliere a Bologna una manifestazione leader come Vapitaly significa rafforzare ulteriormente il ruolo strategico della nostra citt\u00e0 nel panorama fieristico nazionale e internazionale\u00a0<\/em>\u2013 spiega\u00a0<strong>Giancarlo Tonelli<\/strong>, Direttore Generale Confcommercio Ascom Bologna \u2013<em>. Il comparto del vaping rappresenta un\u2019economia in evoluzione, che coinvolge imprese, consumatori consapevoli e innovazione tecnologica. Come Confcommercio Ascom Bologna siamo felici che la nostra citt\u00e0 ospiti eventi capaci di generare indotto, occasioni di approfondimento e confronto, valorizzando al contempo la centralit\u00e0 logistica e la vocazione all\u2019accoglienza del nostro territorio\u00bb.<\/em><\/span><\/p>\n<p><span style=\"color: #000000;\">L\u2019ingresso \u00e8 gratuito previa registrazione al link\u00a0<a style=\"color: #000000;\" href=\"https:\/\/www.vapitaly.com\/it\/richiesta-biglietti\">https:\/\/www.vapitaly.com\/it\/richiesta-biglietti<\/a>\u00a0e consentito al solo pubblico maggiorenne nelle giornate di sabato 10 e domenica 11 maggio.<\/span><\/p>\n<p><span style=\"color: #000000;\">Immagine in evidenza realizzata con l&#8217;IA.<\/span><\/p>\n<p><span style=\"color: #000000;\">Comunicato Stampa BolognaFiere<\/span><\/p>\n<p style=\"text-align: center;\"><span style=\"color: #000000;\">Tutti i diritti riservati \u00a9 2025 \u2013 Email: nonsolomodanews@gmail.com<\/span><\/p>\n<p>&nbsp;<\/p>\n<p>&nbsp;<\/p>\n","protected":false},"excerpt":{"rendered":"<p>Vapitaly ha una nuova casa: dopo 8 anni a Verona&nbsp;approda infatti a Bologna&nbsp;la&nbsp;prima Fiera italiana dedicata al vaping.&nbsp;Appuntamento dal 10 al 12 maggio&nbsp;al&nbsp;Padiglione 18 di&nbsp;BolognaFiere, su un&rsquo;area di 12 mila metri quadrati che accoglier&agrave; un&rsquo;edizione ancora pi&ugrave; ricca e innovativa delle precedenti, con una&nbsp;spiccata vocazione internazionale&nbsp;&ndash; delle circa 50&nbsp;aziende espositrici, che presentano oltre 100 brand,&nbsp;un quarto sono straniere&nbsp;&ndash; grazie anche all&rsquo;accordo con BolognaFiere China.<\/p>\n","protected":false},"author":1,"featured_media":29306,"comment_status":"open","ping_status":"open","sticky":false,"template":"","format":"standard","meta":{"rop_custom_images_group":[],"rop_custom_messages_group":[],"rop_publish_now":"initial","rop_publish_now_accounts":[],"rop_publish_now_history":[],"rop_publish_now_status":"pending","footnotes":""},"categories":[10020,10234],"tags":[8999,266,281,372,1099,10235],"class_list":["post-29305","post","type-post","status-publish","format-standard","has-post-thumbnail","hentry","category-comunicato-stampa","category-vaping","tag-antonio-bruzzone","tag-bolognafiere","tag-bruno-angelo-porcellana","tag-comunicato-stampa-2","tag-nonsolomodanews","tag-vaping"],"_links":{"self":[{"href":"https:\/\/www.nonsolomodanews.it\/wordpress\/wp-json\/wp\/v2\/posts\/29305","targetHints":{"allow":["GET"]}}],"collection":[{"href":"https:\/\/www.nonsolomodanews.it\/wordpress\/wp-json\/wp\/v2\/posts"}],"about":[{"href":"https:\/\/www.nonsolomodanews.it\/wordpress\/wp-json\/wp\/v2\/types\/post"}],"author":[{"embeddable":true,"href":"https:\/\/www.nonsolomodanews.it\/wordpress\/wp-json\/wp\/v2\/users\/1"}],"replies":[{"embeddable":true,"href":"https:\/\/www.nonsolomodanews.it\/wordpress\/wp-json\/wp\/v2\/comments?post=29305"}],"version-history":[{"count":2,"href":"https:\/\/www.nonsolomodanews.it\/wordpress\/wp-json\/wp\/v2\/posts\/29305\/revisions"}],"predecessor-version":[{"id":29309,"href":"https:\/\/www.nonsolomodanews.it\/wordpress\/wp-json\/wp\/v2\/posts\/29305\/revisions\/29309"}],"wp:featuredmedia":[{"embeddable":true,"href":"https:\/\/www.nonsolomodanews.it\/wordpress\/wp-json\/wp\/v2\/media\/29306"}],"wp:attachment":[{"href":"https:\/\/www.nonsolomodanews.it\/wordpress\/wp-json\/wp\/v2\/media?parent=29305"}],"wp:term":[{"taxonomy":"category","embeddable":true,"href":"https:\/\/www.nonsolomodanews.it\/wordpress\/wp-json\/wp\/v2\/categories?post=29305"},{"taxonomy":"post_tag","embeddable":true,"href":"https:\/\/www.nonsolomodanews.it\/wordpress\/wp-json\/wp\/v2\/tags?post=29305"}],"curies":[{"name":"wp","href":"https:\/\/api.w.org\/{rel}","templated":true}]}}