{"id":29188,"date":"2025-04-23T00:12:29","date_gmt":"2025-04-23T00:12:29","guid":{"rendered":"https:\/\/www.nonsolomodanews.it\/wordpress\/?p=29188"},"modified":"2025-04-23T00:13:58","modified_gmt":"2025-04-23T00:13:58","slug":"morte-di-papa-francesco","status":"publish","type":"post","link":"https:\/\/www.nonsolomodanews.it\/wordpress\/morte-di-papa-francesco\/","title":{"rendered":"Morte di Papa Francesco"},"content":{"rendered":"<p><span style=\"color: #000000;\"><strong><a style=\"color: #000000;\" href=\"https:\/\/www.nonsolomodanews.it\/wordpress\/wp-content\/uploads\/2025\/04\/wp3612775.webp\"><img loading=\"lazy\" decoding=\"async\" class=\"size-medium wp-image-29197 alignleft\" src=\"https:\/\/www.nonsolomodanews.it\/wordpress\/wp-content\/uploads\/2025\/04\/wp3612775-300x225.webp\" alt=\"\" width=\"300\" height=\"225\" srcset=\"https:\/\/www.nonsolomodanews.it\/wordpress\/wp-content\/uploads\/2025\/04\/wp3612775-300x225.webp 300w, https:\/\/www.nonsolomodanews.it\/wordpress\/wp-content\/uploads\/2025\/04\/wp3612775-1024x768.webp 1024w, https:\/\/www.nonsolomodanews.it\/wordpress\/wp-content\/uploads\/2025\/04\/wp3612775-768x576.webp 768w, https:\/\/www.nonsolomodanews.it\/wordpress\/wp-content\/uploads\/2025\/04\/wp3612775-1536x1152.webp 1536w, https:\/\/www.nonsolomodanews.it\/wordpress\/wp-content\/uploads\/2025\/04\/wp3612775-1080x810.webp 1080w, https:\/\/www.nonsolomodanews.it\/wordpress\/wp-content\/uploads\/2025\/04\/wp3612775.webp 2048w\" sizes=\"auto, (max-width: 300px) 100vw, 300px\" \/><\/a>Nonsolomodanews<\/strong>\u00a0 \u00e8 vicina alla comunit\u00e0 cristiana-cattolica nell&#8217;ora della dipartita di Papa Francesco. 12 anni di pontificato. Dal marzo del 2013 ad oggi, 21 aprile 2025. Primo papa venuto dalla &#8220;fine del mondo&#8221; come amava dire. Figlio di emigrati piemontesi della provincia di Asti.<\/span><\/p>\n<p><span style=\"color: #000000;\"><!--more--><\/span><\/p>\n<p>Da Treccani Francesco, papa &#8211; Enciclopedia &#8211; Treccani<\/p>\n<p>Francesco,\u00a0papa. \u2013 Nome assunto da Jorge Mario Bergoglio (Buenos Aires 1936 &#8211; Roma 2025) dopo la sua elezione papale. Nato in Argentina\u00a0da emigranti piemontesi, primo papa latinoamericano eletto al ministero petrino e primo gesuita ad assurgere a tale carica, dopo essersi diplomato come tecnico chimico ha scelto il sacerdozio, entrando nel 1957 come novizio nella Compagnia di Ges\u00f9. Compiuti gli studi umanistici in Cile e laureatosi a Buenos Aires in Filosofia, dal 1964 al 1967 \u00e8 stato professore di Letteratura e di Psicologia. Il 13 dicembre 1969 \u00e8 stato ordinato sacerdote, pronunciando i voti perpetui il 22 aprile 1973; dopo varie esperienze di insegnamento e la nomina a provinciale dell&#8217;Argentina (1973-79) \u00e8 stato preside della facolt\u00e0 di Teologia e filosofia di San Miguel (1980-86). Ultimata nel marzo 1986 la sua tesi dottorale, \u00e8 stato destinato al collegio del Salvatore, da dove \u00e8 passato alla\u00a0chiesa\u00a0della Compagnia nella citt\u00e0 di C\u00f3rdoba come direttore spirituale e confessore. Vescovo ausiliare di Buenos Aires e titolare di Auca, nel giugno 1997 \u00e8 stato nominato arcivescovo coadiutore di Buenos Aires e nel febbraio 1998 arcivescovo di Buenos Aires per successione, alla morte del cardinale A. Quarracino. Creato\u00a0cardinale da Giovanni Paolo II nel febbraio 2001, dal\u00a0novembre 2005 al novembre 2011 \u00e8 stato presidente della Conferenza episcopale argentina. Membro del Pontificio consiglio per la Famiglia e della Pontificia Commissione per l&#8217;America Latina, il 13 marzo del 2013 \u00e8 stato eletto papa al quinto scrutinio da 115 elettori, dopo la rinuncia al ministero petrino di Benedetto XVI avvenuta il mese precedente.<\/p>\n<p>Il pontificato di papa Francesco \u00e8 stato caratterizzato fin dagli inizi da una dimensione evangelica, aperta al dialogo interreligioso e alla tolIeranza su temi di morale civile e familiare, e sostanziato da una forte vocazione ecumenica, attestata dai suoi numerosi viaggi episcopali e dall&#8217;indizione di un giubileo straordinario (8 dicembre 2015 &#8211; 20 novembre 2016). Autore delle encicliche Lumen fidei\u00a0(29 giugno 2013, sul tema della fede come illuminazione),\u00a0Laudato si&#8217;\u00a0(24 maggio 2015, sulla salvaguardia dell&#8217;ambiente), Fratelli tutti\u00a0(3 ottobre 2020, sui cammini di fratellanza) e\u00a0Dilexit nos\u00a0(24 ottobre 2024, \u201csull\u2019amore umano e divino del cuore di Ges\u00f9 Cristo\u201d), nel 2023 ha pubblicato l&#8217;esortazione apostolica\u00a0Laudate deum, in cui \u00e8 tornato a riflettere sull&#8217;urgenza di implementare le strategie di contrasto alla crisi ambientale. Prolifica la sua produzione di scritti, volta a promuovere una visione del mondo che armonizza fede, giustizia e cura della creazione:\u00a0Meditaciones para religiosos\u00a0(1982),\u00a0Reflexiones sobre la vida apost\u00f3lica\u00a0(1986);\u00a0Reflexiones de esperanza\u00a0(1992);\u00a0La naci\u00f3n por construir. Utop\u00eda, pensamiento y compromiso\u00a0(2005);\u00a0Solo l&#8217;amore ci pu\u00f2 salvare\u00a0(2013); La Chiesa della misericordia\u00a0(2014);\u00a0Il nome di Dio \u00e8 misericordia. Una conversazione con Andrea Tornielli\u00a0(2016);\u00a0La felicit\u00e0 in questa vita. Una meditazione appassionata sull&#8217;esistenza terrena\u00a0(2017); Quando pregate dite Padre nostro\u00a0(2017),\u00a0Gaudete et exsultate\u00a0(2018); nel 2021,\u00a0Oltre la tempesta. Riflessioni per un nuovo tempo dopo la pandemia\u00a0e\u00a0Una grande gioia. Oggi \u00e8 nato per noi il Salvatore;\u00a0nel 2022,\u00a0Noi crediamo\u00a0e\u00a0Contro la guerra. Il coraggio di costruire la pace. Tra i suoi scritti pi\u00f9 recenti vanno citati i testi autobiografici\u00a0Life. La mia storia nella Storia\u00a0(con F. Marchese Ragona, 2024) e\u00a0Spera\u00a0(2025), e la raccolta di discorsi ai gesuiti\u00a0Sii tenero, sii coraggioso.<\/p>\n<div id=\"gmp-intext-vip\" class=\"gmp banner-external-body MuiBox-root css-vtgqmr\" data-component-name=\"adv-azerion\" data-native=\"0\" data-video=\"0\" data-type=\"normal\" data-immediate=\"\">\n<div>\n<div class=\"bb-video-template\">\n<div class=\"bb-main-container\">\n<div id=\"test\">\n<div><\/div>\n<\/div>\n<div style=\"text-align: center;\"><span style=\"color: #000000;\">Tutti i diritti riservati \u00a9 2025 \u2013 Email: nonsolomodanews@gmail.com<\/span><\/div>\n<\/div>\n<\/div>\n<\/div>\n<\/div>\n","protected":false},"excerpt":{"rendered":"<p>Nonsolomodanews&nbsp; &egrave; vicina alla comunit&agrave; cristiana-cattolica nell&rsquo;ora della dipartita di Papa Francesco. 12 anni di pontificato. Dal marzo del 2013 ad oggi, 21 aprile 2025. Primo papa venuto dalla &ldquo;fine del mondo&rdquo; come amava dire. Figlio di emigrati piemontesi della provincia di Asti.<\/p>\n","protected":false},"author":1,"featured_media":29197,"comment_status":"open","ping_status":"open","sticky":false,"template":"","format":"standard","meta":{"rop_custom_images_group":[],"rop_custom_messages_group":[],"rop_publish_now":"initial","rop_publish_now_accounts":[],"rop_publish_now_history":[],"rop_publish_now_status":"pending","footnotes":""},"categories":[16],"tags":[281,1099,10215],"class_list":["post-29188","post","type-post","status-publish","format-standard","has-post-thumbnail","hentry","category-articolo","tag-bruno-angelo-porcellana","tag-nonsolomodanews","tag-papa-francesco"],"_links":{"self":[{"href":"https:\/\/www.nonsolomodanews.it\/wordpress\/wp-json\/wp\/v2\/posts\/29188","targetHints":{"allow":["GET"]}}],"collection":[{"href":"https:\/\/www.nonsolomodanews.it\/wordpress\/wp-json\/wp\/v2\/posts"}],"about":[{"href":"https:\/\/www.nonsolomodanews.it\/wordpress\/wp-json\/wp\/v2\/types\/post"}],"author":[{"embeddable":true,"href":"https:\/\/www.nonsolomodanews.it\/wordpress\/wp-json\/wp\/v2\/users\/1"}],"replies":[{"embeddable":true,"href":"https:\/\/www.nonsolomodanews.it\/wordpress\/wp-json\/wp\/v2\/comments?post=29188"}],"version-history":[{"count":3,"href":"https:\/\/www.nonsolomodanews.it\/wordpress\/wp-json\/wp\/v2\/posts\/29188\/revisions"}],"predecessor-version":[{"id":29200,"href":"https:\/\/www.nonsolomodanews.it\/wordpress\/wp-json\/wp\/v2\/posts\/29188\/revisions\/29200"}],"wp:featuredmedia":[{"embeddable":true,"href":"https:\/\/www.nonsolomodanews.it\/wordpress\/wp-json\/wp\/v2\/media\/29197"}],"wp:attachment":[{"href":"https:\/\/www.nonsolomodanews.it\/wordpress\/wp-json\/wp\/v2\/media?parent=29188"}],"wp:term":[{"taxonomy":"category","embeddable":true,"href":"https:\/\/www.nonsolomodanews.it\/wordpress\/wp-json\/wp\/v2\/categories?post=29188"},{"taxonomy":"post_tag","embeddable":true,"href":"https:\/\/www.nonsolomodanews.it\/wordpress\/wp-json\/wp\/v2\/tags?post=29188"}],"curies":[{"name":"wp","href":"https:\/\/api.w.org\/{rel}","templated":true}]}}