{"id":28911,"date":"2025-03-25T06:35:55","date_gmt":"2025-03-25T06:35:55","guid":{"rendered":"https:\/\/www.nonsolomodanews.it\/wordpress\/?p=28911"},"modified":"2025-03-25T06:35:55","modified_gmt":"2025-03-25T06:35:55","slug":"cosmoprof-2025-tra-innovazione-e-identita-si-chiude-unedizione-da-ricordare","status":"publish","type":"post","link":"https:\/\/www.nonsolomodanews.it\/wordpress\/cosmoprof-2025-tra-innovazione-e-identita-si-chiude-unedizione-da-ricordare\/","title":{"rendered":"Cosmoprof 2025: tra innovazione e identit\u00e0, si chiude un\u2019edizione da ricordare"},"content":{"rendered":"<p><span style=\"color: #000000;\"><a style=\"color: #000000;\" href=\"https:\/\/www.nonsolomodanews.it\/wordpress\/wp-content\/uploads\/2025\/03\/IMG_2331.jpeg\"><img loading=\"lazy\" decoding=\"async\" class=\"size-medium wp-image-28913 alignleft\" src=\"https:\/\/www.nonsolomodanews.it\/wordpress\/wp-content\/uploads\/2025\/03\/IMG_2331-225x300.jpeg\" alt=\"\" width=\"225\" height=\"300\" srcset=\"https:\/\/www.nonsolomodanews.it\/wordpress\/wp-content\/uploads\/2025\/03\/IMG_2331-225x300.jpeg 225w, https:\/\/www.nonsolomodanews.it\/wordpress\/wp-content\/uploads\/2025\/03\/IMG_2331-768x1024.jpeg 768w, https:\/\/www.nonsolomodanews.it\/wordpress\/wp-content\/uploads\/2025\/03\/IMG_2331-1152x1536.jpeg 1152w, https:\/\/www.nonsolomodanews.it\/wordpress\/wp-content\/uploads\/2025\/03\/IMG_2331-1080x1440.jpeg 1080w, https:\/\/www.nonsolomodanews.it\/wordpress\/wp-content\/uploads\/2025\/03\/IMG_2331.jpeg 1536w\" sizes=\"auto, (max-width: 225px) 100vw, 225px\" \/><\/a>Si \u00e8 chiusa l\u2019edizione 2025 di Cosmoprof, lasciando dietro di s\u00e9 molto pi\u00f9 di lanci di prodotto, nuove tendenze e numeri da record. Perch\u00e9, accanto all\u2019eccellenza cosmetica e alla creativit\u00e0, ci\u00f2 che ha colpito di pi\u00f9 \u00e8 stato il desiderio crescente di autenticit\u00e0.<\/span><\/p>\n<p><span style=\"color: #000000;\"><!--more--><\/span><\/p>\n<p><span style=\"color: #000000;\">In un\u2019epoca in cui la bellezza non \u00e8 pi\u00f9 solo estetica ma anche espressione di s\u00e9, sempre pi\u00f9 realt\u00e0 stanno spostando il focus: non si tratta solo di cosa si mostra, ma di quanto ci\u00f2 che si mostra sia coerente con ci\u00f2 che si \u00e8.<\/span><\/p>\n<p><span style=\"color: #000000;\">Molto apprezzate, durante la manifestazione, le proposte che hanno puntato sulla personalizzazione, sulla consapevolezza e sull\u2019uso mirato della tecnologia per supportare il benessere reale delle persone. In particolare, hanno attirato l\u2019attenzione i percorsi che uniscono conoscenza di s\u00e9 e strumenti innovativi per valorizzare l\u2019identit\u00e0 individuale, andando oltre la semplice apparenza.<\/span><\/p>\n<p><span style=\"color: #000000;\">Cosmoprof 2025 si conferma cos\u00ec non solo come vetrina internazionale per il beauty, ma anche come crocevia di relazioni, idee e cambiamenti. Dove il futuro della bellezza si gioca sempre pi\u00f9 sull\u2019incontro tra ci\u00f2 che siamo e ci\u00f2 che decidiamo di comunicare.<\/span><\/p>\n<p><span style=\"color: #000000;\">Simone Martini<\/span><\/p>\n<p style=\"text-align: center;\"><span style=\"color: #000000;\">Tutti i diritti riservati \u00a9 2025\u2013 Email: nonsolomodanews@gmail.com<\/span><\/p>\n","protected":false},"excerpt":{"rendered":"<p>Si &egrave; chiusa l&rsquo;edizione 2025 di Cosmoprof, lasciando dietro di s&eacute; molto pi&ugrave; di lanci di prodotto, nuove tendenze e numeri da record. Perch&eacute;, accanto all&rsquo;eccellenza cosmetica e alla creativit&agrave;, ci&ograve; che ha colpito di pi&ugrave; &egrave; stato il desiderio crescente di autenticit&agrave;.<\/p>\n","protected":false},"author":1,"featured_media":28918,"comment_status":"open","ping_status":"open","sticky":false,"template":"","format":"standard","meta":{"rop_custom_images_group":[],"rop_custom_messages_group":[],"rop_publish_now":"initial","rop_publish_now_accounts":[],"rop_publish_now_history":[],"rop_publish_now_status":"pending","footnotes":""},"categories":[16,10019,10016],"tags":[262,281,386,1099,9764],"class_list":["post-28911","post","type-post","status-publish","format-standard","has-post-thumbnail","hentry","category-articolo","category-cosmoprof","category-fiere","tag-bologna","tag-bruno-angelo-porcellana","tag-cosmoprof","tag-nonsolomodanews","tag-simone-martini"],"_links":{"self":[{"href":"https:\/\/www.nonsolomodanews.it\/wordpress\/wp-json\/wp\/v2\/posts\/28911","targetHints":{"allow":["GET"]}}],"collection":[{"href":"https:\/\/www.nonsolomodanews.it\/wordpress\/wp-json\/wp\/v2\/posts"}],"about":[{"href":"https:\/\/www.nonsolomodanews.it\/wordpress\/wp-json\/wp\/v2\/types\/post"}],"author":[{"embeddable":true,"href":"https:\/\/www.nonsolomodanews.it\/wordpress\/wp-json\/wp\/v2\/users\/1"}],"replies":[{"embeddable":true,"href":"https:\/\/www.nonsolomodanews.it\/wordpress\/wp-json\/wp\/v2\/comments?post=28911"}],"version-history":[{"count":3,"href":"https:\/\/www.nonsolomodanews.it\/wordpress\/wp-json\/wp\/v2\/posts\/28911\/revisions"}],"predecessor-version":[{"id":28919,"href":"https:\/\/www.nonsolomodanews.it\/wordpress\/wp-json\/wp\/v2\/posts\/28911\/revisions\/28919"}],"wp:featuredmedia":[{"embeddable":true,"href":"https:\/\/www.nonsolomodanews.it\/wordpress\/wp-json\/wp\/v2\/media\/28918"}],"wp:attachment":[{"href":"https:\/\/www.nonsolomodanews.it\/wordpress\/wp-json\/wp\/v2\/media?parent=28911"}],"wp:term":[{"taxonomy":"category","embeddable":true,"href":"https:\/\/www.nonsolomodanews.it\/wordpress\/wp-json\/wp\/v2\/categories?post=28911"},{"taxonomy":"post_tag","embeddable":true,"href":"https:\/\/www.nonsolomodanews.it\/wordpress\/wp-json\/wp\/v2\/tags?post=28911"}],"curies":[{"name":"wp","href":"https:\/\/api.w.org\/{rel}","templated":true}]}}