{"id":28747,"date":"2025-03-06T21:28:10","date_gmt":"2025-03-06T21:28:10","guid":{"rendered":"https:\/\/www.nonsolomodanews.it\/wordpress\/?p=28747"},"modified":"2025-03-06T21:28:10","modified_gmt":"2025-03-06T21:28:10","slug":"motodays-roma-vs-eicma-e-mbe-il-fascino-delle-due-ruote-in-contesti-diversi","status":"publish","type":"post","link":"https:\/\/www.nonsolomodanews.it\/wordpress\/motodays-roma-vs-eicma-e-mbe-il-fascino-delle-due-ruote-in-contesti-diversi\/","title":{"rendered":"Motodays Roma vs. EICMA e MBE: Il Fascino delle due ruote in contesti diversi"},"content":{"rendered":"<div id=\"attachment_28748\" style=\"width: 210px\" class=\"wp-caption alignleft\"><a style=\"color: #000000;\" href=\"https:\/\/www.nonsolomodanews.it\/wordpress\/wp-content\/uploads\/2025\/03\/08032024-DSC_1203.jpg\"><img loading=\"lazy\" decoding=\"async\" aria-describedby=\"caption-attachment-28748\" class=\"wp-image-28748 size-medium\" src=\"https:\/\/www.nonsolomodanews.it\/wordpress\/wp-content\/uploads\/2025\/03\/08032024-DSC_1203-200x300.jpg\" alt=\"\" width=\"200\" height=\"300\" srcset=\"https:\/\/www.nonsolomodanews.it\/wordpress\/wp-content\/uploads\/2025\/03\/08032024-DSC_1203-200x300.jpg 200w, https:\/\/www.nonsolomodanews.it\/wordpress\/wp-content\/uploads\/2025\/03\/08032024-DSC_1203-684x1024.jpg 684w, https:\/\/www.nonsolomodanews.it\/wordpress\/wp-content\/uploads\/2025\/03\/08032024-DSC_1203-768x1151.jpg 768w, https:\/\/www.nonsolomodanews.it\/wordpress\/wp-content\/uploads\/2025\/03\/08032024-DSC_1203-1025x1536.jpg 1025w, https:\/\/www.nonsolomodanews.it\/wordpress\/wp-content\/uploads\/2025\/03\/08032024-DSC_1203-1080x1618.jpg 1080w, https:\/\/www.nonsolomodanews.it\/wordpress\/wp-content\/uploads\/2025\/03\/08032024-DSC_1203.jpg 1367w\" sizes=\"auto, (max-width: 200px) 100vw, 200px\" \/><\/a><p id=\"caption-attachment-28748\" class=\"wp-caption-text\"><\/span> <span style=\"color: #000000;\">Roma Motodays 2024<\/span><\/p><\/div>\n<p><span style=\"color: #000000;\">In Italia ci sono molti eventi che vedono come protagoniste le motociclette. Da nord a sud \u00e8 un proliferare di eventi su due ruote a motore che hanno valenza sia a livello nazionale che internazionale. Evento di punta \u00e8 l&#8217;<strong>EICMA (Esposizione internazionale ciclo, motociclo e accessori)<\/strong> di Milano a Novembre, seguito dal <strong>MBE<\/strong> (<strong>Motor Bike Expo) <\/strong>di Verona a Gennaio e il <strong>Roma Motoday<\/strong> a marzo. A questi aggiungiamo anche l&#8217;<strong>Eternal City Motorcycle Show<\/strong> di Roma che va in scena a fine estate.\u00a0<\/span><\/p>\n<p><span style=\"color: #000000;\"><!--more--><\/span><\/p>\n<p><span style=\"color: #000000;\">Quando si parla di eventi motociclistici in Italia, i nomi che vengono in mente sono tre: <strong>EICMA<\/strong>, <strong>Motor Bike Expo (MBE)<\/strong> e <strong>MotoDays<\/strong>. Ognuno di questi appuntamenti ha un\u2019anima diversa, un pubblico distinto e una propria atmosfera. MotoDays, che prende il via domani a Roma, rappresenta un\u2019occasione unica per immergersi nel mondo delle due ruote con uno spirito che si discosta sia dalla grandeur milanese di EICMA sia dalla specializzazione custom e racing di MBE.<\/span><\/p>\n<p><span style=\"color: #000000;\"><strong>MotoDays: Il Cuore Pulsante del Centro-Sud<\/strong><\/span><\/p>\n<p><span style=\"color: #000000;\">MotoDays non \u00e8 solo una fiera: \u00e8 una celebrazione della passione motociclistica che coinvolge tutta l&#8217;Italia centrale e meridionale. Roma, con la sua storia e la sua posizione strategica, diventa il punto d\u2019incontro per chi vive la moto con un approccio autentico e spontaneo. Qui non si viene solo per vedere le ultime novit\u00e0 delle case motociclistiche, ma per toccare con mano, provare, incontrare gli altri appassionati e respirare quell\u2019aria da raduno che rende l\u2019esperienza meno istituzionale e pi\u00f9 vicina alla strada.<\/span><\/p>\n<p><span style=\"color: #000000;\">Il format \u00e8 pensato per un pubblico variegato: dai motociclisti urbani ai viaggiatori avventurosi, passando per gli appassionati di moto d\u2019epoca e personalizzazioni. A differenza di eventi pi\u00f9 tecnici o commerciali, MotoDays si vive come un\u2019esperienza diretta, in cui il contatto umano e il coinvolgimento emozionale contano pi\u00f9 delle anteprime.<\/span><\/p>\n<div id=\"attachment_28750\" style=\"width: 310px\" class=\"wp-caption aligncenter\"><a style=\"color: #000000;\" href=\"https:\/\/www.nonsolomodanews.it\/wordpress\/wp-content\/uploads\/2025\/03\/06112024-DSC_4039.jpg\"><img loading=\"lazy\" decoding=\"async\" aria-describedby=\"caption-attachment-28750\" class=\"wp-image-28750 size-medium\" src=\"https:\/\/www.nonsolomodanews.it\/wordpress\/wp-content\/uploads\/2025\/03\/06112024-DSC_4039-300x200.jpg\" alt=\"\" width=\"300\" height=\"200\" srcset=\"https:\/\/www.nonsolomodanews.it\/wordpress\/wp-content\/uploads\/2025\/03\/06112024-DSC_4039-300x200.jpg 300w, https:\/\/www.nonsolomodanews.it\/wordpress\/wp-content\/uploads\/2025\/03\/06112024-DSC_4039-1024x684.jpg 1024w, https:\/\/www.nonsolomodanews.it\/wordpress\/wp-content\/uploads\/2025\/03\/06112024-DSC_4039-768x513.jpg 768w, https:\/\/www.nonsolomodanews.it\/wordpress\/wp-content\/uploads\/2025\/03\/06112024-DSC_4039-1536x1025.jpg 1536w, https:\/\/www.nonsolomodanews.it\/wordpress\/wp-content\/uploads\/2025\/03\/06112024-DSC_4039-1080x721.jpg 1080w, https:\/\/www.nonsolomodanews.it\/wordpress\/wp-content\/uploads\/2025\/03\/06112024-DSC_4039.jpg 2048w\" sizes=\"auto, (max-width: 300px) 100vw, 300px\" \/><\/a><p id=\"caption-attachment-28750\" class=\"wp-caption-text\"><\/span> <span style=\"color: #000000;\">Eicma 2024<\/span><\/p><\/div>\n<p><span style=\"color: #000000;\">Milano \u00e8 il palcoscenico internazionale della moto. EICMA \u00e8 sinonimo di innovazione, tecnologia, grandi nomi e anteprime mondiali. \u00c8 l\u2019evento che detta le tendenze, dove le case motociclistiche svelano il futuro e dove si respira un\u2019aria quasi istituzionale. Se MotoDays \u00e8 l\u2019incontro tra motociclisti, EICMA \u00e8 il vertice in cui industria, stampa e pubblico si fondono in un\u2019unica macchina perfettamente orchestrata.<\/span><\/p>\n<p><span style=\"color: #000000;\">A EICMA si va per vedere in anteprima mondiale le nuove uscite, per scoprire tecnologie avanzate e per immergersi in un evento che ha il respiro globale. Ma proprio questa dimensione imponente pu\u00f2 renderlo, per alcuni, un\u2019esperienza meno intima, pi\u00f9 dispersiva e orientata al business.<\/span><\/p>\n<p><span style=\"color: #000000;\"><strong>Motor Bike Expo: Il Tempio del Custom e della Specializzazione<\/strong><\/span><\/p>\n<div id=\"attachment_28756\" style=\"width: 310px\" class=\"wp-caption aligncenter\"><a style=\"color: #000000;\" href=\"https:\/\/www.nonsolomodanews.it\/wordpress\/wp-content\/uploads\/2025\/03\/19012024-DSC_0135.jpg\"><img loading=\"lazy\" decoding=\"async\" aria-describedby=\"caption-attachment-28756\" class=\"wp-image-28756 size-medium\" src=\"https:\/\/www.nonsolomodanews.it\/wordpress\/wp-content\/uploads\/2025\/03\/19012024-DSC_0135-300x200.jpg\" alt=\"\" width=\"300\" height=\"200\" srcset=\"https:\/\/www.nonsolomodanews.it\/wordpress\/wp-content\/uploads\/2025\/03\/19012024-DSC_0135-300x200.jpg 300w, https:\/\/www.nonsolomodanews.it\/wordpress\/wp-content\/uploads\/2025\/03\/19012024-DSC_0135-1024x684.jpg 1024w, https:\/\/www.nonsolomodanews.it\/wordpress\/wp-content\/uploads\/2025\/03\/19012024-DSC_0135-768x513.jpg 768w, https:\/\/www.nonsolomodanews.it\/wordpress\/wp-content\/uploads\/2025\/03\/19012024-DSC_0135-1536x1025.jpg 1536w, https:\/\/www.nonsolomodanews.it\/wordpress\/wp-content\/uploads\/2025\/03\/19012024-DSC_0135-1080x721.jpg 1080w, https:\/\/www.nonsolomodanews.it\/wordpress\/wp-content\/uploads\/2025\/03\/19012024-DSC_0135.jpg 2048w\" sizes=\"auto, (max-width: 300px) 100vw, 300px\" \/><\/a><p id=\"caption-attachment-28756\" class=\"wp-caption-text\"><\/span> <span style=\"color: #000000;\">MBE 2024\u00a0<\/span><\/p><\/div>\n<p><span style=\"color: #000000;\">Se EICMA \u00e8 il palco delle case costruttrici e MotoDays \u00e8 la festa degli appassionati, Motor Bike Expo \u00e8 la Mecca del custom e della moto personalizzata. Verona accoglie ogni anno un pubblico di specialisti, customizzatori, preparatori e amanti delle moto uniche nel loro genere. Qui la passione si tocca con mano nei dettagli delle lavorazioni artigianali, nei cromatismi audaci e nella ricerca dell\u2019esclusivit\u00e0.<\/span><\/p>\n<p><span style=\"color: #000000;\">MBE \u00e8 l\u2019evento dove il motociclista si sente artista e la moto diventa tela. \u00c8 un mondo a s\u00e9, con un&#8217;identit\u00e0 fortissima e una community che non cerca solo le novit\u00e0 di mercato, ma vuole ispirazione e unicit\u00e0.<\/span><\/p>\n<p><span style=\"color: #000000;\"><strong>Tre Eventi, Tre Anime<\/strong><\/span><\/p>\n<p><span style=\"color: #000000;\"><strong>MotoDays, EICMA e MBE<\/strong> rappresentano tre modi di vivere la moto. Roma \u00e8 l\u2019emozione dell\u2019incontro, Milano l\u2019innovazione e Verona l\u2019unicit\u00e0. C\u2019\u00e8 chi si riconosce in uno solo di questi eventi e chi li vive tutti, cercando il meglio di ogni dimensione.<\/span><\/p>\n<p><span style=\"color: #000000;\">MotoDays, in particolare, \u00e8 la fiera che pi\u00f9 di tutte parla direttamente al motociclista di tutti i giorni, a chi vede la moto come passione pura e libert\u00e0. E domani, per tre giorni, con il rombo delle prime moto all\u2019ingresso della Fiera di Roma, sar\u00e0 il momento perfetto per ricordare perch\u00e9 il mondo delle due ruote non \u00e8 solo industria o spettacolo, ma soprattutto comunit\u00e0 e strada. Cogliamo l&#8217;occasione di fare gli auguri a tutte le donne per la festa internazionale della donna che si celebrer\u00e0 l&#8217;8 Marzo.\u00a0<\/span><\/p>\n<p><span style=\"color: #000000;\">Simone Martini<\/span><\/p>\n<p style=\"text-align: center;\"><span style=\"color: #000000;\">Tutti i diritti riservati \u00a9 2025 \u2013 Email: nonsolomodanews@gmail.com<\/span><\/p>\n","protected":false},"excerpt":{"rendered":"<p>In Italia ci sono molti eventi che vedono come protagoniste le motociclette. Da nord a sud &egrave; un proliferare di eventi su due ruote a motore che hanno valenza sia a livello nazionale che internazionale. Evento di punta &egrave; l&rsquo;EICMA (Esposizione internazionale ciclo, motociclo e accessori) di Milano a Novembre, seguito dal MBE (Motor Bike Expo) di Verona a Gennaio e il Roma Motoday a marzo. A questi aggiungiamo anche l&rsquo;Eternal City Motorcycle Show di Roma che va in scena a fine estate.&nbsp;<\/p>\n","protected":false},"author":1,"featured_media":28754,"comment_status":"open","ping_status":"open","sticky":false,"template":"","format":"standard","meta":{"rop_custom_images_group":[],"rop_custom_messages_group":[],"rop_publish_now":"initial","rop_publish_now_accounts":[],"rop_publish_now_history":[],"rop_publish_now_status":"pending","footnotes":""},"categories":[16],"tags":[281,1689,2794,10116,1099,9764],"class_list":["post-28747","post","type-post","status-publish","format-standard","has-post-thumbnail","hentry","category-articolo","tag-bruno-angelo-porcellana","tag-eicma","tag-mbe","tag-motoday","tag-nonsolomodanews","tag-simone-martini"],"_links":{"self":[{"href":"https:\/\/www.nonsolomodanews.it\/wordpress\/wp-json\/wp\/v2\/posts\/28747","targetHints":{"allow":["GET"]}}],"collection":[{"href":"https:\/\/www.nonsolomodanews.it\/wordpress\/wp-json\/wp\/v2\/posts"}],"about":[{"href":"https:\/\/www.nonsolomodanews.it\/wordpress\/wp-json\/wp\/v2\/types\/post"}],"author":[{"embeddable":true,"href":"https:\/\/www.nonsolomodanews.it\/wordpress\/wp-json\/wp\/v2\/users\/1"}],"replies":[{"embeddable":true,"href":"https:\/\/www.nonsolomodanews.it\/wordpress\/wp-json\/wp\/v2\/comments?post=28747"}],"version-history":[{"count":4,"href":"https:\/\/www.nonsolomodanews.it\/wordpress\/wp-json\/wp\/v2\/posts\/28747\/revisions"}],"predecessor-version":[{"id":28758,"href":"https:\/\/www.nonsolomodanews.it\/wordpress\/wp-json\/wp\/v2\/posts\/28747\/revisions\/28758"}],"wp:featuredmedia":[{"embeddable":true,"href":"https:\/\/www.nonsolomodanews.it\/wordpress\/wp-json\/wp\/v2\/media\/28754"}],"wp:attachment":[{"href":"https:\/\/www.nonsolomodanews.it\/wordpress\/wp-json\/wp\/v2\/media?parent=28747"}],"wp:term":[{"taxonomy":"category","embeddable":true,"href":"https:\/\/www.nonsolomodanews.it\/wordpress\/wp-json\/wp\/v2\/categories?post=28747"},{"taxonomy":"post_tag","embeddable":true,"href":"https:\/\/www.nonsolomodanews.it\/wordpress\/wp-json\/wp\/v2\/tags?post=28747"}],"curies":[{"name":"wp","href":"https:\/\/api.w.org\/{rel}","templated":true}]}}