{"id":28282,"date":"2025-01-28T19:17:43","date_gmt":"2025-01-28T19:17:43","guid":{"rendered":"https:\/\/www.nonsolomodanews.it\/wordpress\/?p=28282"},"modified":"2025-01-28T19:17:43","modified_gmt":"2025-01-28T19:17:43","slug":"motor-bike-expo-verona-oltre-170-000-visitatori","status":"publish","type":"post","link":"https:\/\/www.nonsolomodanews.it\/wordpress\/motor-bike-expo-verona-oltre-170-000-visitatori\/","title":{"rendered":"Motor Bike Expo Verona: OLTRE 170.000 VISITATORI"},"content":{"rendered":"<p><span style=\"color: #000000;\"><strong><a style=\"color: #000000;\" href=\"https:\/\/www.nonsolomodanews.it\/wordpress\/wp-content\/uploads\/2025\/01\/VIRGIN-TEAM.jpg\"><img loading=\"lazy\" decoding=\"async\" class=\"size-medium wp-image-28288 alignleft\" src=\"https:\/\/www.nonsolomodanews.it\/wordpress\/wp-content\/uploads\/2025\/01\/VIRGIN-TEAM-300x200.jpg\" alt=\"\" width=\"300\" height=\"200\" srcset=\"https:\/\/www.nonsolomodanews.it\/wordpress\/wp-content\/uploads\/2025\/01\/VIRGIN-TEAM-300x200.jpg 300w, https:\/\/www.nonsolomodanews.it\/wordpress\/wp-content\/uploads\/2025\/01\/VIRGIN-TEAM-1024x683.jpg 1024w, https:\/\/www.nonsolomodanews.it\/wordpress\/wp-content\/uploads\/2025\/01\/VIRGIN-TEAM-768x512.jpg 768w, https:\/\/www.nonsolomodanews.it\/wordpress\/wp-content\/uploads\/2025\/01\/VIRGIN-TEAM-1536x1025.jpg 1536w, https:\/\/www.nonsolomodanews.it\/wordpress\/wp-content\/uploads\/2025\/01\/VIRGIN-TEAM-1080x720.jpg 1080w, https:\/\/www.nonsolomodanews.it\/wordpress\/wp-content\/uploads\/2025\/01\/VIRGIN-TEAM.jpg 2000w\" sizes=\"auto, (max-width: 300px) 100vw, 300px\" \/><\/a>Verona strategico punto d\u2019incontro tra domanda e offerta del settore<\/strong><\/span><\/p>\n<p><span style=\"color: #000000;\">Motor Bike Expo 2025, la pi\u00f9 grande di sempre: l\u2019appuntamento dedicato ai motociclisti si \u00e8 chiuso oggi a Veronafiere, con pi\u00f9 di 15 modelli in anteprima mondiale, pi\u00f9 di 700 espositori e oltre 170.000 visitatori. Un\u2019edizione che segna <strong>qualcosa di nuovo nel panorama fieristico e motociclistico<\/strong>.<\/span><\/p>\n<p><span style=\"color: #000000;\"><!--more--><\/span><\/p>\n<p><span style=\"color: #000000;\">Francesco Agnoletto e Paola Somma, fondatori e organizzatori della rassegna, sottolineano l\u2019ennesimo <strong>salto di qualit\u00e0<\/strong> e l\u2019evoluzione della rassegna: <em>\u201c<\/em><em>A Verona gli orientamenti dei motociclisti si integrano con le strategie delle aziende<\/em> \u2013 ricorda <strong>Paola Somma<\/strong> \u2013 <em>perch<\/em><em>\u00e9 <\/em><em>a MBE ci sono i grandi numeri e tutti i mondi della moto. Un test fondamentale per il mercato, come conferma il risultato straordinario di quest<\/em><em>\u2019<\/em><em>anno\u201d.<\/em> Per <strong>Francesco Agnoletto<\/strong> i dati sono chiari:<em> \u201c<\/em><em>700 aziende su 120.000 mq, 20% di spazio in pi\u00f9, 33 grandi marchi, 20 Paesi, oltre 3.000 moto, un grande padiglione in pi\u00f9<\/em><em>, un restyling completo<\/em><em> e una crescita delle presenze professionali. E, nonostante il meteo, superato il picco dei 170.000 visitatori. Questa \u00e8 l\u2019edizione di<\/em><em> MBE pi<\/em><em>\u00f9 grande di sempre, nei numeri e nella qualit\u00e0\u201d.<\/em><\/span><\/p>\n<p><span style=\"color: #000000;\">Tra i momenti pi\u00f9 significativi della manifestazione: la visita di <strong>Max Biaggi <\/strong>e la grande festa Aprilia per la vittoria della Africa Eco Race di<strong> Jacopo Cerutti<\/strong>; 60 modelli custom tra i pi\u00f9 belli del mondo, la scuola guida riservata alle donne Girl Full Power targata <strong>Yamaha<\/strong>, il grande interesse per i talk <strong>turismo d<\/strong><strong>\u2019avventura<\/strong> con motoviaggiatori e i viaggi organizzati per i motociclisti\u2026 Le esibizioni esterne hanno emozionato e coinvolto ogni genere di pubblico, proprio come i numerosi contest. Spicca la novit\u00e0 del <strong>Concorso d\u2019eleganza<\/strong>, organizzato dal Vespa Club d\u2019Italia.<\/span><\/p>\n<p><span style=\"color: #000000;\">Un\u2019edizione che ha richiamato l\u2019attenzione di autorit\u00e0 e istituzioni: sono intervenuti, tra gli altri, i ministri <strong>Daniela Santanch\u00e8<\/strong> per il turismo e <strong>Alessandra Locatelli<\/strong> per le disabilit\u00e0, e il Presidente dell\u2019Agenzia ICE, <strong>Matteo Zoppas<\/strong>. Alla cerimonia inaugurale Daniela Santanch\u00e8 ha detto che \u201cMotor Bike Expo \u00e8 una Fiera Rock dove si respira energia e passione\u201d; per Matteo Zoppas, \u00e8 una mostra &#8220;che sta crescendo ogni anno di pi\u00f9, e che si sta ritagliando un ruolo di primo piano per il segmento b2c\u201d.<\/span><\/p>\n<p><span style=\"color: #000000;\">Per il presidente di Veronafiere <strong>Federico Bricolo <\/strong>\u00abMotor Bike Expo 2025 \u00e8 il risultato di un grande lavoro di squadra, portato avanti con entusiasmo dagli organizzatori, Francesco Agnoletto e Paola Somma, insieme al team di Veronafiere. Questo successo conferma la rassegna come un punto di riferimento internazionale per il mondo del motociclismo, capace di intercettare le tendenze del mercato, favorire il business e il networking tra gli espositori, e offrire un\u2019esperienza unica e imperdibile per appassionati e professionisti\u00bb.<\/span><\/p>\n<p><span style=\"color: #000000;\"><strong>Adolfo Rebughini<\/strong>, direttore generale di Veronafiere: <em>\u00ab<\/em><em>Motor Bike Expo si conferma l<\/em><em>\u2019<\/em><em>evento di riferimento internazionale per gli appassionati delle due ruote. L<\/em><em>\u2019<\/em><em>edizione 2025 \u00e8 all<\/em><em>\u2019<\/em><em>insegna dei record per numeri, estensione e un calendario di oltre 100 eventi, tra show e anteprime mondiali. La rassegna ha saputo unire le differenti anime del mondo motociclistico accomunate da quella <\/em><em>\u2018<\/em><em>passione<\/em><em>\u2019 <\/em><em>che caratterizza le nostre rassegne b2c. Il successo di Motor Bike testimonia come l&#8217;interesse per la moto attraversi generazioni, superi le barriere di genere e unisca persone di ogni et\u00e0 e provenienza, accomunate da un linguaggio universale. Al tempo stesso, la manifestazione \u00e8 ambasciatrice della sicurezza su strada, promuovendo una cultura del rispetto e della responsabilit\u00e0 attraverso iniziative formative e momenti di sensibilizzazione\u00bb.<\/em><\/span><\/p>\n<p><span style=\"color: #000000;\"><strong>Yamaha celebra 70 anni di innovazione a Motor Bike Expo<\/strong><\/span><\/p>\n<p><span style=\"color: #000000;\">Yamaha festeggia il suo 70\u00b0 anniversario confermando la sua fedele presenza a Verona con uno spazio espositivo di 1000 metri quadrati. Qui sono stati presentati <strong>tutti gli ultimi modelli road e off-road<\/strong>, insieme alle pi\u00f9 avanzate innovazioni tecnologiche, tra cui il cambio robotizzato Y-AMT, gi\u00e0 disponibile su <strong>MT-09<\/strong>, <strong>MT-07<\/strong> e <strong>TRACER 9<\/strong>. Grande protagonista \u00e8 stata anche un\u2019<strong>anteprima mondiale: il nuovo Yamaha UMQ<\/strong>, un innovativo veicolo a quattro ruote leggero a zero emissioni, che apre nuove prospettive per la mobilit\u00e0 sostenibile.<\/span><\/p>\n<p><span style=\"color: #000000;\">Uno stand che va oltre l\u2019esposizione. Non solo una vetrina quindi, ma un vero e proprio hub di attivit\u00e0: dallo spazio dedicato ai <strong>Club ufficiali Yamaha<\/strong>, una community appassionata, fino alla possibilit\u00e0 di scoprire i trofei monomarca <strong>R3 Cup <\/strong>e <strong>R7 Cup<\/strong>.<\/span><\/p>\n<p><span style=\"color: #000000;\">Motor Bike Expo \u00e8 stata un\u2019occasione per presentare le <strong>novit\u00e0 della gamma<\/strong>, rafforzando l\u2019impegno verso un\u2019idea di mobilit\u00e0 innovativa. Ospiti speciali e attivit\u00e0 sul palco hanno completato un\u2019offerta ricca di emozioni per il pubblico.<\/span><\/p>\n<p><span style=\"color: #000000;\"><strong>Andrea Colombi <\/strong>&#8211; country manager Yamaha Motor:<\/span><\/p>\n<p><span style=\"color: #000000;\">&#8220;<em>Verona \u00e8 la nostra griglia di partenza: \u00e8 qui che accendiamo i motori e diamo il via alla nuova stagione. Oltre a presentare i nostri prodotti, portiamo in scena esperienze coinvolgenti, con una risposta entusiasta che ci rende orgogliosi di essere qui.\u201d<\/em><\/span><\/p>\n<p><span style=\"color: #000000;\"><strong>Ducati con le <\/strong><strong>Scrambler <\/strong><strong>e tante moto da provare a<\/strong><strong> Motor Bike Expo<\/strong>Ducati \u00e8 protagonista a Motor Bike Expo 2025 con uno stand dedicato alla gamma Scrambler, il suo modello iconico che celebra quest\u2019anno il decimo anniversario dalla rinascita. Tra le novit\u00e0 pi\u00f9 attese, spicca la <strong>Scrambler 10<\/strong><strong>\u00b0 Anniversario<\/strong> Rizoma Edition, una serie <strong>limitata a 500 esemplari<\/strong>, caratterizzata dalla colorazione esclusiva &#8220;Metal Rose&#8221;. In evidenza anche il <strong>concept Cr24i<\/strong>, una caf\u00e9 racer ispirata all\u2019Inghilterra anni \u201960, al suo debutto italiano.<\/span><\/p>\n<p><span style=\"color: #000000;\">Per i visitatori, <strong>Ducati<\/strong> offre test ride con la <strong>Scrambler Nightshift<\/strong>, la <strong>Multistrada V4 S<\/strong> e la <strong>DesertX Rally<\/strong>, quest\u2019ultima protagonista di un nuovo docufilm dedicato all\u2019Australia. Un\u2019occasione imperdibile per gli appassionati di scoprire il meglio della casa di Borgo Panigale.<\/span><\/p>\n<p><span style=\"color: #000000;\"><strong>Kawasaki a MBE con tutta la gamma e l\u2019attesissima Z900RS<\/strong><\/span><\/p>\n<p><span style=\"color: #000000;\">Le modern classic <strong>Meguro S1<\/strong> e <strong>W230<\/strong> sono state la bella sorpresa dello stand <strong>Kawasaki <\/strong>del padiglione 6. Le novit\u00e0 della Casa giapponese hanno riscosso un successo particolare fra il pubblico di Motor Bike Expo, che naturalmente non ha mancato di apprezzare la bestseller <strong>Z900RS<\/strong>, nelle versioni base e <strong>SE<\/strong>, quest\u2019ultima dotata di una ciclistica di particolare pregio.<\/span><\/p>\n<p><span style=\"color: #000000;\">Fra le altre novit\u00e0 in esposizione la adventure tourer <strong>Versys 1100<\/strong> e l\u2019emblematica <strong>Ninja 1100SX<\/strong>, con propulsore 4 cilindri completamente rivisto e diversi affinamenti nella ciclistica. Nella gamma offroad, riflettori sulla nuova <strong>KX250<\/strong> 4 tempi.<\/span><\/p>\n<p><span style=\"color: #000000;\">Sempre ammiratissime le supersportive Bimota, fra le quali la KB998 Rimini con il propulsore della ZX10RR, il modello pi\u00f9 vicino alle corse mai costruito dal marchio. E la prima crossover Tesi H2 Tera, equipaggiata con l\u2019avanzatissimo motore sovralimentato H2 da 200 cv.<\/span><\/p>\n<p><span style=\"color: #000000;\"><strong><em>Stefano Nizzola<\/em><\/strong> &#8211; marketing coordinator Kawasaki<\/span><\/p>\n<p><span style=\"color: #000000;\"><em>\u201c<\/em><em>MBE <\/em><em>\u00e8 un evento in continua crescita, e proprio per questo abbiamo deciso di aumentare il nostro impegno, ampliando il nostro spazio espositivo. Sappiamo quanto sia un<\/em><em>\u2019<\/em><em>opportunit\u00e0 unica per incontrare le persone, dialogare con il cliente finale e condividere con passione ci\u00f2 che ci anima\u201d.<\/em><\/span><\/p>\n<p><span style=\"color: #000000;\"><strong>Moto Guzzi e le novit\u00e0 2025: spicca la V7 Sport<\/strong><\/span><\/p>\n<p><span style=\"color: #000000;\">La Casa di Mandello resta sempre nel cuore degli appassionati di MBE.<\/span><\/p>\n<p><span style=\"color: #000000;\">\u00c8 stata particolarmente apprezzata la <strong>nuova gamma V7<\/strong>, rinnovata nel motore e nella ciclistica, dalle caratteristiche dinamiche pi\u00f9 spiccate. <strong>La V7 Sport<\/strong> \u00e8 dotata di una forcella a steli rovesciati con doppio freno a disco e pinza radiale.<\/span><\/p>\n<p><span style=\"color: #000000;\">L\u2019acceleratore ride by wire ha permesso di dotare la Sport di un riding mode personalizzato, che la rende pi\u00f9 pronta e divertente, con un\u2019erogazione pi\u00f9 immediata della coppia e della potenza.<\/span><\/p>\n<p><span style=\"color: #000000;\">L\u2019estetica \u00e8 stata evoluta con dettagli di pregio. Accanto alla V7 Stone, la V7 Special aggiunge all\u2019autenticit\u00e0 un\u2019impronta pi\u00f9\u00a0contemporanea, con la carrozzeria dalle tinte ricercate, i dettagli cromati e le ruote a raggi.<\/span><\/p>\n<p><span style=\"color: #000000;\">Novit\u00e0 assoluta la <strong>Stelvio 200 Tributo<\/strong> in <strong>edizione limitata a 2.758 unit\u00e0<\/strong>, un tributo ai 200 anni dall\u2019apertura del celebre passo alpino che d\u00e0 il nome al modello. La grafica \u00e8 ispirata agli elementi naturali della montagna, mentre la dotazione \u00e8 completata dall\u2019equipaggiamento riscaldante.<\/span><\/p>\n<p><span style=\"color: #000000;\">Aggiornata agli standard Euro 5+ e disegnata con aerodinamica adattiva, la <strong>V100 Mandello<\/strong> spicca sia nella versione S, dotata di sospensioni semiattive e radar anteriore e posteriore; sia nella livrea celebrativa Wind Tunnel, in omaggio alla galleria del vento inaugurata a Mandello del Lario nel 1954.<\/span><\/p>\n<p><span style=\"color: #000000;\"><strong>Paolo Pezzini<\/strong> &#8211; Responsabile ufficio stampa prodotto del Gruppo Piaggio<\/span><\/p>\n<p><span style=\"color: #000000;\"><em>\u201cVerona \u00e8 un fenomeno che ci \u00e8 esploso sotto gli occhi anno dopo anno, La passione e il contatto diretto che si ha con i veri appassionati e molto probabilmente con quello che sar\u00e0 il cliente finale non ha eguali\u201d.<\/em><\/span><\/p>\n<p><span style=\"color: #000000;\"><strong>Suzuki in grande stile con le novit\u00e0 DRZ-4<\/strong><\/span><\/p>\n<p><span style=\"color: #000000;\">Suzuki ha portato a Verona due gradite novit\u00e0. La <strong>DRZ-4 S enduro<\/strong> e la <strong>Supermotard DRZ-4 SM <\/strong>sono modelli rispettivamente pensati per fuoristrada e asfalto, capaci di attirare consensi e interesse da parte degli appassionati.<\/span><\/p>\n<p><span style=\"color: #000000;\">Nello stand legato al marchio di Hamamatsu, in bella mostra anche tutta la gamma delle colorazioni 2025: si sono sprecate foto alla <strong>Hayabusa<\/strong> colorazione Nero Dallas, raffiche di video per la GSX-S1000 in tinta Blu Atene e sulla <strong>GSX-S1000GX<\/strong> in tono Rosso Madrid. La streetfighter giapponese convince, come \u00e8 stata viva l\u2019attenzione offerta ai possessori del gruppo Hayabusa Italia No Limits Club A.s.d, ai quali \u00e8 dedicata la versione Hayabusa Web Edition nr.1.<\/span><\/p>\n<p><span style=\"color: #000000;\">Per gli amanti del racing: la <strong>GSX-8R<\/strong> sta per debuttare nel Trofeo Monomarca <strong>GSX-8R Cup<\/strong>, che ha gi\u00e0 segnato il tutto esaurito in termini di iscrizioni. I cinque round organizzati sulle piste tricolori consentiranno al detentore della coppa finale di andare correre alla 200 Miglia di Daytona, ovale americano che ogni pilota sogna. Lo spirito racing del costruttore ha in MBE un evento dove poter proporre ogni coniugazione della propria tecnologia.<\/span><\/p>\n<p><span style=\"color: #000000;\"><strong>Benelli con le novit\u00e0 BKX ed il concept TRK 902 Xplorer<\/strong><\/span><\/p>\n<p><span style=\"color: #000000;\"><strong>Giorgio Sala<\/strong>, Marketing Coordinator di Benelli, ha espresso grande soddisfazione per un&#8217;edizione che ha dimostrato il forte interesse e il ritorno del pubblico verso la Casa motociclistica pesarese.<\/span><\/p>\n<p><span style=\"color: #000000;\">Non solo i fedelissimi del brand hanno mostrato entusiasmo, ma anche coloro che si sono avvicinati per la prima volta al marchio. Le protagoniste del salone sono state la <strong>gamma BKX 2025<\/strong> e il concept <strong>TRK 902 Xplorer<\/strong>, un prototipo che incarna perfettamente lo spirito<em> adventure<\/em> di Benelli.<\/span><\/p>\n<p><span style=\"color: #000000;\"><strong>Gianni Monini \u2013 <\/strong>Direttore Commerciale &#8211; ha sottolineato il forte interesse dell&#8217;azienda nel consolidare la presenza di Benelli al <strong>MBE 2026<\/strong>, complimentandosi con gli organizzatori non solo per il successo in termini di pubblico, ma anche per l&#8217;alto profilo qualitativo e professionale dell&#8217;evento.<\/span><\/p>\n<p><span style=\"color: #000000;\"><strong>Royal Enfield: la Shotgun 650 come premio per il miglior preparatore di MBE<\/strong><\/span><\/p>\n<p><span style=\"color: #000000;\">La presenza della Casa indiana a MBE lascia sempre il segno e anche nell\u2019edizione 2025 ha confermato le aspettative del pubblico. IN esposizione la novit\u00e0 <strong>Bear 650<\/strong> dallo stile scrambler, ispirata alla leggendaria vittoria nella <strong>Big Bear Run <\/strong>del 1960; e la <strong>Classic 650<\/strong>, che celebra il design intramontabile del marchio con il nuovo motore bicilindrico da 47 cv.<\/span><\/p>\n<p><span style=\"color: #000000;\">A conquistarsi la scena la <strong>Shotgun 650 Icon Edition<\/strong>, ispirata alla special americana del progetto Icon One Thousand-Royal Enfield Custom World \u201cAlways Something\u201d. L\u2019edizione limitata \u00e8 caratterizzata da grafiche audaci e dettagli esclusivi come i cerchi dorati, gli ammortizzatori in tinta, gli specchietti bar-end e sella personalizzata.<\/span><\/p>\n<p><span style=\"color: #000000;\">La Shotgun 650 \u00e8 anche la protagonista del contest &#8220;<strong>Best Shotgun 650 Award<\/strong>\u201d, in collaborazione con Moto.it. Fra le cinque special realizzate dagli esperti preparatori per altrettanti concessionari italiani, la vincitrice \u00e8 stata premiata sul Main Stage. E sempre una Shotgun \u00e8 stata l\u2019<strong>ambitissimo premio<\/strong> del bike show <strong>MBE Premium Selection <\/strong>vinto dal preparatore <strong>VM Cycles<\/strong>.<\/span><\/p>\n<p><span style=\"color: #000000;\"><em>\u201cMBE \u00e8 senza dubbio l\u2019evento di riferimento di inizio stagione per gli appassionati, irrinunciabile per Royal Enfield. \u00c8 gratificante vedere la presenza dei grandi marchi, che contribuiscono a mantenere viva la passione e permettono alla manifestazione di continuare a crescere\u201d<\/em>, ha commentato il direttore generale <strong>Cesare Carola<\/strong>.<\/span><\/p>\n<p><span style=\"color: #000000;\"><strong>I Main Partner Virgin Radio e Liqui Moly<\/strong><\/span><\/p>\n<p><span style=\"color: #000000;\">Partner storico e immancabile di Motor Bike Expo, il salone pi\u00f9 \u201cRock\u201d \u00e8 Virgin Radio. Gioved\u00ec, in occasione del vernissage alla Gran Guardia e nel Padiglione 1, Ringo DJ, Alteria e Toky hanno animato l\u2019evento, portando un\u2019autentica carica rock<\/span><\/p>\n<p><span style=\"color: #000000;\"><strong>Ringo DJ, Creator di Virgin Radio <\/strong><em>\u201c<\/em><em>MBE <\/em><em>\u00e8 una famiglia! Un punto di ritrovo per gli appassionati del mondo delle due ruote in tutte le sue declinazioni, che non poteva che innamorarsi dell<\/em><em>\u2019<\/em><em>anima rock di Virgin.\u201d<\/em><\/span><\/p>\n<p><span style=\"color: #000000;\"><strong>Liqui Moly<\/strong>, azienda leader nei lubrificanti e additivi ha recentemente <strong>rinnovato l<\/strong><strong>\u2019<\/strong><strong>accordo con MBE fino al 2027<\/strong>. Anche quest\u2019anno, l\u2019azienda ha sfruttato un canale privilegiato di promozione e comunicazione con il motociclista. Uno stand di oltre 140 mq ha presentato le ultime novit\u00e0 e i prodotti pi\u00f9 performanti, spaziando dalle moto stradali al racing. Importante anche l\u2019impegno di Liqui Moly a supporto di <strong>MBEducational<\/strong>, un progetto dedicato alla formazione degli studenti durante il quale i partecipanti hanno avuto l\u2019opportunit\u00e0 di seguire workshop e lezioni con figure di spicco del settore delle due ruote.<\/span><\/p>\n<p><span style=\"color: #000000;\"><strong>Tina Martella<\/strong> &#8211; responsabile marketing di Liqui Moly Italia:<\/span><\/p>\n<p><span style=\"color: #000000;\"><em>\u201cAbbiamo prolungato il nostro accordo di partnership con MBE e dopo questa edizione siamo ancora pi\u00f9 convinti di aver fatto la scelta giusta, constatando che questo evento \u00e8 davvero cresciuto anche a livello organizzativo, impreziosendo quello che \u00e8 gi\u00e0 uno show davvero sorprendente\u201d.<\/em><\/span><\/p>\n<p><span style=\"color: #000000;\"><strong>Contatti<\/strong><\/span><br \/>\n<span style=\"color: #000000;\">Resp. Ufficio Comunicazione: Thomas Petten\u00f2, 041 5010188,<\/span><br \/>\n<span style=\"color: #000000;\"><a style=\"color: #000000;\" href=\"mailto:thomaspetteno@motorbikeexpo.it\">thomaspetteno@motorbikeexpo.it<\/a><\/span><br \/>\n<span style=\"color: #000000;\"><strong>MOTOR BIKE EXPO<\/strong><\/span><br \/>\n<span style=\"color: #000000;\"><a style=\"color: #000000;\" href=\"http:\/\/www.motorbikeexpo.it\/\">www.motorbikeexpo.it<\/a><\/span><br \/>\n<span style=\"color: #000000;\">Youtube:\u00a0<a style=\"color: #000000;\" href=\"https:\/\/www.youtube.com\/@motorbikeexpo\">https:\/\/www.youtube.com\/@motorbikeexpo<\/a><\/span><br \/>\n<span style=\"color: #000000;\">Facebook:\u00a0<a style=\"color: #000000;\" href=\"http:\/\/www.facebook.com\/MotorBikeExpoOfficial\">www.facebook.com\/MotorBikeExpoOfficial<\/a><\/span><br \/>\n<span style=\"color: #000000;\">Instagram:\u00a0<a style=\"color: #000000;\" href=\"http:\/\/www.instagram.com\/motorbikeexpo\">www.instagram.com\/motorbikeexpo<\/a><\/span><br \/>\n<span style=\"color: #000000;\">Twitter:\u00a0<a style=\"color: #000000;\" href=\"http:\/\/twitter.com\/motorbikeexpo\">twitter.com\/motorbikeexpo<\/a><\/span><br \/>\n<span style=\"color: #000000;\">LinkedIn:\u00a0<a style=\"color: #000000;\" href=\"http:\/\/it.linkedin.com\/company\/motor-bike-expo\">it.linkedin.com\/company\/motor-bike-expo<\/a><\/span><\/p>\n<p style=\"text-align: center;\"><span style=\"color: #000000;\">Testo e immagine a cura ufficio Stampa MBE &#8211; Immagine evidenza di Bruno Angelo Porcellana<\/span><br \/>\n<span style=\"color: #000000;\">Tutti i diritti riservati \u00a9 2025 \u2013 Email: nonsolomodanews@gmail.com<\/span><\/p>\n","protected":false},"excerpt":{"rendered":"<p>Verona strategico punto d&rsquo;incontro tra domanda e offerta del settore Motor Bike Expo 2025, la pi&ugrave; grande di sempre: l&rsquo;appuntamento dedicato ai motociclisti si &egrave; chiuso oggi a Veronafiere, con pi&ugrave; di 15 modelli in anteprima mondiale, pi&ugrave; di 700 espositori e oltre 170.000 visitatori. Un&rsquo;edizione che segna qualcosa di nuovo nel panorama fieristico e motociclistico.<\/p>\n","protected":false},"author":1,"featured_media":28289,"comment_status":"open","ping_status":"open","sticky":false,"template":"","format":"standard","meta":{"rop_custom_images_group":[],"rop_custom_messages_group":[],"rop_publish_now":"initial","rop_publish_now_accounts":[],"rop_publish_now_history":[],"rop_publish_now_status":"pending","footnotes":""},"categories":[16],"tags":[2153],"class_list":["post-28282","post","type-post","status-publish","format-standard","has-post-thumbnail","hentry","category-articolo","tag-motor-bike-expo"],"_links":{"self":[{"href":"https:\/\/www.nonsolomodanews.it\/wordpress\/wp-json\/wp\/v2\/posts\/28282","targetHints":{"allow":["GET"]}}],"collection":[{"href":"https:\/\/www.nonsolomodanews.it\/wordpress\/wp-json\/wp\/v2\/posts"}],"about":[{"href":"https:\/\/www.nonsolomodanews.it\/wordpress\/wp-json\/wp\/v2\/types\/post"}],"author":[{"embeddable":true,"href":"https:\/\/www.nonsolomodanews.it\/wordpress\/wp-json\/wp\/v2\/users\/1"}],"replies":[{"embeddable":true,"href":"https:\/\/www.nonsolomodanews.it\/wordpress\/wp-json\/wp\/v2\/comments?post=28282"}],"version-history":[{"count":2,"href":"https:\/\/www.nonsolomodanews.it\/wordpress\/wp-json\/wp\/v2\/posts\/28282\/revisions"}],"predecessor-version":[{"id":28291,"href":"https:\/\/www.nonsolomodanews.it\/wordpress\/wp-json\/wp\/v2\/posts\/28282\/revisions\/28291"}],"wp:featuredmedia":[{"embeddable":true,"href":"https:\/\/www.nonsolomodanews.it\/wordpress\/wp-json\/wp\/v2\/media\/28289"}],"wp:attachment":[{"href":"https:\/\/www.nonsolomodanews.it\/wordpress\/wp-json\/wp\/v2\/media?parent=28282"}],"wp:term":[{"taxonomy":"category","embeddable":true,"href":"https:\/\/www.nonsolomodanews.it\/wordpress\/wp-json\/wp\/v2\/categories?post=28282"},{"taxonomy":"post_tag","embeddable":true,"href":"https:\/\/www.nonsolomodanews.it\/wordpress\/wp-json\/wp\/v2\/tags?post=28282"}],"curies":[{"name":"wp","href":"https:\/\/api.w.org\/{rel}","templated":true}]}}