{"id":27771,"date":"2024-10-27T23:29:01","date_gmt":"2024-10-27T23:29:01","guid":{"rendered":"https:\/\/www.nonsolomodanews.it\/wordpress\/?p=27771"},"modified":"2024-10-27T23:29:01","modified_gmt":"2024-10-27T23:29:01","slug":"intervista-con-la-giovanissima-viola-piccioni-venere-nonsolomodanews-2024","status":"publish","type":"post","link":"https:\/\/www.nonsolomodanews.it\/wordpress\/intervista-con-la-giovanissima-viola-piccioni-venere-nonsolomodanews-2024\/","title":{"rendered":"Intervista con la giovanissima Viola Piccioni, Venere Nonsolomodanews 2024"},"content":{"rendered":"<p><span style=\"color: #000000;\"><strong><img loading=\"lazy\" decoding=\"async\" class=\"size-medium wp-image-27774 alignleft\" src=\"https:\/\/www.nonsolomodanews.it\/wordpress\/wp-content\/uploads\/2024\/10\/be6ed333-e0f4-4df8-bf16-aeef7afeca76-225x300.jpeg\" alt=\"\" width=\"225\" height=\"300\" srcset=\"https:\/\/www.nonsolomodanews.it\/wordpress\/wp-content\/uploads\/2024\/10\/be6ed333-e0f4-4df8-bf16-aeef7afeca76-225x300.jpeg 225w, https:\/\/www.nonsolomodanews.it\/wordpress\/wp-content\/uploads\/2024\/10\/be6ed333-e0f4-4df8-bf16-aeef7afeca76-768x1024.jpeg 768w, https:\/\/www.nonsolomodanews.it\/wordpress\/wp-content\/uploads\/2024\/10\/be6ed333-e0f4-4df8-bf16-aeef7afeca76-1152x1536.jpeg 1152w, https:\/\/www.nonsolomodanews.it\/wordpress\/wp-content\/uploads\/2024\/10\/be6ed333-e0f4-4df8-bf16-aeef7afeca76-1080x1440.jpeg 1080w, https:\/\/www.nonsolomodanews.it\/wordpress\/wp-content\/uploads\/2024\/10\/be6ed333-e0f4-4df8-bf16-aeef7afeca76.jpeg 1200w\" sizes=\"auto, (max-width: 225px) 100vw, 225px\" \/>Nonsolomodanews <\/strong>ha il piacere di presentare ai propri lettori la giovanissima <strong>Viola Piccioni<\/strong>, <strong>Venere Nonsolomodanews 2024<\/strong>. Viola \u00e8 una giovanissima ragazza del Piemonte e proviene da Lesa, in provincia di Novara a due passi dal lago Maggiore. Ha partecipato alla finalissima del concorso Venere d\u2019Italia partecipando al concorso \u201cOpus Artis\u201d a Stresa. Si definisce solare ed empatica. Ama mangiare ma non la carne, in quanto vegana. Ringraziamo Viola per l\u2019intervista concessa.<\/span><!--more--><\/p>\n<p><span style=\"color: #000000;\"><strong>Ti vuoi presentare? <\/strong><em>\u201cMi chiamo Viola Piccioni, ho 14 anni, sono nata a Verbania e abito a Lesa. Sono alta 1.74, ho gli occhi marroni e i capelli biondo scuro. Di numero di scarpe ho il 40\u201d.<\/em><\/span><\/p>\n<p><span style=\"color: #000000;\"><strong>Complimenti per avere conquistato la fascia di &#8220;Venere Nonsolomodanews 2024&#8221;. <\/strong><\/span><\/p>\n<p><span style=\"color: #000000;\"><strong>Ci dici in due parole le emozioni che hai provato partecipando al concorso?<\/strong><em> \u00a0\u201c\u00c8 stata un\u2019esperienza unica e speciale. Mi sono divertita molto, le ragazze erano super carine e gentili. Ero super eccitata e felice, ho provato anche un po\u2019 di ansia la prima volta che sono andata in passerella. Indossare abiti cos\u00ec belli \u00e8 stato meraviglioso, mi sentivo una principessa\u201d.<\/em><\/span><\/p>\n<p><span style=\"color: #000000;\"><strong>Come sei giunta alla finale nazionale?<\/strong><em> \u201cPartecipando al concorso \u201cOpus artis\u201d a Stresa, sul Lago Maggiore\u201d.<\/em><\/span><\/p>\n<p><span style=\"color: #000000;\"><strong>Come sei di carattere?<\/strong><em> \u201cSono una ragazza molto solare ed empatica. Cerco sempre di essere sorridente. Sono una persona per\u00f2 molto ansiosa e agitata\u201d.<\/em><\/span><\/p>\n<p><span style=\"color: #000000;\"><strong>Qual \u00e8 il tuo rapporto con gli animali?<\/strong><em> \u201cAmo gli animali fin da quando sono piccolina. Ho due cani. Il mio rapporto con loro \u00e8 bellissimo\u201d.<\/em><\/span><\/p>\n<p><span style=\"color: #000000;\"><strong>Qual \u00e8 il colore preferito?<\/strong><em> \u201cVerde\u201d.<\/em><\/span><\/p>\n<p><span style=\"color: #000000;\"><strong>Che cosa \u00e8 per te la femminilit\u00e0?<\/strong><em> \u201cPer me \u00e8 un modo di essere\u201d.<\/em><\/span><\/p>\n<p><span style=\"color: #000000;\"><strong>Pensi che presentarti davanti al pubblico in costume possa ledere la tua femminilit\u00e0?<\/strong><em> \u201cNo\u201d.<\/em><\/span><\/p>\n<p><span style=\"color: #000000;\"><strong>Meglio essere o apparire?<\/strong><em> \u201cEssere\u201d.<\/em><\/span><\/p>\n<p><span style=\"color: #000000;\"><strong>Ci parli delle tue esperienze di modella e fotomodella?<\/strong><em> \u201cLa prima esperienza che ho avuto \u00e8 stata con \u201copus artis\u201d e dopo di che con \u201cVenere d\u2019Italia\u201d in Calabria. Sono state infatti esperienze totalmente nuove\u201d.<\/em><\/span><\/p>\n<p><span style=\"color: #000000;\"><strong>Quando hai iniziato a posare? <\/strong><em>\u201cNon ho ancora posato per uno shooting fotografico\u201d.<\/em><\/span><\/p>\n<p><span style=\"color: #000000;\"><strong>Quali sono i generi fotografici che preferisci e perch\u00e9?<\/strong><em> \u201cRealistico e paesaggistico\u201d.<\/em><\/span><\/p>\n<p><span style=\"color: #000000;\"><strong>Hai un progetto fotografico ti piacerebbe realizzare e perch\u00e9?<\/strong><em> \u201cNon ancora\u201d.<\/em><\/span><\/p>\n<p><span style=\"color: #000000;\"><strong>Che cosa significa per te &#8220;essere una modella?<\/strong><em> \u201cIndossare lo stile degli altri e farlo tuo\u201d.<\/em><\/span><\/p>\n<p><span style=\"color: #000000;\"><strong>Segui e pratichi qualche sport in particolare?<\/strong><em> \u201cPratico pallavolo da tre anni. Amo la pallavolo con tutta me stessa, \u00e8 la mia passione pi\u00f9 grande\u201d.<\/em><\/span><\/p>\n<p><span style=\"color: #000000;\"><strong>Hai degli hobby?<\/strong><em> \u201cAmo leggere, guardare la tv ed uscire con gli amici\u201d.<\/em><\/span><\/p>\n<p><span style=\"color: #000000;\"><strong>Potresti vivere senza i social?<\/strong><em> \u201cPenso di s\u00ec\u201d.<\/em><\/span><\/p>\n<p><span style=\"color: #000000;\"><strong>Qual \u00e8 il tuo rapporto con il cibo<\/strong><em>\u201cAmo mangiare\u201d.<\/em><\/span><\/p>\n<p><span style=\"color: #000000;\"><strong>Qual \u00e8 il piatto che ti piace di pi\u00f9?<\/strong><em> \u201cCe ne sono troppi. Mi piace tutto, ma una cosa che non mangio \u00e8 la carne perch\u00e9 sono vegetariana\u201d.<\/em><\/span><\/p>\n<p><span style=\"color: #000000;\"><strong>Hai una modella che conosci e alla quale ti ispiri?<\/strong><em> \u201cAdriana Lima e Vittoria Ceretti\u201d.<\/em><\/span><\/p>\n<p><span style=\"color: #000000;\"><strong>Che cos&#8217;\u00e8 per te la moda?<\/strong><em> \u201cLa moda \u00e8 ci\u00f2 che ti rende o tutti uguali o diversi da tutti\u201d.<\/em><\/span><\/p>\n<p><span style=\"color: #000000;\"><strong>Qual \u00e8 l&#8217;accessorio che non ti stacchi mai quando esci?<\/strong><em> \u201cAnelli\u201d.<\/em><\/span><\/p>\n<p><span style=\"color: #000000;\"><strong>Come \u00e8 stato il rapporto con le altre concorrenti del concorso? \u00c8 nata qualche nuova amicizia?<\/strong><em> \u201c\u00c8 stato molto bello. Le ragazze erano sempre disponibili. Io sono andata l\u00ec con una mia amica, ma siamo state con altre due ragazze pi\u00f9 grandi con cui ci siamo trovate benissimo\u201d.<\/em><\/span><\/p>\n<p><span style=\"color: #000000;\"><strong>Se avessi di fronte a te la vincitrice del concorso che cosa le vorresti dire che non le hai detto prima?<\/strong><em> \u201cSei bellissima\u201d.<\/em><\/span><\/p>\n<p><span style=\"color: #000000;\"><strong>Sogno nel cassetto? <\/strong><em>\u201cDiventare veterinaria\u201d.<\/em><\/span><\/p>\n<p><span style=\"color: #000000;\"><strong>Quali sono i tuoi riferimenti sui social, FB, Instagram e se ne hai altri in modo tale chi volesse seguirti lo pu\u00f2 fare senza sbagliare.\u00a0 <\/strong><em>\u201cig. @violaapiccioni e tiktok @violapicc\u201d.<\/em><\/span><\/p>\n<p><span style=\"color: #000000;\"><strong><a style=\"color: #000000;\" href=\"https:\/\/www.instagram.com\/brunoangeloporcellana\/\">Bruno Angelo Porcellana<\/a><\/strong><\/span><\/p>\n<p style=\"text-align: center;\"><span style=\"color: #000000;\">Le foto sono state fornite da Viola Piccioni &#8211; I crediti delle fotografie appartengono ai relativi fotografi<\/span><br \/>\n<span style=\"color: #000000;\">Tutti i diritti riservati \u00a9 2024\u2013 Email: nonsolomodanews@gmail.com<\/span><\/p>\n","protected":false},"excerpt":{"rendered":"<p>Nonsolomodanews ha il piacere di presentare ai propri lettori la giovanissima Viola Piccioni, Venere Nonsolomodanews 2024. Viola &egrave; una giovanissima ragazza del Piemonte e proviene da Lesa, in provincia di Novara a due passi dal lago Maggiore. Ha partecipato alla finalissima del concorso Venere d&rsquo;Italia partecipando al concorso &ldquo;Opus Artis&rdquo; a Stresa. Si definisce solare ed empatica. Ama mangiare ma non la carne, in quanto vegana. Ringraziamo Viola per l&rsquo;intervista concessa.<\/p>\n","protected":false},"author":1,"featured_media":27773,"comment_status":"open","ping_status":"open","sticky":false,"template":"","format":"standard","meta":{"rop_custom_images_group":[],"rop_custom_messages_group":[],"rop_publish_now":"initial","rop_publish_now_accounts":[],"rop_publish_now_history":[],"rop_publish_now_status":"pending","footnotes":""},"categories":[16],"tags":[281,1099,1162,1605,9945],"class_list":["post-27771","post","type-post","status-publish","format-standard","has-post-thumbnail","hentry","category-articolo","tag-bruno-angelo-porcellana","tag-nonsolomodanews","tag-pietro-cortese","tag-venere-ditalia","tag-viola-piccioni"],"_links":{"self":[{"href":"https:\/\/www.nonsolomodanews.it\/wordpress\/wp-json\/wp\/v2\/posts\/27771","targetHints":{"allow":["GET"]}}],"collection":[{"href":"https:\/\/www.nonsolomodanews.it\/wordpress\/wp-json\/wp\/v2\/posts"}],"about":[{"href":"https:\/\/www.nonsolomodanews.it\/wordpress\/wp-json\/wp\/v2\/types\/post"}],"author":[{"embeddable":true,"href":"https:\/\/www.nonsolomodanews.it\/wordpress\/wp-json\/wp\/v2\/users\/1"}],"replies":[{"embeddable":true,"href":"https:\/\/www.nonsolomodanews.it\/wordpress\/wp-json\/wp\/v2\/comments?post=27771"}],"version-history":[{"count":2,"href":"https:\/\/www.nonsolomodanews.it\/wordpress\/wp-json\/wp\/v2\/posts\/27771\/revisions"}],"predecessor-version":[{"id":27775,"href":"https:\/\/www.nonsolomodanews.it\/wordpress\/wp-json\/wp\/v2\/posts\/27771\/revisions\/27775"}],"wp:featuredmedia":[{"embeddable":true,"href":"https:\/\/www.nonsolomodanews.it\/wordpress\/wp-json\/wp\/v2\/media\/27773"}],"wp:attachment":[{"href":"https:\/\/www.nonsolomodanews.it\/wordpress\/wp-json\/wp\/v2\/media?parent=27771"}],"wp:term":[{"taxonomy":"category","embeddable":true,"href":"https:\/\/www.nonsolomodanews.it\/wordpress\/wp-json\/wp\/v2\/categories?post=27771"},{"taxonomy":"post_tag","embeddable":true,"href":"https:\/\/www.nonsolomodanews.it\/wordpress\/wp-json\/wp\/v2\/tags?post=27771"}],"curies":[{"name":"wp","href":"https:\/\/api.w.org\/{rel}","templated":true}]}}