{"id":27467,"date":"2024-09-13T16:33:29","date_gmt":"2024-09-13T16:33:29","guid":{"rendered":"https:\/\/www.nonsolomodanews.it\/wordpress\/?p=27467"},"modified":"2024-09-13T16:33:29","modified_gmt":"2024-09-13T16:33:29","slug":"bologna-si-veste-di-moda-debutta-il-bologna-fashion-festival","status":"publish","type":"post","link":"https:\/\/www.nonsolomodanews.it\/wordpress\/bologna-si-veste-di-moda-debutta-il-bologna-fashion-festival\/","title":{"rendered":"BOLOGNA SI VESTE DI MODA: DEBUTTA IL BOLOGNA FASHION FESTIVAL"},"content":{"rendered":"<p><strong><img loading=\"lazy\" decoding=\"async\" class=\"size-medium wp-image-27468 alignleft\" src=\"https:\/\/www.nonsolomodanews.it\/wordpress\/wp-content\/uploads\/2024\/09\/IMG_8485-300x169.jpg\" alt=\"\" width=\"300\" height=\"169\" srcset=\"https:\/\/www.nonsolomodanews.it\/wordpress\/wp-content\/uploads\/2024\/09\/IMG_8485-300x169.jpg 300w, https:\/\/www.nonsolomodanews.it\/wordpress\/wp-content\/uploads\/2024\/09\/IMG_8485-1024x576.jpg 1024w, https:\/\/www.nonsolomodanews.it\/wordpress\/wp-content\/uploads\/2024\/09\/IMG_8485-768x432.jpg 768w, https:\/\/www.nonsolomodanews.it\/wordpress\/wp-content\/uploads\/2024\/09\/IMG_8485-1536x864.jpg 1536w, https:\/\/www.nonsolomodanews.it\/wordpress\/wp-content\/uploads\/2024\/09\/IMG_8485-2048x1152.jpg 2048w, https:\/\/www.nonsolomodanews.it\/wordpress\/wp-content\/uploads\/2024\/09\/IMG_8485-1080x608.jpg 1080w\" sizes=\"auto, (max-width: 300px) 100vw, 300px\" \/> La passerella di <em>Winter Melody<\/em> d\u00e0 ufficialmente il via alla tre giorni del Bologna Fashion Festival, un evento che trasforma il centro storico in un palcoscenico di creativit\u00e0, stile e glamour. Dal 12 al 14 settembre, il capoluogo felsineo si veste di moda, con una serie di appuntamenti imperdibili che celebrano la moda in tutte le sue sfaccettature. Centergross, polo della moda europea, non solo continua a essere il cuore pulsante dell\u2019innovazione e del pronto moda, ma dopo il successo delle dieci sfilate organizzate per i suoi brand, ora accende i riflettori sull\u2019intera citt\u00e0 di Bologna, con la sua importante storia nella moda, e sulla regione, prima in Italia per addetti nel settore tessile e abbigliamento.<\/strong><\/p>\n<p style=\"text-align: center;\"><!--more--><\/p>\n<p>Sulla passerella \u201clunare\u201d allestita al Teatro Arena del Sole di Bologna sfilano dieci brand di Centergross per presentare le proposte Autunno\/Inverno 2024\/25. Le creazioni di Angela Mele Milano, Efi D\u2019Angi\u00f2, Gil Santucci, Haveone, J.B4, Keyr\u00e0 Alberto Cacciari, Rinascimento, Sophia Curvy, Souvenir e Susy Star by Susy Mix sono espressione della qualit\u00e0, del design e della creativit\u00e0 che contraddistinguono le aziende di moda di Centergross. Non solo: la velocit\u00e0 di produzione e distribuzione, fa s\u00ec che le collezioni presentate, saranno protagoniste nelle vetrine delle boutique, sia monomarca che multibrand, gi\u00e0 dal giorno successivo. Questo \u00e8 possibile grazie al modello vincente del Pronto Moda di Centergross, caratterizzato da una filiera estremamente corta concentrata in pochi chilometri, da una produzione just in time attivata su richiesta in base agli ordini ricevuti e da una rete di distribuzione capillare per raggiungere in tempi rapidissimi ogni angolo del pianeta. Un sistema di efficienza riconosciuto e apprezzato sempre di pi\u00f9 a livello internazionale.<\/p>\n<p>La sfilata Winter Melody autunno-inverno 2024-25 si ispira al potere evocativo della Luna, celebrando i 55 anni dall&#8217;allunaggio, evento che ha profondamente influenzato la creativit\u00e0 e la moda a partire dagli anni Sessanta. Lo sbarco sulla luna ha rappresentato una svolta storica, aprendo nuove prospettive e immaginari legati al futuro, che ancora oggi trovano espressione nel mondo della moda.<\/p>\n<p>Le proposte dei brand di Centergross, unite sotto il segno della creativit\u00e0, dell&#8217;innovazione e della sostenibilit\u00e0, raccontano una moda proiettata verso il domani, ma radicata in una solida tradizione. Ogni collezione porta con s\u00e9 una propria identit\u00e0 stilistica, con l\u2019obiettivo di affermare un nuovo modo di pensare la moda: etico, responsabile e al passo con i tempi.<\/p>\n<p><strong>I BRAND IN PASSERELLA<\/strong><\/p>\n<p><strong>AngelaMeleMilano<\/strong><\/p>\n<p>La regina dell\u2019up-cycling ritorna in passerella con abiti che nascono dal riciclo di maxi cappotti, capispalla, mixati con coperte e divise militari recuperate in giro per il mondo. Capi con un forte richiamo\u00a0agli anni \u201920 e \u201970, creati dando vita ad abiti usati, che rinascono per diventare pezzi unici e irripetibili. AngelaMeleMilano porta sul palcoscenico una moda dalle innumerevoli vite.<\/p>\n<p style=\"text-align: center;\"><img loading=\"lazy\" decoding=\"async\" class=\"alignnone size-medium wp-image-27491\" src=\"https:\/\/www.nonsolomodanews.it\/wordpress\/wp-content\/uploads\/2024\/09\/Angela-Mele-Milano-1-200x300.jpg\" alt=\"\" width=\"200\" height=\"300\" srcset=\"https:\/\/www.nonsolomodanews.it\/wordpress\/wp-content\/uploads\/2024\/09\/Angela-Mele-Milano-1-200x300.jpg 200w, https:\/\/www.nonsolomodanews.it\/wordpress\/wp-content\/uploads\/2024\/09\/Angela-Mele-Milano-1-683x1024.jpg 683w, https:\/\/www.nonsolomodanews.it\/wordpress\/wp-content\/uploads\/2024\/09\/Angela-Mele-Milano-1-768x1152.jpg 768w, https:\/\/www.nonsolomodanews.it\/wordpress\/wp-content\/uploads\/2024\/09\/Angela-Mele-Milano-1-1024x1536.jpg 1024w, https:\/\/www.nonsolomodanews.it\/wordpress\/wp-content\/uploads\/2024\/09\/Angela-Mele-Milano-1-1366x2048.jpg 1366w, https:\/\/www.nonsolomodanews.it\/wordpress\/wp-content\/uploads\/2024\/09\/Angela-Mele-Milano-1-1080x1620.jpg 1080w, https:\/\/www.nonsolomodanews.it\/wordpress\/wp-content\/uploads\/2024\/09\/Angela-Mele-Milano-1-scaled.jpg 1707w\" sizes=\"auto, (max-width: 200px) 100vw, 200px\" \/> <img loading=\"lazy\" decoding=\"async\" class=\"alignnone size-medium wp-image-27492\" src=\"https:\/\/www.nonsolomodanews.it\/wordpress\/wp-content\/uploads\/2024\/09\/Angela-Mele-Milano-2-200x300.jpg\" alt=\"\" width=\"200\" height=\"300\" srcset=\"https:\/\/www.nonsolomodanews.it\/wordpress\/wp-content\/uploads\/2024\/09\/Angela-Mele-Milano-2-200x300.jpg 200w, https:\/\/www.nonsolomodanews.it\/wordpress\/wp-content\/uploads\/2024\/09\/Angela-Mele-Milano-2-683x1024.jpg 683w, https:\/\/www.nonsolomodanews.it\/wordpress\/wp-content\/uploads\/2024\/09\/Angela-Mele-Milano-2-768x1152.jpg 768w, https:\/\/www.nonsolomodanews.it\/wordpress\/wp-content\/uploads\/2024\/09\/Angela-Mele-Milano-2-1024x1536.jpg 1024w, https:\/\/www.nonsolomodanews.it\/wordpress\/wp-content\/uploads\/2024\/09\/Angela-Mele-Milano-2-1366x2048.jpg 1366w, https:\/\/www.nonsolomodanews.it\/wordpress\/wp-content\/uploads\/2024\/09\/Angela-Mele-Milano-2-1080x1620.jpg 1080w, https:\/\/www.nonsolomodanews.it\/wordpress\/wp-content\/uploads\/2024\/09\/Angela-Mele-Milano-2-scaled.jpg 1707w\" sizes=\"auto, (max-width: 200px) 100vw, 200px\" \/><\/p>\n<p><strong>SUSY STAR<\/strong><\/p>\n<p><strong>Moonlit\u00a0Muse\u00a0<\/strong><\/p>\n<p>La collezione Susy Star si ispira al leggendario sbarco sulla Luna del 1969, fondendo elementi futuristici a un design innovativo. Eleganza disinvolta per il giorno, raffinatezza scintillante per la sera. Texture e fantasie sovrapposte evocano i crateri lunari.\u00a0 Un viaggio di stile tra le stelle con silhouette morbide e fluide che esaltano la femminilit\u00e0.<\/p>\n<p style=\"text-align: center;\"><img loading=\"lazy\" decoding=\"async\" class=\"alignnone size-medium wp-image-27472\" src=\"https:\/\/www.nonsolomodanews.it\/wordpress\/wp-content\/uploads\/2024\/09\/Susy-Star-by-Susy-mix-1-200x300.jpg\" alt=\"\" width=\"200\" height=\"300\" srcset=\"https:\/\/www.nonsolomodanews.it\/wordpress\/wp-content\/uploads\/2024\/09\/Susy-Star-by-Susy-mix-1-200x300.jpg 200w, https:\/\/www.nonsolomodanews.it\/wordpress\/wp-content\/uploads\/2024\/09\/Susy-Star-by-Susy-mix-1-683x1024.jpg 683w, https:\/\/www.nonsolomodanews.it\/wordpress\/wp-content\/uploads\/2024\/09\/Susy-Star-by-Susy-mix-1-768x1152.jpg 768w, https:\/\/www.nonsolomodanews.it\/wordpress\/wp-content\/uploads\/2024\/09\/Susy-Star-by-Susy-mix-1-1024x1536.jpg 1024w, https:\/\/www.nonsolomodanews.it\/wordpress\/wp-content\/uploads\/2024\/09\/Susy-Star-by-Susy-mix-1-1366x2048.jpg 1366w, https:\/\/www.nonsolomodanews.it\/wordpress\/wp-content\/uploads\/2024\/09\/Susy-Star-by-Susy-mix-1-1080x1620.jpg 1080w, https:\/\/www.nonsolomodanews.it\/wordpress\/wp-content\/uploads\/2024\/09\/Susy-Star-by-Susy-mix-1-scaled.jpg 1707w\" sizes=\"auto, (max-width: 200px) 100vw, 200px\" \/> <img loading=\"lazy\" decoding=\"async\" class=\"alignnone size-medium wp-image-27473\" src=\"https:\/\/www.nonsolomodanews.it\/wordpress\/wp-content\/uploads\/2024\/09\/Susy-Star-by-Susy-Mix-2-200x300.jpg\" alt=\"\" width=\"200\" height=\"300\" srcset=\"https:\/\/www.nonsolomodanews.it\/wordpress\/wp-content\/uploads\/2024\/09\/Susy-Star-by-Susy-Mix-2-200x300.jpg 200w, https:\/\/www.nonsolomodanews.it\/wordpress\/wp-content\/uploads\/2024\/09\/Susy-Star-by-Susy-Mix-2-683x1024.jpg 683w, https:\/\/www.nonsolomodanews.it\/wordpress\/wp-content\/uploads\/2024\/09\/Susy-Star-by-Susy-Mix-2-768x1152.jpg 768w, https:\/\/www.nonsolomodanews.it\/wordpress\/wp-content\/uploads\/2024\/09\/Susy-Star-by-Susy-Mix-2-1024x1536.jpg 1024w, https:\/\/www.nonsolomodanews.it\/wordpress\/wp-content\/uploads\/2024\/09\/Susy-Star-by-Susy-Mix-2-1366x2048.jpg 1366w, https:\/\/www.nonsolomodanews.it\/wordpress\/wp-content\/uploads\/2024\/09\/Susy-Star-by-Susy-Mix-2-1080x1620.jpg 1080w, https:\/\/www.nonsolomodanews.it\/wordpress\/wp-content\/uploads\/2024\/09\/Susy-Star-by-Susy-Mix-2-scaled.jpg 1707w\" sizes=\"auto, (max-width: 200px) 100vw, 200px\" \/><\/p>\n<p><strong>J.B4 JUSTBEFORE<\/strong><\/p>\n<p><strong>\u00a0&#8220;NOT ORDINARY STYLE&#8221;<\/strong><\/p>\n<p>La luce&#8221; \u00e8 il filo conduttore della collezione sport chic di J.B4 (<strong>JUSTBEFORE)<\/strong> Not ordinary style, rigorosamente Made in Italy. La luce illumina e oscura, si riflette e rimbalza su superfici cromate, mutando nel corso della giornata: energica al mattino, calda al tramonto, fredda e sensuale di notte. \u00c8 la luce che emerge dall\u2019immensit\u00e0 della natura a fare la differenza.<\/p>\n<p style=\"text-align: center;\"><img loading=\"lazy\" decoding=\"async\" class=\"alignnone size-medium wp-image-27477\" src=\"https:\/\/www.nonsolomodanews.it\/wordpress\/wp-content\/uploads\/2024\/09\/J.B4-2-200x300.jpg\" alt=\"\" width=\"200\" height=\"300\" srcset=\"https:\/\/www.nonsolomodanews.it\/wordpress\/wp-content\/uploads\/2024\/09\/J.B4-2-200x300.jpg 200w, https:\/\/www.nonsolomodanews.it\/wordpress\/wp-content\/uploads\/2024\/09\/J.B4-2-683x1024.jpg 683w, https:\/\/www.nonsolomodanews.it\/wordpress\/wp-content\/uploads\/2024\/09\/J.B4-2-768x1152.jpg 768w, https:\/\/www.nonsolomodanews.it\/wordpress\/wp-content\/uploads\/2024\/09\/J.B4-2-1024x1536.jpg 1024w, https:\/\/www.nonsolomodanews.it\/wordpress\/wp-content\/uploads\/2024\/09\/J.B4-2-1366x2048.jpg 1366w, https:\/\/www.nonsolomodanews.it\/wordpress\/wp-content\/uploads\/2024\/09\/J.B4-2-1080x1620.jpg 1080w, https:\/\/www.nonsolomodanews.it\/wordpress\/wp-content\/uploads\/2024\/09\/J.B4-2-scaled.jpg 1707w\" sizes=\"auto, (max-width: 200px) 100vw, 200px\" \/> <img loading=\"lazy\" decoding=\"async\" class=\"alignnone size-medium wp-image-27476\" src=\"https:\/\/www.nonsolomodanews.it\/wordpress\/wp-content\/uploads\/2024\/09\/J.B4-1-200x300.jpg\" alt=\"\" width=\"200\" height=\"300\" srcset=\"https:\/\/www.nonsolomodanews.it\/wordpress\/wp-content\/uploads\/2024\/09\/J.B4-1-200x300.jpg 200w, https:\/\/www.nonsolomodanews.it\/wordpress\/wp-content\/uploads\/2024\/09\/J.B4-1-683x1024.jpg 683w, https:\/\/www.nonsolomodanews.it\/wordpress\/wp-content\/uploads\/2024\/09\/J.B4-1-768x1152.jpg 768w, https:\/\/www.nonsolomodanews.it\/wordpress\/wp-content\/uploads\/2024\/09\/J.B4-1-1024x1536.jpg 1024w, https:\/\/www.nonsolomodanews.it\/wordpress\/wp-content\/uploads\/2024\/09\/J.B4-1-1366x2048.jpg 1366w, https:\/\/www.nonsolomodanews.it\/wordpress\/wp-content\/uploads\/2024\/09\/J.B4-1-1080x1620.jpg 1080w, https:\/\/www.nonsolomodanews.it\/wordpress\/wp-content\/uploads\/2024\/09\/J.B4-1-scaled.jpg 1707w\" sizes=\"auto, (max-width: 200px) 100vw, 200px\" \/><\/p>\n<p>&nbsp;<\/p>\n<p><strong>GIL SANTUCCI<\/strong><\/p>\n<p>L\u2019innovazione creativa di Gil Santucci si distingue per un\u2019audace impronta alternativa, che fonde elementi classici con dettagli contemporanei. Fibre naturali, nuove fantasie caratterizzano capi che spaziano dal casual al formale, incarnando l&#8217;essenza del lusso moderno in un equilibrio tra sartorialit\u00e0 italiana e sperimentazione stilistica, con un\u2019attenzione particolare a prezzi accessibili.<\/p>\n<p style=\"text-align: center;\"><img loading=\"lazy\" decoding=\"async\" class=\"alignnone size-medium wp-image-27497\" src=\"https:\/\/www.nonsolomodanews.it\/wordpress\/wp-content\/uploads\/2024\/09\/Gil-Santucci-2-200x300.jpg\" alt=\"\" width=\"200\" height=\"300\" srcset=\"https:\/\/www.nonsolomodanews.it\/wordpress\/wp-content\/uploads\/2024\/09\/Gil-Santucci-2-200x300.jpg 200w, https:\/\/www.nonsolomodanews.it\/wordpress\/wp-content\/uploads\/2024\/09\/Gil-Santucci-2-683x1024.jpg 683w, https:\/\/www.nonsolomodanews.it\/wordpress\/wp-content\/uploads\/2024\/09\/Gil-Santucci-2-768x1152.jpg 768w, https:\/\/www.nonsolomodanews.it\/wordpress\/wp-content\/uploads\/2024\/09\/Gil-Santucci-2-1024x1536.jpg 1024w, https:\/\/www.nonsolomodanews.it\/wordpress\/wp-content\/uploads\/2024\/09\/Gil-Santucci-2-1366x2048.jpg 1366w, https:\/\/www.nonsolomodanews.it\/wordpress\/wp-content\/uploads\/2024\/09\/Gil-Santucci-2-1080x1620.jpg 1080w, https:\/\/www.nonsolomodanews.it\/wordpress\/wp-content\/uploads\/2024\/09\/Gil-Santucci-2-scaled.jpg 1707w\" sizes=\"auto, (max-width: 200px) 100vw, 200px\" \/> <img loading=\"lazy\" decoding=\"async\" class=\"alignnone size-medium wp-image-27496\" src=\"https:\/\/www.nonsolomodanews.it\/wordpress\/wp-content\/uploads\/2024\/09\/Gil-Santucci-1-200x300.jpg\" alt=\"\" width=\"200\" height=\"300\" srcset=\"https:\/\/www.nonsolomodanews.it\/wordpress\/wp-content\/uploads\/2024\/09\/Gil-Santucci-1-200x300.jpg 200w, https:\/\/www.nonsolomodanews.it\/wordpress\/wp-content\/uploads\/2024\/09\/Gil-Santucci-1-683x1024.jpg 683w, https:\/\/www.nonsolomodanews.it\/wordpress\/wp-content\/uploads\/2024\/09\/Gil-Santucci-1-768x1152.jpg 768w, https:\/\/www.nonsolomodanews.it\/wordpress\/wp-content\/uploads\/2024\/09\/Gil-Santucci-1-1024x1536.jpg 1024w, https:\/\/www.nonsolomodanews.it\/wordpress\/wp-content\/uploads\/2024\/09\/Gil-Santucci-1-1366x2048.jpg 1366w, https:\/\/www.nonsolomodanews.it\/wordpress\/wp-content\/uploads\/2024\/09\/Gil-Santucci-1-1080x1620.jpg 1080w, https:\/\/www.nonsolomodanews.it\/wordpress\/wp-content\/uploads\/2024\/09\/Gil-Santucci-1-scaled.jpg 1707w\" sizes=\"auto, (max-width: 200px) 100vw, 200px\" \/><\/p>\n<p><strong>KEYRA\u2019 ALBERTO CACCIARI <\/strong><\/p>\n<p>Alberto Cacciari festeggia con questa collezione i suoi primi 40\u00a0anni di attivit\u00e0, avendo sempre come fonte di ispirazione una donna\u00a0in perenne evoluzione, senza tralasciare l\u2019essenza della femminilit\u00e0.\u00a0Con uno sguardo al futuro,\u00a0calato nel vestire quotidiano, ma ispirato\u00a0 anche\u00a0alla cultura, all&#8217;arte e alla\u00a0bellezza, la donna\u00a0Keyr\u00e0\u00a0veste\u00a0emozioni in ogni occasione.<\/p>\n<p style=\"text-align: center;\"><img loading=\"lazy\" decoding=\"async\" class=\"alignnone size-medium wp-image-27479\" src=\"https:\/\/www.nonsolomodanews.it\/wordpress\/wp-content\/uploads\/2024\/09\/Keyra-Alberto-Cacciari-2-200x300.jpg\" alt=\"\" width=\"200\" height=\"300\" srcset=\"https:\/\/www.nonsolomodanews.it\/wordpress\/wp-content\/uploads\/2024\/09\/Keyra-Alberto-Cacciari-2-200x300.jpg 200w, https:\/\/www.nonsolomodanews.it\/wordpress\/wp-content\/uploads\/2024\/09\/Keyra-Alberto-Cacciari-2-683x1024.jpg 683w, https:\/\/www.nonsolomodanews.it\/wordpress\/wp-content\/uploads\/2024\/09\/Keyra-Alberto-Cacciari-2-768x1152.jpg 768w, https:\/\/www.nonsolomodanews.it\/wordpress\/wp-content\/uploads\/2024\/09\/Keyra-Alberto-Cacciari-2-1024x1536.jpg 1024w, https:\/\/www.nonsolomodanews.it\/wordpress\/wp-content\/uploads\/2024\/09\/Keyra-Alberto-Cacciari-2-1366x2048.jpg 1366w, https:\/\/www.nonsolomodanews.it\/wordpress\/wp-content\/uploads\/2024\/09\/Keyra-Alberto-Cacciari-2-1080x1620.jpg 1080w, https:\/\/www.nonsolomodanews.it\/wordpress\/wp-content\/uploads\/2024\/09\/Keyra-Alberto-Cacciari-2-scaled.jpg 1707w\" sizes=\"auto, (max-width: 200px) 100vw, 200px\" \/> <img loading=\"lazy\" decoding=\"async\" class=\"alignnone size-medium wp-image-27478\" src=\"https:\/\/www.nonsolomodanews.it\/wordpress\/wp-content\/uploads\/2024\/09\/Keyra-Alberto-Cacciari-1-200x300.jpg\" alt=\"\" width=\"200\" height=\"300\" srcset=\"https:\/\/www.nonsolomodanews.it\/wordpress\/wp-content\/uploads\/2024\/09\/Keyra-Alberto-Cacciari-1-200x300.jpg 200w, https:\/\/www.nonsolomodanews.it\/wordpress\/wp-content\/uploads\/2024\/09\/Keyra-Alberto-Cacciari-1-683x1024.jpg 683w, https:\/\/www.nonsolomodanews.it\/wordpress\/wp-content\/uploads\/2024\/09\/Keyra-Alberto-Cacciari-1-768x1152.jpg 768w, https:\/\/www.nonsolomodanews.it\/wordpress\/wp-content\/uploads\/2024\/09\/Keyra-Alberto-Cacciari-1-1024x1536.jpg 1024w, https:\/\/www.nonsolomodanews.it\/wordpress\/wp-content\/uploads\/2024\/09\/Keyra-Alberto-Cacciari-1-1366x2048.jpg 1366w, https:\/\/www.nonsolomodanews.it\/wordpress\/wp-content\/uploads\/2024\/09\/Keyra-Alberto-Cacciari-1-1080x1620.jpg 1080w, https:\/\/www.nonsolomodanews.it\/wordpress\/wp-content\/uploads\/2024\/09\/Keyra-Alberto-Cacciari-1-scaled.jpg 1707w\" sizes=\"auto, (max-width: 200px) 100vw, 200px\" \/><\/p>\n<p>&nbsp;<\/p>\n<p><strong>HAVEONE<\/strong><\/p>\n<p>Nell\u2019immaginario idilliaco autunnale della natura, tra prati ancora verdi e prime foglie cadute, nasce la nuova collezione \u201cInto\u00a0the Wild\u201d di Haveone, ispirata alle variegate texture vegetali.<\/p>\n<p>Sovrapposizioni e mix match di materiali coniugano la perfezione dell\u2019oversized\u00a0al rigore dello\u00a0streamlined. La fusione tra moda e natura prende vita attraverso Anna Vokurka, protagonista della campagna, immersa in una location suggestiva e di grande impatto.<\/p>\n<p style=\"text-align: center;\"><img loading=\"lazy\" decoding=\"async\" class=\"alignnone size-medium wp-image-27475\" src=\"https:\/\/www.nonsolomodanews.it\/wordpress\/wp-content\/uploads\/2024\/09\/Haveone-2-200x300.jpg\" alt=\"\" width=\"200\" height=\"300\" srcset=\"https:\/\/www.nonsolomodanews.it\/wordpress\/wp-content\/uploads\/2024\/09\/Haveone-2-200x300.jpg 200w, https:\/\/www.nonsolomodanews.it\/wordpress\/wp-content\/uploads\/2024\/09\/Haveone-2-683x1024.jpg 683w, https:\/\/www.nonsolomodanews.it\/wordpress\/wp-content\/uploads\/2024\/09\/Haveone-2-768x1152.jpg 768w, https:\/\/www.nonsolomodanews.it\/wordpress\/wp-content\/uploads\/2024\/09\/Haveone-2-1024x1536.jpg 1024w, https:\/\/www.nonsolomodanews.it\/wordpress\/wp-content\/uploads\/2024\/09\/Haveone-2-1366x2048.jpg 1366w, https:\/\/www.nonsolomodanews.it\/wordpress\/wp-content\/uploads\/2024\/09\/Haveone-2-1080x1620.jpg 1080w, https:\/\/www.nonsolomodanews.it\/wordpress\/wp-content\/uploads\/2024\/09\/Haveone-2-scaled.jpg 1707w\" sizes=\"auto, (max-width: 200px) 100vw, 200px\" \/> <img loading=\"lazy\" decoding=\"async\" class=\"alignnone size-medium wp-image-27499\" src=\"https:\/\/www.nonsolomodanews.it\/wordpress\/wp-content\/uploads\/2024\/09\/Haveone-1-200x300.jpg\" alt=\"\" width=\"200\" height=\"300\" srcset=\"https:\/\/www.nonsolomodanews.it\/wordpress\/wp-content\/uploads\/2024\/09\/Haveone-1-200x300.jpg 200w, https:\/\/www.nonsolomodanews.it\/wordpress\/wp-content\/uploads\/2024\/09\/Haveone-1-683x1024.jpg 683w, https:\/\/www.nonsolomodanews.it\/wordpress\/wp-content\/uploads\/2024\/09\/Haveone-1-768x1152.jpg 768w, https:\/\/www.nonsolomodanews.it\/wordpress\/wp-content\/uploads\/2024\/09\/Haveone-1-1024x1536.jpg 1024w, https:\/\/www.nonsolomodanews.it\/wordpress\/wp-content\/uploads\/2024\/09\/Haveone-1-1366x2048.jpg 1366w, https:\/\/www.nonsolomodanews.it\/wordpress\/wp-content\/uploads\/2024\/09\/Haveone-1-1080x1620.jpg 1080w, https:\/\/www.nonsolomodanews.it\/wordpress\/wp-content\/uploads\/2024\/09\/Haveone-1-scaled.jpg 1707w\" sizes=\"auto, (max-width: 200px) 100vw, 200px\" \/><\/p>\n<p><strong>EFI D\u2019ANGIO\u2019<\/strong><\/p>\n<p>Protagonista assoluto delle creazioni Efi D\u2019Angi\u00f2 \u00e8 il \u201cDRESS\u201d, il capo pi\u00f9 amato dal modo femminile. Voile, gessato e cr\u00eape fondono elementi maschili e femminili con linee destrutturate, pieghe e arricciature. I capispalla in pelle richiamano gli anni &#8217;80 al femminile, mentre le over jacket esplorano un\u2019estetica maschile. Colori lunari si riflettono sulle nuance della terra per capi destinati ad una donna al di fuori degli stereotipi.<\/p>\n<p style=\"text-align: center;\"><img loading=\"lazy\" decoding=\"async\" class=\"alignnone size-medium wp-image-27493\" src=\"https:\/\/www.nonsolomodanews.it\/wordpress\/wp-content\/uploads\/2024\/09\/Efi-DAngio-1-200x300.jpg\" alt=\"\" width=\"200\" height=\"300\" srcset=\"https:\/\/www.nonsolomodanews.it\/wordpress\/wp-content\/uploads\/2024\/09\/Efi-DAngio-1-200x300.jpg 200w, https:\/\/www.nonsolomodanews.it\/wordpress\/wp-content\/uploads\/2024\/09\/Efi-DAngio-1-683x1024.jpg 683w, https:\/\/www.nonsolomodanews.it\/wordpress\/wp-content\/uploads\/2024\/09\/Efi-DAngio-1-768x1152.jpg 768w, https:\/\/www.nonsolomodanews.it\/wordpress\/wp-content\/uploads\/2024\/09\/Efi-DAngio-1-1024x1536.jpg 1024w, https:\/\/www.nonsolomodanews.it\/wordpress\/wp-content\/uploads\/2024\/09\/Efi-DAngio-1-1366x2048.jpg 1366w, https:\/\/www.nonsolomodanews.it\/wordpress\/wp-content\/uploads\/2024\/09\/Efi-DAngio-1-1080x1620.jpg 1080w, https:\/\/www.nonsolomodanews.it\/wordpress\/wp-content\/uploads\/2024\/09\/Efi-DAngio-1-scaled.jpg 1707w\" sizes=\"auto, (max-width: 200px) 100vw, 200px\" \/> <img loading=\"lazy\" decoding=\"async\" class=\"alignnone size-medium wp-image-27494\" src=\"https:\/\/www.nonsolomodanews.it\/wordpress\/wp-content\/uploads\/2024\/09\/Efi-DAngio-2-200x300.jpg\" alt=\"\" width=\"200\" height=\"300\" srcset=\"https:\/\/www.nonsolomodanews.it\/wordpress\/wp-content\/uploads\/2024\/09\/Efi-DAngio-2-200x300.jpg 200w, https:\/\/www.nonsolomodanews.it\/wordpress\/wp-content\/uploads\/2024\/09\/Efi-DAngio-2-683x1024.jpg 683w, https:\/\/www.nonsolomodanews.it\/wordpress\/wp-content\/uploads\/2024\/09\/Efi-DAngio-2-768x1152.jpg 768w, https:\/\/www.nonsolomodanews.it\/wordpress\/wp-content\/uploads\/2024\/09\/Efi-DAngio-2-1024x1536.jpg 1024w, https:\/\/www.nonsolomodanews.it\/wordpress\/wp-content\/uploads\/2024\/09\/Efi-DAngio-2-1366x2048.jpg 1366w, https:\/\/www.nonsolomodanews.it\/wordpress\/wp-content\/uploads\/2024\/09\/Efi-DAngio-2-1080x1620.jpg 1080w, https:\/\/www.nonsolomodanews.it\/wordpress\/wp-content\/uploads\/2024\/09\/Efi-DAngio-2-scaled.jpg 1707w\" sizes=\"auto, (max-width: 200px) 100vw, 200px\" \/><\/p>\n<p><strong>SOPHIA CURVY<\/strong><\/p>\n<p>Valore e funzionalit\u00e0 in un inconfondibile stile elegante e sensuale. Le giacche sartoriali, i cappotti oversize in tessuti morbidi e avvolgenti, e i piumini ultraleggeri di Sophia Curvy sposano una palette di colori neutri e classici, arricchita occasionalmente da vivaci accenti di argento, ciliegia e azzurro cielo, esaltando elegantemente le curve femminili.<\/p>\n<p style=\"text-align: center;\"><img loading=\"lazy\" decoding=\"async\" class=\"alignnone size-medium wp-image-27483\" src=\"https:\/\/www.nonsolomodanews.it\/wordpress\/wp-content\/uploads\/2024\/09\/Sophia-Curvy-2-200x300.jpg\" alt=\"\" width=\"200\" height=\"300\" srcset=\"https:\/\/www.nonsolomodanews.it\/wordpress\/wp-content\/uploads\/2024\/09\/Sophia-Curvy-2-200x300.jpg 200w, https:\/\/www.nonsolomodanews.it\/wordpress\/wp-content\/uploads\/2024\/09\/Sophia-Curvy-2-683x1024.jpg 683w, https:\/\/www.nonsolomodanews.it\/wordpress\/wp-content\/uploads\/2024\/09\/Sophia-Curvy-2-768x1152.jpg 768w, https:\/\/www.nonsolomodanews.it\/wordpress\/wp-content\/uploads\/2024\/09\/Sophia-Curvy-2-1024x1536.jpg 1024w, https:\/\/www.nonsolomodanews.it\/wordpress\/wp-content\/uploads\/2024\/09\/Sophia-Curvy-2-1366x2048.jpg 1366w, https:\/\/www.nonsolomodanews.it\/wordpress\/wp-content\/uploads\/2024\/09\/Sophia-Curvy-2-1080x1620.jpg 1080w, https:\/\/www.nonsolomodanews.it\/wordpress\/wp-content\/uploads\/2024\/09\/Sophia-Curvy-2-scaled.jpg 1707w\" sizes=\"auto, (max-width: 200px) 100vw, 200px\" \/> <img loading=\"lazy\" decoding=\"async\" class=\"alignnone size-medium wp-image-27482\" src=\"https:\/\/www.nonsolomodanews.it\/wordpress\/wp-content\/uploads\/2024\/09\/Sophia-Curvy-1-200x300.jpg\" alt=\"\" width=\"200\" height=\"300\" srcset=\"https:\/\/www.nonsolomodanews.it\/wordpress\/wp-content\/uploads\/2024\/09\/Sophia-Curvy-1-200x300.jpg 200w, https:\/\/www.nonsolomodanews.it\/wordpress\/wp-content\/uploads\/2024\/09\/Sophia-Curvy-1-683x1024.jpg 683w, https:\/\/www.nonsolomodanews.it\/wordpress\/wp-content\/uploads\/2024\/09\/Sophia-Curvy-1-768x1152.jpg 768w, https:\/\/www.nonsolomodanews.it\/wordpress\/wp-content\/uploads\/2024\/09\/Sophia-Curvy-1-1024x1536.jpg 1024w, https:\/\/www.nonsolomodanews.it\/wordpress\/wp-content\/uploads\/2024\/09\/Sophia-Curvy-1-1366x2048.jpg 1366w, https:\/\/www.nonsolomodanews.it\/wordpress\/wp-content\/uploads\/2024\/09\/Sophia-Curvy-1-1080x1620.jpg 1080w, https:\/\/www.nonsolomodanews.it\/wordpress\/wp-content\/uploads\/2024\/09\/Sophia-Curvy-1-scaled.jpg 1707w\" sizes=\"auto, (max-width: 200px) 100vw, 200px\" \/><\/p>\n<p><strong>SOUVENIR<\/strong><\/p>\n<p><strong>Souvenir Priv\u00e9e<\/strong><\/p>\n<p>Un viaggio nel passato tra le dive del cinema muto, le suggestioni di Schiele e Picasso, e le atmosfere del Circo Nero. Souvenir Priv\u00e9e fonde l\u2019eccellenza artigianale con la sartorialit\u00e0 del brand. La stilista usa ago e filo come un pittore usa la matita, creando gonne e giacche con volumi in organza e forme uniche. Riveste gli abiti di bagliori luminosi e colori selezionati, conferendo loro una consistenza scultorea. Una haute couture contemporanea con il fascino di un\u2019opera prima.<\/p>\n<p style=\"text-align: center;\"><img loading=\"lazy\" decoding=\"async\" class=\"alignnone size-medium wp-image-27484\" src=\"https:\/\/www.nonsolomodanews.it\/wordpress\/wp-content\/uploads\/2024\/09\/Souvenir-1-200x300.jpg\" alt=\"\" width=\"200\" height=\"300\" srcset=\"https:\/\/www.nonsolomodanews.it\/wordpress\/wp-content\/uploads\/2024\/09\/Souvenir-1-200x300.jpg 200w, https:\/\/www.nonsolomodanews.it\/wordpress\/wp-content\/uploads\/2024\/09\/Souvenir-1-683x1024.jpg 683w, https:\/\/www.nonsolomodanews.it\/wordpress\/wp-content\/uploads\/2024\/09\/Souvenir-1-768x1152.jpg 768w, https:\/\/www.nonsolomodanews.it\/wordpress\/wp-content\/uploads\/2024\/09\/Souvenir-1-1024x1536.jpg 1024w, https:\/\/www.nonsolomodanews.it\/wordpress\/wp-content\/uploads\/2024\/09\/Souvenir-1-1366x2048.jpg 1366w, https:\/\/www.nonsolomodanews.it\/wordpress\/wp-content\/uploads\/2024\/09\/Souvenir-1-1080x1620.jpg 1080w, https:\/\/www.nonsolomodanews.it\/wordpress\/wp-content\/uploads\/2024\/09\/Souvenir-1-scaled.jpg 1707w\" sizes=\"auto, (max-width: 200px) 100vw, 200px\" \/> <img loading=\"lazy\" decoding=\"async\" class=\"alignnone size-medium wp-image-27485\" src=\"https:\/\/www.nonsolomodanews.it\/wordpress\/wp-content\/uploads\/2024\/09\/Souvenir-2-200x300.jpg\" alt=\"\" width=\"200\" height=\"300\" srcset=\"https:\/\/www.nonsolomodanews.it\/wordpress\/wp-content\/uploads\/2024\/09\/Souvenir-2-200x300.jpg 200w, https:\/\/www.nonsolomodanews.it\/wordpress\/wp-content\/uploads\/2024\/09\/Souvenir-2-683x1024.jpg 683w, https:\/\/www.nonsolomodanews.it\/wordpress\/wp-content\/uploads\/2024\/09\/Souvenir-2-768x1152.jpg 768w, https:\/\/www.nonsolomodanews.it\/wordpress\/wp-content\/uploads\/2024\/09\/Souvenir-2-1024x1536.jpg 1024w, https:\/\/www.nonsolomodanews.it\/wordpress\/wp-content\/uploads\/2024\/09\/Souvenir-2-1366x2048.jpg 1366w, https:\/\/www.nonsolomodanews.it\/wordpress\/wp-content\/uploads\/2024\/09\/Souvenir-2-1080x1620.jpg 1080w, https:\/\/www.nonsolomodanews.it\/wordpress\/wp-content\/uploads\/2024\/09\/Souvenir-2-scaled.jpg 1707w\" sizes=\"auto, (max-width: 200px) 100vw, 200px\" \/><\/p>\n<p><strong>RINASCIMENTO\u00a0<\/strong><\/p>\n<p>Se \u00e8 vero che la moda cambia ma lo stile resta, quello che presenta Rinascimento, per la stagione autunno\/inverno 24\/25, \u00e8 uno stile che interpreta la moda per raccontare storie e personalit\u00e0.<\/p>\n<p>Donne uniche, femminili, romantiche, rock in cerca della propria strada e del proprio stile.<\/p>\n<p>Donne che riconoscono il Brand come un interlocutore e amico su cui contare quando l\u2019esigenza \u00e8: \u201cvoglio una moda che parli di me\u201d. Ecco cos\u00ec che Rinascimento sceglie di puntare, in questa nuova collezione, su abiti modulabili e variet\u00e0 di stili dove, a fare la differenza, sono i dettagli.<\/p>\n<p>Tagli geometrici e scultorei si alternano e si combinano con linee morbide e femminili, impreziosite da dettagli glamour come paillettes, tessuti preziosi, lavorazione dall\u2019effetto 3D e da una cascata di perle che come piccoli satelliti lunari irradiano luminosit\u00e0 e fascino ad ogni outfit.<\/p>\n<p>\u201cUna donna reale, desiderosa di raccontarsi ma anche di scoprire e di essere libera di cambiare, se lo desidera. Questi abiti non chiedono perfezione ma sostengono il cambiamento, valorizzano ed esaltano le caratteristiche di ogni donna. Abbiamo sempre detto che il nostro desiderio non \u00e8 semplicemente vestire le donne, ma essere al loro fianco, essere parte della loro storia. Con questa collezione non solo vogliamo dire, a gran voce, che ci siamo, ma anche accogliere con voi le nuove sfide\u201d.<\/p>\n<p style=\"text-align: center;\"><img loading=\"lazy\" decoding=\"async\" class=\"alignnone size-medium wp-image-27481\" src=\"https:\/\/www.nonsolomodanews.it\/wordpress\/wp-content\/uploads\/2024\/09\/Rinascimento-2-200x300.jpg\" alt=\"\" width=\"200\" height=\"300\" srcset=\"https:\/\/www.nonsolomodanews.it\/wordpress\/wp-content\/uploads\/2024\/09\/Rinascimento-2-200x300.jpg 200w, https:\/\/www.nonsolomodanews.it\/wordpress\/wp-content\/uploads\/2024\/09\/Rinascimento-2-683x1024.jpg 683w, https:\/\/www.nonsolomodanews.it\/wordpress\/wp-content\/uploads\/2024\/09\/Rinascimento-2-768x1152.jpg 768w, https:\/\/www.nonsolomodanews.it\/wordpress\/wp-content\/uploads\/2024\/09\/Rinascimento-2-1024x1536.jpg 1024w, https:\/\/www.nonsolomodanews.it\/wordpress\/wp-content\/uploads\/2024\/09\/Rinascimento-2-1366x2048.jpg 1366w, https:\/\/www.nonsolomodanews.it\/wordpress\/wp-content\/uploads\/2024\/09\/Rinascimento-2-1080x1620.jpg 1080w, https:\/\/www.nonsolomodanews.it\/wordpress\/wp-content\/uploads\/2024\/09\/Rinascimento-2-scaled.jpg 1707w\" sizes=\"auto, (max-width: 200px) 100vw, 200px\" \/> <img loading=\"lazy\" decoding=\"async\" class=\"alignnone size-medium wp-image-27480\" src=\"https:\/\/www.nonsolomodanews.it\/wordpress\/wp-content\/uploads\/2024\/09\/Rinascimento-1-200x300.jpg\" alt=\"\" width=\"200\" height=\"300\" srcset=\"https:\/\/www.nonsolomodanews.it\/wordpress\/wp-content\/uploads\/2024\/09\/Rinascimento-1-200x300.jpg 200w, https:\/\/www.nonsolomodanews.it\/wordpress\/wp-content\/uploads\/2024\/09\/Rinascimento-1-683x1024.jpg 683w, https:\/\/www.nonsolomodanews.it\/wordpress\/wp-content\/uploads\/2024\/09\/Rinascimento-1-768x1152.jpg 768w, https:\/\/www.nonsolomodanews.it\/wordpress\/wp-content\/uploads\/2024\/09\/Rinascimento-1-1024x1536.jpg 1024w, https:\/\/www.nonsolomodanews.it\/wordpress\/wp-content\/uploads\/2024\/09\/Rinascimento-1-1366x2048.jpg 1366w, https:\/\/www.nonsolomodanews.it\/wordpress\/wp-content\/uploads\/2024\/09\/Rinascimento-1-1080x1620.jpg 1080w, https:\/\/www.nonsolomodanews.it\/wordpress\/wp-content\/uploads\/2024\/09\/Rinascimento-1-scaled.jpg 1707w\" sizes=\"auto, (max-width: 200px) 100vw, 200px\" \/><\/p>\n<p style=\"text-align: center;\">Gli stilisti<\/p>\n<p style=\"text-align: center;\"><img loading=\"lazy\" decoding=\"async\" class=\"alignnone size-medium wp-image-27498\" src=\"https:\/\/www.nonsolomodanews.it\/wordpress\/wp-content\/uploads\/2024\/09\/Gil-Santucci-stiliste-200x300.jpg\" alt=\"\" width=\"200\" height=\"300\" srcset=\"https:\/\/www.nonsolomodanews.it\/wordpress\/wp-content\/uploads\/2024\/09\/Gil-Santucci-stiliste-200x300.jpg 200w, https:\/\/www.nonsolomodanews.it\/wordpress\/wp-content\/uploads\/2024\/09\/Gil-Santucci-stiliste-683x1024.jpg 683w, https:\/\/www.nonsolomodanews.it\/wordpress\/wp-content\/uploads\/2024\/09\/Gil-Santucci-stiliste-768x1152.jpg 768w, https:\/\/www.nonsolomodanews.it\/wordpress\/wp-content\/uploads\/2024\/09\/Gil-Santucci-stiliste-1024x1536.jpg 1024w, https:\/\/www.nonsolomodanews.it\/wordpress\/wp-content\/uploads\/2024\/09\/Gil-Santucci-stiliste-1366x2048.jpg 1366w, https:\/\/www.nonsolomodanews.it\/wordpress\/wp-content\/uploads\/2024\/09\/Gil-Santucci-stiliste-1080x1620.jpg 1080w, https:\/\/www.nonsolomodanews.it\/wordpress\/wp-content\/uploads\/2024\/09\/Gil-Santucci-stiliste-scaled.jpg 1707w\" sizes=\"auto, (max-width: 200px) 100vw, 200px\" \/> <img loading=\"lazy\" decoding=\"async\" class=\"alignnone size-medium wp-image-27495\" src=\"https:\/\/www.nonsolomodanews.it\/wordpress\/wp-content\/uploads\/2024\/09\/Efi-DAngio-stilista-200x300.jpg\" alt=\"\" width=\"200\" height=\"300\" srcset=\"https:\/\/www.nonsolomodanews.it\/wordpress\/wp-content\/uploads\/2024\/09\/Efi-DAngio-stilista-200x300.jpg 200w, https:\/\/www.nonsolomodanews.it\/wordpress\/wp-content\/uploads\/2024\/09\/Efi-DAngio-stilista-683x1024.jpg 683w, https:\/\/www.nonsolomodanews.it\/wordpress\/wp-content\/uploads\/2024\/09\/Efi-DAngio-stilista-768x1152.jpg 768w, https:\/\/www.nonsolomodanews.it\/wordpress\/wp-content\/uploads\/2024\/09\/Efi-DAngio-stilista-1024x1536.jpg 1024w, https:\/\/www.nonsolomodanews.it\/wordpress\/wp-content\/uploads\/2024\/09\/Efi-DAngio-stilista-1366x2048.jpg 1366w, https:\/\/www.nonsolomodanews.it\/wordpress\/wp-content\/uploads\/2024\/09\/Efi-DAngio-stilista-1080x1620.jpg 1080w, https:\/\/www.nonsolomodanews.it\/wordpress\/wp-content\/uploads\/2024\/09\/Efi-DAngio-stilista-scaled.jpg 1707w\" sizes=\"auto, (max-width: 200px) 100vw, 200px\" \/> <img loading=\"lazy\" decoding=\"async\" class=\"alignnone size-medium wp-image-27490\" src=\"https:\/\/www.nonsolomodanews.it\/wordpress\/wp-content\/uploads\/2024\/09\/Stiliste-Haveone-200x300.jpg\" alt=\"\" width=\"200\" height=\"300\" srcset=\"https:\/\/www.nonsolomodanews.it\/wordpress\/wp-content\/uploads\/2024\/09\/Stiliste-Haveone-200x300.jpg 200w, https:\/\/www.nonsolomodanews.it\/wordpress\/wp-content\/uploads\/2024\/09\/Stiliste-Haveone-683x1024.jpg 683w, https:\/\/www.nonsolomodanews.it\/wordpress\/wp-content\/uploads\/2024\/09\/Stiliste-Haveone-768x1152.jpg 768w, https:\/\/www.nonsolomodanews.it\/wordpress\/wp-content\/uploads\/2024\/09\/Stiliste-Haveone-1024x1536.jpg 1024w, https:\/\/www.nonsolomodanews.it\/wordpress\/wp-content\/uploads\/2024\/09\/Stiliste-Haveone-1366x2048.jpg 1366w, https:\/\/www.nonsolomodanews.it\/wordpress\/wp-content\/uploads\/2024\/09\/Stiliste-Haveone-1080x1620.jpg 1080w, https:\/\/www.nonsolomodanews.it\/wordpress\/wp-content\/uploads\/2024\/09\/Stiliste-Haveone-scaled.jpg 1707w\" sizes=\"auto, (max-width: 200px) 100vw, 200px\" \/> <img loading=\"lazy\" decoding=\"async\" class=\"alignnone size-medium wp-image-27489\" src=\"https:\/\/www.nonsolomodanews.it\/wordpress\/wp-content\/uploads\/2024\/09\/stilista-Sophia-Curvy-200x300.jpg\" alt=\"\" width=\"200\" height=\"300\" srcset=\"https:\/\/www.nonsolomodanews.it\/wordpress\/wp-content\/uploads\/2024\/09\/stilista-Sophia-Curvy-200x300.jpg 200w, https:\/\/www.nonsolomodanews.it\/wordpress\/wp-content\/uploads\/2024\/09\/stilista-Sophia-Curvy-683x1024.jpg 683w, https:\/\/www.nonsolomodanews.it\/wordpress\/wp-content\/uploads\/2024\/09\/stilista-Sophia-Curvy-768x1152.jpg 768w, https:\/\/www.nonsolomodanews.it\/wordpress\/wp-content\/uploads\/2024\/09\/stilista-Sophia-Curvy-1024x1536.jpg 1024w, https:\/\/www.nonsolomodanews.it\/wordpress\/wp-content\/uploads\/2024\/09\/stilista-Sophia-Curvy-1366x2048.jpg 1366w, https:\/\/www.nonsolomodanews.it\/wordpress\/wp-content\/uploads\/2024\/09\/stilista-Sophia-Curvy-1080x1620.jpg 1080w, https:\/\/www.nonsolomodanews.it\/wordpress\/wp-content\/uploads\/2024\/09\/stilista-Sophia-Curvy-scaled.jpg 1707w\" sizes=\"auto, (max-width: 200px) 100vw, 200px\" \/> <img loading=\"lazy\" decoding=\"async\" class=\"alignnone size-medium wp-image-27488\" src=\"https:\/\/www.nonsolomodanews.it\/wordpress\/wp-content\/uploads\/2024\/09\/stilista-Angela-Mele-Milano-200x300.jpg\" alt=\"\" width=\"200\" height=\"300\" srcset=\"https:\/\/www.nonsolomodanews.it\/wordpress\/wp-content\/uploads\/2024\/09\/stilista-Angela-Mele-Milano-200x300.jpg 200w, https:\/\/www.nonsolomodanews.it\/wordpress\/wp-content\/uploads\/2024\/09\/stilista-Angela-Mele-Milano-683x1024.jpg 683w, https:\/\/www.nonsolomodanews.it\/wordpress\/wp-content\/uploads\/2024\/09\/stilista-Angela-Mele-Milano-768x1152.jpg 768w, https:\/\/www.nonsolomodanews.it\/wordpress\/wp-content\/uploads\/2024\/09\/stilista-Angela-Mele-Milano-1024x1536.jpg 1024w, https:\/\/www.nonsolomodanews.it\/wordpress\/wp-content\/uploads\/2024\/09\/stilista-Angela-Mele-Milano-1366x2048.jpg 1366w, https:\/\/www.nonsolomodanews.it\/wordpress\/wp-content\/uploads\/2024\/09\/stilista-Angela-Mele-Milano-1080x1620.jpg 1080w, https:\/\/www.nonsolomodanews.it\/wordpress\/wp-content\/uploads\/2024\/09\/stilista-Angela-Mele-Milano-scaled.jpg 1707w\" sizes=\"auto, (max-width: 200px) 100vw, 200px\" \/> <img loading=\"lazy\" decoding=\"async\" class=\"alignnone size-medium wp-image-27487\" src=\"https:\/\/www.nonsolomodanews.it\/wordpress\/wp-content\/uploads\/2024\/09\/stilista-Alberto-Cacciari-200x300.jpg\" alt=\"\" width=\"200\" height=\"300\" srcset=\"https:\/\/www.nonsolomodanews.it\/wordpress\/wp-content\/uploads\/2024\/09\/stilista-Alberto-Cacciari-200x300.jpg 200w, https:\/\/www.nonsolomodanews.it\/wordpress\/wp-content\/uploads\/2024\/09\/stilista-Alberto-Cacciari-683x1024.jpg 683w, https:\/\/www.nonsolomodanews.it\/wordpress\/wp-content\/uploads\/2024\/09\/stilista-Alberto-Cacciari-768x1152.jpg 768w, https:\/\/www.nonsolomodanews.it\/wordpress\/wp-content\/uploads\/2024\/09\/stilista-Alberto-Cacciari-1024x1536.jpg 1024w, https:\/\/www.nonsolomodanews.it\/wordpress\/wp-content\/uploads\/2024\/09\/stilista-Alberto-Cacciari-1366x2048.jpg 1366w, https:\/\/www.nonsolomodanews.it\/wordpress\/wp-content\/uploads\/2024\/09\/stilista-Alberto-Cacciari-1080x1620.jpg 1080w, https:\/\/www.nonsolomodanews.it\/wordpress\/wp-content\/uploads\/2024\/09\/stilista-Alberto-Cacciari-scaled.jpg 1707w\" sizes=\"auto, (max-width: 200px) 100vw, 200px\" \/> <img loading=\"lazy\" decoding=\"async\" class=\"alignnone size-medium wp-image-27486\" src=\"https:\/\/www.nonsolomodanews.it\/wordpress\/wp-content\/uploads\/2024\/09\/Souvenir-stilisti-200x300.jpg\" alt=\"\" width=\"200\" height=\"300\" srcset=\"https:\/\/www.nonsolomodanews.it\/wordpress\/wp-content\/uploads\/2024\/09\/Souvenir-stilisti-200x300.jpg 200w, https:\/\/www.nonsolomodanews.it\/wordpress\/wp-content\/uploads\/2024\/09\/Souvenir-stilisti-683x1024.jpg 683w, https:\/\/www.nonsolomodanews.it\/wordpress\/wp-content\/uploads\/2024\/09\/Souvenir-stilisti-768x1152.jpg 768w, https:\/\/www.nonsolomodanews.it\/wordpress\/wp-content\/uploads\/2024\/09\/Souvenir-stilisti-1024x1536.jpg 1024w, https:\/\/www.nonsolomodanews.it\/wordpress\/wp-content\/uploads\/2024\/09\/Souvenir-stilisti-1366x2048.jpg 1366w, https:\/\/www.nonsolomodanews.it\/wordpress\/wp-content\/uploads\/2024\/09\/Souvenir-stilisti-1080x1620.jpg 1080w, https:\/\/www.nonsolomodanews.it\/wordpress\/wp-content\/uploads\/2024\/09\/Souvenir-stilisti-scaled.jpg 1707w\" sizes=\"auto, (max-width: 200px) 100vw, 200px\" \/> <img loading=\"lazy\" decoding=\"async\" class=\"alignnone size-medium wp-image-27474\" src=\"https:\/\/www.nonsolomodanews.it\/wordpress\/wp-content\/uploads\/2024\/09\/Susy-Star-by-Susy-Mix-stilista-200x300.jpg\" alt=\"\" width=\"200\" height=\"300\" srcset=\"https:\/\/www.nonsolomodanews.it\/wordpress\/wp-content\/uploads\/2024\/09\/Susy-Star-by-Susy-Mix-stilista-200x300.jpg 200w, https:\/\/www.nonsolomodanews.it\/wordpress\/wp-content\/uploads\/2024\/09\/Susy-Star-by-Susy-Mix-stilista-683x1024.jpg 683w, https:\/\/www.nonsolomodanews.it\/wordpress\/wp-content\/uploads\/2024\/09\/Susy-Star-by-Susy-Mix-stilista-768x1152.jpg 768w, https:\/\/www.nonsolomodanews.it\/wordpress\/wp-content\/uploads\/2024\/09\/Susy-Star-by-Susy-Mix-stilista-1024x1536.jpg 1024w, https:\/\/www.nonsolomodanews.it\/wordpress\/wp-content\/uploads\/2024\/09\/Susy-Star-by-Susy-Mix-stilista-1366x2048.jpg 1366w, https:\/\/www.nonsolomodanews.it\/wordpress\/wp-content\/uploads\/2024\/09\/Susy-Star-by-Susy-Mix-stilista-1080x1620.jpg 1080w, https:\/\/www.nonsolomodanews.it\/wordpress\/wp-content\/uploads\/2024\/09\/Susy-Star-by-Susy-Mix-stilista-scaled.jpg 1707w\" sizes=\"auto, (max-width: 200px) 100vw, 200px\" \/> <img loading=\"lazy\" decoding=\"async\" class=\"alignnone size-medium wp-image-27471\" src=\"https:\/\/www.nonsolomodanews.it\/wordpress\/wp-content\/uploads\/2024\/09\/stilisti-Rinascimento-200x300.jpg\" alt=\"\" width=\"200\" height=\"300\" srcset=\"https:\/\/www.nonsolomodanews.it\/wordpress\/wp-content\/uploads\/2024\/09\/stilisti-Rinascimento-200x300.jpg 200w, https:\/\/www.nonsolomodanews.it\/wordpress\/wp-content\/uploads\/2024\/09\/stilisti-Rinascimento-683x1024.jpg 683w, https:\/\/www.nonsolomodanews.it\/wordpress\/wp-content\/uploads\/2024\/09\/stilisti-Rinascimento-768x1152.jpg 768w, https:\/\/www.nonsolomodanews.it\/wordpress\/wp-content\/uploads\/2024\/09\/stilisti-Rinascimento-1024x1536.jpg 1024w, https:\/\/www.nonsolomodanews.it\/wordpress\/wp-content\/uploads\/2024\/09\/stilisti-Rinascimento-1366x2048.jpg 1366w, https:\/\/www.nonsolomodanews.it\/wordpress\/wp-content\/uploads\/2024\/09\/stilisti-Rinascimento-1080x1620.jpg 1080w, https:\/\/www.nonsolomodanews.it\/wordpress\/wp-content\/uploads\/2024\/09\/stilisti-Rinascimento-scaled.jpg 1707w\" sizes=\"auto, (max-width: 200px) 100vw, 200px\" \/> <img loading=\"lazy\" decoding=\"async\" class=\"alignnone size-medium wp-image-27470\" src=\"https:\/\/www.nonsolomodanews.it\/wordpress\/wp-content\/uploads\/2024\/09\/Stilisti-J.B4-200x300.jpg\" alt=\"\" width=\"200\" height=\"300\" srcset=\"https:\/\/www.nonsolomodanews.it\/wordpress\/wp-content\/uploads\/2024\/09\/Stilisti-J.B4-200x300.jpg 200w, https:\/\/www.nonsolomodanews.it\/wordpress\/wp-content\/uploads\/2024\/09\/Stilisti-J.B4-683x1024.jpg 683w, https:\/\/www.nonsolomodanews.it\/wordpress\/wp-content\/uploads\/2024\/09\/Stilisti-J.B4-768x1152.jpg 768w, https:\/\/www.nonsolomodanews.it\/wordpress\/wp-content\/uploads\/2024\/09\/Stilisti-J.B4-1024x1536.jpg 1024w, https:\/\/www.nonsolomodanews.it\/wordpress\/wp-content\/uploads\/2024\/09\/Stilisti-J.B4-1366x2048.jpg 1366w, https:\/\/www.nonsolomodanews.it\/wordpress\/wp-content\/uploads\/2024\/09\/Stilisti-J.B4-1080x1620.jpg 1080w, https:\/\/www.nonsolomodanews.it\/wordpress\/wp-content\/uploads\/2024\/09\/Stilisti-J.B4-scaled.jpg 1707w\" sizes=\"auto, (max-width: 200px) 100vw, 200px\" \/><\/p>\n<p style=\"text-align: center;\">Comunicato Stampa a cura Maria Grazia Vernuccio Ufficio stampa Centergross<br \/>\nTutti i diritti riservati \u00a9 2024 \u2013 Email: nonsolomodanews@gmail.com<\/p>\n","protected":false},"excerpt":{"rendered":"<p>La passerella di Winter Melody d&agrave; ufficialmente il via alla tre giorni del Bologna Fashion Festival, un evento che trasforma il centro storico in un palcoscenico di creativit&agrave;, stile e glamour. Dal 12 al 14 settembre, il capoluogo felsineo si veste di moda, con una serie di appuntamenti imperdibili che celebrano la moda in tutte le sue sfaccettature. Centergross, polo della moda europea, non solo continua a essere il cuore pulsante dell&rsquo;innovazione e del pronto moda, ma dopo il successo delle dieci sfilate organizzate per i suoi brand, ora accende i riflettori sull&rsquo;intera citt&agrave; di Bologna, con la sua importante storia nella moda, e sulla regione, prima in Italia per addetti nel settore tessile e abbigliamento.<\/p>\n","protected":false},"author":1,"featured_media":27501,"comment_status":"open","ping_status":"open","sticky":false,"template":"","format":"standard","meta":{"rop_custom_images_group":[],"rop_custom_messages_group":[],"rop_publish_now":"initial","rop_publish_now_accounts":[],"rop_publish_now_history":[],"rop_publish_now_status":"pending","footnotes":""},"categories":[16],"tags":[281,9878,1099,9406],"class_list":["post-27467","post","type-post","status-publish","format-standard","has-post-thumbnail","hentry","category-articolo","tag-bruno-angelo-porcellana","tag-centergrooss","tag-nonsolomodanews","tag-winter-melodies"],"_links":{"self":[{"href":"https:\/\/www.nonsolomodanews.it\/wordpress\/wp-json\/wp\/v2\/posts\/27467","targetHints":{"allow":["GET"]}}],"collection":[{"href":"https:\/\/www.nonsolomodanews.it\/wordpress\/wp-json\/wp\/v2\/posts"}],"about":[{"href":"https:\/\/www.nonsolomodanews.it\/wordpress\/wp-json\/wp\/v2\/types\/post"}],"author":[{"embeddable":true,"href":"https:\/\/www.nonsolomodanews.it\/wordpress\/wp-json\/wp\/v2\/users\/1"}],"replies":[{"embeddable":true,"href":"https:\/\/www.nonsolomodanews.it\/wordpress\/wp-json\/wp\/v2\/comments?post=27467"}],"version-history":[{"count":3,"href":"https:\/\/www.nonsolomodanews.it\/wordpress\/wp-json\/wp\/v2\/posts\/27467\/revisions"}],"predecessor-version":[{"id":27503,"href":"https:\/\/www.nonsolomodanews.it\/wordpress\/wp-json\/wp\/v2\/posts\/27467\/revisions\/27503"}],"wp:featuredmedia":[{"embeddable":true,"href":"https:\/\/www.nonsolomodanews.it\/wordpress\/wp-json\/wp\/v2\/media\/27501"}],"wp:attachment":[{"href":"https:\/\/www.nonsolomodanews.it\/wordpress\/wp-json\/wp\/v2\/media?parent=27467"}],"wp:term":[{"taxonomy":"category","embeddable":true,"href":"https:\/\/www.nonsolomodanews.it\/wordpress\/wp-json\/wp\/v2\/categories?post=27467"},{"taxonomy":"post_tag","embeddable":true,"href":"https:\/\/www.nonsolomodanews.it\/wordpress\/wp-json\/wp\/v2\/tags?post=27467"}],"curies":[{"name":"wp","href":"https:\/\/api.w.org\/{rel}","templated":true}]}}