{"id":27423,"date":"2024-09-12T06:04:30","date_gmt":"2024-09-12T06:04:30","guid":{"rendered":"https:\/\/www.nonsolomodanews.it\/wordpress\/?p=27423"},"modified":"2024-09-12T09:26:21","modified_gmt":"2024-09-12T09:26:21","slug":"intervista-con-la-modella-carlotta-di-natale-trieste-forever-ma-con-il-giappone-nel-cuore","status":"publish","type":"post","link":"https:\/\/www.nonsolomodanews.it\/wordpress\/intervista-con-la-modella-carlotta-di-natale-trieste-forever-ma-con-il-giappone-nel-cuore\/","title":{"rendered":"Intervista con la modella Carlotta Di Natale. Trieste forever ma con il Giappone nel cuore"},"content":{"rendered":"<div id=\"attachment_27433\" style=\"width: 205px\" class=\"wp-caption alignleft\"><img loading=\"lazy\" decoding=\"async\" aria-describedby=\"caption-attachment-27433\" class=\"size-medium wp-image-27433\" src=\"https:\/\/www.nonsolomodanews.it\/wordpress\/wp-content\/uploads\/2024\/09\/Credit-Luca_s66_ph-683A8426_PS-195x300.jpg\" alt=\"\" width=\"195\" height=\"300\" srcset=\"https:\/\/www.nonsolomodanews.it\/wordpress\/wp-content\/uploads\/2024\/09\/Credit-Luca_s66_ph-683A8426_PS-195x300.jpg 195w, https:\/\/www.nonsolomodanews.it\/wordpress\/wp-content\/uploads\/2024\/09\/Credit-Luca_s66_ph-683A8426_PS-666x1024.jpg 666w, https:\/\/www.nonsolomodanews.it\/wordpress\/wp-content\/uploads\/2024\/09\/Credit-Luca_s66_ph-683A8426_PS-768x1182.jpg 768w, https:\/\/www.nonsolomodanews.it\/wordpress\/wp-content\/uploads\/2024\/09\/Credit-Luca_s66_ph-683A8426_PS-998x1536.jpg 998w, https:\/\/www.nonsolomodanews.it\/wordpress\/wp-content\/uploads\/2024\/09\/Credit-Luca_s66_ph-683A8426_PS-1331x2048.jpg 1331w, https:\/\/www.nonsolomodanews.it\/wordpress\/wp-content\/uploads\/2024\/09\/Credit-Luca_s66_ph-683A8426_PS-1080x1662.jpg 1080w, https:\/\/www.nonsolomodanews.it\/wordpress\/wp-content\/uploads\/2024\/09\/Credit-Luca_s66_ph-683A8426_PS-scaled.jpg 1664w\" sizes=\"auto, (max-width: 195px) 100vw, 195px\" \/><p id=\"caption-attachment-27433\" class=\"wp-caption-text\">Credit-Luca_s66_ph<\/p><\/div>\n<p><strong>Nonsolomodanews<\/strong> ha il piacere di presentare ai propri lettori <strong>Carlotta di Natale<\/strong>. Carlotta \u00e8 una ragazza di origine triestine che da pochi mesi ha compiuto 21 anni. Studentessa universitaria e modella con la passione per la lingua e cultura giapponese. Si definisce una ragazza dal carattere solare ed espansiva. Le piace sognare (i sogni non costano nulla) ma nel contempo \u00e8 una ragazza con i piedi per terra e per questo, pur volendo rimanere nel mondo della moda, studia economia. Ringraziamo Carlotta e auguriamo a nostri lettori buona lettura e buona visione della galleria fotografica allegata.<\/p>\n<p><!--more--><\/p>\n<p><span style=\"color: #000000;\"><strong>Ciao, benvenuta su Nonsolomodanews, ti vuoi presentare? <\/strong>\u201cSalve, io mi chiamo Carlotta Di Natale e sono nata a Trieste il 10 marzo 2003 (segno zodiacale pesci ndr). Le mie misure sono 95 \u2013 66 \u2013 95, sono alta 173 cm e il mio numero di scarpe \u00e8 il 41. I miei capelli sono medio lunghi e castani, mentre i miei occhi sono color nocciola. Sono una studentessa universitaria, ma allo stesso tempo lavoro come hostess di terra al porto della mia citt\u00e0 prestando servizio per le navi da crociera e sono anche una networker per un\u2019azienda italiana\u201d.<\/span><\/p>\n<p><span style=\"color: #000000;\"><strong>Come sei di carattere? <\/strong>\u201cSono una ragazza solare ed espansiva, ma allo stesso tempo sono molto sensibile e mi emoziono facilmente. Ci metto poco a fare amicizia con le persone, tuttavia forse ho la tendenza a fidarmi con un po\u2019 troppa facilit\u00e0 del prossimo. Ho un animo romantico e sognatore e adoro le cose un po\u2019 mielose\u201d.<\/span><\/p>\n<p><span style=\"color: #000000;\"><strong>Qual \u00e8 il tuo colore preferito? <\/strong>\u201cIl mio colore preferito \u00e8 l\u2019arancione<\/span><\/p>\n<p><span style=\"color: #000000;\"><strong>Da 1 a 10 quanto sei curiosa? <\/strong>\u201cMoltissimo, direi 10\u201d.<\/span><\/p>\n<p><span style=\"color: #000000;\"><strong>Sappiamo che hai una passione per la lingua giapponese. Ci racconti come \u00e8 nata questa passione? <\/strong>\u201cS\u00ec, esatto, questa passione \u00e8 nata quando alle scuole medie ho iniziato a guardare anime, cartoni animati giapponesi, su consiglio del mio attuale ragazzo. Da allora la mia passione \u00e8 andata aumentando, ho iniziato ad ascoltarli in lingua originale e a collezionare manga, i corrispondenti fumetti. Cos\u00ec mi sono avvicinata anche alla lingua e alla cultura giapponese\u201d.<\/span><\/p>\n<p><span style=\"color: #000000;\"><strong>Quali sono i tuoi hobby? <\/strong>Come si intuir\u00e0 dalla domanda precedente un mio grande hobby \u00e8 guardare anime e leggere manga, per\u00f2 mi piace moltissimo anche viaggiare. Essendo una persona curiosa amo visitare luoghi nuovi ed approcciarmi a culture differenti dalla mia\u201d.<\/span><\/p>\n<p><span style=\"color: #000000;\"><strong>Fai sport? <\/strong>\u201cNon faccio sport regolarmente, tuttavia nella mia vita ho provato numerosissimi sport, e sono comunque una persona sportiva. In particolare, mi piacciono gli sport d\u2019acqua, ho praticato nuoto per sette anni, ma ho fatto anche gare di SUP e ho un brevetto di immersioni\u201d.<\/span><\/p>\n<p><span style=\"color: #000000;\"><strong>Ti piace la musica? <\/strong>\u201cS\u00ec molto, ma non ho un artista preferito o una tipologia che prediligo, mi piace ascoltare vari generi\u201d.<\/span><\/p>\n<p><span style=\"color: #000000;\"><strong>Hai qualche artista che segui? <\/strong>\u201cNo, non seguo particolari artisti, anche se ci sono due attori italiani che ho sempre apprezzato molto fin da piccola e sono Alessandro Preziosi e Vittoria Puccini. Inoltre, mi piace molto Checco Zalone come comico, ho avuto anche il piacere di assistere ad uno dei suoi spettacoli dal vivo\u201d.<\/span><\/p>\n<p><span style=\"color: #000000;\"><strong>Curi l\u2019alimentazione? <\/strong>\u201cS\u00ec, abbastanza, devo ammettere che apprezzo molto la buona cucina e mi piace mangiare, ma cerco di fare attenzione alla linea.<\/span><\/p>\n<p><span style=\"color: #000000;\"><strong>Qual \u00e8 il tuo piatto preferito? <\/strong>\u201cSenza dubbio il mio piatto preferito \u00e8 la costata, con cottura rigorosamente al sangue\u201d.<\/span><\/p>\n<p><span style=\"color: #000000;\"><strong>Tu sei al 3\u00b0 anno della facolt\u00e0 di economia e gestione aziendale. Cosa vorresti fare da grande? <\/strong>\u201cNon ho ancora le idee molto chiare dal punto di vista delle mie future prospettive lavorative, ma spero di avere qualche occasione nel mondo della moda e di poter sfilare in passerella un giorno\u201d.<\/span><\/p>\n<p><span style=\"color: #000000;\"><strong>Come ti sei avvicinata alla fotografia? <\/strong>\u201c\u00c8 accaduto un po\u2019 per caso nel 2018 quando dopo aver risposto ad un annuncio online sono stata ricontattata da un\u2019agenzia di Milano ed ho realizzato il mio primo shooting\u201d.<\/span><\/p>\n<p><span style=\"color: #000000;\"><strong>In una tua fotografia di ritratto che cosa noti immediatamente? <\/strong>\u201cCerco di dare importanza all\u2019espressivit\u00e0 dello sguardo, dunque spero sia la prima cosa che uno spettatore noti\u201d.<\/span><\/p>\n<p><span style=\"color: #000000;\"><strong>Quali sono le tue sensazioni quando vieni fotografata? <\/strong>\u201cMi piace molto essere fotografata, mi sento bene con me stessa quando poso davanti alla fotocamera\u201d.<\/span><\/p>\n<p><span style=\"color: #000000;\"><strong>Quali sono i generi fotografici che preferisci e perch\u00e9?<\/strong> \u201cMi piacciono il ritratto e la street photography perch\u00e9 mi piace dare importanza all\u2019espressivit\u00e0 del volto e alla complessit\u00e0 della composizione fotografica oltre che al fisico\u201d.<\/span><\/p>\n<p><span style=\"color: #000000;\"><strong>Un progetto fotografico che vorresti realizzare? <\/strong>\u201c\u00c8 da tanto che sogno di realizzare un servizio fotografico underwater, \u00e8 un genere molto complesso sia per la modella che per il fotografo, ma desidero tantissimo provarci\u201d.<\/span><\/p>\n<p><span style=\"color: #000000;\"><strong>Che cosa \u00e8 per te la volgarit\u00e0? <\/strong>\u201cRitengo che la volgarit\u00e0 risieda nell\u2019atteggiamento, anche se molti credono che dipenda principalmente dall\u2019abbigliamento. Soprattutto per quanto riguarda la fotografia. Ho visto foto di nudo incredibilmente eleganti e foto con abiti casual profondamente volgari\u201d.<\/span><\/p>\n<p><span style=\"color: #000000;\"><strong>Tu hai partecipato ad un concorso di bellezza. Ci racconti la tua esperienza. <\/strong>\u201c\u00c8 stata un\u2019esperienza davvero meravigliosa, l\u2019emozione di ricevere una fascia \u00e8 stata grandissima; tuttavia, la parte pi\u00f9 bella \u00e8 stata il legame che \u00e8 venuto a crearsi con le altre ragazze. Ho stretto delle bellissime amicizie e spesso in questi contesti non \u00e8 una cosa cos\u00ec scontata\u201d.<\/span><\/p>\n<p><span style=\"color: #000000;\"><strong>Settembre \u00e8 mese di finali di concorsi di bellezza. Pensi che sfilare in costume sia lesivo della dignit\u00e0 della donna? <\/strong>\u201cNo, non lo credo. Sfilare in costume \u00e8 una dimostrazione di grande coraggio proprio per i pregiudizi che ci sono su questo argomento, tuttavia io credo non andrebbe in alcun modo considerato lesivo della sua dignit\u00e0. Una modella sfila in costume conscia di ci\u00f2 che sta facendo e di fatto sta semplicemente mostrando senza filtri il lavoro che svolge assiduamente sul proprio fisico. Quasi sempre non si pensa a quanto lavoro ci sia dietro il fisico di una modella da parte di quest\u2019ultima, ma di fatto ce n&#8217;\u00e8 parecchio. Quando un body builder sfila in passerella per una competizione non si pensa che tale atto sia lesivo per la sua dignit\u00e0, allora perch\u00e9 dovrebbe esserlo per la donna durante un concorso di bellezza?!<\/span><span style=\"color: #000000;\">\u00c8 vero, la preparazione sar\u00e0 molto differente, ma di fatto in entrambi i casi la persona che sfila sta mostrando agli altri il risultato del suo impegno e duro lavoro\u201d.<\/span><\/p>\n<p><span style=\"color: #000000;\"><strong>Qual \u00e8 il capo di vestiario che ami di pi\u00f9 e quello di meno?<\/strong> \u201cAdoro gli abiti a media lunghezza, mi piacciono moltissimo perch\u00e9 li trovo molto femminili. Mentre il capo che apprezzo meno \u00e8 la maglia a collo alto, esteticamente pu\u00f2 essere anche molto bella se abbinata bene, ma la trovo soffocante\u201d.<\/span><\/p>\n<p><span style=\"color: #000000;\"><strong>Scarpe basse o tacchi?<\/strong> \u201cSenza dubbio alcuno tacchi\u201d.<\/span><\/p>\n<p><span style=\"color: #000000;\"><strong>Un accessorio che non manca mai quando esci da casa?<\/strong><\/span><\/p>\n<p><span style=\"color: #000000;\">\u201cIo non uso molti accessori in realt\u00e0, ma se ce n\u2019\u00e8 uno che non pu\u00f2 assolutamente mancare \u00e8 la mia fede di fidanzamento\u201d.<\/span><\/p>\n<p><span style=\"color: #000000;\"><strong>Qual \u00e8 il tuo rapporto con la tecnologia? <\/strong>\u201cAbbastanza buono in realt\u00e0, non sono una professionista in materia, ma me la cavo abbastanza bene\u201d.<\/span><\/p>\n<p><span style=\"color: #000000;\"><strong>Quali sono i tuoi riferimenti social? &#8220;<\/strong><em>Mi trovate su Instagram come @carlotta_di_natale al seguente link: <span role=\"gridcell\"><a class=\"x1i10hfl xjbqb8w x1ejq31n xd10rxx x1sy0etr x17r0tee x972fbf xcfux6l x1qhh985 xm0m39n x9f619 x1ypdohk xt0psk2 xe8uvvx xdj266r x11i5rnm xat24cr x1mh8g0r xexx8yu x4uap5 x18d9i69 xkhd6sd x16tdsg8 xggy1nq x1a2a7pz x1sur9pj xkrqix3 x7l2uk3 x1bvjpef\" tabindex=\"-1\" role=\"link\" href=\"https:\/\/www.instagram.com\/carlotta_di_natale?igsh=angxcHhtNGNmaWV4\" target=\"_blank\" rel=\"noopener\">https:\/\/www.instagram.com\/carlotta_di_natale?igsh=angxcHhtNGNmaWV4<\/a><\/span> Seguitemi in tanti, mi raccomando&#8221;<\/em><\/span><\/p>\n<p><span style=\"color: #000000;\"><strong>Tu sei di Trieste. Se dovessi cambiare citt\u00e0, dove vorresti andare e perch\u00e9? <\/strong>\u201cOnestamente amo la mia citt\u00e0, ne ho viste molte viaggiando e la trovo davvero meravigliosa. Tuttavia se dovessi per forza trasferirmi l\u2019unica citt\u00e0 di cui mi sono veramente innamorata \u00e8 Singapore. Ho amato l\u2019ordine e la pulizia che ho trovato l\u00ec e credo che sarebbe bello viverci. Inoltre, vi \u00e8 un incredibile mix di popoli e culture che la fa apparire viva\u201d.<\/span><\/p>\n<p><span style=\"color: #000000;\"><strong>Perch\u00e9 una persona dovrebbe venire a visitare la tua citt\u00e0? <\/strong>\u201cTrieste \u00e8 davvero una citt\u00e0 splendida, ricca sia dal punto di vista culturale che da quello paesaggistico. <\/span><span style=\"color: #000000;\">Abbiamo il castello di Miramare che \u00e8 stata la residenza del Principe Massimiliano e della principessa Carlotta e dove naturalmente hanno soggiornato gli imperatori d\u2019Austria. C\u2019\u00e8 la risiera, che \u00e8 un simbolo di un triste periodo storico, ma tuttavia \u00e8 interessante da visitare. Poi ci sono tutti i luoghi legati al poeta Joyce nel periodo nel quale ha vissuto qui e molto altro ancora. <\/span><span style=\"color: #000000;\">Come bellezze paesaggistiche invece abbiamo il mare, che vanta un parco Marino protetto, delle meravigliose passeggiate lungo la costa nella zona di Duino e a poca distanza ci sono anche le Alpi friulane. <\/span><span style=\"color: #000000;\">Inoltre Trieste vanta una meravigliosa piazza affacciata sul mare, piazza Unit\u00e0 d\u2019Italia, che fino a poco tempo fa vantava il record di pi\u00f9 grande piazza europea affacciata sul mare, ed \u00e8 davvero splendida. <\/span><span style=\"color: #000000;\">Insomma, Trieste non \u00e8 di certo una citt\u00e0 gigantesca, ma possiede numerose meraviglie tutte da scoprire\u201d.<\/span><\/p>\n<p><span style=\"color: #000000;\"><strong>Ultima domanda, sogno nel cassetto? <\/strong>\u201cIl mio sogno nel cassetto al momento \u00e8 senza dubbio quello di lavorare nel settore della moda come modella di passerella. Mi rendo conto che non sar\u00e0 semplice, ma sarebbe davvero meraviglioso se un giorno accadesse\u201d.<\/span><\/p>\n<p><span style=\"color: #000000;\">Grazie!<\/span><\/p>\n<p><strong><a href=\"https:\/\/www.instagram.com\/brunoangeloporcellana\/\">Bruno Angelo Porcellana<\/a><\/strong><\/p>\n<p style=\"text-align: center;\">Le fotografie sono state fornite dai Camillo Dosi e Tiziano Gorini<br \/>\nTutti i diritti riservati \u00a9 2024 \u2013 Email: nonsolomodanews@gmail.com<style id=\"bwg-style-0\">      #bwg_container1_0 #bwg_container2_0 #bwg_mosaic_thumbnails_div_0 {        width: 100%;        position: relative;        background-color: rgba(255, 255, 255, 0.00);        text-align: center;        justify-content: center;                  margin-left: auto;          margin-right: auto;                    padding-left: 4px;          padding-top: 4px;                }          #bwg_container1_0 #bwg_container2_0 .bwg_mosaic_thumb_spun_0 {        display: block;        position: absolute;\t\t\t\tborder-radius: 0;\t\t\t\tborder: 0px none #CCCCCC;    \t\t    \t\tbackground-color:rgba(0,0,0, 0.30);        -moz-box-sizing: content-box !important;        -webkit-box-sizing: content-box !important;        box-sizing: content-box !important;      }\t\t\t#bwg_container1_0 #bwg_container2_0 .bwg_mosaic_thumb_0 {\t\t\t\tdisplay: block;\t\t\t\t-moz-box-sizing: content-box !important;\t\t\t\t-webkit-box-sizing: content-box !important;\t\t\t\tbox-sizing: content-box !important;\t\t\t\tmargin: 0;\t\t\t\topacity: 1.00;\t\t\t}      #bwg_container1_0 #bwg_container2_0 .bwg_mosaic_thumb_spun_0:hover {        opacity: 1;        backface-visibility: hidden;        -webkit-backface-visibility: hidden;        -moz-backface-visibility: hidden;        -ms-backface-visibility: hidden;        z-index: 102;      }\t      @media only screen and (min-width: 480px) {        #bwg_container1_0 #bwg_container2_0 .bwg_mosaic_thumb_spun_0:hover {          transform: scale(1.1);          -ms-transform: scale(1.1);          -webkit-transform: scale(1.1);        }      }\t      #bwg_container1_0 #bwg_container2_0 .bwg_mosaic_thumbnails_0 {        background-color: rgba(255, 255, 255, 0.00);        font-size: 0;        position: relative;        text-align: center;        display: inline-block;        visibility: hidden;              }\t  \/*image title styles*\/      #bwg_container1_0 #bwg_container2_0 .bwg_mosaic_title_spun1_0,      #bwg_container1_0 #bwg_container2_0 .bwg-mosaic-thumbnails .bwg_ecommerce_spun1_0 {        position: absolute;        display: block;        opacity: 0;        box-sizing: border-box;        text-align: center;\t\t\t\ttop: 50%;\t\t\t\tleft: 50%;\t\t\t\ttransform: translate(-50%, -50%);      }      #bwg_container1_0 #bwg_container2_0 .bwg-mosaic-thumbnails .bwg_mosaic_title_spun2_0,      #bwg_container1_0 #bwg_container2_0 .bwg-mosaic-thumbnails .bwg_ecommerce_spun2_0 {\t\t    color: #CCCCCC;        font-family: segoe ui;        font-size: 16px;        font-weight: bold;        text-shadow: 0px 0px 0px #888888;        vertical-align: middle;        word-wrap: break-word;      }            .bwg_mosaic_play_icon_spun_0 {        display: table;        position: absolute;        left: -10000px;        top: 0px;        opacity: 0;      }      .bwg_mosaic_play_icon_0 {        color: #CCCCCC;        font-size: 32px;        vertical-align: middle;        display: table-cell !important;        z-index: 1;        text-align: center;        margin: 0 auto;      }      #bwg_container1_0 #bwg_container2_0 .bwg_gal_title_0 {        background-color: rgba(0, 0, 0, 0);        color: #323A45;        display: block;        font-family: Ubuntu;        font-size: 16px;        font-weight: bold;        padding: 2px;        text-shadow: ;        text-align: center;      }            @media screen and (max-width: 350px) {      div[class^=\"bwg_mosaic_thumbnails_\"],      span[class^=\"bwg_mosaic_thumb_spun_\"] {      width: 100% !important;      }      img[class^=\"bwg_mosaic_thumb_\"] {      width: 100% !important;      height: auto !important;      margin: 0px auto !important;      }      }      <\/style>    <div id=\"bwg_container1_0\"         class=\"bwg_container bwg_thumbnail bwg_thumbnails_mosaic \"         data-right-click-protection=\"0\"         data-bwg=\"0\"         data-scroll=\"0\"         data-gallery-type=\"thumbnails_mosaic\"         data-gallery-view-type=\"thumbnails_mosaic\"         data-current-url=\"\/wordpress\/wp-json\/wp\/v2\/posts\/27423\"         data-lightbox-url=\"https:\/\/www.nonsolomodanews.it\/wordpress\/wp-admin\/admin-ajax.php?action=GalleryBox&#038;current_view=0&#038;gallery_id=789&#038;tag=0&#038;theme_id=1&#038;shortcode_id=1603&#038;sort_by=filename&#038;order_by=asc&#038;current_url=%2Fwordpress%2Fwp-json%2Fwp%2Fv2%2Fposts%2F27423\"         data-gallery-id=\"789\"         data-popup-width=\"800\"         data-popup-height=\"500\"         data-is-album=\"gallery\"         data-buttons-position=\"bottom\">      <div id=\"bwg_container2_0\">             <div id=\"ajax_loading_0\" class=\"bwg_loading_div_1\">      <div class=\"bwg_loading_div_2\">        <div class=\"bwg_loading_div_3\">          <div id=\"loading_div_0\" class=\"bwg_spider_ajax_loading\">          <\/div>        <\/div>      <\/div>    <\/div>            <form id=\"gal_front_form_0\"              class=\"bwg-hidden\"              method=\"post\"              action=\"#\"              data-current=\"0\"              data-shortcode-id=\"1603\"              data-gallery-type=\"thumbnails_mosaic\"              data-gallery-id=\"789\"              data-tag=\"0\"              data-album-id=\"0\"              data-theme-id=\"1\"              data-ajax-url=\"https:\/\/www.nonsolomodanews.it\/wordpress\/wp-admin\/admin-ajax.php?action=bwg_frontend_data\">          <div id=\"bwg_container3_0\" class=\"bwg-background bwg-background-0\">                <div id=\"bwg_mosaic_thumbnails_div_0\"         class=\"bwg-container-0 bwg-container bwg-mosaic-thumbnails\"         data-bwg=\"0\"         data-mosaic-direction=\"vertical\"         data-resizable=\"0\"         data-width=\"250\"         data-height=\"250\"         data-total-width=\"100\"         data-block-id=\"bwg_thumbnails_mosaic_0\"         data-thumb-padding=\"4\"         data-thumb-border=\"0\"         data-title-margin=\"2px\"         data-image-title=\"none\"         data-play-icon=\"1\"         data-ecommerce-icon=\"none\"         data-gallery-id=\"789\"         data-lightbox-url=\"https:\/\/www.nonsolomodanews.it\/wordpress\/wp-admin\/admin-ajax.php?action=GalleryBox&#038;current_view=0&#038;gallery_id=789&#038;tag=0&#038;theme_id=1&#038;shortcode_id=1603&#038;sort_by=filename&#038;order_by=asc&#038;current_url=%2Fwordpress%2Fwp-json%2Fwp%2Fv2%2Fposts%2F27423\"         data-mosaic-thumb-transition=\"1\"         style=\"visibility: hidden\" >      <div id=\"bwg_thumbnails_mosaic_0\" class=\"bwg_mosaic_thumbnails_0\">                  <a  class=\"bwg-a bwg_lightbox bwg_lightbox_0\" href=\"https:\/\/www.nonsolomodanews.it\/wordpress\/wp-content\/uploads\/photo-gallery\/Carlotta_Di_Natale\/Credit-Luca_s66_ph-683A1816_PS.jpg?bwg=1726120960\" data-image-id=\"40221\" data-elementor-open-lightbox=\"no\">          <div class=\"bwg_mosaic_thumb_spun_0 bwg-item0 bwg-mosaic-thumb-span \">            <img decoding=\"async\" class=\"bwg_mosaic_thumb_0 skip-lazy bwg_img_clear bwg_img_custom \"                 id=\"40221\"                 src=\"https:\/\/www.nonsolomodanews.it\/wordpress\/wp-content\/uploads\/photo-gallery\/Carlotta_Di_Natale\/thumb\/Credit-Luca_s66_ph-683A1816_PS.jpg?bwg=1726120960\"                 data-src=\"https:\/\/www.nonsolomodanews.it\/wordpress\/wp-content\/uploads\/photo-gallery\/Carlotta_Di_Natale\/thumb\/Credit-Luca_s66_ph-683A1816_PS.jpg?bwg=1726120960\"                 data-width=\"200.00\"                 data-height=\"300.00\"                 alt=\"Credit-Luca s66 ph-683A1816 PS\"                 title=\"Credit-Luca s66 ph-683A1816 PS\" \/>                      <\/div>        <\/a>                <a  class=\"bwg-a bwg_lightbox bwg_lightbox_0\" href=\"https:\/\/www.nonsolomodanews.it\/wordpress\/wp-content\/uploads\/photo-gallery\/Carlotta_Di_Natale\/Credit-Luca_s66_ph-683A8426_PS.jpg?bwg=1726120960\" data-image-id=\"40219\" data-elementor-open-lightbox=\"no\">          <div class=\"bwg_mosaic_thumb_spun_0 bwg-item0 bwg-mosaic-thumb-span \">            <img decoding=\"async\" class=\"bwg_mosaic_thumb_0 skip-lazy bwg_img_clear bwg_img_custom \"                 id=\"40219\"                 src=\"https:\/\/www.nonsolomodanews.it\/wordpress\/wp-content\/uploads\/photo-gallery\/Carlotta_Di_Natale\/thumb\/Credit-Luca_s66_ph-683A8426_PS.jpg?bwg=1726120960\"                 data-src=\"https:\/\/www.nonsolomodanews.it\/wordpress\/wp-content\/uploads\/photo-gallery\/Carlotta_Di_Natale\/thumb\/Credit-Luca_s66_ph-683A8426_PS.jpg?bwg=1726120960\"                 data-width=\"195.00\"                 data-height=\"300.00\"                 alt=\"Credit-Luca s66 ph-683A8426 PS\"                 title=\"Credit-Luca s66 ph-683A8426 PS\" \/>                      <\/div>        <\/a>                <a  class=\"bwg-a bwg_lightbox bwg_lightbox_0\" href=\"https:\/\/www.nonsolomodanews.it\/wordpress\/wp-content\/uploads\/photo-gallery\/Carlotta_Di_Natale\/Credit-Luca_s66_ph-683A8757_PS.jpg?bwg=1726120960\" data-image-id=\"40222\" data-elementor-open-lightbox=\"no\">          <div class=\"bwg_mosaic_thumb_spun_0 bwg-item0 bwg-mosaic-thumb-span \">            <img decoding=\"async\" class=\"bwg_mosaic_thumb_0 skip-lazy bwg_img_clear bwg_img_custom \"                 id=\"40222\"                 src=\"https:\/\/www.nonsolomodanews.it\/wordpress\/wp-content\/uploads\/photo-gallery\/Carlotta_Di_Natale\/thumb\/Credit-Luca_s66_ph-683A8757_PS.jpg?bwg=1726120960\"                 data-src=\"https:\/\/www.nonsolomodanews.it\/wordpress\/wp-content\/uploads\/photo-gallery\/Carlotta_Di_Natale\/thumb\/Credit-Luca_s66_ph-683A8757_PS.jpg?bwg=1726120960\"                 data-width=\"300.00\"                 data-height=\"200.00\"                 alt=\"Credit-Luca s66 ph-683A8757 PS\"                 title=\"Credit-Luca s66 ph-683A8757 PS\" \/>                      <\/div>        <\/a>                <a  class=\"bwg-a bwg_lightbox bwg_lightbox_0\" href=\"https:\/\/www.nonsolomodanews.it\/wordpress\/wp-content\/uploads\/photo-gallery\/Carlotta_Di_Natale\/Credit-Luca_s66_ph-683A8780_PS.jpg?bwg=1726120960\" data-image-id=\"40224\" data-elementor-open-lightbox=\"no\">          <div class=\"bwg_mosaic_thumb_spun_0 bwg-item0 bwg-mosaic-thumb-span \">            <img decoding=\"async\" class=\"bwg_mosaic_thumb_0 skip-lazy bwg_img_clear bwg_img_custom \"                 id=\"40224\"                 src=\"https:\/\/www.nonsolomodanews.it\/wordpress\/wp-content\/uploads\/photo-gallery\/Carlotta_Di_Natale\/thumb\/Credit-Luca_s66_ph-683A8780_PS.jpg?bwg=1726120960\"                 data-src=\"https:\/\/www.nonsolomodanews.it\/wordpress\/wp-content\/uploads\/photo-gallery\/Carlotta_Di_Natale\/thumb\/Credit-Luca_s66_ph-683A8780_PS.jpg?bwg=1726120960\"                 data-width=\"211.00\"                 data-height=\"300.00\"                 alt=\"Credit-Luca s66 ph-683A8780 PS\"                 title=\"Credit-Luca s66 ph-683A8780 PS\" \/>                      <\/div>        <\/a>                <a  class=\"bwg-a bwg_lightbox bwg_lightbox_0\" href=\"https:\/\/www.nonsolomodanews.it\/wordpress\/wp-content\/uploads\/photo-gallery\/Carlotta_Di_Natale\/Credit-Luca_s66_ph-683A8818_PS1.jpg?bwg=1726120960\" data-image-id=\"40225\" data-elementor-open-lightbox=\"no\">          <div class=\"bwg_mosaic_thumb_spun_0 bwg-item0 bwg-mosaic-thumb-span \">            <img decoding=\"async\" class=\"bwg_mosaic_thumb_0 skip-lazy bwg_img_clear bwg_img_custom \"                 id=\"40225\"                 src=\"https:\/\/www.nonsolomodanews.it\/wordpress\/wp-content\/uploads\/photo-gallery\/Carlotta_Di_Natale\/thumb\/Credit-Luca_s66_ph-683A8818_PS1.jpg?bwg=1726120960\"                 data-src=\"https:\/\/www.nonsolomodanews.it\/wordpress\/wp-content\/uploads\/photo-gallery\/Carlotta_Di_Natale\/thumb\/Credit-Luca_s66_ph-683A8818_PS1.jpg?bwg=1726120960\"                 data-width=\"200.00\"                 data-height=\"300.00\"                 alt=\"Credit-Luca s66 ph-683A8818 PS1\"                 title=\"Credit-Luca s66 ph-683A8818 PS1\" \/>                      <\/div>        <\/a>                <a  class=\"bwg-a bwg_lightbox bwg_lightbox_0\" href=\"https:\/\/www.nonsolomodanews.it\/wordpress\/wp-content\/uploads\/photo-gallery\/Carlotta_Di_Natale\/Credit-Luca_s66_ph-683A8878_PS.jpg?bwg=1726120960\" data-image-id=\"40220\" data-elementor-open-lightbox=\"no\">          <div class=\"bwg_mosaic_thumb_spun_0 bwg-item0 bwg-mosaic-thumb-span \">            <img decoding=\"async\" class=\"bwg_mosaic_thumb_0 skip-lazy bwg_img_clear bwg_img_custom \"                 id=\"40220\"                 src=\"https:\/\/www.nonsolomodanews.it\/wordpress\/wp-content\/uploads\/photo-gallery\/Carlotta_Di_Natale\/thumb\/Credit-Luca_s66_ph-683A8878_PS.jpg?bwg=1726120960\"                 data-src=\"https:\/\/www.nonsolomodanews.it\/wordpress\/wp-content\/uploads\/photo-gallery\/Carlotta_Di_Natale\/thumb\/Credit-Luca_s66_ph-683A8878_PS.jpg?bwg=1726120960\"                 data-width=\"200.00\"                 data-height=\"300.00\"                 alt=\"Credit-Luca s66 ph-683A8878 PS\"                 title=\"Credit-Luca s66 ph-683A8878 PS\" \/>                      <\/div>        <\/a>                <a  class=\"bwg-a bwg_lightbox bwg_lightbox_0\" href=\"https:\/\/www.nonsolomodanews.it\/wordpress\/wp-content\/uploads\/photo-gallery\/Carlotta_Di_Natale\/Credit-riccardo_suttora-RS_114828.jpg?bwg=1726120960\" data-image-id=\"40223\" data-elementor-open-lightbox=\"no\">          <div class=\"bwg_mosaic_thumb_spun_0 bwg-item0 bwg-mosaic-thumb-span \">            <img decoding=\"async\" class=\"bwg_mosaic_thumb_0 skip-lazy bwg_img_clear bwg_img_custom \"                 id=\"40223\"                 src=\"https:\/\/www.nonsolomodanews.it\/wordpress\/wp-content\/uploads\/photo-gallery\/Carlotta_Di_Natale\/thumb\/Credit-riccardo_suttora-RS_114828.jpg?bwg=1726120960\"                 data-src=\"https:\/\/www.nonsolomodanews.it\/wordpress\/wp-content\/uploads\/photo-gallery\/Carlotta_Di_Natale\/thumb\/Credit-riccardo_suttora-RS_114828.jpg?bwg=1726120960\"                 data-width=\"200.00\"                 data-height=\"300.00\"                 alt=\"Credit-riccardo suttora-RS 114828\"                 title=\"Credit-riccardo suttora-RS 114828\" \/>                      <\/div>        <\/a>                <a  class=\"bwg-a bwg_lightbox bwg_lightbox_0\" href=\"https:\/\/www.nonsolomodanews.it\/wordpress\/wp-content\/uploads\/photo-gallery\/Carlotta_Di_Natale\/Credit-Silvio.Trevisan.50-IMGD5650_Lpp.jpg?bwg=1726120960\" data-image-id=\"40226\" data-elementor-open-lightbox=\"no\">          <div class=\"bwg_mosaic_thumb_spun_0 bwg-item0 bwg-mosaic-thumb-span \">            <img decoding=\"async\" class=\"bwg_mosaic_thumb_0 skip-lazy bwg_img_clear bwg_img_custom \"                 id=\"40226\"                 src=\"https:\/\/www.nonsolomodanews.it\/wordpress\/wp-content\/uploads\/photo-gallery\/Carlotta_Di_Natale\/thumb\/Credit-Silvio.Trevisan.50-IMGD5650_Lpp.jpg?bwg=1726120960\"                 data-src=\"https:\/\/www.nonsolomodanews.it\/wordpress\/wp-content\/uploads\/photo-gallery\/Carlotta_Di_Natale\/thumb\/Credit-Silvio.Trevisan.50-IMGD5650_Lpp.jpg?bwg=1726120960\"                 data-width=\"300.00\"                 data-height=\"214.00\"                 alt=\"Credit-Silvio.Trevisan.50-IMGD5650 Lpp\"                 title=\"Credit-Silvio.Trevisan.50-IMGD5650 Lpp\" \/>                      <\/div>        <\/a>                <a  class=\"bwg-a bwg_lightbox bwg_lightbox_0\" href=\"https:\/\/www.nonsolomodanews.it\/wordpress\/wp-content\/uploads\/photo-gallery\/Carlotta_Di_Natale\/Credit-Steven_jewett_photography-IMG_8516.jpeg?bwg=1726120960\" data-image-id=\"40228\" data-elementor-open-lightbox=\"no\">          <div class=\"bwg_mosaic_thumb_spun_0 bwg-item0 bwg-mosaic-thumb-span \">            <img decoding=\"async\" class=\"bwg_mosaic_thumb_0 skip-lazy bwg_img_clear bwg_img_custom \"                 id=\"40228\"                 src=\"https:\/\/www.nonsolomodanews.it\/wordpress\/wp-content\/uploads\/photo-gallery\/Carlotta_Di_Natale\/thumb\/Credit-Steven_jewett_photography-IMG_8516.jpeg?bwg=1726120960\"                 data-src=\"https:\/\/www.nonsolomodanews.it\/wordpress\/wp-content\/uploads\/photo-gallery\/Carlotta_Di_Natale\/thumb\/Credit-Steven_jewett_photography-IMG_8516.jpeg?bwg=1726120960\"                 data-width=\"240.00\"                 data-height=\"300.00\"                 alt=\"Credit-Steven jewett photography-IMG 8516\"                 title=\"Credit-Steven jewett photography-IMG 8516\" \/>                      <\/div>        <\/a>                <a  class=\"bwg-a bwg_lightbox bwg_lightbox_0\" href=\"https:\/\/www.nonsolomodanews.it\/wordpress\/wp-content\/uploads\/photo-gallery\/Carlotta_Di_Natale\/Credit-Steven_jewett_photography-IMG_8528.jpeg?bwg=1726120960\" data-image-id=\"40227\" data-elementor-open-lightbox=\"no\">          <div class=\"bwg_mosaic_thumb_spun_0 bwg-item0 bwg-mosaic-thumb-span \">            <img decoding=\"async\" class=\"bwg_mosaic_thumb_0 skip-lazy bwg_img_clear bwg_img_custom \"                 id=\"40227\"                 src=\"https:\/\/www.nonsolomodanews.it\/wordpress\/wp-content\/uploads\/photo-gallery\/Carlotta_Di_Natale\/thumb\/Credit-Steven_jewett_photography-IMG_8528.jpeg?bwg=1726120960\"                 data-src=\"https:\/\/www.nonsolomodanews.it\/wordpress\/wp-content\/uploads\/photo-gallery\/Carlotta_Di_Natale\/thumb\/Credit-Steven_jewett_photography-IMG_8528.jpeg?bwg=1726120960\"                 data-width=\"200.00\"                 data-height=\"300.00\"                 alt=\"Credit-Steven jewett photography-IMG 8528\"                 title=\"Credit-Steven jewett photography-IMG 8528\" \/>                      <\/div>        <\/a>            <\/div>    <\/div>    <style>      \/*pagination styles*\/      #bwg_container1_0 #bwg_container2_0 .tablenav-pages_0 {\t\t\t\ttext-align: center;\t\t\t\tfont-size: 12px;\t\t\t\tfont-family: segoe ui;\t\t\t\tfont-weight: bold;\t\t\t\tcolor: #666666;\t\t\t\tmargin: 6px 0 4px;\t\t\t\tdisplay: block;      }      @media only screen and (max-width : 320px) {      #bwg_container1_0 #bwg_container2_0 .displaying-num_0 {     \t display: none;      }      }      #bwg_container1_0 #bwg_container2_0 .displaying-num_0 {\t\t\t\tfont-size: 12px;\t\t\t\tfont-family: segoe ui;\t\t\t\tfont-weight: bold;\t\t\t\tcolor: #666666;\t\t\t\tmargin-right: 10px;\t\t\t\tvertical-align: middle;      }      #bwg_container1_0 #bwg_container2_0 .paging-input_0 {\t\t\t\tfont-size: 12px;\t\t\t\tfont-family: segoe ui;\t\t\t\tfont-weight: bold;\t\t\t\tcolor: #666666;\t\t\t\tvertical-align: middle;      }      #bwg_container1_0 #bwg_container2_0 .tablenav-pages_0 a.disabled,      #bwg_container1_0 #bwg_container2_0 .tablenav-pages_0 a.disabled:hover,      #bwg_container1_0 #bwg_container2_0 .tablenav-pages_0 a.disabled:focus,\t\t\t#bwg_container1_0 #bwg_container2_0 .tablenav-pages_0 input.bwg_current_page {\t\t\t\tcursor: default;\t\t\t\tcolor: rgba(102, 102, 102, 0.5);      }      #bwg_container1_0 #bwg_container2_0 .tablenav-pages_0 a,      #bwg_container1_0 #bwg_container2_0 .tablenav-pages_0 input.bwg_current_page {\t\t\t\tcursor: pointer;\t\t\t\ttext-align: center;\t\t\t\tfont-size: 12px;\t\t\t\tfont-family: segoe ui;\t\t\t\tfont-weight: bold;\t\t\t\tcolor: #666666;\t\t\t\ttext-decoration: none;\t\t\t\tpadding: 3px 6px;\t\t\t\tmargin: 0;\t\t\t\tborder-radius: 0;\t\t\t\tborder-style: solid;\t\t\t\tborder-width: 1px;\t\t\t\tborder-color: #E3E3E3;\t\t\t\t\t\t\t\tbackground-color: rgba(255, 255, 255, 1.00);\t\t\t\tbox-shadow: 0;\t\t\t\ttransition: all 0.3s ease 0s;-webkit-transition: all 0.3s ease 0s;      }      <\/style>      <span class=\"bwg_nav_cont_0\">              <div class=\"tablenav-pages_0\">                  <\/div>                <input type=\"hidden\" id=\"page_number_0\" name=\"page_number_0\" value=\"1\" \/>      <script type=\"text\/javascript\">        if( jQuery('.bwg_nav_cont_0').length > 1 ) {          jQuery('.bwg_nav_cont_0').first().remove()        }        function spider_page_0(cur, x, y, load_more) {          if (typeof load_more == \"undefined\") {            var load_more = false;          }          if (jQuery(cur).hasClass('disabled')) {            return false;          }          var items_county_0 = 1;          switch (y) {            case 1:              if (x >= items_county_0) {                document.getElementById('page_number_0').value = items_county_0;              }              else {                document.getElementById('page_number_0').value = x + 1;              }              break;            case 2:              document.getElementById('page_number_0').value = items_county_0;              break;            case -1:              if (x == 1) {                document.getElementById('page_number_0').value = 1;              }              else {                document.getElementById('page_number_0').value = x - 1;              }              break;            case -2:              document.getElementById('page_number_0').value = 1;              break;\t\t\t\t\t\tcase 0:              document.getElementById('page_number_0').value = x;              break;            default:              document.getElementById('page_number_0').value = 1;          }          bwg_ajax('gal_front_form_0', '0', 'bwg_thumbnails_mosaic_0', '0', '', 'gallery', 0, '', '', load_more, '', 1);        }                    jQuery('.first-page-0').on('click', function () {              spider_page_0(this, 1, -2, 'numeric');              return false;            });            jQuery('.prev-page-0').on('click', function () {              spider_page_0(this, 1, -1, 'numeric');              return false;            });            jQuery('.next-page-0').on('click', function () {              spider_page_0(this, 1, 1, 'numeric');              return false;            });            jQuery('.last-page-0').on('click', function () {              spider_page_0(this, 1, 2, 'numeric');              return false;            });        \t\t\t\t\/* Change page on input enter. *\/        function bwg_change_page_0( e, that ) {          if (  e.key == 'Enter' ) {            var to_page = parseInt(jQuery(that).val());            var pages_count = jQuery(that).parents(\".pagination-links\").data(\"pages-count\");            var current_url_param = jQuery(that).attr('data-url-info');            if (to_page > pages_count) {              to_page = 1;            }\t \t\t\t\t\t\t\t\t\t\t\t\tspider_page_0(this, to_page, 0, 'numeric');\t\t\t\t\t\t\treturn false;\t\t\t\t\t\t          }          return true;        }        jQuery('.bwg_load_btn_0').on('click', function () {            spider_page_0(this, 1, 1, true);            return false;        });      <\/script>      <\/span>                <\/div>        <\/form>        <style>          #bwg_container1_0 #bwg_container2_0 #spider_popup_overlay_0 {          background-color: #000000;          opacity: 0.70;          }          <\/style>        <div id=\"bwg_spider_popup_loading_0\" class=\"bwg_spider_popup_loading\"><\/div>        <div id=\"spider_popup_overlay_0\" class=\"spider_popup_overlay\" onclick=\"spider_destroypopup(1000)\"><\/div>        <input type=\"hidden\" id=\"bwg_random_seed_0\" value=\"1341179704\">                <\/div>    <\/div>    <script>      if (document.readyState === 'complete') {        if( typeof bwg_main_ready == 'function' ) {          if ( jQuery(\"#bwg_container1_0\").height() ) {            bwg_main_ready(jQuery(\"#bwg_container1_0\"));          }        }      } else {        document.addEventListener('DOMContentLoaded', function() {          if( typeof bwg_main_ready == 'function' ) {            if ( jQuery(\"#bwg_container1_0\").height() ) {             bwg_main_ready(jQuery(\"#bwg_container1_0\"));            }          }        });      }    <\/script>    <\/p>\n","protected":false},"excerpt":{"rendered":"<p>Nonsolomodanews ha il piacere di presentare ai propri lettori Carlotta di Natale. Carlotta &egrave; una ragazza di origine triestine che da pochi mesi ha compiuto 21 anni. Studentessa universitaria e modella con la passione per la lingua e cultura giapponese. Si definisce una ragazza dal carattere solare ed espansiva. Le piace sognare (i sogni non costano nulla) ma nel contempo &egrave; una ragazza con i piedi per terra e per questo, pur volendo rimanere nel mondo della moda, studia economia. Ringraziamo Carlotta e auguriamo a nostri lettori buona lettura e buona visione della galleria fotografica allegata.<\/p>\n","protected":false},"author":1,"featured_media":27427,"comment_status":"open","ping_status":"open","sticky":false,"template":"","format":"standard","meta":{"rop_custom_images_group":[],"rop_custom_messages_group":[],"rop_publish_now":"initial","rop_publish_now_accounts":[],"rop_publish_now_history":[],"rop_publish_now_status":"pending","footnotes":""},"categories":[16],"tags":[281,9869,746,1099,9870],"class_list":["post-27423","post","type-post","status-publish","format-standard","has-post-thumbnail","hentry","category-articolo","tag-bruno-angelo-porcellana","tag-carlotta-di-natale","tag-intervista","tag-nonsolomodanews","tag-trieste"],"_links":{"self":[{"href":"https:\/\/www.nonsolomodanews.it\/wordpress\/wp-json\/wp\/v2\/posts\/27423","targetHints":{"allow":["GET"]}}],"collection":[{"href":"https:\/\/www.nonsolomodanews.it\/wordpress\/wp-json\/wp\/v2\/posts"}],"about":[{"href":"https:\/\/www.nonsolomodanews.it\/wordpress\/wp-json\/wp\/v2\/types\/post"}],"author":[{"embeddable":true,"href":"https:\/\/www.nonsolomodanews.it\/wordpress\/wp-json\/wp\/v2\/users\/1"}],"replies":[{"embeddable":true,"href":"https:\/\/www.nonsolomodanews.it\/wordpress\/wp-json\/wp\/v2\/comments?post=27423"}],"version-history":[{"count":8,"href":"https:\/\/www.nonsolomodanews.it\/wordpress\/wp-json\/wp\/v2\/posts\/27423\/revisions"}],"predecessor-version":[{"id":27436,"href":"https:\/\/www.nonsolomodanews.it\/wordpress\/wp-json\/wp\/v2\/posts\/27423\/revisions\/27436"}],"wp:featuredmedia":[{"embeddable":true,"href":"https:\/\/www.nonsolomodanews.it\/wordpress\/wp-json\/wp\/v2\/media\/27427"}],"wp:attachment":[{"href":"https:\/\/www.nonsolomodanews.it\/wordpress\/wp-json\/wp\/v2\/media?parent=27423"}],"wp:term":[{"taxonomy":"category","embeddable":true,"href":"https:\/\/www.nonsolomodanews.it\/wordpress\/wp-json\/wp\/v2\/categories?post=27423"},{"taxonomy":"post_tag","embeddable":true,"href":"https:\/\/www.nonsolomodanews.it\/wordpress\/wp-json\/wp\/v2\/tags?post=27423"}],"curies":[{"name":"wp","href":"https:\/\/api.w.org\/{rel}","templated":true}]}}