{"id":27395,"date":"2024-09-08T06:41:44","date_gmt":"2024-09-08T06:41:44","guid":{"rendered":"https:\/\/www.nonsolomodanews.it\/wordpress\/?p=27395"},"modified":"2024-09-08T07:38:56","modified_gmt":"2024-09-08T07:38:56","slug":"bologna-fashion-festival-veste-di-moda-la-citta-12-14-settembre-2024","status":"publish","type":"post","link":"https:\/\/www.nonsolomodanews.it\/wordpress\/bologna-fashion-festival-veste-di-moda-la-citta-12-14-settembre-2024\/","title":{"rendered":"BOLOGNA FASHION FESTIVAL VESTE DI MODA LA CITT\u00c0 &#8211; 12-14 SETTEMBRE 2024"},"content":{"rendered":"<p><a href=\"https:\/\/www.bolognafashionfestival.it\/\"><img loading=\"lazy\" decoding=\"async\" class=\"size-full wp-image-27396 alignleft\" src=\"https:\/\/www.nonsolomodanews.it\/wordpress\/wp-content\/uploads\/2024\/09\/image003.png\" alt=\"\" width=\"163\" height=\"65\" \/><\/a>Dal 12 al 14 settembre, in occasione della sfilata autunno-inverno Winter Melody organizzata da Centergross, la citt\u00e0 ospiter\u00e0 la prima edizione del Bologna Fashion Festival, manifestazione che celebra la creativit\u00e0, l&#8217;innovazione e la sostenibilit\u00e0, promuovendo Bologna come un centro di rilevanza storica e contemporanea nella moda, nel settore tessile e abbigliamento. Il Festival propone al pubblico un ampio programma di sfilate, talk, workshop, esposizioni ed eventi culturali. Un grande evento che coinvolge designer, aziende, istituzioni e associazioni valorizzando, cos\u00ec, il patrimonio culturale e produttivo della citt\u00e0 e del distretto regionale della moda come asset strategico posizionando Bologna tra le grandi capitali mondiali della moda.<\/p>\n<p><!--more--><\/p>\n<p>Bologna si veste di moda! <strong>Dal 12 al 14 settembre<\/strong>, in occasione di <strong>Winter Melody <\/strong>&#8211; sfilata collettiva Autunno\/Inverno 2024\/25 organizzata da Centergross &#8211; la citt\u00e0 accoglie la <strong>prima edizione del <a href=\"https:\/\/www.bolognafashionfestival.it\/\">Bologna <\/a><\/strong><strong>Fashion Festival<\/strong>, un evento di grande rilevanza per la citt\u00e0, la regione e l&#8217;intero settore Tessile\/Abbigliamento italiano. Ideata per riscoprire e valorizzare il ruolo significativo che Bologna ha svolto nella storia della moda italiana, la manifestazione promuove il distretto attraverso un format moderno e contemporaneo che unisce creativit\u00e0, innovazione e sostenibilit\u00e0, con un ricco programma tra cui sfilate, talk, workshop, eventi in boutique, visite guidate, esposizioni e molto altro presentando le ultime tendenze e innovazioni, inclusa l\u2019applicazione dell\u2019intelligenza artificiale (programma completo su <u>www.bolognafashionfestival.it<\/u>).<\/p>\n<p>Promosso e organizzato da <strong>Centergross<\/strong>, <a href=\"https:\/\/www.bolognafashionfestival.it\/\"><strong>Bologna Fashion Festival <\/strong><\/a>\u00e8 fortemente sostenuto dalle principali istituzioni: <a href=\"https:\/\/www.instagram.com\/bolognametropolitana\/\"><strong>Citt\u00e0 Metropolitana di Bologna<\/strong><\/a>, <a href=\"https:\/\/www.instagram.com\/comunedibologna\/\"><strong>Comune<\/strong><strong> di Bologna<\/strong><\/a>, <a href=\"https:\/\/www.instagram.com\/regione_emiliaromagna\/\"><strong>Regione<\/strong><strong> Emilia Romagna<\/strong><\/a>, con il contributo della <strong>Camera di Commercio, Industria, Artigianato, Agricoltura di <\/strong><strong>Bologna<\/strong>, il Patrocinio di <strong>Fondazione Bologna Welcome<\/strong>, <strong>Confcommercio Ascom Bologna<\/strong>, <strong>Federmoda Bologna<\/strong>, <strong>Confesercenti<\/strong><strong> Bologna<\/strong>, <strong>CNA Bologna<\/strong>, <strong>Confindustria Emilia AREA Centro<\/strong>, <strong>Confartigianato Bologna<\/strong>, <strong>ITA Italian Trade Agency<\/strong>, <strong>CNA Federmoda<\/strong>, <strong>Fondazione ANT<\/strong>. Main Sponsor <strong>AON<\/strong>, <strong>Banca Intesa Sanpaolo<\/strong>, <strong>Zini Elio<\/strong>. Media Partner <strong>\u01eaN Il Resto del Carlino<\/strong>.<\/p>\n<p>Alla call di partecipazione lanciata lo scorso giugno, hanno risposto con entusiasmo aziende, designer, brand, istituti di moda, artigiani, artisti, professionisti, case editrici, realt\u00e0 commerciali, turistiche e produttive locali, piccoli negozi, alberghi e ristoranti. Il risultato \u00e8 un grande evento che sin dalla prima edizione vanta importanti numeri: 3 giorni di manifestazione, 30 eventi, 17 location, 140 fra designer e brand, 200 fra modelle e addetti ai backstage, 10 sfilate e beauty workshop, oltre 60 giornalisti, 150 buyer nazionali e internazionali, 40 local e international influencer, 20 artigiani, 20 ristoranti, 50 showroom B2B al distretto Centergross e numerosi negozi che hanno aderito alla notte bianca di venerd\u00ec nel centro storico.<\/p>\n<p><strong>Bologna Fashion Festival <\/strong>nasce come naturale evoluzione dei due principali eventi \u2013 le sfilate Winter Melody e Summer in Italy &#8211; organizzati da Centergross, il pi\u00f9 grande polo europeo del Pronto Moda nato a Bologna nel 1977. Il Bologna Fashion Festival ha trasformato la sfilata collettiva che inaugura la stagione delle sfilate due volte all\u2019anno, in un appuntamento ormai istituzionale, a cui assistono prestigiose testate giornalistiche, player internazionali, buyer nazionali ed esteri grazie al lavoro del Team di Centergross e alla collaborazione con <strong>CNA FEDERMODA <\/strong>e <strong>ITA Italian Trade Agency<\/strong>. Bologna, insieme all&#8217;Emilia-Romagna, vanta una solida tradizione nel mondo della moda, con un\u2019ampia rete di aziende, industrie, laboratori artigianali e maestranze che ne fanno la prima regione italiana per numero di addetti alla filiera tessile.<\/p>\n<p><strong>WINTER MELODY &#8211; LA SFILATA<\/strong><\/p>\n<p><img loading=\"lazy\" decoding=\"async\" class=\"size-medium wp-image-27399 alignleft\" src=\"https:\/\/www.nonsolomodanews.it\/wordpress\/wp-content\/uploads\/2024\/09\/image011-300x160.jpeg\" alt=\"\" width=\"300\" height=\"160\" srcset=\"https:\/\/www.nonsolomodanews.it\/wordpress\/wp-content\/uploads\/2024\/09\/image011-300x160.jpeg 300w, https:\/\/www.nonsolomodanews.it\/wordpress\/wp-content\/uploads\/2024\/09\/image011.jpeg 640w\" sizes=\"auto, (max-width: 300px) 100vw, 300px\" \/>Le sfilate organizzate da Centergross per i suoi brand arrivano alla decima edizione, con <em>Summer in Italy <\/em>per la primavera-estate e <em>Winter Melody <\/em>per le proposte autunno-inverno. Il 12 settembre alle 18:30, presso il Teatro Arena del Sole a <em>Winter Melody 2024, <\/em><strong>Angela Mele Milano, Efi D\u2019Angi\u00f2, Gil Santucci, Haveone, J.B4, Keyr\u00e0 Alberto Cacciari, Rinascimento, Sophia Curvy, Souvenir e Susy Star by Susy Mix<\/strong>, portano in passerella capi ispirati al tema <em>&#8220;Il sogno di un mondo migliore&#8221;.<\/em> Nel 55\u00b0 anniversario dello sbarco lunare, la Luna, simbolo di sogno, fa da fil rouge per gli outfit di donne libere, capaci di sognare e realizzare i propri desideri.<\/p>\n<p>I dieci brand partecipanti presentano le loto creazioni autunno-inverno 2024\/25 ai media e ai buyer nazionali e internazionali che giungono a Bologna inaugurando ufficialmente la campagna vendite. A differenza delle altre fashion week, infatti, qui le proposte moda vengono presentate a ridosso della stagione, in questo caso l&#8217;autunno\/inverno. I capi arriveranno nei negozi e nei department store pochi giorni dopo, grazie al modello di business Pronto Moda di Centergross, che si distingue per una filiera cortissima e una produzione rapida basata sugli ordini ricevuti. \u01eauesta efficienza, apprezzata a livello globale, \u00e8 il suo principale punto di forza.<\/p>\n<p>\u00ab<em>Siamo orgogliosi di vedere come il Centergross continui a svolgere un ruolo fondamentale nello sviluppo economico della nostra regione e di tutto il Paese \u2013 <\/em><strong>afferma Marco Panieri, vicesindaco metropolitano della Citt\u00e0 metropolitana di Bologna<\/strong><em> -. Questo evento, il Bologna Fashion Festival, rappresenta non solo una celebrazione della moda, ma anche un&#8217;opportunit\u00e0 straordinaria di crescita per l&#8217;intero settore. Attraverso la filiera del pronto moda, che si distingue per la sua efficienza e per il forte indotto generato sul territorio, riusciamo a promuovere il &#8220;made in Italy&#8221; nel mondo, sostenendo centinaia di aziende e lavoratori. La Citt\u00e0 metropolitana di Bologna \u00e8 lieta di accompagnare e supportar<\/em><em>e questa iniziativa che continua a crescere e che coinvolge l\u2019intero territorio, con Bologna come cuore pulsante di innovazione, creativit\u00e0 e sostenibilit\u00e0. L&#8217;importanza di questo evento risiede anche nella capacit\u00e0 di valorizzare una filiera corta, che consente una produzione rapida e di qualit\u00e0, supportando cos\u00ec l\u2019economia locale e creando opportunit\u00e0 significative per il futuro<\/em>\u00bb.<\/p>\n<p>\u00ab<em>\u00c8 con grande orgoglio e profonda soddisfazione che presentiamo la prima edizione del Bologna Fashion Festival, un evento che celebra la moda italiana e rende omaggio alla creativit\u00e0, innovazione e sostenibilit\u00e0 del nostro territorio<\/em> \u2013 afferma <strong>Piero Scandellari<\/strong>, <em>Presidente Centergross <\/em>-. <em>Nato dall&#8217;evoluzione delle sfilate Winter Melody e Summer in Italy organizzate da Centergross, che attirano stampa e buyer nazionali ed esteri, il Bologna Fashion Festival \u00e8 frutto della strategia di promozione e internazionalizzazione volta a creare valore per le aziende locali e il territorio e posizionare Bologna al centro del panorama globale della moda<\/em>\u00bb.<\/p>\n<p>\u00ab<em>Saranno giorni vivaci per Bologna quelli della prima edizione del Bologna Fashion Festival promossa dal Centergross e, dopo le recenti sottolineature di una citt\u00e0 molto proiettata sul food come volano attrattivo, credo che anche questa iniziativa, progettata capillarmente da tempo, mostri in realt\u00e0 che Bologna non \u00e8 una citt\u00e0 che si adagia sugli allori ma \u00e8 una continua fucina di idee ed iniziative &#8211; <\/em>afferma <strong>Giuseppe Cremonesi<\/strong>, Segretario Confartigianato Imprese Bologna<em>-. Ritengo che vincente sia stata davvero l\u2019idea di creare un volano che coinvolgesse tutti i livelli della citt\u00e0 e le istituzioni e, certamente, \u00e8 un buon esempio di modello partecipativo per pensare anche nuove future proposte per valorizzare la citt\u00e0 sulla quale sempre pi\u00f9 evidente \u00e8 l\u2019attenzione di un pubblico internazionale<\/em>\u00bb.<\/p>\n<p>\u00ab<em>Il Bologna Fashion Festival \u00e8 un evento che coinvolge la citt\u00e0 e l\u2019occasione per far incontrare moda, arte e cultura con una visione internazionale \u2013 sottolinea <\/em><strong>Giuseppe Iannaccone<\/strong>, Segretario Generale Vicario Camera di commercio di Bologna<em>-. Cos\u00ec come avvenuto sin dalla nascita del Centergross, la Camera di commercio di Bologna sostiene anche questa iniziativa che potr\u00e0 rappresentare un valore aggiunto per tutta la citt\u00e0<\/em>\u00bb.<\/p>\n<p><img loading=\"lazy\" decoding=\"async\" class=\"alignnone size-medium wp-image-27401 aligncenter\" src=\"https:\/\/www.nonsolomodanews.it\/wordpress\/wp-content\/uploads\/2024\/09\/IMG_7987-e1725777265851-300x300.jpeg\" alt=\"\" width=\"300\" height=\"300\" srcset=\"https:\/\/www.nonsolomodanews.it\/wordpress\/wp-content\/uploads\/2024\/09\/IMG_7987-e1725777265851-300x300.jpeg 300w, https:\/\/www.nonsolomodanews.it\/wordpress\/wp-content\/uploads\/2024\/09\/IMG_7987-e1725777265851-1024x1024.jpeg 1024w, https:\/\/www.nonsolomodanews.it\/wordpress\/wp-content\/uploads\/2024\/09\/IMG_7987-e1725777265851-150x150.jpeg 150w, https:\/\/www.nonsolomodanews.it\/wordpress\/wp-content\/uploads\/2024\/09\/IMG_7987-e1725777265851-768x768.jpeg 768w, https:\/\/www.nonsolomodanews.it\/wordpress\/wp-content\/uploads\/2024\/09\/IMG_7987-e1725777265851.jpeg 1075w\" sizes=\"auto, (max-width: 300px) 100vw, 300px\" \/><\/p>\n<p>\u00ab<em>CNA Bologna ha collaborato con piacere a questa bella iniziativa del Centergross \u2013 <\/em>dice <strong>Benedetta Rasponi<\/strong>, componente della presidenza di Federmoda<em>&#8211; siamo contenti di aver dato il nostro contributo parlando di sostenibilit\u00e0 della moda, certi che i nostri artigiani si occupano di riuso e restyling di capi e accessori ben prima che questo fosse di moda. Speriamo che questa iniziativa possa inaugurare una riflessione pi\u00f9 ampia e articolata sullo stato di salute della filiera della moda<\/em>\u00bb.<\/p>\n<p>\u00ab<em>Eventi come questo del Bologna Fashion Festival<\/em> \u2013 sottolinea <strong>Loreno Rossi<\/strong>, <em>Direttore Confesercenti <\/em><em>Bologna <\/em>\u2013 <em>sono la giusta occasione per il rilancio del settore moda che da sempre nella Citt\u00e0 di Bologna ha dato lavoro a migliaia di persone, sia nei settori della produzione, del design e anche della vendita, all\u2019ingrosso come al dettaglio. La nostra associazione vi partecipa volentieri, grazie anche all\u2019apporto significativo della Camera di Commercio di Bologna. La moda deve tornare ad avere un ruolo da protagonista nel commercio bolognese<\/em>\u00bb.<\/p>\n<p><strong>A proposito del Centergross<\/strong><\/p>\n<p><strong>Centergross<\/strong> rappresenta la pi\u00f9 grande area commerciale business-to-business europea della Moda Pronta italiana: 1 milione di metri quadri la superficie totale, di cui 400mila area espositiva e 100mila metri quadri dedicati ad area uffici e servizi. 700 le attivit\u00e0 commerciali di livello nazionale ed internazionale di cui oltre 400 brand moda, aziende tessili e accessori, e il resto riferito ai settori di commercio, meccanica, alta tecnologia e fornitori di servizi a imprese e professionisti. Il volume di affari annuali \u00e8 di 5 miliardi di euro di cui 3,5 relativi alla moda e 60% riferito all\u00a0\u2018\u00a0esportare. Centergross conta 6mila lavoratori diretti (a cui si aggiunge l\u00a0\u2018\u00a0indotto). Ogni giorno accedono al Centergross migliaia di compratori e addetti ai lavori.<\/p>\n<p>Nato nel 1977 alle porte di Bologna, negli anni ha assunto sempre pi\u00f9 le funzioni di un vero e proprio Smart Center, mettendo a disposizione delle aziende servizi, know how, occasioni per fare networking e la sua rete di rapporti economici e istituzionali creando valore a livello locale, nazionale e internazionale. Caratteristiche che fanno di Centergross il luogo ideale per fare business.<\/p>\n<p style=\"text-align: center;\">Comunicato Stampa a cura Maria Grazia Vernuccio Ufficio stampa Centergross<br \/>\nTutti i diritti riservati \u00a9 2024 \u2013 Email: nonsolomodanews@gmail.com<\/p>\n<p>&nbsp;<\/p>\n<p>&nbsp;<\/p>\n","protected":false},"excerpt":{"rendered":"<p>Dal 12 al 14 settembre, in occasione della sfilata autunno-inverno Winter Melody organizzata da Centergross, la citt&agrave; ospiter&agrave; la prima edizione del Bologna Fashion Festival, manifestazione che celebra la creativit&agrave;, l&rsquo;innovazione e la sostenibilit&agrave;, promuovendo Bologna come un centro di rilevanza storica e contemporanea nella moda, nel settore tessile e abbigliamento. Il Festival propone al pubblico un ampio programma di sfilate, talk, workshop, esposizioni ed eventi culturali. Un grande evento che coinvolge designer, aziende, istituzioni e associazioni valorizzando, cos&igrave;, il patrimonio culturale e produttivo della citt&agrave; e del distretto regionale della moda come asset strategico posizionando Bologna tra le grandi capitali mondiali della moda.<\/p>\n","protected":false},"author":1,"featured_media":27398,"comment_status":"open","ping_status":"open","sticky":false,"template":"","format":"standard","meta":{"rop_custom_images_group":[],"rop_custom_messages_group":[],"rop_publish_now":"initial","rop_publish_now_accounts":[],"rop_publish_now_history":[],"rop_publish_now_status":"pending","footnotes":""},"categories":[16],"tags":[9854,2491,9415,9865,9866,281,9863,7988,9852,9858,9806,2804,372,9860,9855,9857,9859,9848,9856,572,9862,9416,9849,9864,9861,9417,9850,9137,1099,9013,9853,7994,9421,7991,9851,9867],"class_list":["post-27395","post","type-post","status-publish","format-standard","has-post-thumbnail","hentry","category-articolo","tag-agricoltura-di-bologna","tag-alessandra-lepri","tag-angela-mele-milano","tag-aon","tag-banca-intesa-sanpaolo","tag-bruno-angelo-porcellana","tag-camera-di-commercio-industria-artigianato","tag-centergross","tag-citta-metropolitana-di-bologna","tag-cna-bologna","tag-cna-federmoda","tag-comune-di-bologna","tag-comunicato-stampa-2","tag-confartigianato-bologna","tag-confcommercio-ascom-bologna","tag-confesercenti-bologna","tag-confindustria-emilia-area-centro","tag-efi-dangio","tag-federmoda-bologna","tag-fondazione-ant","tag-fondazione-bologna-welcome","tag-gil-santucci","tag-haveone","tag-il-resto-del-carlino","tag-ita-italian-trade-agency","tag-j-b4","tag-keyra-alberto-cacciari","tag-maria-grazia-vernuccio","tag-nonsolomodanews","tag-piero-scandellari","tag-regione-emilia-romagna","tag-rinascimento","tag-sophia-curvy","tag-souvenir","tag-susy-star-by-susy-mix","tag-zini-elio"],"_links":{"self":[{"href":"https:\/\/www.nonsolomodanews.it\/wordpress\/wp-json\/wp\/v2\/posts\/27395","targetHints":{"allow":["GET"]}}],"collection":[{"href":"https:\/\/www.nonsolomodanews.it\/wordpress\/wp-json\/wp\/v2\/posts"}],"about":[{"href":"https:\/\/www.nonsolomodanews.it\/wordpress\/wp-json\/wp\/v2\/types\/post"}],"author":[{"embeddable":true,"href":"https:\/\/www.nonsolomodanews.it\/wordpress\/wp-json\/wp\/v2\/users\/1"}],"replies":[{"embeddable":true,"href":"https:\/\/www.nonsolomodanews.it\/wordpress\/wp-json\/wp\/v2\/comments?post=27395"}],"version-history":[{"count":6,"href":"https:\/\/www.nonsolomodanews.it\/wordpress\/wp-json\/wp\/v2\/posts\/27395\/revisions"}],"predecessor-version":[{"id":27406,"href":"https:\/\/www.nonsolomodanews.it\/wordpress\/wp-json\/wp\/v2\/posts\/27395\/revisions\/27406"}],"wp:featuredmedia":[{"embeddable":true,"href":"https:\/\/www.nonsolomodanews.it\/wordpress\/wp-json\/wp\/v2\/media\/27398"}],"wp:attachment":[{"href":"https:\/\/www.nonsolomodanews.it\/wordpress\/wp-json\/wp\/v2\/media?parent=27395"}],"wp:term":[{"taxonomy":"category","embeddable":true,"href":"https:\/\/www.nonsolomodanews.it\/wordpress\/wp-json\/wp\/v2\/categories?post=27395"},{"taxonomy":"post_tag","embeddable":true,"href":"https:\/\/www.nonsolomodanews.it\/wordpress\/wp-json\/wp\/v2\/tags?post=27395"}],"curies":[{"name":"wp","href":"https:\/\/api.w.org\/{rel}","templated":true}]}}