{"id":27273,"date":"2024-09-05T19:49:21","date_gmt":"2024-09-05T19:49:21","guid":{"rendered":"https:\/\/www.nonsolomodanews.it\/wordpress\/?p=27273"},"modified":"2024-09-05T19:51:34","modified_gmt":"2024-09-05T19:51:34","slug":"settembre-mese-di-finali-nazionali-dei-concorsi-di-bellezza","status":"publish","type":"post","link":"https:\/\/www.nonsolomodanews.it\/wordpress\/settembre-mese-di-finali-nazionali-dei-concorsi-di-bellezza\/","title":{"rendered":"Settembre, mese di finali nazionali dei concorsi di Bellezza"},"content":{"rendered":"<div id=\"attachment_27274\" style=\"width: 310px\" class=\"wp-caption alignleft\"><img loading=\"lazy\" decoding=\"async\" aria-describedby=\"caption-attachment-27274\" class=\"wp-image-27274 size-medium\" src=\"https:\/\/www.nonsolomodanews.it\/wordpress\/wp-content\/uploads\/2024\/09\/finale-2015-1024x519-1-300x152.jpg\" alt=\"\" width=\"300\" height=\"152\" srcset=\"https:\/\/www.nonsolomodanews.it\/wordpress\/wp-content\/uploads\/2024\/09\/finale-2015-1024x519-1-300x152.jpg 300w, https:\/\/www.nonsolomodanews.it\/wordpress\/wp-content\/uploads\/2024\/09\/finale-2015-1024x519-1-768x389.jpg 768w, https:\/\/www.nonsolomodanews.it\/wordpress\/wp-content\/uploads\/2024\/09\/finale-2015-1024x519-1.jpg 1024w\" sizes=\"auto, (max-width: 300px) 100vw, 300px\" \/><p id=\"caption-attachment-27274\" class=\"wp-caption-text\">Venere d&#8217;Italia 2023<\/p><\/div>\n<p><span style=\"color: #000000;\">Settembre \u00e8 il mese delle finali dei concorsi che hanno una valenza sia locale che nazionale. Si parte dalle prefinali di Miss Italia, in quel delle Marche per passare in Romagna con la finale del concorso Miss Reginetta, Miss Universe, Miss Mondo fino ad arrivare al concorso nazionale Venere d&#8217;Italia che andr\u00e0 in scena dal 12 al 15 di settembre in Calabria. Chiedo scusa sin da subito se ho dimenticato qualche concorso ma ce ne sono cos\u00ec tanti che perdersi \u00e8 facile. Tante sono le concorrenti che tentano la fortuna partecipando ai vari concorsi sopracitati. Poche le ragazze che, ottenuta l&#8217;effimera notoriet\u00e0 derivante dalla vittoria di un concorso, riusciranno a rimanere in auge e affermarsi nel campo della moda e dello spettacolo ma sognare non \u00e8 un peccato e fin quando non ci si sveglia tutto pu\u00f2 diventare realt\u00e0. La storia dei concorsi ce lo insegna. In bocca al lupo aspiranti Miss e Veneri,\u00a0 godetevi questo momento e se anche non vincerete il concorso siate contente lo stesso, nella vita la bellezza con il tempo sfiorisce ma il talento, la preparazione e lo studio rimangono e nessuno ve li potr\u00e0 mai portare via.\u00a0 Ad maiora!<\/span><\/p>\n<p><span style=\"color: #000000;\"><a style=\"color: #000000;\" href=\"https:\/\/www.instagram.com\/brunoangeloporcellana\/\">Bruno Angelo Porcellana<\/a><\/span><\/p>\n<p style=\"text-align: center;\"><span style=\"color: #000000;\">I crediti delle fotografie appartengono ai relativi fotografi del concorso Venere d&#8217;Italia 2023<\/span><br \/>\n<span style=\"color: #000000;\">Tutti i diritti riservati \u00a9 2024 \u2013 Email: nonsolomodanews@gmail.com<\/span><\/p>\n","protected":false},"excerpt":{"rendered":"<p>Settembre &egrave; il mese delle finali dei concorsi che hanno una valenza sia locale che nazionale. Si parte dalle prefinali di Miss Italia, in quel delle Marche per passare in Romagna con la finale del concorso Miss Reginetta, Miss Universe, Miss Mondo fino ad arrivare al concorso nazionale Venere d&rsquo;Italia che andr&agrave; in scena dal 12 al 15 di settembre in Calabria. Chiedo scusa sin da subito se ho dimenticato qualche concorso ma ce ne sono cos&igrave; tanti che perdersi &egrave; facile. Tante sono le concorrenti che tentano la fortuna partecipando ai vari concorsi sopracitati. Poche le ragazze che, ottenuta l&rsquo;effimera notoriet&agrave; derivante dalla vittoria di un concorso, riusciranno a rimanere in auge e affermarsi nel campo della moda e dello spettacolo ma sognare non &egrave; un peccato e fin quando non ci si sveglia tutto pu&ograve; diventare realt&agrave;. La storia dei concorsi ce lo insegna. In bocca al lupo aspiranti Miss e Veneri,&nbsp; godetevi questo momento e se anche non vincerete il concorso siate contente lo stesso, nella vita la bellezza con il tempo sfiorisce ma il talento, la preparazione e lo studio rimangono e nessuno ve li potr&agrave; mai portare via.&nbsp; Ad maiora! Bruno Angelo Porcellana I crediti [&hellip;]<\/p>\n","protected":false},"author":1,"featured_media":27275,"comment_status":"open","ping_status":"open","sticky":false,"template":"","format":"standard","meta":{"rop_custom_images_group":[],"rop_custom_messages_group":[],"rop_publish_now":"initial","rop_publish_now_accounts":[],"rop_publish_now_history":[],"rop_publish_now_status":"pending","footnotes":""},"categories":[16],"tags":[7552,281,1036,1099,1162,1605],"class_list":["post-27273","post","type-post","status-publish","format-standard","has-post-thumbnail","hentry","category-articolo","tag-adriano-bevilacqua","tag-bruno-angelo-porcellana","tag-modella","tag-nonsolomodanews","tag-pietro-cortese","tag-venere-ditalia"],"_links":{"self":[{"href":"https:\/\/www.nonsolomodanews.it\/wordpress\/wp-json\/wp\/v2\/posts\/27273","targetHints":{"allow":["GET"]}}],"collection":[{"href":"https:\/\/www.nonsolomodanews.it\/wordpress\/wp-json\/wp\/v2\/posts"}],"about":[{"href":"https:\/\/www.nonsolomodanews.it\/wordpress\/wp-json\/wp\/v2\/types\/post"}],"author":[{"embeddable":true,"href":"https:\/\/www.nonsolomodanews.it\/wordpress\/wp-json\/wp\/v2\/users\/1"}],"replies":[{"embeddable":true,"href":"https:\/\/www.nonsolomodanews.it\/wordpress\/wp-json\/wp\/v2\/comments?post=27273"}],"version-history":[{"count":5,"href":"https:\/\/www.nonsolomodanews.it\/wordpress\/wp-json\/wp\/v2\/posts\/27273\/revisions"}],"predecessor-version":[{"id":27280,"href":"https:\/\/www.nonsolomodanews.it\/wordpress\/wp-json\/wp\/v2\/posts\/27273\/revisions\/27280"}],"wp:featuredmedia":[{"embeddable":true,"href":"https:\/\/www.nonsolomodanews.it\/wordpress\/wp-json\/wp\/v2\/media\/27275"}],"wp:attachment":[{"href":"https:\/\/www.nonsolomodanews.it\/wordpress\/wp-json\/wp\/v2\/media?parent=27273"}],"wp:term":[{"taxonomy":"category","embeddable":true,"href":"https:\/\/www.nonsolomodanews.it\/wordpress\/wp-json\/wp\/v2\/categories?post=27273"},{"taxonomy":"post_tag","embeddable":true,"href":"https:\/\/www.nonsolomodanews.it\/wordpress\/wp-json\/wp\/v2\/tags?post=27273"}],"curies":[{"name":"wp","href":"https:\/\/api.w.org\/{rel}","templated":true}]}}