{"id":27149,"date":"2024-07-20T05:00:13","date_gmt":"2024-07-20T05:00:13","guid":{"rendered":"https:\/\/www.nonsolomodanews.it\/wordpress\/?p=27149"},"modified":"2024-07-20T05:00:13","modified_gmt":"2024-07-20T05:00:13","slug":"eicma-ledizione-dei-110-anni-e-gia-pronta-a-lasciare-il-segno","status":"publish","type":"post","link":"https:\/\/www.nonsolomodanews.it\/wordpress\/eicma-ledizione-dei-110-anni-e-gia-pronta-a-lasciare-il-segno\/","title":{"rendered":"EICMA, L\u2019EDIZIONE DEI 110 ANNI \u00c8 GI\u00c0 PRONTA A LASCIARE IL SEGNO"},"content":{"rendered":"<p><span style=\"color: #000000;\"><strong><em><img loading=\"lazy\" decoding=\"async\" class=\"size-medium wp-image-27150 alignleft\" src=\"https:\/\/www.nonsolomodanews.it\/wordpress\/wp-content\/uploads\/2024\/07\/EICMA_CAMP_VERT-master-214x300.jpg\" alt=\"\" width=\"214\" height=\"300\" srcset=\"https:\/\/www.nonsolomodanews.it\/wordpress\/wp-content\/uploads\/2024\/07\/EICMA_CAMP_VERT-master-214x300.jpg 214w, https:\/\/www.nonsolomodanews.it\/wordpress\/wp-content\/uploads\/2024\/07\/EICMA_CAMP_VERT-master-731x1024.jpg 731w, https:\/\/www.nonsolomodanews.it\/wordpress\/wp-content\/uploads\/2024\/07\/EICMA_CAMP_VERT-master-768x1075.jpg 768w, https:\/\/www.nonsolomodanews.it\/wordpress\/wp-content\/uploads\/2024\/07\/EICMA_CAMP_VERT-master-1097x1536.jpg 1097w, https:\/\/www.nonsolomodanews.it\/wordpress\/wp-content\/uploads\/2024\/07\/EICMA_CAMP_VERT-master-1463x2048.jpg 1463w, https:\/\/www.nonsolomodanews.it\/wordpress\/wp-content\/uploads\/2024\/07\/EICMA_CAMP_VERT-master-1080x1512.jpg 1080w, https:\/\/www.nonsolomodanews.it\/wordpress\/wp-content\/uploads\/2024\/07\/EICMA_CAMP_VERT-master-scaled.jpg 1829w\" sizes=\"auto, (max-width: 214px) 100vw, 214px\" \/>L\u2019Esposizione internazionale delle due ruote presenta la campagna di comunicazione e apre il cammino verso l\u2019evento 2024, che si terr\u00e0 dal 5 al 10 novembre a Fiera Milano-Rho. Biglietti online dal 1\u00b0 di agosto<\/em><\/strong><\/span><\/p>\n<p><span style=\"color: #000000;\">1914-2024. EICMA compie 110 anni e si appresta a celebrare in grande stile una nuova edizione, la numero 81, dal 5 al 10 novembre prossimi, a Fiera Milano-Rho. L\u2019Esposizione internazionale delle due ruote ha infatti lanciato stamane la sua campagna di comunicazione, segnando cos\u00ec il calcio d\u2019inizio del percorso di promozione di EICMA 2024.<\/span><\/p>\n<p><!--more--><\/p>\n<p><span style=\"color: #000000;\">Il claim scelto, \u201cEicma. Lasciamo il segno da 110 anni\u201d, \u00e8 un manifesto della kermesse internazionale stessa, che campeggia su un visual che descrive, con un tratto artistico, la scia lasciata dal passaggio di una moto. A spiegarne l\u2019ispirazione \u00e8 il presidente di EICMA,\u00a0<strong>Pietro Meda<\/strong>, sottolineando come \u201cEICMA segni ogni anno un prima e un dopo: al termine di tutte le edizioni il mondo delle due ruote, cos\u00ec come quello della mobilit\u00e0, non \u00e8 infatti pi\u00f9 lo stesso: si trasforma, evolve, compie un passo in avanti\u201d.<\/span><\/p>\n<p><span style=\"color: #000000;\">\u201cL\u2019obiettivo \u2013 ha rimarcato l\u2019ad\u00a0<strong>Paolo Magri<\/strong>\u00a0&#8211; \u00e8 quindi celebrare la storia, l\u2019evoluzione del brand EICMA e la sua funzione esclusiva per l\u2019industria e la filiera, ma soprattutto un traguardo unico al mondo, che molto probabilmente non ha precedenti tra le manifestazioni fieristiche di ogni natura merceologica\u201d. Ed \u00e8 lo stesso Lorenzo Marini, artista, pubblicitario, co-founder e direttore creativo dell\u2019agenzia Yes Marini di Milano, che ha firmato nuovamente la campagna di EICMA, ad esprimere il senso del suo lavoro creativo.<\/span><\/p>\n<p><span style=\"color: #000000;\">\u201cLa differenza tra il prodotto e la marca \u2013 ha dichiarato Marini &#8211; \u00e8 che, mentre il prodotto fa, la marca \u00e8. Mentre il prodotto lascia un ricordo, la marca lascia un segno. Eicma ha il grande privilegio di lasciare segni da 110 anni. Anche la scia di una moto racconta la bellezza della velocit\u00e0, il piacere della libert\u00e0, il viaggio nel tempo\u201d.<\/span><\/p>\n<p><span style=\"color: #000000;\">Il cammino verso EICMA 2024 \u00e8 quindi aperto: appuntamento per tutti gli appassionati dal 5 al 10 novembre,\u00a0<strong>le giornate di marted\u00ec 5 e mercoled\u00ec 6 sono riservate ai professionisti del settore<\/strong>, mentre\u00a0<strong>l\u2019apertura al grande pubblico \u00e8 prevista da gioved\u00ec 7 a domenica 10 novembre.<\/strong>\u00a0Sul sito della manifestazione sono gi\u00e0 disponibili le prime informazioni di quella che si annuncia un\u2019edizione contraddistinta da grandi numeri, grandi ritorni e da un\u2019offerta espositiva e di intrattenimento uniche e coinvolgenti.\u00a0<strong>La biglietteria, online, sempre sul sito\u00a0<a style=\"color: #000000;\" href=\"https:\/\/provafsd.musvc3.net\/e\/tr?q=9%3d6VQbCW%264%3dW%26s%3dXPb%26t%3dUJd8ZL%26Q%3dmNBL_wukv_8e_0wXt_Jl_wukv_7jES2.919r5.1P%26i%3dGCO17K.JjN%261O%3d7WQc%26yM%3dJf7XRc6aReEdKe%26m%3daRBEY7f5sNZE6Lcg5QXkUxA90xZ6bK8h6Lcf9IdjYNXCbOYkdRcCcxAfUuc0dIW7VuX8&amp;mupckp=mupAtu4m8OiX0wt\">www.eicma.it<\/a>, aprir\u00e0 invece il primo di agosto.<\/strong><\/span><\/p>\n<p><span style=\"color: #000000;\">Comunicato stampa<\/span><\/p>\n<p style=\"text-align: center;\"><span style=\"color: #000000;\">Testo e immagini a cura ufficio Stampa Eicma \u2013 Alessandro RE<\/span><br \/>\n<span style=\"color: #000000;\">Tutti i diritti riservati \u00a9 2023 \u2013 Email: nonsolomodanews@gmail.com<\/span><\/p>\n","protected":false},"excerpt":{"rendered":"<p>L&rsquo;Esposizione internazionale delle due ruote presenta la campagna di comunicazione e apre il cammino verso l&rsquo;evento 2024, che si terr&agrave; dal 5 al 10 novembre a Fiera Milano-Rho. Biglietti online dal 1&deg; di agosto 1914-2024. EICMA compie 110 anni e si appresta a celebrare in grande stile una nuova edizione, la numero 81, dal 5 al 10 novembre prossimi, a Fiera Milano-Rho. L&rsquo;Esposizione internazionale delle due ruote ha infatti lanciato stamane la sua campagna di comunicazione, segnando cos&igrave; il calcio d&rsquo;inizio del percorso di promozione di EICMA 2024.<\/p>\n","protected":false},"author":1,"featured_media":27151,"comment_status":"open","ping_status":"open","sticky":false,"template":"","format":"standard","meta":{"rop_custom_images_group":[],"rop_custom_messages_group":[],"rop_publish_now":"initial","rop_publish_now_accounts":[],"rop_publish_now_history":[],"rop_publish_now_status":"pending","footnotes":""},"categories":[16],"tags":[9808,372,1689,1099],"class_list":["post-27149","post","type-post","status-publish","format-standard","has-post-thumbnail","hentry","category-articolo","tag-bruno-angelo-porcelllana","tag-comunicato-stampa-2","tag-eicma","tag-nonsolomodanews"],"_links":{"self":[{"href":"https:\/\/www.nonsolomodanews.it\/wordpress\/wp-json\/wp\/v2\/posts\/27149","targetHints":{"allow":["GET"]}}],"collection":[{"href":"https:\/\/www.nonsolomodanews.it\/wordpress\/wp-json\/wp\/v2\/posts"}],"about":[{"href":"https:\/\/www.nonsolomodanews.it\/wordpress\/wp-json\/wp\/v2\/types\/post"}],"author":[{"embeddable":true,"href":"https:\/\/www.nonsolomodanews.it\/wordpress\/wp-json\/wp\/v2\/users\/1"}],"replies":[{"embeddable":true,"href":"https:\/\/www.nonsolomodanews.it\/wordpress\/wp-json\/wp\/v2\/comments?post=27149"}],"version-history":[{"count":2,"href":"https:\/\/www.nonsolomodanews.it\/wordpress\/wp-json\/wp\/v2\/posts\/27149\/revisions"}],"predecessor-version":[{"id":27153,"href":"https:\/\/www.nonsolomodanews.it\/wordpress\/wp-json\/wp\/v2\/posts\/27149\/revisions\/27153"}],"wp:featuredmedia":[{"embeddable":true,"href":"https:\/\/www.nonsolomodanews.it\/wordpress\/wp-json\/wp\/v2\/media\/27151"}],"wp:attachment":[{"href":"https:\/\/www.nonsolomodanews.it\/wordpress\/wp-json\/wp\/v2\/media?parent=27149"}],"wp:term":[{"taxonomy":"category","embeddable":true,"href":"https:\/\/www.nonsolomodanews.it\/wordpress\/wp-json\/wp\/v2\/categories?post=27149"},{"taxonomy":"post_tag","embeddable":true,"href":"https:\/\/www.nonsolomodanews.it\/wordpress\/wp-json\/wp\/v2\/tags?post=27149"}],"curies":[{"name":"wp","href":"https:\/\/api.w.org\/{rel}","templated":true}]}}