{"id":27125,"date":"2024-07-15T15:44:53","date_gmt":"2024-07-15T15:44:53","guid":{"rendered":"https:\/\/www.nonsolomodanews.it\/wordpress\/?p=27125"},"modified":"2024-07-15T15:45:13","modified_gmt":"2024-07-15T15:45:13","slug":"micam-milano-presenta-le-macrotendenze-calzature-per-la-primavera-estate-2025","status":"publish","type":"post","link":"https:\/\/www.nonsolomodanews.it\/wordpress\/micam-milano-presenta-le-macrotendenze-calzature-per-la-primavera-estate-2025\/","title":{"rendered":"MICAM Milano presenta le Macrotendenze Calzature per la Primavera\/Estate 2025"},"content":{"rendered":"<p><span style=\"color: #000000;\"><img loading=\"lazy\" decoding=\"async\" class=\"size-medium wp-image-27126 alignleft\" src=\"https:\/\/www.nonsolomodanews.it\/wordpress\/wp-content\/uploads\/2024\/07\/420173140_801441058688554_2352571235233709722_n-300x114.jpg\" alt=\"\" width=\"300\" height=\"114\" srcset=\"https:\/\/www.nonsolomodanews.it\/wordpress\/wp-content\/uploads\/2024\/07\/420173140_801441058688554_2352571235233709722_n-300x114.jpg 300w, https:\/\/www.nonsolomodanews.it\/wordpress\/wp-content\/uploads\/2024\/07\/420173140_801441058688554_2352571235233709722_n-768x292.jpg 768w, https:\/\/www.nonsolomodanews.it\/wordpress\/wp-content\/uploads\/2024\/07\/420173140_801441058688554_2352571235233709722_n.jpg 960w\" sizes=\"auto, (max-width: 300px) 100vw, 300px\" \/>MICAM Milano, il pi\u00f9 importante salone internazionale del settore calzaturiero che si terr\u00e0 dal 15 al 17 settembre 2024 a Fiera Milano (Rho) \u00e8 lieto di presentare il nuovo Trend Book dedicato alle tendenze per la Primavera\/Estate 2025. Questa guida esclusiva, sviluppata in collaborazione con Livetrend, start-up all&#8217;avanguardia nell&#8217;analisi di tendenza e di mercato, offre una panoramica dettagliata delle quattro principali macrotendenze che domineranno la prossima stagione.<\/span><\/p>\n<p><span style=\"color: #000000;\"><!--more--><\/span><\/p>\n<h1><span style=\"color: #000000;\">Heirloom<\/span><\/h1>\n<p><span style=\"color: #000000;\">La tendenza Heirloom celebra l\u2019artigianalit\u00e0 e il fascino della tradizione. Ispirata all\u2019estetica retr\u00f2 e rurale, questa tendenza promuove l\u2019uso di materiali naturali come la rafia e le pelli scamosciate, valorizzando dettagli artigianali come le frange e i tacchi in materiali naturali. Heirloom rappresenta un mix di autenticit\u00e0 ed eleganza rustica, con un forte legame al patrimonio culturale e comunitario.<\/span><\/p>\n<h1><span style=\"color: #000000;\">Avant-Garde<\/span><\/h1>\n<p><span style=\"color: #000000;\">Avant-Garde abbraccia l\u2019individualit\u00e0 e l\u2019espressione creativa. Questa tendenza mescola stili sportivi e preppy con un\u2019audace creativit\u00e0, utilizzando materiali inaspettati e audaci color-block. I dettagli chiave includono perforazioni retr\u00f2 e finiture lucide, creando scarpe dinamiche e innovative che si distinguono per il loro stile unico e portabile.<\/span><\/p>\n<p><span style=\"color: #000000;\">Promosso da:<\/span><\/p>\n<h1><span style=\"color: #000000;\">Empathy<\/span><\/h1>\n<p><span style=\"color: #000000;\">Empathy incarna un\u2019allure sensuale e intima, spaziando dal minimalismo al massimalismo. Focus su materiali delicati e texture ricche, con dettagli come drappeggi, effetti scrunchy ed elementi stringati. Questa tendenza celebra la fusione di comfort e raffinatezza, invitando chi le indossa a connettersi con i propri sensi e a abbracciare la bellezza delle imperfezioni.<\/span><\/p>\n<h1><span style=\"color: #000000;\">Preservation<\/span><\/h1>\n<p><span style=\"color: #000000;\">La tendenza Preservation combina innovazione e biotecnologia, proiettando un\u2019estetica futuristica ed elegante. Caratterizzata da materiali innovativi e sostenibili, questa tendenza enfatizza la funzionalit\u00e0 e la longevit\u00e0 con un\u2019estetica utility. Preservation unisce forma e funzione, offrendo una visione in cui moda e tecnologia convergono per creare stili duraturi e sostenibili.<\/span><\/p>\n<p><span style=\"color: #000000;\">MICAM Milano, sempre attenta alle esigenze di un settore in continua evoluzione, presenta questa guida ai trend come strumento fondamentale per aiutare i buyer e gli operatori del settore ad orientarsi tra le tendenze stagionali, con l\u2019obiettivo di ottimizzare gli acquisiti, ridurre l\u2019invenduto e migliorare l\u2019impatto commerciale e ambientale delle collezioni future. La collaborazione con Livetrend permette di offrire previsioni precise e affidabili, supportate da un\u2019analisi approfondita di milioni di immagini e informazioni provenienti da diverse fonti web, social media e sfilate di moda.<\/span><\/p>\n<p><span style=\"color: #000000;\">MICAM Milano \u00e8 pronta per la prossima edizione e si conferma punto di riferimento per l\u2019innovazione e la creativit\u00e0 nel settore calzaturiero.<\/span><\/p>\n<p style=\"text-align: center;\"><span style=\"color: #000000;\">A cura ufficio stampa MICAM Per Maggiori Informazioni:\u00a0<a style=\"color: #000000;\" href=\"http:\/\/www.themicam.com\/\">www.themicam.com<\/a><\/span><br \/>\n<span style=\"color: #000000;\">Tutti i diritti riservati \u00a9 2024 \u2013 Email: nonsolomodanews@gmail.com<\/span><\/p>\n<p>&nbsp;<\/p>\n","protected":false},"excerpt":{"rendered":"<p>MICAM Milano, il pi&ugrave; importante salone internazionale del settore calzaturiero che si terr&agrave; dal 15 al 17 settembre 2024 a Fiera Milano (Rho) &egrave; lieto di presentare il nuovo Trend Book dedicato alle tendenze per la Primavera\/Estate 2025. Questa guida esclusiva, sviluppata in collaborazione con Livetrend, start-up all&rsquo;avanguardia nell&rsquo;analisi di tendenza e di mercato, offre una panoramica dettagliata delle quattro principali macrotendenze che domineranno la prossima stagione.<\/p>\n","protected":false},"author":1,"featured_media":27127,"comment_status":"open","ping_status":"open","sticky":false,"template":"","format":"standard","meta":{"rop_custom_images_group":[],"rop_custom_messages_group":[],"rop_publish_now":"initial","rop_publish_now_accounts":[],"rop_publish_now_history":[],"rop_publish_now_status":"pending","footnotes":""},"categories":[16],"tags":[281,372,2946,1099,2017],"class_list":["post-27125","post","type-post","status-publish","format-standard","has-post-thumbnail","hentry","category-articolo","tag-bruno-angelo-porcellana","tag-comunicato-stampa-2","tag-fiera-rho","tag-nonsolomodanews","tag-the-micam"],"_links":{"self":[{"href":"https:\/\/www.nonsolomodanews.it\/wordpress\/wp-json\/wp\/v2\/posts\/27125","targetHints":{"allow":["GET"]}}],"collection":[{"href":"https:\/\/www.nonsolomodanews.it\/wordpress\/wp-json\/wp\/v2\/posts"}],"about":[{"href":"https:\/\/www.nonsolomodanews.it\/wordpress\/wp-json\/wp\/v2\/types\/post"}],"author":[{"embeddable":true,"href":"https:\/\/www.nonsolomodanews.it\/wordpress\/wp-json\/wp\/v2\/users\/1"}],"replies":[{"embeddable":true,"href":"https:\/\/www.nonsolomodanews.it\/wordpress\/wp-json\/wp\/v2\/comments?post=27125"}],"version-history":[{"count":2,"href":"https:\/\/www.nonsolomodanews.it\/wordpress\/wp-json\/wp\/v2\/posts\/27125\/revisions"}],"predecessor-version":[{"id":27129,"href":"https:\/\/www.nonsolomodanews.it\/wordpress\/wp-json\/wp\/v2\/posts\/27125\/revisions\/27129"}],"wp:featuredmedia":[{"embeddable":true,"href":"https:\/\/www.nonsolomodanews.it\/wordpress\/wp-json\/wp\/v2\/media\/27127"}],"wp:attachment":[{"href":"https:\/\/www.nonsolomodanews.it\/wordpress\/wp-json\/wp\/v2\/media?parent=27125"}],"wp:term":[{"taxonomy":"category","embeddable":true,"href":"https:\/\/www.nonsolomodanews.it\/wordpress\/wp-json\/wp\/v2\/categories?post=27125"},{"taxonomy":"post_tag","embeddable":true,"href":"https:\/\/www.nonsolomodanews.it\/wordpress\/wp-json\/wp\/v2\/tags?post=27125"}],"curies":[{"name":"wp","href":"https:\/\/api.w.org\/{rel}","templated":true}]}}