{"id":27104,"date":"2024-07-12T13:35:04","date_gmt":"2024-07-12T13:35:04","guid":{"rendered":"https:\/\/www.nonsolomodanews.it\/wordpress\/?p=27104"},"modified":"2024-07-12T13:37:13","modified_gmt":"2024-07-12T13:37:13","slug":"roma-stato-maggiore-dellaeronautica-militare-sguardo-verso-il-futuro","status":"publish","type":"post","link":"https:\/\/www.nonsolomodanews.it\/wordpress\/roma-stato-maggiore-dellaeronautica-militare-sguardo-verso-il-futuro\/","title":{"rendered":"Roma &#8211; Stato Maggiore dell&#8217;Aeronautica Militare &#8211; Sguardo verso il futuro"},"content":{"rendered":"<p><span style=\"color: #000000;\"><strong>Il 26 giugno 2024<\/strong><strong>,<\/strong><strong> all\u2019interno del cortile dello Stato <\/strong><strong>M<\/strong><strong>aggiore dell\u2019Aeronautica militare italiana<\/strong><strong> in Roma,<\/strong><strong> ha avuto luogo l\u2019attesa sfilata<\/strong><strong> Sguardo verso il futuro.<\/strong><strong> Un evento realizzato su iniziativa della Forza armata e di Mosaico Casting, che ha rinvenuto in Maria Caridad Palac\u00edo il suo elemento propulsore.<\/strong><\/span><br \/>\n<span style=\"color: #000000;\">Numerose le creazioni di diversi stilisti, introdotte sulla passerella da Eleonora D\u2019Alessandro e accompagnate dalla splendida voce \u00ablive\u00bb della cantante Michelle. Nella medesima occasione, con il pensiero alla Madonna di Loreto, protettrice di tutti gli aeronauti, nella sala a lei dedicata \u00e8 stata esposta anche la collezione di alta moda \u201cMadonne lucane\u201d, dello stilista Michele Miglionico, ispirata alle figure sacre femminili del meridione d\u2019Italia, portate in processione dalle donne del Sud. Al termine del d\u00e9fil\u00e9 sono stati attribuiti vari riconoscimenti, tra i quali per l\u2019abito pi\u00f9 avanguardistico, per quello pi\u00f9 scenografico e per quello pi\u00f9 a tema. La targa d\u2019eccellenza per il vestito Mosaico e Madonna di Loreto \u00e8 stata consegnata a Laura Quarta. Alla serata \u00e8 intervenuto il ministro della Cultura Sangiuliano<\/span><\/p>\n<p style=\"text-align: center;\"><span style=\"color: #000000;\">Riconoscimenti:<\/span><\/p>\n<p style=\"text-align: center;\"><span style=\"color: #000000;\">Miglior Abito\u201dScenografico\u201d a Yosmany Larrea (Cuba, 27\/07\/87)<\/span><\/p>\n<p><span style=\"color: #000000;\"><img loading=\"lazy\" decoding=\"async\" class=\"size-medium wp-image-27106 aligncenter\" src=\"https:\/\/www.nonsolomodanews.it\/wordpress\/wp-content\/uploads\/2024\/07\/Sfilata-Palazzo-Aeronautica-010-Scenografico-300x200.jpg\" alt=\"\" width=\"300\" height=\"200\" srcset=\"https:\/\/www.nonsolomodanews.it\/wordpress\/wp-content\/uploads\/2024\/07\/Sfilata-Palazzo-Aeronautica-010-Scenografico-300x200.jpg 300w, https:\/\/www.nonsolomodanews.it\/wordpress\/wp-content\/uploads\/2024\/07\/Sfilata-Palazzo-Aeronautica-010-Scenografico-1024x682.jpg 1024w, https:\/\/www.nonsolomodanews.it\/wordpress\/wp-content\/uploads\/2024\/07\/Sfilata-Palazzo-Aeronautica-010-Scenografico-768x512.jpg 768w, https:\/\/www.nonsolomodanews.it\/wordpress\/wp-content\/uploads\/2024\/07\/Sfilata-Palazzo-Aeronautica-010-Scenografico-1536x1023.jpg 1536w, https:\/\/www.nonsolomodanews.it\/wordpress\/wp-content\/uploads\/2024\/07\/Sfilata-Palazzo-Aeronautica-010-Scenografico-1080x720.jpg 1080w, https:\/\/www.nonsolomodanews.it\/wordpress\/wp-content\/uploads\/2024\/07\/Sfilata-Palazzo-Aeronautica-010-Scenografico.jpg 1600w\" sizes=\"auto, (max-width: 300px) 100vw, 300px\" \/><img loading=\"lazy\" decoding=\"async\" class=\"size-medium wp-image-27108 aligncenter\" src=\"https:\/\/www.nonsolomodanews.it\/wordpress\/wp-content\/uploads\/2024\/07\/Sfilata-Palazzo-Aeronautica-023-300x200.jpg\" alt=\"\" width=\"300\" height=\"200\" srcset=\"https:\/\/www.nonsolomodanews.it\/wordpress\/wp-content\/uploads\/2024\/07\/Sfilata-Palazzo-Aeronautica-023-300x200.jpg 300w, https:\/\/www.nonsolomodanews.it\/wordpress\/wp-content\/uploads\/2024\/07\/Sfilata-Palazzo-Aeronautica-023-1024x682.jpg 1024w, https:\/\/www.nonsolomodanews.it\/wordpress\/wp-content\/uploads\/2024\/07\/Sfilata-Palazzo-Aeronautica-023-768x512.jpg 768w, https:\/\/www.nonsolomodanews.it\/wordpress\/wp-content\/uploads\/2024\/07\/Sfilata-Palazzo-Aeronautica-023-1536x1023.jpg 1536w, https:\/\/www.nonsolomodanews.it\/wordpress\/wp-content\/uploads\/2024\/07\/Sfilata-Palazzo-Aeronautica-023-1080x720.jpg 1080w, https:\/\/www.nonsolomodanews.it\/wordpress\/wp-content\/uploads\/2024\/07\/Sfilata-Palazzo-Aeronautica-023.jpg 1600w\" sizes=\"auto, (max-width: 300px) 100vw, 300px\" \/><\/span><\/p>\n<p style=\"text-align: center;\"><span style=\"color: #000000;\">Miglior Abito \u201cAvanguardistico\u201d a Paul Roger Tanonkou (Camerun, 30\/06\/66), direttore creativo del brand Zenam<\/span><\/p>\n<p><span style=\"color: #000000;\"><img loading=\"lazy\" decoding=\"async\" class=\"size-medium wp-image-27105 aligncenter\" src=\"https:\/\/www.nonsolomodanews.it\/wordpress\/wp-content\/uploads\/2024\/07\/Sfilata-Palazzo-Aeronautica-012-Avanguardistico-300x200.jpg\" alt=\"\" width=\"300\" height=\"200\" srcset=\"https:\/\/www.nonsolomodanews.it\/wordpress\/wp-content\/uploads\/2024\/07\/Sfilata-Palazzo-Aeronautica-012-Avanguardistico-300x200.jpg 300w, https:\/\/www.nonsolomodanews.it\/wordpress\/wp-content\/uploads\/2024\/07\/Sfilata-Palazzo-Aeronautica-012-Avanguardistico-1024x682.jpg 1024w, https:\/\/www.nonsolomodanews.it\/wordpress\/wp-content\/uploads\/2024\/07\/Sfilata-Palazzo-Aeronautica-012-Avanguardistico-768x512.jpg 768w, https:\/\/www.nonsolomodanews.it\/wordpress\/wp-content\/uploads\/2024\/07\/Sfilata-Palazzo-Aeronautica-012-Avanguardistico-1536x1023.jpg 1536w, https:\/\/www.nonsolomodanews.it\/wordpress\/wp-content\/uploads\/2024\/07\/Sfilata-Palazzo-Aeronautica-012-Avanguardistico-1080x720.jpg 1080w, https:\/\/www.nonsolomodanews.it\/wordpress\/wp-content\/uploads\/2024\/07\/Sfilata-Palazzo-Aeronautica-012-Avanguardistico.jpg 1600w\" sizes=\"auto, (max-width: 300px) 100vw, 300px\" \/><\/span><\/p>\n<p><span style=\"color: #000000;\">Miglior Abito \u201cAderente al tema\u201d al Gruppo CoMa Style ( la stilista Leila Eddiani, Marocco 06\/04\/2006; i sarti :Joseph Agboudjou ( Costa d&#8217;Avorio, 03\/05\/1971), Diomande Losseni (Costa d&#8217;Avorio, 01\/01\/2002), Aime Kuokou Kuadio (Costa d&#8217;Avorio, 03\/06\/1992)<\/span><\/p>\n<p><span style=\"color: #000000;\"><img loading=\"lazy\" decoding=\"async\" class=\"size-medium wp-image-27107 aligncenter\" src=\"https:\/\/www.nonsolomodanews.it\/wordpress\/wp-content\/uploads\/2024\/07\/Sfilata-Palazzo-Aeronautica-031-300x225.jpg\" alt=\"\" width=\"300\" height=\"225\" srcset=\"https:\/\/www.nonsolomodanews.it\/wordpress\/wp-content\/uploads\/2024\/07\/Sfilata-Palazzo-Aeronautica-031-300x225.jpg 300w, https:\/\/www.nonsolomodanews.it\/wordpress\/wp-content\/uploads\/2024\/07\/Sfilata-Palazzo-Aeronautica-031-1024x768.jpg 1024w, https:\/\/www.nonsolomodanews.it\/wordpress\/wp-content\/uploads\/2024\/07\/Sfilata-Palazzo-Aeronautica-031-768x576.jpg 768w, https:\/\/www.nonsolomodanews.it\/wordpress\/wp-content\/uploads\/2024\/07\/Sfilata-Palazzo-Aeronautica-031-1536x1152.jpg 1536w, https:\/\/www.nonsolomodanews.it\/wordpress\/wp-content\/uploads\/2024\/07\/Sfilata-Palazzo-Aeronautica-031-1080x810.jpg 1080w, https:\/\/www.nonsolomodanews.it\/wordpress\/wp-content\/uploads\/2024\/07\/Sfilata-Palazzo-Aeronautica-031.jpg 1600w\" sizes=\"auto, (max-width: 300px) 100vw, 300px\" \/><\/span><\/p>\n<p>&nbsp;<\/p>\n<p><span style=\"color: #000000;\">Riconoscimento Speciale da Mosaico Casting a Laura Quarta \u2013 Milary Atelier (Copertino &#8211; LE &#8211;\u00a0 14\/08\/2002)<\/span><\/p>\n<p><span style=\"color: #000000;\"><img loading=\"lazy\" decoding=\"async\" class=\"size-medium wp-image-27109 aligncenter\" src=\"https:\/\/www.nonsolomodanews.it\/wordpress\/wp-content\/uploads\/2024\/07\/Sfilata-Palazzo-Aeronautica-021-200x300.jpg\" alt=\"\" width=\"200\" height=\"300\" srcset=\"https:\/\/www.nonsolomodanews.it\/wordpress\/wp-content\/uploads\/2024\/07\/Sfilata-Palazzo-Aeronautica-021-200x300.jpg 200w, https:\/\/www.nonsolomodanews.it\/wordpress\/wp-content\/uploads\/2024\/07\/Sfilata-Palazzo-Aeronautica-021-682x1024.jpg 682w, https:\/\/www.nonsolomodanews.it\/wordpress\/wp-content\/uploads\/2024\/07\/Sfilata-Palazzo-Aeronautica-021-768x1153.jpg 768w, https:\/\/www.nonsolomodanews.it\/wordpress\/wp-content\/uploads\/2024\/07\/Sfilata-Palazzo-Aeronautica-021-1023x1536.jpg 1023w, https:\/\/www.nonsolomodanews.it\/wordpress\/wp-content\/uploads\/2024\/07\/Sfilata-Palazzo-Aeronautica-021.jpg 1066w\" sizes=\"auto, (max-width: 200px) 100vw, 200px\" \/><\/span><\/p>\n<p><span style=\"color: #000000;\"><strong>Yosmany Larrea<\/strong>, realizza un abito da sposa AI, in shantung di seta Avorio ottenuto da una tradizionale tecnica giapponese di lavorazione della seta, che rende il tessuto molto prezioso ma leggero e portabile. Il ricamo di perle con effetto 3d \u00e8 stato lavorato con la tecnica Luneville.<\/span><\/p>\n<p><span style=\"color: #000000;\">A incorniciare il corpo della sposa AI un body &#8211; painting argento.<\/span><\/p>\n<p><span style=\"color: #000000;\">Il secondo abito proposto, si ispira al caccia F35 e per ottenere la tonalit\u00e0 metallica e l&#8217;effetto in gomma, Yosmany Larrea, si affida a metodi rustici e anche alla sua innovazione. Utilizza un pigmento usato soltanto per la tinteggiatura sul legno, per dare al tessuto una texture gommata, proprio delle tute spaziali con effetto metallico tra opaco e brillante.<\/span><\/p>\n<p><span style=\"color: #000000;\">Per gli orecchini sono stati riprodotti in scala piccola, due riproduzioni dell&#8217; F35 in metallo con ologramma ad incisione, su cui poi sono stati applicati piccoli zaffiri in strass.<\/span><\/p>\n<p><span style=\"color: #000000;\"><strong>Paul Roger Tanonkou<\/strong>, creatore del marchio <strong>Zenam<\/strong>, a cui la giuria presente all&#8217;evento ha destinato la vittoria per il riconoscimento del miglior abito \u201cavanguardistico\u201d si \u00e8 distinto per la proposta di una collezione in tessuto totalmente eco sostenibile: il Faso Dan Fani derivante da coltivazioni di cotone burkinab\u00e9, lavorato a mano da generazioni, dal profondo significato culturale e sociale, espressione non solo di un&#8217;identit\u00e0 patriottica ma anche spirituale.<\/span><\/p>\n<p><span style=\"color: #000000;\">Un cotone, il Faso Dan Fani, che si intreccia con altre fibre naturali, come il kapok e la seta indigena Tuntun, interamente tessuta a mano con tecniche tradizionali dalle donne della cooperativa Cabes (https:\/\/cabes.bf\/), con cui Paul Roger collabora.<\/span><\/p>\n<p><span style=\"color: #000000;\">Un tessuto iconico e cerimoniale usato e valorizzato come orgoglio della Patria, anche dal Presidente \u2013 Eroe del Burkina Faso, Thomas Sankara.<\/span><\/p>\n<p><span style=\"color: #000000;\">Il messaggio che il brand Zenam, di Paul Roger, vuole trasmettere attraverso la sua visione di moda \u00e8 quello di unire e promuovere l&#8217;inclusivit\u00e0, nel rispetto delle diverse culture e della sostenibilit\u00e0.<\/span><\/p>\n<p><span style=\"color: #000000;\">Al Gruppo CoMa Style, della giovane stilista marocchina Leila Eddiani, classe 2006, e dei 3 sarti della Costa d&#8217;Avorio, Aime, Joseph e Diomande della cooperativa Versoprobo,\u00a0 che ha lavorato in perfetta sinergia unendo la sapienza delle mani a quella della creatrice, \u00e8 andato il riconoscimento per il miglior abito \u201caderente al tema\u201d.<\/span><\/p>\n<p><span style=\"color: #000000;\">Tessuti usati, prettamente cotone e poco cotone elastico.<\/span><\/p>\n<p><span style=\"color: #000000;\">Gli abiti proposti esprimono l&#8217;uguaglianza tra i due sessi. Stessa divisa con colori diversi senza rinunciare alla galanteria dell&#8217;uomo verso la donna che la stilista e i sarti hanno voluto rappresentare con il passaggio del cappotto double face dall&#8217;uomo verso la donna.<\/span><\/p>\n<p style=\"text-align: center;\"><span style=\"color: #000000;\">Fotografie fornite da Mosaico Casting &#8211; I crediti appartengono ai relativi fotografi\u00a0<\/span><br \/>\n<span style=\"color: #000000;\">Tutti i diritti riservati \u00a9 2024 \u2013 Email:\u00a0<a style=\"color: #000000;\" href=\"mailto:nonsolomodanews@gmail.com\">nonsolomodanews@gmail.com<\/a><\/span><\/p>\n<style id=\"bwg-style-0\">      #bwg_container1_0 #bwg_container2_0 #bwg_mosaic_thumbnails_div_0 {        width: 100%;        position: relative;        background-color: rgba(255, 255, 255, 0.00);        text-align: center;        justify-content: center;                  margin-left: auto;          margin-right: auto;                    padding-left: 4px;          padding-top: 4px;                }          #bwg_container1_0 #bwg_container2_0 .bwg_mosaic_thumb_spun_0 {        display: block;        position: absolute;\t\t\t\tborder-radius: 0;\t\t\t\tborder: 0px none #CCCCCC;    \t\t    \t\tbackground-color:rgba(0,0,0, 0.30);        -moz-box-sizing: content-box !important;        -webkit-box-sizing: content-box !important;        box-sizing: content-box !important;      }\t\t\t#bwg_container1_0 #bwg_container2_0 .bwg_mosaic_thumb_0 {\t\t\t\tdisplay: block;\t\t\t\t-moz-box-sizing: content-box !important;\t\t\t\t-webkit-box-sizing: content-box !important;\t\t\t\tbox-sizing: content-box !important;\t\t\t\tmargin: 0;\t\t\t\topacity: 1.00;\t\t\t}      #bwg_container1_0 #bwg_container2_0 .bwg_mosaic_thumb_spun_0:hover {        opacity: 1;        backface-visibility: hidden;        -webkit-backface-visibility: hidden;        -moz-backface-visibility: hidden;        -ms-backface-visibility: hidden;        z-index: 102;      }\t      @media only screen and (min-width: 480px) {        #bwg_container1_0 #bwg_container2_0 .bwg_mosaic_thumb_spun_0:hover {          transform: scale(1.1);          -ms-transform: scale(1.1);          -webkit-transform: scale(1.1);        }      }\t      #bwg_container1_0 #bwg_container2_0 .bwg_mosaic_thumbnails_0 {        background-color: rgba(255, 255, 255, 0.00);        font-size: 0;        position: relative;        text-align: center;        display: inline-block;        visibility: hidden;              }\t  \/*image title styles*\/      #bwg_container1_0 #bwg_container2_0 .bwg_mosaic_title_spun1_0,      #bwg_container1_0 #bwg_container2_0 .bwg-mosaic-thumbnails .bwg_ecommerce_spun1_0 {        position: absolute;        display: block;        opacity: 0;        box-sizing: border-box;        text-align: center;\t\t\t\ttop: 50%;\t\t\t\tleft: 50%;\t\t\t\ttransform: translate(-50%, -50%);      }      #bwg_container1_0 #bwg_container2_0 .bwg-mosaic-thumbnails .bwg_mosaic_title_spun2_0,      #bwg_container1_0 #bwg_container2_0 .bwg-mosaic-thumbnails .bwg_ecommerce_spun2_0 {\t\t    color: #CCCCCC;        font-family: segoe ui;        font-size: 16px;        font-weight: bold;        text-shadow: 0px 0px 0px #888888;        vertical-align: middle;        word-wrap: break-word;      }            .bwg_mosaic_play_icon_spun_0 {        display: table;        position: absolute;        left: -10000px;        top: 0px;        opacity: 0;      }      .bwg_mosaic_play_icon_0 {        color: #CCCCCC;        font-size: 32px;        vertical-align: middle;        display: table-cell !important;        z-index: 1;        text-align: center;        margin: 0 auto;      }      #bwg_container1_0 #bwg_container2_0 .bwg_gal_title_0 {        background-color: rgba(0, 0, 0, 0);        color: #323A45;        display: block;        font-family: Ubuntu;        font-size: 16px;        font-weight: bold;        padding: 2px;        text-shadow: ;        text-align: center;      }            @media screen and (max-width: 350px) {      div[class^=\"bwg_mosaic_thumbnails_\"],      span[class^=\"bwg_mosaic_thumb_spun_\"] {      width: 100% !important;      }      img[class^=\"bwg_mosaic_thumb_\"] {      width: 100% !important;      height: auto !important;      margin: 0px auto !important;      }      }      <\/style>    <div id=\"bwg_container1_0\"         class=\"bwg_container bwg_thumbnail bwg_thumbnails_mosaic \"         data-right-click-protection=\"0\"         data-bwg=\"0\"         data-scroll=\"0\"         data-gallery-type=\"thumbnails_mosaic\"         data-gallery-view-type=\"thumbnails_mosaic\"         data-current-url=\"\/wordpress\/wp-json\/wp\/v2\/posts\/27104\"         data-lightbox-url=\"https:\/\/www.nonsolomodanews.it\/wordpress\/wp-admin\/admin-ajax.php?action=GalleryBox&#038;current_view=0&#038;gallery_id=781&#038;tag=0&#038;theme_id=1&#038;shortcode_id=1585&#038;sort_by=filename&#038;order_by=asc&#038;current_url=%2Fwordpress%2Fwp-json%2Fwp%2Fv2%2Fposts%2F27104\"         data-gallery-id=\"781\"         data-popup-width=\"800\"         data-popup-height=\"500\"         data-is-album=\"gallery\"         data-buttons-position=\"bottom\">      <div id=\"bwg_container2_0\">             <div id=\"ajax_loading_0\" class=\"bwg_loading_div_1\">      <div class=\"bwg_loading_div_2\">        <div class=\"bwg_loading_div_3\">          <div id=\"loading_div_0\" class=\"bwg_spider_ajax_loading\">          <\/div>        <\/div>      <\/div>    <\/div>            <form id=\"gal_front_form_0\"              class=\"bwg-hidden\"              method=\"post\"              action=\"#\"              data-current=\"0\"              data-shortcode-id=\"1585\"              data-gallery-type=\"thumbnails_mosaic\"              data-gallery-id=\"781\"              data-tag=\"0\"              data-album-id=\"0\"              data-theme-id=\"1\"              data-ajax-url=\"https:\/\/www.nonsolomodanews.it\/wordpress\/wp-admin\/admin-ajax.php?action=bwg_frontend_data\">          <div id=\"bwg_container3_0\" class=\"bwg-background bwg-background-0\">                <div id=\"bwg_mosaic_thumbnails_div_0\"         class=\"bwg-container-0 bwg-container bwg-mosaic-thumbnails\"         data-bwg=\"0\"         data-mosaic-direction=\"vertical\"         data-resizable=\"0\"         data-width=\"250\"         data-height=\"250\"         data-total-width=\"100\"         data-block-id=\"bwg_thumbnails_mosaic_0\"         data-thumb-padding=\"4\"         data-thumb-border=\"0\"         data-title-margin=\"2px\"         data-image-title=\"none\"         data-play-icon=\"1\"         data-ecommerce-icon=\"none\"         data-gallery-id=\"781\"         data-lightbox-url=\"https:\/\/www.nonsolomodanews.it\/wordpress\/wp-admin\/admin-ajax.php?action=GalleryBox&#038;current_view=0&#038;gallery_id=781&#038;tag=0&#038;theme_id=1&#038;shortcode_id=1585&#038;sort_by=filename&#038;order_by=asc&#038;current_url=%2Fwordpress%2Fwp-json%2Fwp%2Fv2%2Fposts%2F27104\"         data-mosaic-thumb-transition=\"1\"         style=\"visibility: hidden\" >      <div id=\"bwg_thumbnails_mosaic_0\" class=\"bwg_mosaic_thumbnails_0\">                  <a  class=\"bwg-a bwg_lightbox bwg_lightbox_0\" href=\"https:\/\/www.nonsolomodanews.it\/wordpress\/wp-content\/uploads\/photo-gallery\/Sguardo_al_Futuro_-_Roma_28_giu._2024\/Sfilata-Palazzo-Aeronautica-002.jpg?bwg=1720790566\" data-image-id=\"39455\" data-elementor-open-lightbox=\"no\">          <div class=\"bwg_mosaic_thumb_spun_0 bwg-item0 bwg-mosaic-thumb-span \">            <img decoding=\"async\" class=\"bwg_mosaic_thumb_0 skip-lazy bwg_img_clear bwg_img_custom \"                 id=\"39455\"                 src=\"https:\/\/www.nonsolomodanews.it\/wordpress\/wp-content\/uploads\/photo-gallery\/Sguardo_al_Futuro_-_Roma_28_giu._2024\/thumb\/Sfilata-Palazzo-Aeronautica-002.jpg?bwg=1720790566\"                 data-src=\"https:\/\/www.nonsolomodanews.it\/wordpress\/wp-content\/uploads\/photo-gallery\/Sguardo_al_Futuro_-_Roma_28_giu._2024\/thumb\/Sfilata-Palazzo-Aeronautica-002.jpg?bwg=1720790566\"                 data-width=\"200.00\"                 data-height=\"300.00\"                 alt=\"Sfilata-Palazzo-Aeronautica-002\"                 title=\"Sfilata-Palazzo-Aeronautica-002\" \/>                      <\/div>        <\/a>                <a  class=\"bwg-a bwg_lightbox bwg_lightbox_0\" href=\"https:\/\/www.nonsolomodanews.it\/wordpress\/wp-content\/uploads\/photo-gallery\/Sguardo_al_Futuro_-_Roma_28_giu._2024\/Sfilata-Palazzo-Aeronautica-003.jpg?bwg=1720790566\" data-image-id=\"39456\" data-elementor-open-lightbox=\"no\">          <div class=\"bwg_mosaic_thumb_spun_0 bwg-item0 bwg-mosaic-thumb-span \">            <img decoding=\"async\" class=\"bwg_mosaic_thumb_0 skip-lazy bwg_img_clear bwg_img_custom \"                 id=\"39456\"                 src=\"https:\/\/www.nonsolomodanews.it\/wordpress\/wp-content\/uploads\/photo-gallery\/Sguardo_al_Futuro_-_Roma_28_giu._2024\/thumb\/Sfilata-Palazzo-Aeronautica-003.jpg?bwg=1720790566\"                 data-src=\"https:\/\/www.nonsolomodanews.it\/wordpress\/wp-content\/uploads\/photo-gallery\/Sguardo_al_Futuro_-_Roma_28_giu._2024\/thumb\/Sfilata-Palazzo-Aeronautica-003.jpg?bwg=1720790566\"                 data-width=\"200.00\"                 data-height=\"300.00\"                 alt=\"Sfilata-Palazzo-Aeronautica-003\"                 title=\"Sfilata-Palazzo-Aeronautica-003\" \/>                      <\/div>        <\/a>                <a  class=\"bwg-a bwg_lightbox bwg_lightbox_0\" href=\"https:\/\/www.nonsolomodanews.it\/wordpress\/wp-content\/uploads\/photo-gallery\/Sguardo_al_Futuro_-_Roma_28_giu._2024\/Sfilata-Palazzo-Aeronautica-004.jpg?bwg=1720790566\" data-image-id=\"39457\" data-elementor-open-lightbox=\"no\">          <div class=\"bwg_mosaic_thumb_spun_0 bwg-item0 bwg-mosaic-thumb-span \">            <img decoding=\"async\" class=\"bwg_mosaic_thumb_0 skip-lazy bwg_img_clear bwg_img_custom \"                 id=\"39457\"                 src=\"https:\/\/www.nonsolomodanews.it\/wordpress\/wp-content\/uploads\/photo-gallery\/Sguardo_al_Futuro_-_Roma_28_giu._2024\/thumb\/Sfilata-Palazzo-Aeronautica-004.jpg?bwg=1720790566\"                 data-src=\"https:\/\/www.nonsolomodanews.it\/wordpress\/wp-content\/uploads\/photo-gallery\/Sguardo_al_Futuro_-_Roma_28_giu._2024\/thumb\/Sfilata-Palazzo-Aeronautica-004.jpg?bwg=1720790566\"                 data-width=\"200.00\"                 data-height=\"300.00\"                 alt=\"Sfilata-Palazzo-Aeronautica-004\"                 title=\"Sfilata-Palazzo-Aeronautica-004\" \/>                      <\/div>        <\/a>                <a  class=\"bwg-a bwg_lightbox bwg_lightbox_0\" href=\"https:\/\/www.nonsolomodanews.it\/wordpress\/wp-content\/uploads\/photo-gallery\/Sguardo_al_Futuro_-_Roma_28_giu._2024\/Sfilata-Palazzo-Aeronautica-005.jpg?bwg=1720790566\" data-image-id=\"39458\" data-elementor-open-lightbox=\"no\">          <div class=\"bwg_mosaic_thumb_spun_0 bwg-item0 bwg-mosaic-thumb-span \">            <img decoding=\"async\" class=\"bwg_mosaic_thumb_0 skip-lazy bwg_img_clear bwg_img_custom \"                 id=\"39458\"                 src=\"https:\/\/www.nonsolomodanews.it\/wordpress\/wp-content\/uploads\/photo-gallery\/Sguardo_al_Futuro_-_Roma_28_giu._2024\/thumb\/Sfilata-Palazzo-Aeronautica-005.jpg?bwg=1720790566\"                 data-src=\"https:\/\/www.nonsolomodanews.it\/wordpress\/wp-content\/uploads\/photo-gallery\/Sguardo_al_Futuro_-_Roma_28_giu._2024\/thumb\/Sfilata-Palazzo-Aeronautica-005.jpg?bwg=1720790566\"                 data-width=\"300.00\"                 data-height=\"200.00\"                 alt=\"Sfilata-Palazzo-Aeronautica-005\"                 title=\"Sfilata-Palazzo-Aeronautica-005\" \/>                      <\/div>        <\/a>                <a  class=\"bwg-a bwg_lightbox bwg_lightbox_0\" href=\"https:\/\/www.nonsolomodanews.it\/wordpress\/wp-content\/uploads\/photo-gallery\/Sguardo_al_Futuro_-_Roma_28_giu._2024\/Sfilata-Palazzo-Aeronautica-006.jpg?bwg=1720790566\" data-image-id=\"39459\" data-elementor-open-lightbox=\"no\">          <div class=\"bwg_mosaic_thumb_spun_0 bwg-item0 bwg-mosaic-thumb-span \">            <img decoding=\"async\" class=\"bwg_mosaic_thumb_0 skip-lazy bwg_img_clear bwg_img_custom \"                 id=\"39459\"                 src=\"https:\/\/www.nonsolomodanews.it\/wordpress\/wp-content\/uploads\/photo-gallery\/Sguardo_al_Futuro_-_Roma_28_giu._2024\/thumb\/Sfilata-Palazzo-Aeronautica-006.jpg?bwg=1720790566\"                 data-src=\"https:\/\/www.nonsolomodanews.it\/wordpress\/wp-content\/uploads\/photo-gallery\/Sguardo_al_Futuro_-_Roma_28_giu._2024\/thumb\/Sfilata-Palazzo-Aeronautica-006.jpg?bwg=1720790566\"                 data-width=\"300.00\"                 data-height=\"200.00\"                 alt=\"Sfilata-Palazzo-Aeronautica-006\"                 title=\"Sfilata-Palazzo-Aeronautica-006\" \/>                      <\/div>        <\/a>                <a  class=\"bwg-a bwg_lightbox bwg_lightbox_0\" href=\"https:\/\/www.nonsolomodanews.it\/wordpress\/wp-content\/uploads\/photo-gallery\/Sguardo_al_Futuro_-_Roma_28_giu._2024\/Sfilata-Palazzo-Aeronautica-007.jpg?bwg=1720790566\" data-image-id=\"39460\" data-elementor-open-lightbox=\"no\">          <div class=\"bwg_mosaic_thumb_spun_0 bwg-item0 bwg-mosaic-thumb-span \">            <img decoding=\"async\" class=\"bwg_mosaic_thumb_0 skip-lazy bwg_img_clear bwg_img_custom \"                 id=\"39460\"                 src=\"https:\/\/www.nonsolomodanews.it\/wordpress\/wp-content\/uploads\/photo-gallery\/Sguardo_al_Futuro_-_Roma_28_giu._2024\/thumb\/Sfilata-Palazzo-Aeronautica-007.jpg?bwg=1720790566\"                 data-src=\"https:\/\/www.nonsolomodanews.it\/wordpress\/wp-content\/uploads\/photo-gallery\/Sguardo_al_Futuro_-_Roma_28_giu._2024\/thumb\/Sfilata-Palazzo-Aeronautica-007.jpg?bwg=1720790566\"                 data-width=\"300.00\"                 data-height=\"200.00\"                 alt=\"Sfilata-Palazzo-Aeronautica-007\"                 title=\"Sfilata-Palazzo-Aeronautica-007\" \/>                      <\/div>        <\/a>                <a  class=\"bwg-a bwg_lightbox bwg_lightbox_0\" href=\"https:\/\/www.nonsolomodanews.it\/wordpress\/wp-content\/uploads\/photo-gallery\/Sguardo_al_Futuro_-_Roma_28_giu._2024\/Sfilata-Palazzo-Aeronautica-008.jpg?bwg=1720790566\" data-image-id=\"39461\" data-elementor-open-lightbox=\"no\">          <div class=\"bwg_mosaic_thumb_spun_0 bwg-item0 bwg-mosaic-thumb-span \">            <img decoding=\"async\" class=\"bwg_mosaic_thumb_0 skip-lazy bwg_img_clear bwg_img_custom \"                 id=\"39461\"                 src=\"https:\/\/www.nonsolomodanews.it\/wordpress\/wp-content\/uploads\/photo-gallery\/Sguardo_al_Futuro_-_Roma_28_giu._2024\/thumb\/Sfilata-Palazzo-Aeronautica-008.jpg?bwg=1720790566\"                 data-src=\"https:\/\/www.nonsolomodanews.it\/wordpress\/wp-content\/uploads\/photo-gallery\/Sguardo_al_Futuro_-_Roma_28_giu._2024\/thumb\/Sfilata-Palazzo-Aeronautica-008.jpg?bwg=1720790566\"                 data-width=\"200.00\"                 data-height=\"300.00\"                 alt=\"Sfilata-Palazzo-Aeronautica-008\"                 title=\"Sfilata-Palazzo-Aeronautica-008\" \/>                      <\/div>        <\/a>                <a  class=\"bwg-a bwg_lightbox bwg_lightbox_0\" href=\"https:\/\/www.nonsolomodanews.it\/wordpress\/wp-content\/uploads\/photo-gallery\/Sguardo_al_Futuro_-_Roma_28_giu._2024\/Sfilata-Palazzo-Aeronautica-009.jpg?bwg=1720790566\" data-image-id=\"39462\" data-elementor-open-lightbox=\"no\">          <div class=\"bwg_mosaic_thumb_spun_0 bwg-item0 bwg-mosaic-thumb-span \">            <img decoding=\"async\" class=\"bwg_mosaic_thumb_0 skip-lazy bwg_img_clear bwg_img_custom \"                 id=\"39462\"                 src=\"https:\/\/www.nonsolomodanews.it\/wordpress\/wp-content\/uploads\/photo-gallery\/Sguardo_al_Futuro_-_Roma_28_giu._2024\/thumb\/Sfilata-Palazzo-Aeronautica-009.jpg?bwg=1720790566\"                 data-src=\"https:\/\/www.nonsolomodanews.it\/wordpress\/wp-content\/uploads\/photo-gallery\/Sguardo_al_Futuro_-_Roma_28_giu._2024\/thumb\/Sfilata-Palazzo-Aeronautica-009.jpg?bwg=1720790566\"                 data-width=\"300.00\"                 data-height=\"200.00\"                 alt=\"Sfilata-Palazzo-Aeronautica-009\"                 title=\"Sfilata-Palazzo-Aeronautica-009\" \/>                      <\/div>        <\/a>                <a  class=\"bwg-a bwg_lightbox bwg_lightbox_0\" href=\"https:\/\/www.nonsolomodanews.it\/wordpress\/wp-content\/uploads\/photo-gallery\/Sguardo_al_Futuro_-_Roma_28_giu._2024\/Sfilata-Palazzo-Aeronautica-010-Scenografico.jpg?bwg=1720790566\" data-image-id=\"39444\" data-elementor-open-lightbox=\"no\">          <div class=\"bwg_mosaic_thumb_spun_0 bwg-item0 bwg-mosaic-thumb-span \">            <img decoding=\"async\" class=\"bwg_mosaic_thumb_0 skip-lazy bwg_img_clear bwg_img_custom \"                 id=\"39444\"                 src=\"https:\/\/www.nonsolomodanews.it\/wordpress\/wp-content\/uploads\/photo-gallery\/Sguardo_al_Futuro_-_Roma_28_giu._2024\/thumb\/Sfilata-Palazzo-Aeronautica-010-Scenografico.jpg?bwg=1720790566\"                 data-src=\"https:\/\/www.nonsolomodanews.it\/wordpress\/wp-content\/uploads\/photo-gallery\/Sguardo_al_Futuro_-_Roma_28_giu._2024\/thumb\/Sfilata-Palazzo-Aeronautica-010-Scenografico.jpg?bwg=1720790566\"                 data-width=\"300.00\"                 data-height=\"200.00\"                 alt=\"Sfilata-Palazzo-Aeronautica-010-Scenografico\"                 title=\"Sfilata-Palazzo-Aeronautica-010-Scenografico\" \/>                      <\/div>        <\/a>                <a  class=\"bwg-a bwg_lightbox bwg_lightbox_0\" href=\"https:\/\/www.nonsolomodanews.it\/wordpress\/wp-content\/uploads\/photo-gallery\/Sguardo_al_Futuro_-_Roma_28_giu._2024\/Sfilata-Palazzo-Aeronautica-011.jpg?bwg=1720790566\" data-image-id=\"39443\" data-elementor-open-lightbox=\"no\">          <div class=\"bwg_mosaic_thumb_spun_0 bwg-item0 bwg-mosaic-thumb-span \">            <img decoding=\"async\" class=\"bwg_mosaic_thumb_0 skip-lazy bwg_img_clear bwg_img_custom \"                 id=\"39443\"                 src=\"https:\/\/www.nonsolomodanews.it\/wordpress\/wp-content\/uploads\/photo-gallery\/Sguardo_al_Futuro_-_Roma_28_giu._2024\/thumb\/Sfilata-Palazzo-Aeronautica-011.jpg?bwg=1720790566\"                 data-src=\"https:\/\/www.nonsolomodanews.it\/wordpress\/wp-content\/uploads\/photo-gallery\/Sguardo_al_Futuro_-_Roma_28_giu._2024\/thumb\/Sfilata-Palazzo-Aeronautica-011.jpg?bwg=1720790566\"                 data-width=\"300.00\"                 data-height=\"200.00\"                 alt=\"Sfilata-Palazzo-Aeronautica-011\"                 title=\"Sfilata-Palazzo-Aeronautica-011\" \/>                      <\/div>        <\/a>                <a  class=\"bwg-a bwg_lightbox bwg_lightbox_0\" href=\"https:\/\/www.nonsolomodanews.it\/wordpress\/wp-content\/uploads\/photo-gallery\/Sguardo_al_Futuro_-_Roma_28_giu._2024\/Sfilata-Palazzo-Aeronautica-012-Avanguardistico.jpg?bwg=1720790566\" data-image-id=\"39445\" data-elementor-open-lightbox=\"no\">          <div class=\"bwg_mosaic_thumb_spun_0 bwg-item0 bwg-mosaic-thumb-span \">            <img decoding=\"async\" class=\"bwg_mosaic_thumb_0 skip-lazy bwg_img_clear bwg_img_custom \"                 id=\"39445\"                 src=\"https:\/\/www.nonsolomodanews.it\/wordpress\/wp-content\/uploads\/photo-gallery\/Sguardo_al_Futuro_-_Roma_28_giu._2024\/thumb\/Sfilata-Palazzo-Aeronautica-012-Avanguardistico.jpg?bwg=1720790566\"                 data-src=\"https:\/\/www.nonsolomodanews.it\/wordpress\/wp-content\/uploads\/photo-gallery\/Sguardo_al_Futuro_-_Roma_28_giu._2024\/thumb\/Sfilata-Palazzo-Aeronautica-012-Avanguardistico.jpg?bwg=1720790566\"                 data-width=\"300.00\"                 data-height=\"200.00\"                 alt=\"Sfilata-Palazzo-Aeronautica-012-Avanguardistico\"                 title=\"Sfilata-Palazzo-Aeronautica-012-Avanguardistico\" \/>                      <\/div>        <\/a>                <a  class=\"bwg-a bwg_lightbox bwg_lightbox_0\" href=\"https:\/\/www.nonsolomodanews.it\/wordpress\/wp-content\/uploads\/photo-gallery\/Sguardo_al_Futuro_-_Roma_28_giu._2024\/Sfilata-Palazzo-Aeronautica-013.jpg?bwg=1720790566\" data-image-id=\"39447\" data-elementor-open-lightbox=\"no\">          <div class=\"bwg_mosaic_thumb_spun_0 bwg-item0 bwg-mosaic-thumb-span \">            <img decoding=\"async\" class=\"bwg_mosaic_thumb_0 skip-lazy bwg_img_clear bwg_img_custom \"                 id=\"39447\"                 src=\"https:\/\/www.nonsolomodanews.it\/wordpress\/wp-content\/uploads\/photo-gallery\/Sguardo_al_Futuro_-_Roma_28_giu._2024\/thumb\/Sfilata-Palazzo-Aeronautica-013.jpg?bwg=1720790566\"                 data-src=\"https:\/\/www.nonsolomodanews.it\/wordpress\/wp-content\/uploads\/photo-gallery\/Sguardo_al_Futuro_-_Roma_28_giu._2024\/thumb\/Sfilata-Palazzo-Aeronautica-013.jpg?bwg=1720790566\"                 data-width=\"200.00\"                 data-height=\"300.00\"                 alt=\"Sfilata-Palazzo-Aeronautica-013\"                 title=\"Sfilata-Palazzo-Aeronautica-013\" \/>                      <\/div>        <\/a>                <a  class=\"bwg-a bwg_lightbox bwg_lightbox_0\" href=\"https:\/\/www.nonsolomodanews.it\/wordpress\/wp-content\/uploads\/photo-gallery\/Sguardo_al_Futuro_-_Roma_28_giu._2024\/Sfilata-Palazzo-Aeronautica-014.jpg?bwg=1720790566\" data-image-id=\"39446\" data-elementor-open-lightbox=\"no\">          <div class=\"bwg_mosaic_thumb_spun_0 bwg-item0 bwg-mosaic-thumb-span \">            <img decoding=\"async\" class=\"bwg_mosaic_thumb_0 skip-lazy bwg_img_clear bwg_img_custom \"                 id=\"39446\"                 src=\"https:\/\/www.nonsolomodanews.it\/wordpress\/wp-content\/uploads\/photo-gallery\/Sguardo_al_Futuro_-_Roma_28_giu._2024\/thumb\/Sfilata-Palazzo-Aeronautica-014.jpg?bwg=1720790566\"                 data-src=\"https:\/\/www.nonsolomodanews.it\/wordpress\/wp-content\/uploads\/photo-gallery\/Sguardo_al_Futuro_-_Roma_28_giu._2024\/thumb\/Sfilata-Palazzo-Aeronautica-014.jpg?bwg=1720790566\"                 data-width=\"200.00\"                 data-height=\"300.00\"                 alt=\"Sfilata-Palazzo-Aeronautica-014\"                 title=\"Sfilata-Palazzo-Aeronautica-014\" \/>                      <\/div>        <\/a>                <a  class=\"bwg-a bwg_lightbox bwg_lightbox_0\" href=\"https:\/\/www.nonsolomodanews.it\/wordpress\/wp-content\/uploads\/photo-gallery\/Sguardo_al_Futuro_-_Roma_28_giu._2024\/Sfilata-Palazzo-Aeronautica-015.jpg?bwg=1720790566\" data-image-id=\"39448\" data-elementor-open-lightbox=\"no\">          <div class=\"bwg_mosaic_thumb_spun_0 bwg-item0 bwg-mosaic-thumb-span \">            <img decoding=\"async\" class=\"bwg_mosaic_thumb_0 skip-lazy bwg_img_clear bwg_img_custom \"                 id=\"39448\"                 src=\"https:\/\/www.nonsolomodanews.it\/wordpress\/wp-content\/uploads\/photo-gallery\/Sguardo_al_Futuro_-_Roma_28_giu._2024\/thumb\/Sfilata-Palazzo-Aeronautica-015.jpg?bwg=1720790566\"                 data-src=\"https:\/\/www.nonsolomodanews.it\/wordpress\/wp-content\/uploads\/photo-gallery\/Sguardo_al_Futuro_-_Roma_28_giu._2024\/thumb\/Sfilata-Palazzo-Aeronautica-015.jpg?bwg=1720790566\"                 data-width=\"200.00\"                 data-height=\"300.00\"                 alt=\"Sfilata-Palazzo-Aeronautica-015\"                 title=\"Sfilata-Palazzo-Aeronautica-015\" \/>                      <\/div>        <\/a>                <a  class=\"bwg-a bwg_lightbox bwg_lightbox_0\" href=\"https:\/\/www.nonsolomodanews.it\/wordpress\/wp-content\/uploads\/photo-gallery\/Sguardo_al_Futuro_-_Roma_28_giu._2024\/Sfilata-Palazzo-Aeronautica-016.jpg?bwg=1720790566\" data-image-id=\"39449\" data-elementor-open-lightbox=\"no\">          <div class=\"bwg_mosaic_thumb_spun_0 bwg-item0 bwg-mosaic-thumb-span \">            <img decoding=\"async\" class=\"bwg_mosaic_thumb_0 skip-lazy bwg_img_clear bwg_img_custom \"                 id=\"39449\"                 src=\"https:\/\/www.nonsolomodanews.it\/wordpress\/wp-content\/uploads\/photo-gallery\/Sguardo_al_Futuro_-_Roma_28_giu._2024\/thumb\/Sfilata-Palazzo-Aeronautica-016.jpg?bwg=1720790566\"                 data-src=\"https:\/\/www.nonsolomodanews.it\/wordpress\/wp-content\/uploads\/photo-gallery\/Sguardo_al_Futuro_-_Roma_28_giu._2024\/thumb\/Sfilata-Palazzo-Aeronautica-016.jpg?bwg=1720790566\"                 data-width=\"200.00\"                 data-height=\"300.00\"                 alt=\"Sfilata-Palazzo-Aeronautica-016\"                 title=\"Sfilata-Palazzo-Aeronautica-016\" \/>                      <\/div>        <\/a>                <a  class=\"bwg-a bwg_lightbox bwg_lightbox_0\" href=\"https:\/\/www.nonsolomodanews.it\/wordpress\/wp-content\/uploads\/photo-gallery\/Sguardo_al_Futuro_-_Roma_28_giu._2024\/Sfilata-Palazzo-Aeronautica-017.jpg?bwg=1720790566\" data-image-id=\"39450\" data-elementor-open-lightbox=\"no\">          <div class=\"bwg_mosaic_thumb_spun_0 bwg-item0 bwg-mosaic-thumb-span \">            <img decoding=\"async\" class=\"bwg_mosaic_thumb_0 skip-lazy bwg_img_clear bwg_img_custom \"                 id=\"39450\"                 src=\"https:\/\/www.nonsolomodanews.it\/wordpress\/wp-content\/uploads\/photo-gallery\/Sguardo_al_Futuro_-_Roma_28_giu._2024\/thumb\/Sfilata-Palazzo-Aeronautica-017.jpg?bwg=1720790566\"                 data-src=\"https:\/\/www.nonsolomodanews.it\/wordpress\/wp-content\/uploads\/photo-gallery\/Sguardo_al_Futuro_-_Roma_28_giu._2024\/thumb\/Sfilata-Palazzo-Aeronautica-017.jpg?bwg=1720790566\"                 data-width=\"300.00\"                 data-height=\"200.00\"                 alt=\"Sfilata-Palazzo-Aeronautica-017\"                 title=\"Sfilata-Palazzo-Aeronautica-017\" \/>                      <\/div>        <\/a>                <a  class=\"bwg-a bwg_lightbox bwg_lightbox_0\" href=\"https:\/\/www.nonsolomodanews.it\/wordpress\/wp-content\/uploads\/photo-gallery\/Sguardo_al_Futuro_-_Roma_28_giu._2024\/Sfilata-Palazzo-Aeronautica-018.jpg?bwg=1720790566\" data-image-id=\"39452\" data-elementor-open-lightbox=\"no\">          <div class=\"bwg_mosaic_thumb_spun_0 bwg-item0 bwg-mosaic-thumb-span \">            <img decoding=\"async\" class=\"bwg_mosaic_thumb_0 skip-lazy bwg_img_clear bwg_img_custom \"                 id=\"39452\"                 src=\"https:\/\/www.nonsolomodanews.it\/wordpress\/wp-content\/uploads\/photo-gallery\/Sguardo_al_Futuro_-_Roma_28_giu._2024\/thumb\/Sfilata-Palazzo-Aeronautica-018.jpg?bwg=1720790566\"                 data-src=\"https:\/\/www.nonsolomodanews.it\/wordpress\/wp-content\/uploads\/photo-gallery\/Sguardo_al_Futuro_-_Roma_28_giu._2024\/thumb\/Sfilata-Palazzo-Aeronautica-018.jpg?bwg=1720790566\"                 data-width=\"200.00\"                 data-height=\"300.00\"                 alt=\"Sfilata-Palazzo-Aeronautica-018\"                 title=\"Sfilata-Palazzo-Aeronautica-018\" \/>                      <\/div>        <\/a>                <a  class=\"bwg-a bwg_lightbox bwg_lightbox_0\" href=\"https:\/\/www.nonsolomodanews.it\/wordpress\/wp-content\/uploads\/photo-gallery\/Sguardo_al_Futuro_-_Roma_28_giu._2024\/Sfilata-Palazzo-Aeronautica-019.jpg?bwg=1720790566\" data-image-id=\"39451\" data-elementor-open-lightbox=\"no\">          <div class=\"bwg_mosaic_thumb_spun_0 bwg-item0 bwg-mosaic-thumb-span \">            <img decoding=\"async\" class=\"bwg_mosaic_thumb_0 skip-lazy bwg_img_clear bwg_img_custom \"                 id=\"39451\"                 src=\"https:\/\/www.nonsolomodanews.it\/wordpress\/wp-content\/uploads\/photo-gallery\/Sguardo_al_Futuro_-_Roma_28_giu._2024\/thumb\/Sfilata-Palazzo-Aeronautica-019.jpg?bwg=1720790566\"                 data-src=\"https:\/\/www.nonsolomodanews.it\/wordpress\/wp-content\/uploads\/photo-gallery\/Sguardo_al_Futuro_-_Roma_28_giu._2024\/thumb\/Sfilata-Palazzo-Aeronautica-019.jpg?bwg=1720790566\"                 data-width=\"200.00\"                 data-height=\"300.00\"                 alt=\"Sfilata-Palazzo-Aeronautica-019\"                 title=\"Sfilata-Palazzo-Aeronautica-019\" \/>                      <\/div>        <\/a>                <a  class=\"bwg-a bwg_lightbox bwg_lightbox_0\" href=\"https:\/\/www.nonsolomodanews.it\/wordpress\/wp-content\/uploads\/photo-gallery\/Sguardo_al_Futuro_-_Roma_28_giu._2024\/Sfilata-Palazzo-Aeronautica-020.jpg?bwg=1720790566\" data-image-id=\"39453\" data-elementor-open-lightbox=\"no\">          <div class=\"bwg_mosaic_thumb_spun_0 bwg-item0 bwg-mosaic-thumb-span \">            <img decoding=\"async\" class=\"bwg_mosaic_thumb_0 skip-lazy bwg_img_clear bwg_img_custom \"                 id=\"39453\"                 src=\"https:\/\/www.nonsolomodanews.it\/wordpress\/wp-content\/uploads\/photo-gallery\/Sguardo_al_Futuro_-_Roma_28_giu._2024\/thumb\/Sfilata-Palazzo-Aeronautica-020.jpg?bwg=1720790566\"                 data-src=\"https:\/\/www.nonsolomodanews.it\/wordpress\/wp-content\/uploads\/photo-gallery\/Sguardo_al_Futuro_-_Roma_28_giu._2024\/thumb\/Sfilata-Palazzo-Aeronautica-020.jpg?bwg=1720790566\"                 data-width=\"300.00\"                 data-height=\"200.00\"                 alt=\"Sfilata-Palazzo-Aeronautica-020\"                 title=\"Sfilata-Palazzo-Aeronautica-020\" \/>                      <\/div>        <\/a>                <a  class=\"bwg-a bwg_lightbox bwg_lightbox_0\" href=\"https:\/\/www.nonsolomodanews.it\/wordpress\/wp-content\/uploads\/photo-gallery\/Sguardo_al_Futuro_-_Roma_28_giu._2024\/Sfilata-Palazzo-Aeronautica-021.jpg?bwg=1720790566\" data-image-id=\"39454\" data-elementor-open-lightbox=\"no\">          <div class=\"bwg_mosaic_thumb_spun_0 bwg-item0 bwg-mosaic-thumb-span \">            <img decoding=\"async\" class=\"bwg_mosaic_thumb_0 skip-lazy bwg_img_clear bwg_img_custom \"                 id=\"39454\"                 src=\"https:\/\/www.nonsolomodanews.it\/wordpress\/wp-content\/uploads\/photo-gallery\/Sguardo_al_Futuro_-_Roma_28_giu._2024\/thumb\/Sfilata-Palazzo-Aeronautica-021.jpg?bwg=1720790566\"                 data-src=\"https:\/\/www.nonsolomodanews.it\/wordpress\/wp-content\/uploads\/photo-gallery\/Sguardo_al_Futuro_-_Roma_28_giu._2024\/thumb\/Sfilata-Palazzo-Aeronautica-021.jpg?bwg=1720790566\"                 data-width=\"200.00\"                 data-height=\"300.00\"                 alt=\"Sfilata-Palazzo-Aeronautica-021\"                 title=\"Sfilata-Palazzo-Aeronautica-021\" \/>                      <\/div>        <\/a>                <a  class=\"bwg-a bwg_lightbox bwg_lightbox_0\" href=\"https:\/\/www.nonsolomodanews.it\/wordpress\/wp-content\/uploads\/photo-gallery\/Sguardo_al_Futuro_-_Roma_28_giu._2024\/Sfilata-Palazzo-Aeronautica-022.jpg?bwg=1720790566\" data-image-id=\"39435\" data-elementor-open-lightbox=\"no\">          <div class=\"bwg_mosaic_thumb_spun_0 bwg-item0 bwg-mosaic-thumb-span \">            <img decoding=\"async\" class=\"bwg_mosaic_thumb_0 skip-lazy bwg_img_clear bwg_img_custom \"                 id=\"39435\"                 src=\"https:\/\/www.nonsolomodanews.it\/wordpress\/wp-content\/uploads\/photo-gallery\/Sguardo_al_Futuro_-_Roma_28_giu._2024\/thumb\/Sfilata-Palazzo-Aeronautica-022.jpg?bwg=1720790566\"                 data-src=\"https:\/\/www.nonsolomodanews.it\/wordpress\/wp-content\/uploads\/photo-gallery\/Sguardo_al_Futuro_-_Roma_28_giu._2024\/thumb\/Sfilata-Palazzo-Aeronautica-022.jpg?bwg=1720790566\"                 data-width=\"200.00\"                 data-height=\"300.00\"                 alt=\"Sfilata-Palazzo-Aeronautica-022\"                 title=\"Sfilata-Palazzo-Aeronautica-022\" \/>                      <\/div>        <\/a>                <a  class=\"bwg-a bwg_lightbox bwg_lightbox_0\" href=\"https:\/\/www.nonsolomodanews.it\/wordpress\/wp-content\/uploads\/photo-gallery\/Sguardo_al_Futuro_-_Roma_28_giu._2024\/Sfilata-Palazzo-Aeronautica-023.jpg?bwg=1720790566\" data-image-id=\"39436\" data-elementor-open-lightbox=\"no\">          <div class=\"bwg_mosaic_thumb_spun_0 bwg-item0 bwg-mosaic-thumb-span \">            <img decoding=\"async\" class=\"bwg_mosaic_thumb_0 skip-lazy bwg_img_clear bwg_img_custom \"                 id=\"39436\"                 src=\"https:\/\/www.nonsolomodanews.it\/wordpress\/wp-content\/uploads\/photo-gallery\/Sguardo_al_Futuro_-_Roma_28_giu._2024\/thumb\/Sfilata-Palazzo-Aeronautica-023.jpg?bwg=1720790566\"                 data-src=\"https:\/\/www.nonsolomodanews.it\/wordpress\/wp-content\/uploads\/photo-gallery\/Sguardo_al_Futuro_-_Roma_28_giu._2024\/thumb\/Sfilata-Palazzo-Aeronautica-023.jpg?bwg=1720790566\"                 data-width=\"300.00\"                 data-height=\"200.00\"                 alt=\"Sfilata-Palazzo-Aeronautica-023\"                 title=\"Sfilata-Palazzo-Aeronautica-023\" \/>                      <\/div>        <\/a>                <a  class=\"bwg-a bwg_lightbox bwg_lightbox_0\" href=\"https:\/\/www.nonsolomodanews.it\/wordpress\/wp-content\/uploads\/photo-gallery\/Sguardo_al_Futuro_-_Roma_28_giu._2024\/Sfilata-Palazzo-Aeronautica-024.jpg?bwg=1720790566\" data-image-id=\"39437\" data-elementor-open-lightbox=\"no\">          <div class=\"bwg_mosaic_thumb_spun_0 bwg-item0 bwg-mosaic-thumb-span \">            <img decoding=\"async\" class=\"bwg_mosaic_thumb_0 skip-lazy bwg_img_clear bwg_img_custom \"                 id=\"39437\"                 src=\"https:\/\/www.nonsolomodanews.it\/wordpress\/wp-content\/uploads\/photo-gallery\/Sguardo_al_Futuro_-_Roma_28_giu._2024\/thumb\/Sfilata-Palazzo-Aeronautica-024.jpg?bwg=1720790566\"                 data-src=\"https:\/\/www.nonsolomodanews.it\/wordpress\/wp-content\/uploads\/photo-gallery\/Sguardo_al_Futuro_-_Roma_28_giu._2024\/thumb\/Sfilata-Palazzo-Aeronautica-024.jpg?bwg=1720790566\"                 data-width=\"300.00\"                 data-height=\"200.00\"                 alt=\"Sfilata-Palazzo-Aeronautica-024\"                 title=\"Sfilata-Palazzo-Aeronautica-024\" \/>                      <\/div>        <\/a>                <a  class=\"bwg-a bwg_lightbox bwg_lightbox_0\" href=\"https:\/\/www.nonsolomodanews.it\/wordpress\/wp-content\/uploads\/photo-gallery\/Sguardo_al_Futuro_-_Roma_28_giu._2024\/Sfilata-Palazzo-Aeronautica-025.jpg?bwg=1720790566\" data-image-id=\"39438\" data-elementor-open-lightbox=\"no\">          <div class=\"bwg_mosaic_thumb_spun_0 bwg-item0 bwg-mosaic-thumb-span \">            <img decoding=\"async\" class=\"bwg_mosaic_thumb_0 skip-lazy bwg_img_clear bwg_img_custom \"                 id=\"39438\"                 src=\"https:\/\/www.nonsolomodanews.it\/wordpress\/wp-content\/uploads\/photo-gallery\/Sguardo_al_Futuro_-_Roma_28_giu._2024\/thumb\/Sfilata-Palazzo-Aeronautica-025.jpg?bwg=1720790566\"                 data-src=\"https:\/\/www.nonsolomodanews.it\/wordpress\/wp-content\/uploads\/photo-gallery\/Sguardo_al_Futuro_-_Roma_28_giu._2024\/thumb\/Sfilata-Palazzo-Aeronautica-025.jpg?bwg=1720790566\"                 data-width=\"300.00\"                 data-height=\"200.00\"                 alt=\"Sfilata-Palazzo-Aeronautica-025\"                 title=\"Sfilata-Palazzo-Aeronautica-025\" \/>                      <\/div>        <\/a>                <a  class=\"bwg-a bwg_lightbox bwg_lightbox_0\" href=\"https:\/\/www.nonsolomodanews.it\/wordpress\/wp-content\/uploads\/photo-gallery\/Sguardo_al_Futuro_-_Roma_28_giu._2024\/Sfilata-Palazzo-Aeronautica-026.jpg?bwg=1720790566\" data-image-id=\"39439\" data-elementor-open-lightbox=\"no\">          <div class=\"bwg_mosaic_thumb_spun_0 bwg-item0 bwg-mosaic-thumb-span \">            <img decoding=\"async\" class=\"bwg_mosaic_thumb_0 skip-lazy bwg_img_clear bwg_img_custom \"                 id=\"39439\"                 src=\"https:\/\/www.nonsolomodanews.it\/wordpress\/wp-content\/uploads\/photo-gallery\/Sguardo_al_Futuro_-_Roma_28_giu._2024\/thumb\/Sfilata-Palazzo-Aeronautica-026.jpg?bwg=1720790566\"                 data-src=\"https:\/\/www.nonsolomodanews.it\/wordpress\/wp-content\/uploads\/photo-gallery\/Sguardo_al_Futuro_-_Roma_28_giu._2024\/thumb\/Sfilata-Palazzo-Aeronautica-026.jpg?bwg=1720790566\"                 data-width=\"200.00\"                 data-height=\"300.00\"                 alt=\"Sfilata-Palazzo-Aeronautica-026\"                 title=\"Sfilata-Palazzo-Aeronautica-026\" \/>                      <\/div>        <\/a>                <a  class=\"bwg-a bwg_lightbox bwg_lightbox_0\" href=\"https:\/\/www.nonsolomodanews.it\/wordpress\/wp-content\/uploads\/photo-gallery\/Sguardo_al_Futuro_-_Roma_28_giu._2024\/Sfilata-Palazzo-Aeronautica-027.jpg?bwg=1720790566\" data-image-id=\"39440\" data-elementor-open-lightbox=\"no\">          <div class=\"bwg_mosaic_thumb_spun_0 bwg-item0 bwg-mosaic-thumb-span \">            <img decoding=\"async\" class=\"bwg_mosaic_thumb_0 skip-lazy bwg_img_clear bwg_img_custom \"                 id=\"39440\"                 src=\"https:\/\/www.nonsolomodanews.it\/wordpress\/wp-content\/uploads\/photo-gallery\/Sguardo_al_Futuro_-_Roma_28_giu._2024\/thumb\/Sfilata-Palazzo-Aeronautica-027.jpg?bwg=1720790566\"                 data-src=\"https:\/\/www.nonsolomodanews.it\/wordpress\/wp-content\/uploads\/photo-gallery\/Sguardo_al_Futuro_-_Roma_28_giu._2024\/thumb\/Sfilata-Palazzo-Aeronautica-027.jpg?bwg=1720790566\"                 data-width=\"200.00\"                 data-height=\"300.00\"                 alt=\"Sfilata-Palazzo-Aeronautica-027\"                 title=\"Sfilata-Palazzo-Aeronautica-027\" \/>                      <\/div>        <\/a>                <a  class=\"bwg-a bwg_lightbox bwg_lightbox_0\" href=\"https:\/\/www.nonsolomodanews.it\/wordpress\/wp-content\/uploads\/photo-gallery\/Sguardo_al_Futuro_-_Roma_28_giu._2024\/Sfilata-Palazzo-Aeronautica-028.jpg?bwg=1720790566\" data-image-id=\"39441\" data-elementor-open-lightbox=\"no\">          <div class=\"bwg_mosaic_thumb_spun_0 bwg-item0 bwg-mosaic-thumb-span \">            <img decoding=\"async\" class=\"bwg_mosaic_thumb_0 skip-lazy bwg_img_clear bwg_img_custom \"                 id=\"39441\"                 src=\"https:\/\/www.nonsolomodanews.it\/wordpress\/wp-content\/uploads\/photo-gallery\/Sguardo_al_Futuro_-_Roma_28_giu._2024\/thumb\/Sfilata-Palazzo-Aeronautica-028.jpg?bwg=1720790566\"                 data-src=\"https:\/\/www.nonsolomodanews.it\/wordpress\/wp-content\/uploads\/photo-gallery\/Sguardo_al_Futuro_-_Roma_28_giu._2024\/thumb\/Sfilata-Palazzo-Aeronautica-028.jpg?bwg=1720790566\"                 data-width=\"200.00\"                 data-height=\"300.00\"                 alt=\"Sfilata-Palazzo-Aeronautica-028\"                 title=\"Sfilata-Palazzo-Aeronautica-028\" \/>                      <\/div>        <\/a>                <a  class=\"bwg-a bwg_lightbox bwg_lightbox_0\" href=\"https:\/\/www.nonsolomodanews.it\/wordpress\/wp-content\/uploads\/photo-gallery\/Sguardo_al_Futuro_-_Roma_28_giu._2024\/Sfilata-Palazzo-Aeronautica-029.jpg?bwg=1720790566\" data-image-id=\"39442\" data-elementor-open-lightbox=\"no\">          <div class=\"bwg_mosaic_thumb_spun_0 bwg-item0 bwg-mosaic-thumb-span \">            <img decoding=\"async\" class=\"bwg_mosaic_thumb_0 skip-lazy bwg_img_clear bwg_img_custom \"                 id=\"39442\"                 src=\"https:\/\/www.nonsolomodanews.it\/wordpress\/wp-content\/uploads\/photo-gallery\/Sguardo_al_Futuro_-_Roma_28_giu._2024\/thumb\/Sfilata-Palazzo-Aeronautica-029.jpg?bwg=1720790566\"                 data-src=\"https:\/\/www.nonsolomodanews.it\/wordpress\/wp-content\/uploads\/photo-gallery\/Sguardo_al_Futuro_-_Roma_28_giu._2024\/thumb\/Sfilata-Palazzo-Aeronautica-029.jpg?bwg=1720790566\"                 data-width=\"200.00\"                 data-height=\"300.00\"                 alt=\"Sfilata-Palazzo-Aeronautica-029\"                 title=\"Sfilata-Palazzo-Aeronautica-029\" \/>                      <\/div>        <\/a>                <a  class=\"bwg-a bwg_lightbox bwg_lightbox_0\" href=\"https:\/\/www.nonsolomodanews.it\/wordpress\/wp-content\/uploads\/photo-gallery\/Sguardo_al_Futuro_-_Roma_28_giu._2024\/Sfilata-Palazzo-Aeronautica-030.jpg?bwg=1720790566\" data-image-id=\"39434\" data-elementor-open-lightbox=\"no\">          <div class=\"bwg_mosaic_thumb_spun_0 bwg-item0 bwg-mosaic-thumb-span \">            <img decoding=\"async\" class=\"bwg_mosaic_thumb_0 skip-lazy bwg_img_clear bwg_img_custom \"                 id=\"39434\"                 src=\"https:\/\/www.nonsolomodanews.it\/wordpress\/wp-content\/uploads\/photo-gallery\/Sguardo_al_Futuro_-_Roma_28_giu._2024\/thumb\/Sfilata-Palazzo-Aeronautica-030.jpg?bwg=1720790566\"                 data-src=\"https:\/\/www.nonsolomodanews.it\/wordpress\/wp-content\/uploads\/photo-gallery\/Sguardo_al_Futuro_-_Roma_28_giu._2024\/thumb\/Sfilata-Palazzo-Aeronautica-030.jpg?bwg=1720790566\"                 data-width=\"300.00\"                 data-height=\"200.00\"                 alt=\"Sfilata-Palazzo-Aeronautica-030\"                 title=\"Sfilata-Palazzo-Aeronautica-030\" \/>                      <\/div>        <\/a>                <a  class=\"bwg-a bwg_lightbox bwg_lightbox_0\" href=\"https:\/\/www.nonsolomodanews.it\/wordpress\/wp-content\/uploads\/photo-gallery\/Sguardo_al_Futuro_-_Roma_28_giu._2024\/Sfilata-Palazzo-Aeronautica-031.jpg?bwg=1720790566\" data-image-id=\"39433\" data-elementor-open-lightbox=\"no\">          <div class=\"bwg_mosaic_thumb_spun_0 bwg-item0 bwg-mosaic-thumb-span \">            <img decoding=\"async\" class=\"bwg_mosaic_thumb_0 skip-lazy bwg_img_clear bwg_img_custom \"                 id=\"39433\"                 src=\"https:\/\/www.nonsolomodanews.it\/wordpress\/wp-content\/uploads\/photo-gallery\/Sguardo_al_Futuro_-_Roma_28_giu._2024\/thumb\/Sfilata-Palazzo-Aeronautica-031.jpg?bwg=1720790566\"                 data-src=\"https:\/\/www.nonsolomodanews.it\/wordpress\/wp-content\/uploads\/photo-gallery\/Sguardo_al_Futuro_-_Roma_28_giu._2024\/thumb\/Sfilata-Palazzo-Aeronautica-031.jpg?bwg=1720790566\"                 data-width=\"300.00\"                 data-height=\"225.00\"                 alt=\"Sfilata-Palazzo-Aeronautica-031\"                 title=\"Sfilata-Palazzo-Aeronautica-031\" \/>                      <\/div>        <\/a>            <\/div>    <\/div>    <style>      \/*pagination styles*\/      #bwg_container1_0 #bwg_container2_0 .tablenav-pages_0 {\t\t\t\ttext-align: center;\t\t\t\tfont-size: 12px;\t\t\t\tfont-family: segoe ui;\t\t\t\tfont-weight: bold;\t\t\t\tcolor: #666666;\t\t\t\tmargin: 6px 0 4px;\t\t\t\tdisplay: block;      }      @media only screen and (max-width : 320px) {      #bwg_container1_0 #bwg_container2_0 .displaying-num_0 {     \t display: none;      }      }      #bwg_container1_0 #bwg_container2_0 .displaying-num_0 {\t\t\t\tfont-size: 12px;\t\t\t\tfont-family: segoe ui;\t\t\t\tfont-weight: bold;\t\t\t\tcolor: #666666;\t\t\t\tmargin-right: 10px;\t\t\t\tvertical-align: middle;      }      #bwg_container1_0 #bwg_container2_0 .paging-input_0 {\t\t\t\tfont-size: 12px;\t\t\t\tfont-family: segoe ui;\t\t\t\tfont-weight: bold;\t\t\t\tcolor: #666666;\t\t\t\tvertical-align: middle;      }      #bwg_container1_0 #bwg_container2_0 .tablenav-pages_0 a.disabled,      #bwg_container1_0 #bwg_container2_0 .tablenav-pages_0 a.disabled:hover,      #bwg_container1_0 #bwg_container2_0 .tablenav-pages_0 a.disabled:focus,\t\t\t#bwg_container1_0 #bwg_container2_0 .tablenav-pages_0 input.bwg_current_page {\t\t\t\tcursor: default;\t\t\t\tcolor: rgba(102, 102, 102, 0.5);      }      #bwg_container1_0 #bwg_container2_0 .tablenav-pages_0 a,      #bwg_container1_0 #bwg_container2_0 .tablenav-pages_0 input.bwg_current_page {\t\t\t\tcursor: pointer;\t\t\t\ttext-align: center;\t\t\t\tfont-size: 12px;\t\t\t\tfont-family: segoe ui;\t\t\t\tfont-weight: bold;\t\t\t\tcolor: #666666;\t\t\t\ttext-decoration: none;\t\t\t\tpadding: 3px 6px;\t\t\t\tmargin: 0;\t\t\t\tborder-radius: 0;\t\t\t\tborder-style: solid;\t\t\t\tborder-width: 1px;\t\t\t\tborder-color: #E3E3E3;\t\t\t\t\t\t\t\tbackground-color: rgba(255, 255, 255, 1.00);\t\t\t\tbox-shadow: 0;\t\t\t\ttransition: all 0.3s ease 0s;-webkit-transition: all 0.3s ease 0s;      }      <\/style>      <span class=\"bwg_nav_cont_0\">              <div class=\"tablenav-pages_0\">                  <\/div>                <input type=\"hidden\" id=\"page_number_0\" name=\"page_number_0\" value=\"1\" \/>      <script type=\"text\/javascript\">        if( jQuery('.bwg_nav_cont_0').length > 1 ) {          jQuery('.bwg_nav_cont_0').first().remove()        }        function spider_page_0(cur, x, y, load_more) {          if (typeof load_more == \"undefined\") {            var load_more = false;          }          if (jQuery(cur).hasClass('disabled')) {            return false;          }          var items_county_0 = 1;          switch (y) {            case 1:              if (x >= items_county_0) {                document.getElementById('page_number_0').value = items_county_0;              }              else {                document.getElementById('page_number_0').value = x + 1;              }              break;            case 2:              document.getElementById('page_number_0').value = items_county_0;              break;            case -1:              if (x == 1) {                document.getElementById('page_number_0').value = 1;              }              else {                document.getElementById('page_number_0').value = x - 1;              }              break;            case -2:              document.getElementById('page_number_0').value = 1;              break;\t\t\t\t\t\tcase 0:              document.getElementById('page_number_0').value = x;              break;            default:              document.getElementById('page_number_0').value = 1;          }          bwg_ajax('gal_front_form_0', '0', 'bwg_thumbnails_mosaic_0', '0', '', 'gallery', 0, '', '', load_more, '', 1);        }                    jQuery('.first-page-0').on('click', function () {              spider_page_0(this, 1, -2, 'numeric');              return false;            });            jQuery('.prev-page-0').on('click', function () {              spider_page_0(this, 1, -1, 'numeric');              return false;            });            jQuery('.next-page-0').on('click', function () {              spider_page_0(this, 1, 1, 'numeric');              return false;            });            jQuery('.last-page-0').on('click', function () {              spider_page_0(this, 1, 2, 'numeric');              return false;            });        \t\t\t\t\/* Change page on input enter. *\/        function bwg_change_page_0( e, that ) {          if (  e.key == 'Enter' ) {            var to_page = parseInt(jQuery(that).val());            var pages_count = jQuery(that).parents(\".pagination-links\").data(\"pages-count\");            var current_url_param = jQuery(that).attr('data-url-info');            if (to_page > pages_count) {              to_page = 1;            }\t \t\t\t\t\t\t\t\t\t\t\t\tspider_page_0(this, to_page, 0, 'numeric');\t\t\t\t\t\t\treturn false;\t\t\t\t\t\t          }          return true;        }        jQuery('.bwg_load_btn_0').on('click', function () {            spider_page_0(this, 1, 1, true);            return false;        });      <\/script>      <\/span>                <\/div>        <\/form>        <style>          #bwg_container1_0 #bwg_container2_0 #spider_popup_overlay_0 {          background-color: #000000;          opacity: 0.70;          }          <\/style>        <div id=\"bwg_spider_popup_loading_0\" class=\"bwg_spider_popup_loading\"><\/div>        <div id=\"spider_popup_overlay_0\" class=\"spider_popup_overlay\" onclick=\"spider_destroypopup(1000)\"><\/div>        <input type=\"hidden\" id=\"bwg_random_seed_0\" value=\"1144078930\">                <\/div>    <\/div>    <script>      if (document.readyState === 'complete') {        if( typeof bwg_main_ready == 'function' ) {          if ( jQuery(\"#bwg_container1_0\").height() ) {            bwg_main_ready(jQuery(\"#bwg_container1_0\"));          }        }      } else {        document.addEventListener('DOMContentLoaded', function() {          if( typeof bwg_main_ready == 'function' ) {            if ( jQuery(\"#bwg_container1_0\").height() ) {             bwg_main_ready(jQuery(\"#bwg_container1_0\"));            }          }        });      }    <\/script>    \n<p>&nbsp;<\/p>\n<p>&nbsp;<\/p>\n<p>&nbsp;<\/p>\n<p>&nbsp;<\/p>\n","protected":false},"excerpt":{"rendered":"<p>Il 26 giugno 2024, all&rsquo;interno del cortile dello Stato Maggiore dell&rsquo;Aeronautica militare italiana in Roma, ha avuto luogo l&rsquo;attesa sfilata Sguardo verso il futuro. Un evento realizzato su iniziativa della Forza armata e di Mosaico Casting, che ha rinvenuto in Maria Caridad Palac&iacute;o il suo elemento propulsore. Numerose le creazioni di diversi stilisti, introdotte sulla passerella da Eleonora D&rsquo;Alessandro e accompagnate dalla splendida voce &laquo;live&raquo; della cantante Michelle. Nella medesima occasione, con il pensiero alla Madonna di Loreto, protettrice di tutti gli aeronauti, nella sala a lei dedicata &egrave; stata esposta anche la collezione di alta moda &ldquo;Madonne lucane&rdquo;, dello stilista Michele Miglionico, ispirata alle figure sacre femminili del meridione d&rsquo;Italia, portate in processione dalle donne del Sud. Al termine del d&eacute;fil&eacute; sono stati attribuiti vari riconoscimenti, tra i quali per l&rsquo;abito pi&ugrave; avanguardistico, per quello pi&ugrave; scenografico e per quello pi&ugrave; a tema. La targa d&rsquo;eccellenza per il vestito Mosaico e Madonna di Loreto &egrave; stata consegnata a Laura Quarta. Alla serata &egrave; intervenuto il ministro della Cultura Sangiuliano Riconoscimenti: Miglior Abito&rdquo;Scenografico&rdquo; a Yosmany Larrea (Cuba, 27\/07\/87) Miglior Abito &ldquo;Avanguardistico&rdquo; a Paul Roger Tanonkou (Camerun, 30\/06\/66), direttore creativo del brand Zenam Miglior Abito &ldquo;Aderente al tema&rdquo; al Gruppo CoMa [&hellip;]<\/p>\n","protected":false},"author":1,"featured_media":27114,"comment_status":"open","ping_status":"open","sticky":false,"template":"","format":"standard","meta":{"rop_custom_images_group":[],"rop_custom_messages_group":[],"rop_publish_now":"initial","rop_publish_now_accounts":[],"rop_publish_now_history":[],"rop_publish_now_status":"pending","footnotes":""},"categories":[16],"tags":[8987,9786],"class_list":["post-27104","post","type-post","status-publish","format-standard","has-post-thumbnail","hentry","category-articolo","tag-mosaico-casting","tag-stato-maggiore-dellaeronautica-militare-italiana"],"_links":{"self":[{"href":"https:\/\/www.nonsolomodanews.it\/wordpress\/wp-json\/wp\/v2\/posts\/27104","targetHints":{"allow":["GET"]}}],"collection":[{"href":"https:\/\/www.nonsolomodanews.it\/wordpress\/wp-json\/wp\/v2\/posts"}],"about":[{"href":"https:\/\/www.nonsolomodanews.it\/wordpress\/wp-json\/wp\/v2\/types\/post"}],"author":[{"embeddable":true,"href":"https:\/\/www.nonsolomodanews.it\/wordpress\/wp-json\/wp\/v2\/users\/1"}],"replies":[{"embeddable":true,"href":"https:\/\/www.nonsolomodanews.it\/wordpress\/wp-json\/wp\/v2\/comments?post=27104"}],"version-history":[{"count":3,"href":"https:\/\/www.nonsolomodanews.it\/wordpress\/wp-json\/wp\/v2\/posts\/27104\/revisions"}],"predecessor-version":[{"id":27113,"href":"https:\/\/www.nonsolomodanews.it\/wordpress\/wp-json\/wp\/v2\/posts\/27104\/revisions\/27113"}],"wp:featuredmedia":[{"embeddable":true,"href":"https:\/\/www.nonsolomodanews.it\/wordpress\/wp-json\/wp\/v2\/media\/27114"}],"wp:attachment":[{"href":"https:\/\/www.nonsolomodanews.it\/wordpress\/wp-json\/wp\/v2\/media?parent=27104"}],"wp:term":[{"taxonomy":"category","embeddable":true,"href":"https:\/\/www.nonsolomodanews.it\/wordpress\/wp-json\/wp\/v2\/categories?post=27104"},{"taxonomy":"post_tag","embeddable":true,"href":"https:\/\/www.nonsolomodanews.it\/wordpress\/wp-json\/wp\/v2\/tags?post=27104"}],"curies":[{"name":"wp","href":"https:\/\/api.w.org\/{rel}","templated":true}]}}