{"id":26571,"date":"2024-03-26T18:24:13","date_gmt":"2024-03-26T18:24:13","guid":{"rendered":"https:\/\/www.nonsolomodanews.it\/wordpress\/?p=26571"},"modified":"2024-03-26T18:25:53","modified_gmt":"2024-03-26T18:25:53","slug":"il-microfono-ditalia-il-nuovo-concorso-canoro-nazionale","status":"publish","type":"post","link":"https:\/\/www.nonsolomodanews.it\/wordpress\/il-microfono-ditalia-il-nuovo-concorso-canoro-nazionale\/","title":{"rendered":"\u201cIL MICROFONO D\u2019ITALIA\u201d: IL NUOVO CONCORSO CANORO NAZIONALE"},"content":{"rendered":"<p><span style=\"color: #000000;\"><strong><img loading=\"lazy\" decoding=\"async\" class=\"size-medium wp-image-26572 alignleft\" src=\"https:\/\/www.nonsolomodanews.it\/wordpress\/wp-content\/uploads\/2024\/03\/Microfono-dItalia-Samuel-Accomo-116x300.jpeg\" alt=\"\" width=\"116\" height=\"300\" srcset=\"https:\/\/www.nonsolomodanews.it\/wordpress\/wp-content\/uploads\/2024\/03\/Microfono-dItalia-Samuel-Accomo-116x300.jpeg 116w, https:\/\/www.nonsolomodanews.it\/wordpress\/wp-content\/uploads\/2024\/03\/Microfono-dItalia-Samuel-Accomo-394x1024.jpeg 394w, https:\/\/www.nonsolomodanews.it\/wordpress\/wp-content\/uploads\/2024\/03\/Microfono-dItalia-Samuel-Accomo-591x1536.jpeg 591w, https:\/\/www.nonsolomodanews.it\/wordpress\/wp-content\/uploads\/2024\/03\/Microfono-dItalia-Samuel-Accomo.jpeg 613w\" sizes=\"auto, (max-width: 116px) 100vw, 116px\" \/>\u201cIL MICROFONO D\u2019ITALIA\u201d: IL NUOVO CONCORSO CANORO NAZIONALE &#8211; <\/strong><strong>Ideato e organizzato dall\u2019agenzia SAAS. Le tappe di avvicinamento alla finale nazionale prenderanno il via dal mese di aprile: previste selezioni provinciali e finale regionale. Tre le categorie a cui i concorrenti possono iscriversi: Junior, Emergenti e Campioni.<\/strong><\/span><\/p>\n<p><span style=\"color: #000000;\"><!--more--><\/span><\/p>\n<p><span style=\"color: #000000;\">La prima edizione del concorso nazionale \u201cIL MICROFONO D\u2019ITALIA\u201d, la nuova competizione canora ideata e organizzata da Samuel Accomo dell\u2019agenzia SAAS \u2013 Organizzazione Eventi \u2013 Management Artisti, con sede in Alessandria, \u00e8 alle porte.<\/span><br \/>\n<span style=\"color: #000000;\">Poche settimane ci separano dalla prima tappa che verr\u00e0 annunciata a breve.<\/span><br \/>\n<span style=\"color: #000000;\">Il concorso interesser\u00e0 tutto il territorio nazionale e si presenter\u00e0 come un tour tra le pi\u00f9 belle realt\u00e0 della penisola alla scoperta di nuovi talenti della musica italiana.<\/span><br \/>\n<span style=\"color: #000000;\">\u201cIL MICROFONO D\u2019ITALIA\u201d toccher\u00e0 tutte le regioni del Bel Paese e sar\u00e0 suddiviso in selezioni provinciali, finale regionale e finalissima nazionale.<\/span><br \/>\n<span style=\"color: #000000;\">Il concorso \u00e8 aperto a tre categorie di concorrenti: \u201cjunior\u201d, \u201cemergenti\u201d e \u201ccampioni\u201d.<\/span><br \/>\n<span style=\"color: #000000;\">Caratteristica principale de \u201cIL MICROFONO D\u2019ITALIA\u201d \u00e8 che i concorrenti si dovranno esibire portando sul palco esclusivamente brani in italiano (eventuali parti del testo in dialetto non possono superare il 15%); per la categoria \u201ccampioni\u201d \u00e8 data la possibilit\u00e0 di portare in gara canzoni inedite.<\/span><br \/>\n<span style=\"color: #000000;\">Nelle varie fasi del concorso sar\u00e0 una competente giuria composta da esperti del settore a valutare i concorrenti in gara.<\/span><br \/>\n<span style=\"color: #000000;\">Il concorso vedr\u00e0 la collaborazione di Giorgio Mengato: il suo ruolo sar\u00e0 quello di verifica delle iscrizioni, dei testi che verranno proposti e delle votazioni espresse dai giurati in ogni singola tappa.<\/span><br \/>\n<span style=\"color: #000000;\">\u201cSono particolarmente entusiasta di come sta muovendo i primi passi questo concorso. \u2013 afferma Samuel Accomo, amministratore unico dell\u2019agenzia SAAS \u2013 Nei giorni scorsi, al fine di sondare il terreno, ho annunciato sui social la nascita della competizione e il\u00a0 numero whatsapp dedicato \u00e8 stato subissato di messaggi, fatto che mi fa ben sperare per la piena riuscita dell\u2019iniziativa\u201d.<\/span><br \/>\n<span style=\"color: #000000;\">\u201cI primi contatti con location che saranno sede di tappa de IL MICROFONO D\u2019ITALIA sono stati avviati e sono a buon punto \u2013 prosegue Samuel Accomo \u2013 chiaramente, per\u00f2, chi volesse ospitare e organizzare una tappa del concorso mi pu\u00f2 contattare per ottenere le informazioni necessarie\u201d.<\/span><br \/>\n<span style=\"color: #000000;\">Ricordiamo che le categorie a cui gli aspiranti concorrenti possono iscriversi sono:<\/span><br \/>\n<span style=\"color: #000000;\">\u201cJunior\u201d: dai 6 ai 16 anni compiuti e possono aver fatto esperienze in altri concorsi o in televisione;<\/span><br \/>\n<span style=\"color: #000000;\">\u201cEmergenti\u201d: dai 17 anni, senza esperienze in concorsi e che non abbiano mai vinto in qualsivoglia manifestazione canora;<\/span><br \/>\n<span style=\"color: #000000;\">\u201cCampioni\u201d: dai 18 anni compiuti; a chi si iscrive a questa categoria \u00e8 ammesso che abbiano partecipato e vinto ad altri concorsi canori.<\/span><br \/>\n<span style=\"color: #000000;\">Le prime tappe sono in fase di definizione e si svolgeranno nel mese di aprile.<\/span><br \/>\n<span style=\"color: #000000;\">La finale nazionale \u00e8 prevista nel mese di settembre in una sede da definire.<\/span><br \/>\n<span style=\"color: #000000;\">Chi volesse iscriversi o chiedere maggiori informazioni pu\u00f2 scrivere al numero whatsapp dedicato 3886276934 oppure alla mail info@eventiemanagement.it.<\/span><br \/>\n<span style=\"color: #000000;\">Gli stessi recapiti possono essere utilizzati dai locali per candidarsi sede di tappa.<\/span><\/p>\n<p style=\"text-align: center;\"><span style=\"color: #000000;\">Ufficio Stampa: Fabrizio Capra\u00a0<\/span><br \/>\n<span style=\"color: #000000;\">Tutti i diritti riservati \u00a9 2024 \u2013 Email: <a style=\"color: #000000;\" href=\"mailto:nonsolomodanews@gmail.com\">nonsolomodanews@gmail.com<\/a><\/span><\/p>\n<p>&nbsp;<\/p>\n","protected":false},"excerpt":{"rendered":"<p>&ldquo;IL MICROFONO D&rsquo;ITALIA&rdquo;: IL NUOVO CONCORSO CANORO NAZIONALE &ndash; Ideato e organizzato dall&rsquo;agenzia SAAS. Le tappe di avvicinamento alla finale nazionale prenderanno il via dal mese di aprile: previste selezioni provinciali e finale regionale. Tre le categorie a cui i concorrenti possono iscriversi: Junior, Emergenti e Campioni.<\/p>\n","protected":false},"author":1,"featured_media":26573,"comment_status":"open","ping_status":"open","sticky":false,"template":"","format":"standard","meta":{"rop_custom_images_group":[],"rop_custom_messages_group":[],"rop_publish_now":"initial","rop_publish_now_accounts":[],"rop_publish_now_history":[],"rop_publish_now_status":"pending","footnotes":""},"categories":[16],"tags":[521,9614],"class_list":["post-26571","post","type-post","status-publish","format-standard","has-post-thumbnail","hentry","category-articolo","tag-fabrizio-capra","tag-il-microfono-ditalia"],"_links":{"self":[{"href":"https:\/\/www.nonsolomodanews.it\/wordpress\/wp-json\/wp\/v2\/posts\/26571","targetHints":{"allow":["GET"]}}],"collection":[{"href":"https:\/\/www.nonsolomodanews.it\/wordpress\/wp-json\/wp\/v2\/posts"}],"about":[{"href":"https:\/\/www.nonsolomodanews.it\/wordpress\/wp-json\/wp\/v2\/types\/post"}],"author":[{"embeddable":true,"href":"https:\/\/www.nonsolomodanews.it\/wordpress\/wp-json\/wp\/v2\/users\/1"}],"replies":[{"embeddable":true,"href":"https:\/\/www.nonsolomodanews.it\/wordpress\/wp-json\/wp\/v2\/comments?post=26571"}],"version-history":[{"count":3,"href":"https:\/\/www.nonsolomodanews.it\/wordpress\/wp-json\/wp\/v2\/posts\/26571\/revisions"}],"predecessor-version":[{"id":26576,"href":"https:\/\/www.nonsolomodanews.it\/wordpress\/wp-json\/wp\/v2\/posts\/26571\/revisions\/26576"}],"wp:featuredmedia":[{"embeddable":true,"href":"https:\/\/www.nonsolomodanews.it\/wordpress\/wp-json\/wp\/v2\/media\/26573"}],"wp:attachment":[{"href":"https:\/\/www.nonsolomodanews.it\/wordpress\/wp-json\/wp\/v2\/media?parent=26571"}],"wp:term":[{"taxonomy":"category","embeddable":true,"href":"https:\/\/www.nonsolomodanews.it\/wordpress\/wp-json\/wp\/v2\/categories?post=26571"},{"taxonomy":"post_tag","embeddable":true,"href":"https:\/\/www.nonsolomodanews.it\/wordpress\/wp-json\/wp\/v2\/tags?post=26571"}],"curies":[{"name":"wp","href":"https:\/\/api.w.org\/{rel}","templated":true}]}}