{"id":26557,"date":"2024-03-18T23:02:04","date_gmt":"2024-03-18T23:02:04","guid":{"rendered":"https:\/\/www.nonsolomodanews.it\/wordpress\/?p=26557"},"modified":"2024-03-18T23:02:04","modified_gmt":"2024-03-18T23:02:04","slug":"cibus-2024-batte-tutti-record-il-cibo-made-in-italy-si-presenta-al-mondo","status":"publish","type":"post","link":"https:\/\/www.nonsolomodanews.it\/wordpress\/cibus-2024-batte-tutti-record-il-cibo-made-in-italy-si-presenta-al-mondo\/","title":{"rendered":"Cibus 2024 batte tutti record. Il cibo Made in Italy si presenta al mondo"},"content":{"rendered":"<p><span style=\"color: #000000;\"><img loading=\"lazy\" decoding=\"async\" class=\"size-medium wp-image-26559 alignleft\" src=\"https:\/\/www.nonsolomodanews.it\/wordpress\/wp-content\/uploads\/2024\/03\/Logo-Cibus-2024-Date-IT-300x212.jpg\" alt=\"\" width=\"300\" height=\"212\" srcset=\"https:\/\/www.nonsolomodanews.it\/wordpress\/wp-content\/uploads\/2024\/03\/Logo-Cibus-2024-Date-IT-300x212.jpg 300w, https:\/\/www.nonsolomodanews.it\/wordpress\/wp-content\/uploads\/2024\/03\/Logo-Cibus-2024-Date-IT-1024x724.jpg 1024w, https:\/\/www.nonsolomodanews.it\/wordpress\/wp-content\/uploads\/2024\/03\/Logo-Cibus-2024-Date-IT-768x543.jpg 768w, https:\/\/www.nonsolomodanews.it\/wordpress\/wp-content\/uploads\/2024\/03\/Logo-Cibus-2024-Date-IT-1536x1086.jpg 1536w, https:\/\/www.nonsolomodanews.it\/wordpress\/wp-content\/uploads\/2024\/03\/Logo-Cibus-2024-Date-IT-2048x1448.jpg 2048w, https:\/\/www.nonsolomodanews.it\/wordpress\/wp-content\/uploads\/2024\/03\/Logo-Cibus-2024-Date-IT-1080x764.jpg 1080w\" sizes=\"auto, (max-width: 300px) 100vw, 300px\" \/>I numeri della 22esima edizione superano tutte le manifestazioni precedenti. Tutto esaurito per il salone di riferimento del settore agroalimentare Made in Italy in programma a Parma dal 7 al 10 maggio. Pi\u00f9 di 3.000 brand presenti e una lista di attesa di 600 aziende. Sono pi\u00f9 di 1.000 i buyer internazionali attesi e provenienti dai principali mercati obiettivo.<\/span><\/p>\n<p><span style=\"color: #000000;\"><!--more--><\/span><\/p>\n<p><span style=\"color: #000000;\"><strong>Cellie, AD di Fiere di Parma:<\/strong> \u201c<em>Cibus facilitatore dello sviluppo dell\u2019export dell\u2019agroalimentare italiano. (Parma, 27 febbraio 2024) &#8211; Un&#8217;edizione da record. Tutto esaurito a Cibus 2024 (Parma, 7-10 maggio), la manifestazione di riferimento per il settore agroalimentare Made in Italy, frutto della consolidata collaborazione tra Fiere di Parma e Federalimentare. Una 22esima edizione che quest\u2019anno superer\u00e0 ogni altra per numero di espositori (oltre 3.000 brand e una lista di attesa di 600 aziende) e per la presenza di buyer della grande distribuzione italiana e internazionale &#8211; ad oggi pi\u00f9 di 1.000 gi\u00e0 registrati &#8211; provenienti da mercati come Stati Uniti, Germania, Spagna, Francia, Regno Unito e Medio Oriente. Il 2024 sar\u00e0 inoltre l\u2019anno dei Paesi dell\u2019area Asean, con il ritorno della Cina, la grande assente durante la pandemia, e un\u2019importante delegazione dal Giappone. Un salone sempre pi\u00f9 simbolo dell\u2019agroalimentare italiano, che si dimostra attivo anche sullo scenario mondiale, con una strategia che punta a creare quella che Antonio Cellie, Amministratore delegato di Fiere di Parma, definisce \u201cun sistema di alleanze nazionali e internazionali che consolidi l\u2019agroalimentare italiano ed europeo come riferimento per un consumo consapevole e sostenibile a livello globale. I nostri eventi garantiscono un percorso non solo fieristico ma esperienziale pensato per accompagnare i mercati, anche lontani, verso il nostro modello alimentare. La finalizzazione della partnership con Koelnmesse rientra in questa strategia\u201d<\/em>. Un accordo, quello recentemente siglato con Koelnmesse, in virt\u00f9 del quale il gruppo tedesco, uno dei principali attori del mercato fieristico nel mondo, si occuper\u00e0 dello sviluppo internazionale sia di Cibus sia di Tuttofood, la cui gestione \u00e8 passata in capo a Parma alla luce dell\u2019accordo stretto nel 2023 con Fiera Milano. In particolare l\u2019accordo con Colonia porter\u00e0 visitatori internazionali a Cibus ed espositori dall\u2019estero per Tuttofood. <\/span><\/p>\n<p><span style=\"color: #000000;\">\u201c<em>Con il supporto di Koelnmesse, le due manifestazioni potranno contare su pi\u00f9 visitatori ed espositori internazionali, anche grazie ad una riprogrammazione dei calendari che armonizzer\u00e0 Cibus, Tuttofood e Anuga, la fiera del food and beverage di Koelnmesse. Cibus potr\u00e0 cos\u00ec consolidare il suo ruolo di facilitatore dello sviluppo dell\u2019export dell\u2019agroalimentare italiano, mentre Tuttofood nel giro di due edizioni vedr\u00e0 crescere gli espositori esteri dall\u2019attuale 10% ad almeno il 50%\u201d, <\/em>commenta Cellie<em>. <\/em><\/span><\/p>\n<p><span style=\"color: #000000;\"><em>&#8220;Il Salone Internazionale dell\u2019Alimentazione Cibus, organizzato da Federalimentare e Fiere di Parma, \u00e8 la manifestazione di riferimento per l\u2019agroalimentare italiano. Come ogni anno, a Cibus sono protagoniste le eccellenze del nostro settore agroalimentare, un tessuto imprenditoriale dinamico, capace di unire tradizione e innovazione e che riesce a intercettare i gusti dei consumatori italiani e internazionali, costituendo cos\u00ec una vetrina per il nostro Made in Italy. La fiera rappresenta altres\u00ec un\u2019occasione di riflessione sull\u2019industria alimentare e su tutta la sua filiera che hanno dimostrato, anche in momenti particolarmente critici come la pandemia e l\u2019attuale crisi internazionale dovuta ai conflitti, una grande solidit\u00e0 nel saper garantire cibo sicuro e di qualit\u00e0 a tutti&#8221;<\/em>, dichiara<strong> Paolo Mascarino<\/strong>, Presidente di Federalimentare. Il format Cibus &#8211; 120mila mq di superficie espositiva distribuita su 8 padiglioni &#8211; offrir\u00e0 uno spaccato completo del settore alimentare italiano, presentando in fiera tutto il meglio dei principali settori dell\u2019Agroalimentare Made in Italy: prodotti freschi, carni, salumi, dairy, piatti pronti e surgelati, oltre alla sezione grocery, con pasta, conserve e condimenti, pilastro del nostro export agroalimentare. A Parma, grazie alla collaborazione con Agenzia ICE, saranno infatti presenti buyer, category manager e responsabili acquisti delle pi\u00f9 importanti catene di supermercati, tra cui hanno gi\u00e0 aderito Loblow e Metro Canada, Albertsons, Central Market, H-E-B, Hy-Vee, Walmart, Whole Foods Market USA (dal Nord America); Grupo Pao de A\u00e7ucar, Alkosto, Tottus e Cencosud (dal Sud America); Billa, Rewe, Spar, Colruyt, Metro, Iki, Maxima, Hanos, Jumbo Supermarkten, Auchan Retail, Sonae, Eroski, Manor, Migros, Marks &amp; Spencer, Ocado, Waitrose (dall\u2019Europa); Aeon, Itochu, Kato Sangyo, Ok Corporation, City Super Shanghai, Hyundai Green Food, Lotte Mart, Nongshim (dall\u2019Asia); Lulu Group, Shufersal (dal Medio Oriente), Pick n Pay, Woolworths, Coles da Sud Africa e Australia. Saranno altres\u00ec presenti le realt\u00e0 di riferimento a livello internazionale per l&#8217;horeca, cos\u00ec come gli importatori e i distributori chiave per il Made in Italy nel mondo, tra questi per esempio Kehe Distributors, US Food, Baldor, Atalanta, Sysco, Bidfood, Angliss, Classic Fine Food, Sodexo, Winterbotham Darby, AMS Sourcing, Dagab, Haugen Gruppen, Coop Trading, Sligro, Transmed, Choitrams, Truebell, Ali bin Ali, Bright View, COFCO, Emporium Corporation, Giraud Restaurant System, Monte Bussan Global Pacific Victory, Gourmet Partner, Food Gallery Limited, Jagota. Una nutrita presenza internazionale, risultato del roadshow che Cibus ha sviluppato nell\u2019ultimo anno nei principali mercati insieme ad Agenzia ICE. Un tour globale che ha gi\u00e0 toccato Colonia, Shanghai, Las Vegas e che vedr\u00e0 tra le prossime tappe Dubai e Tokyo, per concludersi tra giugno e ottobre a New York (USA) e Parigi. Tantissimi i Top Buyer che potranno vivere l\u2019esperienza immersiva dei Cibus Destination, un programma di retail e technical tour altamente coinvolgenti, organizzati nel territorio e all&#8217;interno delle aziende della Food Valley. Previsti anche tour on site, tra gli stand di Cibus, con visite e degustazioni dedicate alle richieste ed esigenze specifiche dei top buyer italiani ed esteri. Prodotti regionali, fuori casa, innovazione, prodotti di nicchia e per il segmento fine dining: sono solo alcuni percorsi di scoperta che guideranno i visitatori professionali tra gli stand della fiera. Novit\u00e0 di questa edizione sar\u00e0 l\u2019area \u201cCibus delle idee\u201d, che valorizzer\u00e0 la spinta innovativa delle aziende espositrici della manifestazione. Lo spazio, collocato strategicamente all\u2019ingresso del padiglione 7 (ingresso Ovest), ospiter\u00e0 alcune aree di successo di Cibus, come l\u2019Innovation Corner \u2013 la vetrina espositiva delle novit\u00e0 di prodotto presentate in fiera dagli espositori \u2013 e la Startup Area nata in collaborazione con Le Village di Cr\u00e9dit Agricole. Per la prima volta a Cibus T-OWN: un progetto che, in modo originale, presenter\u00e0 le idee e le iniziative messe in campo dalle aziende agroalimentari per informare i consumatori finali delle caratteristiche sociali, energetiche e nutrizionali dei singoli prodotti. . Una call for ideas progettata dallo spin off T_OOL patrocinato dall\u2019Universit\u00e0 di Parma. Tra le anticipazioni, anche un ricco programma di convegni e iniziative dedicato all\u2019Authentic Italian Food&amp;Beverage. Il focus interesser\u00e0 tre grandi filoni tematici: i nuovi equilibri tra distribuzione e industria di marca, esplorando le ricadute sulla filiera dopo i recenti patti anti-inflazione; la protezione e valorizzazione del patrimonio gastronomico tradizionale attraverso il confronto delle diverse esperienze e best practice dei consorzi nazionali ed esteri; i percorsi tematici negli spazi di Cibus dedicati agli operatori dell&#8217;Ho.Re.Ca.<\/span><\/p>\n<p style=\"text-align: center;\"><span style=\"color: #000000;\">Ufficio stampa Cibus I Mirandola Comunicazione<br \/>\nTutti i diritti riservati \u00a9 2024 \u2013 Email: nonsolomodanews@gmail.com<\/span><\/p>\n","protected":false},"excerpt":{"rendered":"<p>I numeri della 22esima edizione superano tutte le manifestazioni precedenti. Tutto esaurito per il salone di riferimento del settore agroalimentare Made in Italy in programma a Parma dal 7 al 10 maggio. Pi&ugrave; di 3.000 brand presenti e una lista di attesa di 600 aziende. Sono pi&ugrave; di 1.000 i buyer internazionali attesi e provenienti dai principali mercati obiettivo.<\/p>\n","protected":false},"author":1,"featured_media":26559,"comment_status":"open","ping_status":"open","sticky":false,"template":"","format":"standard","meta":{"rop_custom_images_group":[],"rop_custom_messages_group":[],"rop_publish_now":"initial","rop_publish_now_accounts":[],"rop_publish_now_history":[],"rop_publish_now_status":"pending","footnotes":""},"categories":[16],"tags":[9613,281,2532,372,1099,1142],"class_list":["post-26557","post","type-post","status-publish","format-standard","has-post-thumbnail","hentry","category-articolo","tag-antonio-cillie","tag-bruno-angelo-porcellana","tag-cibus","tag-comunicato-stampa-2","tag-nonsolomodanews","tag-parma"],"_links":{"self":[{"href":"https:\/\/www.nonsolomodanews.it\/wordpress\/wp-json\/wp\/v2\/posts\/26557","targetHints":{"allow":["GET"]}}],"collection":[{"href":"https:\/\/www.nonsolomodanews.it\/wordpress\/wp-json\/wp\/v2\/posts"}],"about":[{"href":"https:\/\/www.nonsolomodanews.it\/wordpress\/wp-json\/wp\/v2\/types\/post"}],"author":[{"embeddable":true,"href":"https:\/\/www.nonsolomodanews.it\/wordpress\/wp-json\/wp\/v2\/users\/1"}],"replies":[{"embeddable":true,"href":"https:\/\/www.nonsolomodanews.it\/wordpress\/wp-json\/wp\/v2\/comments?post=26557"}],"version-history":[{"count":3,"href":"https:\/\/www.nonsolomodanews.it\/wordpress\/wp-json\/wp\/v2\/posts\/26557\/revisions"}],"predecessor-version":[{"id":26561,"href":"https:\/\/www.nonsolomodanews.it\/wordpress\/wp-json\/wp\/v2\/posts\/26557\/revisions\/26561"}],"wp:featuredmedia":[{"embeddable":true,"href":"https:\/\/www.nonsolomodanews.it\/wordpress\/wp-json\/wp\/v2\/media\/26559"}],"wp:attachment":[{"href":"https:\/\/www.nonsolomodanews.it\/wordpress\/wp-json\/wp\/v2\/media?parent=26557"}],"wp:term":[{"taxonomy":"category","embeddable":true,"href":"https:\/\/www.nonsolomodanews.it\/wordpress\/wp-json\/wp\/v2\/categories?post=26557"},{"taxonomy":"post_tag","embeddable":true,"href":"https:\/\/www.nonsolomodanews.it\/wordpress\/wp-json\/wp\/v2\/tags?post=26557"}],"curies":[{"name":"wp","href":"https:\/\/api.w.org\/{rel}","templated":true}]}}